{"id":56683,"date":"2024-03-11T18:00:10","date_gmt":"2024-03-11T18:00:10","guid":{"rendered":"https:\/\/www.africa-press.net\/senegal\/politique\/amadou-ba-offensif-a-guediawaye-certains-candidats-ne-peuvent-pas-diriger-le-pays-pendant-deux-jours"},"modified":"2024-03-12T03:18:32","modified_gmt":"2024-03-12T03:18:32","slug":"amadou-ba-offensif-a-guediawaye-certains-candidats-ne-peuvent-pas-diriger-le-pays-pendant-deux-jours","status":"publish","type":"post","link":"https:\/\/www.africa-press.net\/senegal\/politique\/amadou-ba-offensif-a-guediawaye-certains-candidats-ne-peuvent-pas-diriger-le-pays-pendant-deux-jours","title":{"rendered":"Amadou Ba offensif \u00e0 Gu\u00e9diawaye : \u201cCertains candidats ne peuvent pas diriger le pays pendant deux jours"},"content":{"rendered":"<p><span style=\"color: #ff6600\"><strong>Africa-Press &#8211; Senegal. <\/strong><\/span>L\u2019ambiance e\u0301tait au rendez-vous a\u0300 Gue\u0301diawaye lors du meeting du candidat de la majorite\u0301 pre\u0301sidentielle Amadou Ba. Ce dernier a saisi cette occasion pour prononcer un discours offensif contre certains de ses concurrents.<\/p>\n<p>Gue\u0301diawaye n\u2019a pas de\u0301roge\u0301 a\u0300 la re\u0300gle. L\u2019ambiance e\u0301tait au rendez-vous lors du meeting d&rsquo;ouverture du candidat de la coalition Benno Book Yakaar, Amadou Ba.La banlieue a accueilli ainsi un monde fou, venu de tous les coins et recoins du de\u0301partement<\/p>\n<p>Amadou Ba a profite\u0301 de cette tribune pour inviter tous les militants a\u0300 s\u2019e\u0301riger en bouclier pour empe\u0302cher les novices d\u2019acce\u0301der au pouvoir. \u201cCertains candidats ne doivent pas acce\u0301der au pouvoir. Ils sont incompe\u0301tents et insouciants. J&rsquo;ai toujours pense\u0301 que ce sont des aventuriers. J&rsquo;ai l&rsquo;intime conviction qu&rsquo;ils ne peuvent pas diriger le pays pendant deux jours\u201d.<\/p>\n<p>E\u0301voquant la proble\u0301matique de l\u2019emploi, Amadou Ba compte en cre\u0301er un million: \u00ab\u00a0Nous sommes dans un pays compose\u0301 en majorite\u0301 de jeunes. Plus de 50 % de la population a 19 ans. Et c&rsquo;est pour cela que je m&rsquo;engage a\u0300 cre\u0301er un million d&#8217;emplois sur les cinq prochaines anne\u0301es\u00a0\u00bb.<\/p>\n<p>De son co\u0302te\u0301, la coalition Benno Bokk Yakaar du de\u0301partement de Gue\u0301diawaye se fixe comme objectif d\u2019e\u0301lire Amadou Ba de\u0300s le premier tour avec un taux record.<\/p>\n<p><strong>Pour plus d&rsquo;informations et d&rsquo;analyses sur la <a href=\"https:\/\/www.africa-press.net\/senegal\">Senegal<\/a>, suivez <a href=\"https:\/\/www.africa-press.net\/\">Africa-Press<\/a><\/strong><\/p>\n","protected":false},"excerpt":{"rendered":"<p>Africa-Press &#8211; Senegal. L\u2019ambiance e\u0301tait au rendez-vous a\u0300 Gue\u0301diawaye lors du meeting du candidat de la majorite\u0301 pre\u0301sidentielle Amadou Ba. Ce dernier a saisi cette occasion pour prononcer un discours offensif contre certains de ses concurrents. Gue\u0301diawaye n\u2019a pas de\u0301roge\u0301 a\u0300 la re\u0300gle. L\u2019ambiance e\u0301tait au rendez-vous lors du meeting d&rsquo;ouverture du candidat de la [&hellip;]<\/p>\n","protected":false},"author":82,"featured_media":56681,"comment_status":"open","ping_status":"closed","sticky":false,"template":"","format":"standard","meta":{"footnotes":""},"categories":[2,20,10],"tags":[43,47,44],"class_list":["post-56683","post","type-post","status-publish","format-standard","has-post-thumbnail","hentry","category-politique","category-top-nouvelles","category-toutes-les-actualites","tag-africa-press-2","tag-africa-press-senegal","tag-senegal-2"],"yoast_head":"<!-- This site is optimized with the Yoast SEO Premium plugin v26.1 (Yoast SEO v27.0) - https:\/\/yoast.com\/product\/yoast-seo-premium-wordpress\/ -->\n<title>Amadou Ba offensif \u00e0 Gu\u00e9diawaye : \u201cCertains candidats ne peuvent pas diriger le pays pendant deux jours - Senegal<\/title>\n<meta name=\"description\" content=\"L\u2019ambiance e\u0301tait au rendez-vous a\u0300 Gue\u0301diawaye lors du meeting du candidat de la majorite\u0301 pre\u0301sidentielle Amadou Ba. C ...\" \/>\n<meta name=\"robots\" content=\"index, follow, max-snippet:-1, max-image-preview:large, max-video-preview:-1\" \/>\n<link rel=\"canonical\" href=\"https:\/\/www.africa-press.net\/senegal\/politique\/amadou-ba-offensif-a-guediawaye-certains-candidats-ne-peuvent-pas-diriger-le-pays-pendant-deux-jours\" \/>\n<meta property=\"og:locale\" content=\"fr_FR\" \/>\n<meta property=\"og:type\" content=\"article\" \/>\n<meta property=\"og:title\" content=\"Amadou Ba offensif \u00e0 Gu\u00e9diawaye : \u201cCertains candidats ne peuvent pas diriger le pays pendant deux jours\" \/>\n<meta property=\"og:description\" content=\"L\u2019ambiance e\u0301tait au rendez-vous a\u0300 Gue\u0301diawaye lors du meeting du candidat de la majorite\u0301 pre\u0301sidentielle Amadou Ba. C ...\" \/>\n<meta property=\"og:url\" content=\"https:\/\/www.africa-press.net\/senegal\/politique\/amadou-ba-offensif-a-guediawaye-certains-candidats-ne-peuvent-pas-diriger-le-pays-pendant-deux-jours\" \/>\n<meta property=\"og:site_name\" content=\"Senegal\" \/>\n<meta property=\"article:published_time\" content=\"2024-03-11T18:00:10+00:00\" \/>\n<meta property=\"article:modified_time\" content=\"2024-03-12T03:18:32+00:00\" \/>\n<meta property=\"og:image\" content=\"https:\/\/static.africa-press.net\/senegal\/sites\/13\/2024\/03\/sm_1710197255.44855.jpg\" \/>\n\t<meta property=\"og:image:width\" content=\"1299\" \/>\n\t<meta property=\"og:image:height\" content=\"634\" \/>\n\t<meta property=\"og:image:type\" content=\"image\/jpeg\" \/>\n<meta name=\"author\" content=\"cfeditorfr\" \/>\n<meta name=\"twitter:card\" content=\"summary_large_image\" \/>\n<meta name=\"twitter:label1\" content=\"\u00c9crit par\" \/>\n\t<meta name=\"twitter:data1\" content=\"cfeditorfr\" \/>\n\t<meta name=\"twitter:label2\" content=\"Dur\u00e9e de lecture estim\u00e9e\" \/>\n\t<meta name=\"twitter:data2\" content=\"2 minutes\" \/>\n<script type=\"application\/ld+json\" class=\"yoast-schema-graph\">{\"@context\":\"https:\/\/schema.org\",\"@graph\":[{\"@type\":\"Article\",\"@id\":\"https:\/\/www.africa-press.net\/senegal\/politique\/amadou-ba-offensif-a-guediawaye-certains-candidats-ne-peuvent-pas-diriger-le-pays-pendant-deux-jours#article\",\"isPartOf\":{\"@id\":\"https:\/\/www.africa-press.net\/senegal\/politique\/amadou-ba-offensif-a-guediawaye-certains-candidats-ne-peuvent-pas-diriger-le-pays-pendant-deux-jours\"},\"author\":{\"name\":\"cfeditorfr\",\"@id\":\"https:\/\/www.africa-press.net\/senegal\/#\/schema\/person\/2b1cf3cd81a31e3cd26889ca66d677f1\"},\"headline\":\"Amadou Ba offensif \u00e0 Gu\u00e9diawaye : \u201cCertains candidats ne peuvent pas diriger le pays pendant deux jours\",\"datePublished\":\"2024-03-11T18:00:10+00:00\",\"dateModified\":\"2024-03-12T03:18:32+00:00\",\"mainEntityOfPage\":{\"@id\":\"https:\/\/www.africa-press.net\/senegal\/politique\/amadou-ba-offensif-a-guediawaye-certains-candidats-ne-peuvent-pas-diriger-le-pays-pendant-deux-jours\"},\"wordCount\":274,\"commentCount\":0,\"image\":{\"@id\":\"https:\/\/www.africa-press.net\/senegal\/politique\/amadou-ba-offensif-a-guediawaye-certains-candidats-ne-peuvent-pas-diriger-le-pays-pendant-deux-jours#primaryimage\"},\"thumbnailUrl\":\"https:\/\/static.africa-press.net\/senegal\/sites\/13\/2024\/03\/sm_1710197255.44855.jpg\",\"keywords\":[\"Africa Press\",\"Africa Press-Senegal\",\"Senegal\"],\"articleSection\":[\"Politique\",\"Top Nouvelles\",\"Toutes les actualit\u00e9s\"],\"inLanguage\":\"fr-FR\",\"potentialAction\":[{\"@type\":\"CommentAction\",\"name\":\"Comment\",\"target\":[\"https:\/\/www.africa-press.net\/senegal\/politique\/amadou-ba-offensif-a-guediawaye-certains-candidats-ne-peuvent-pas-diriger-le-pays-pendant-deux-jours#respond\"]}]},{\"@type\":\"WebPage\",\"@id\":\"https:\/\/www.africa-press.net\/senegal\/politique\/amadou-ba-offensif-a-guediawaye-certains-candidats-ne-peuvent-pas-diriger-le-pays-pendant-deux-jours\",\"url\":\"https:\/\/www.africa-press.net\/senegal\/politique\/amadou-ba-offensif-a-guediawaye-certains-candidats-ne-peuvent-pas-diriger-le-pays-pendant-deux-jours\",\"name\":\"Amadou Ba offensif \u00e0 Gu\u00e9diawaye : \u201cCertains candidats ne peuvent pas diriger le pays pendant deux jours - Senegal\",\"isPartOf\":{\"@id\":\"https:\/\/www.africa-press.net\/senegal\/#website\"},\"primaryImageOfPage\":{\"@id\":\"https:\/\/www.africa-press.net\/senegal\/politique\/amadou-ba-offensif-a-guediawaye-certains-candidats-ne-peuvent-pas-diriger-le-pays-pendant-deux-jours#primaryimage\"},\"image\":{\"@id\":\"https:\/\/www.africa-press.net\/senegal\/politique\/amadou-ba-offensif-a-guediawaye-certains-candidats-ne-peuvent-pas-diriger-le-pays-pendant-deux-jours#primaryimage\"},\"thumbnailUrl\":\"https:\/\/static.africa-press.net\/senegal\/sites\/13\/2024\/03\/sm_1710197255.44855.jpg\",\"datePublished\":\"2024-03-11T18:00:10+00:00\",\"dateModified\":\"2024-03-12T03:18:32+00:00\",\"author\":{\"@id\":\"https:\/\/www.africa-press.net\/senegal\/#\/schema\/person\/2b1cf3cd81a31e3cd26889ca66d677f1\"},\"description\":\"L\u2019ambiance e\u0301tait au rendez-vous a\u0300 Gue\u0301diawaye lors du meeting du candidat de la majorite\u0301 pre\u0301sidentielle Amadou Ba. C ...\",\"breadcrumb\":{\"@id\":\"https:\/\/www.africa-press.net\/senegal\/politique\/amadou-ba-offensif-a-guediawaye-certains-candidats-ne-peuvent-pas-diriger-le-pays-pendant-deux-jours#breadcrumb\"},\"inLanguage\":\"fr-FR\",\"potentialAction\":[{\"@type\":\"ReadAction\",\"target\":[\"https:\/\/www.africa-press.net\/senegal\/politique\/amadou-ba-offensif-a-guediawaye-certains-candidats-ne-peuvent-pas-diriger-le-pays-pendant-deux-jours\"]}]},{\"@type\":\"ImageObject\",\"inLanguage\":\"fr-FR\",\"@id\":\"https:\/\/www.africa-press.net\/senegal\/politique\/amadou-ba-offensif-a-guediawaye-certains-candidats-ne-peuvent-pas-diriger-le-pays-pendant-deux-jours#primaryimage\",\"url\":\"https:\/\/static.africa-press.net\/senegal\/sites\/13\/2024\/03\/sm_1710197255.44855.jpg\",\"contentUrl\":\"https:\/\/static.africa-press.net\/senegal\/sites\/13\/2024\/03\/sm_1710197255.44855.jpg\",\"width\":1299,\"height\":634,\"caption\":\"Amadou Ba offensif \u00e0 Gu\u00e9diawaye : \u201cCertains candidats ne peuvent pas diriger le pays pendant deux jours\"},{\"@type\":\"BreadcrumbList\",\"@id\":\"https:\/\/www.africa-press.net\/senegal\/politique\/amadou-ba-offensif-a-guediawaye-certains-candidats-ne-peuvent-pas-diriger-le-pays-pendant-deux-jours#breadcrumb\",\"itemListElement\":[{\"@type\":\"ListItem\",\"position\":1,\"name\":\"Accueil\",\"item\":\"https:\/\/www.africa-press.net\/senegal\/\"},{\"@type\":\"ListItem\",\"position\":2,\"name\":\"Amadou Ba offensif \u00e0 Gu\u00e9diawaye : \u201cCertains candidats ne peuvent pas diriger le pays pendant deux jours\"}]},{\"@type\":\"WebSite\",\"@id\":\"https:\/\/www.africa-press.net\/senegal\/#website\",\"url\":\"https:\/\/www.africa-press.net\/senegal\/\",\"name\":\"Africa Press | Senegal | Homepage\",\"description\":\"Just another Africa News Agency Sites site\",\"potentialAction\":[{\"@type\":\"SearchAction\",\"target\":{\"@type\":\"EntryPoint\",\"urlTemplate\":\"https:\/\/www.africa-press.net\/senegal\/?s={search_term_string}\"},\"query-input\":{\"@type\":\"PropertyValueSpecification\",\"valueRequired\":true,\"valueName\":\"search_term_string\"}}],\"inLanguage\":\"fr-FR\"},{\"@type\":\"Person\",\"@id\":\"https:\/\/www.africa-press.net\/senegal\/#\/schema\/person\/2b1cf3cd81a31e3cd26889ca66d677f1\",\"name\":\"cfeditorfr\",\"url\":\"https:\/\/www.africa-press.net\/senegal\/author\/cfeditorfr\"}]}<\/script>\n<!-- \/ Yoast SEO Premium plugin. -->","yoast_head_json":{"title":"Amadou Ba offensif \u00e0 Gu\u00e9diawaye : \u201cCertains candidats ne peuvent pas diriger le pays pendant deux jours - Senegal","description":"L\u2019ambiance e\u0301tait au rendez-vous a\u0300 Gue\u0301diawaye lors du meeting du candidat de la majorite\u0301 pre\u0301sidentielle Amadou Ba. C ...","robots":{"index":"index","follow":"follow","max-snippet":"max-snippet:-1","max-image-preview":"max-image-preview:large","max-video-preview":"max-video-preview:-1"},"canonical":"https:\/\/www.africa-press.net\/senegal\/politique\/amadou-ba-offensif-a-guediawaye-certains-candidats-ne-peuvent-pas-diriger-le-pays-pendant-deux-jours","og_locale":"fr_FR","og_type":"article","og_title":"Amadou Ba offensif \u00e0 Gu\u00e9diawaye : \u201cCertains candidats ne peuvent pas diriger le pays pendant deux jours","og_description":"L\u2019ambiance e\u0301tait au rendez-vous a\u0300 Gue\u0301diawaye lors du meeting du candidat de la majorite\u0301 pre\u0301sidentielle Amadou Ba. C ...","og_url":"https:\/\/www.africa-press.net\/senegal\/politique\/amadou-ba-offensif-a-guediawaye-certains-candidats-ne-peuvent-pas-diriger-le-pays-pendant-deux-jours","og_site_name":"Senegal","article_published_time":"2024-03-11T18:00:10+00:00","article_modified_time":"2024-03-12T03:18:32+00:00","og_image":[{"width":1299,"height":634,"url":"https:\/\/static.africa-press.net\/senegal\/sites\/13\/2024\/03\/sm_1710197255.44855.jpg","type":"image\/jpeg"}],"author":"cfeditorfr","twitter_card":"summary_large_image","twitter_misc":{"\u00c9crit par":"cfeditorfr","Dur\u00e9e de lecture estim\u00e9e":"2 minutes"},"schema":{"@context":"https:\/\/schema.org","@graph":[{"@type":"Article","@id":"https:\/\/www.africa-press.net\/senegal\/politique\/amadou-ba-offensif-a-guediawaye-certains-candidats-ne-peuvent-pas-diriger-le-pays-pendant-deux-jours#article","isPartOf":{"@id":"https:\/\/www.africa-press.net\/senegal\/politique\/amadou-ba-offensif-a-guediawaye-certains-candidats-ne-peuvent-pas-diriger-le-pays-pendant-deux-jours"},"author":{"name":"cfeditorfr","@id":"https:\/\/www.africa-press.net\/senegal\/#\/schema\/person\/2b1cf3cd81a31e3cd26889ca66d677f1"},"headline":"Amadou Ba offensif \u00e0 Gu\u00e9diawaye : \u201cCertains candidats ne peuvent pas diriger le pays pendant deux jours","datePublished":"2024-03-11T18:00:10+00:00","dateModified":"2024-03-12T03:18:32+00:00","mainEntityOfPage":{"@id":"https:\/\/www.africa-press.net\/senegal\/politique\/amadou-ba-offensif-a-guediawaye-certains-candidats-ne-peuvent-pas-diriger-le-pays-pendant-deux-jours"},"wordCount":274,"commentCount":0,"image":{"@id":"https:\/\/www.africa-press.net\/senegal\/politique\/amadou-ba-offensif-a-guediawaye-certains-candidats-ne-peuvent-pas-diriger-le-pays-pendant-deux-jours#primaryimage"},"thumbnailUrl":"https:\/\/static.africa-press.net\/senegal\/sites\/13\/2024\/03\/sm_1710197255.44855.jpg","keywords":["Africa Press","Africa Press-Senegal","Senegal"],"articleSection":["Politique","Top Nouvelles","Toutes les actualit\u00e9s"],"inLanguage":"fr-FR","potentialAction":[{"@type":"CommentAction","name":"Comment","target":["https:\/\/www.africa-press.net\/senegal\/politique\/amadou-ba-offensif-a-guediawaye-certains-candidats-ne-peuvent-pas-diriger-le-pays-pendant-deux-jours#respond"]}]},{"@type":"WebPage","@id":"https:\/\/www.africa-press.net\/senegal\/politique\/amadou-ba-offensif-a-guediawaye-certains-candidats-ne-peuvent-pas-diriger-le-pays-pendant-deux-jours","url":"https:\/\/www.africa-press.net\/senegal\/politique\/amadou-ba-offensif-a-guediawaye-certains-candidats-ne-peuvent-pas-diriger-le-pays-pendant-deux-jours","name":"Amadou Ba offensif \u00e0 Gu\u00e9diawaye : \u201cCertains candidats ne peuvent pas diriger le pays pendant deux jours - Senegal","isPartOf":{"@id":"https:\/\/www.africa-press.net\/senegal\/#website"},"primaryImageOfPage":{"@id":"https:\/\/www.africa-press.net\/senegal\/politique\/amadou-ba-offensif-a-guediawaye-certains-candidats-ne-peuvent-pas-diriger-le-pays-pendant-deux-jours#primaryimage"},"image":{"@id":"https:\/\/www.africa-press.net\/senegal\/politique\/amadou-ba-offensif-a-guediawaye-certains-candidats-ne-peuvent-pas-diriger-le-pays-pendant-deux-jours#primaryimage"},"thumbnailUrl":"https:\/\/static.africa-press.net\/senegal\/sites\/13\/2024\/03\/sm_1710197255.44855.jpg","datePublished":"2024-03-11T18:00:10+00:00","dateModified":"2024-03-12T03:18:32+00:00","author":{"@id":"https:\/\/www.africa-press.net\/senegal\/#\/schema\/person\/2b1cf3cd81a31e3cd26889ca66d677f1"},"description":"L\u2019ambiance e\u0301tait au rendez-vous a\u0300 Gue\u0301diawaye lors du meeting du candidat de la majorite\u0301 pre\u0301sidentielle Amadou Ba. C ...","breadcrumb":{"@id":"https:\/\/www.africa-press.net\/senegal\/politique\/amadou-ba-offensif-a-guediawaye-certains-candidats-ne-peuvent-pas-diriger-le-pays-pendant-deux-jours#breadcrumb"},"inLanguage":"fr-FR","potentialAction":[{"@type":"ReadAction","target":["https:\/\/www.africa-press.net\/senegal\/politique\/amadou-ba-offensif-a-guediawaye-certains-candidats-ne-peuvent-pas-diriger-le-pays-pendant-deux-jours"]}]},{"@type":"ImageObject","inLanguage":"fr-FR","@id":"https:\/\/www.africa-press.net\/senegal\/politique\/amadou-ba-offensif-a-guediawaye-certains-candidats-ne-peuvent-pas-diriger-le-pays-pendant-deux-jours#primaryimage","url":"https:\/\/static.africa-press.net\/senegal\/sites\/13\/2024\/03\/sm_1710197255.44855.jpg","contentUrl":"https:\/\/static.africa-press.net\/senegal\/sites\/13\/2024\/03\/sm_1710197255.44855.jpg","width":1299,"height":634,"caption":"Amadou Ba offensif \u00e0 Gu\u00e9diawaye : \u201cCertains candidats ne peuvent pas diriger le pays pendant deux jours"},{"@type":"BreadcrumbList","@id":"https:\/\/www.africa-press.net\/senegal\/politique\/amadou-ba-offensif-a-guediawaye-certains-candidats-ne-peuvent-pas-diriger-le-pays-pendant-deux-jours#breadcrumb","itemListElement":[{"@type":"ListItem","position":1,"name":"Accueil","item":"https:\/\/www.africa-press.net\/senegal\/"},{"@type":"ListItem","position":2,"name":"Amadou Ba offensif \u00e0 Gu\u00e9diawaye : \u201cCertains candidats ne peuvent pas diriger le pays pendant deux jours"}]},{"@type":"WebSite","@id":"https:\/\/www.africa-press.net\/senegal\/#website","url":"https:\/\/www.africa-press.net\/senegal\/","name":"Africa Press | Senegal | Homepage","description":"Just another Africa News Agency Sites site","potentialAction":[{"@type":"SearchAction","target":{"@type":"EntryPoint","urlTemplate":"https:\/\/www.africa-press.net\/senegal\/?s={search_term_string}"},"query-input":{"@type":"PropertyValueSpecification","valueRequired":true,"valueName":"search_term_string"}}],"inLanguage":"fr-FR"},{"@type":"Person","@id":"https:\/\/www.africa-press.net\/senegal\/#\/schema\/person\/2b1cf3cd81a31e3cd26889ca66d677f1","name":"cfeditorfr","url":"https:\/\/www.africa-press.net\/senegal\/author\/cfeditorfr"}]}},"_links":{"self":[{"href":"https:\/\/www.africa-press.net\/senegal\/wp-json\/wp\/v2\/posts\/56683","targetHints":{"allow":["GET"]}}],"collection":[{"href":"https:\/\/www.africa-press.net\/senegal\/wp-json\/wp\/v2\/posts"}],"about":[{"href":"https:\/\/www.africa-press.net\/senegal\/wp-json\/wp\/v2\/types\/post"}],"author":[{"embeddable":true,"href":"https:\/\/www.africa-press.net\/senegal\/wp-json\/wp\/v2\/users\/82"}],"replies":[{"embeddable":true,"href":"https:\/\/www.africa-press.net\/senegal\/wp-json\/wp\/v2\/comments?post=56683"}],"version-history":[{"count":0,"href":"https:\/\/www.africa-press.net\/senegal\/wp-json\/wp\/v2\/posts\/56683\/revisions"}],"wp:featuredmedia":[{"embeddable":true,"href":"https:\/\/www.africa-press.net\/senegal\/wp-json\/wp\/v2\/media\/56681"}],"wp:attachment":[{"href":"https:\/\/www.africa-press.net\/senegal\/wp-json\/wp\/v2\/media?parent=56683"}],"wp:term":[{"taxonomy":"category","embeddable":true,"href":"https:\/\/www.africa-press.net\/senegal\/wp-json\/wp\/v2\/categories?post=56683"},{"taxonomy":"post_tag","embeddable":true,"href":"https:\/\/www.africa-press.net\/senegal\/wp-json\/wp\/v2\/tags?post=56683"}],"curies":[{"name":"wp","href":"https:\/\/api.w.org\/{rel}","templated":true}]}}