{"id":56686,"date":"2024-03-11T12:11:26","date_gmt":"2024-03-11T12:11:26","guid":{"rendered":"https:\/\/www.africa-press.net\/senegal\/politique\/thies-demarrage-timide-de-la-campagne-electorale"},"modified":"2024-03-12T03:18:59","modified_gmt":"2024-03-12T03:18:59","slug":"thies-demarrage-timide-de-la-campagne-electorale","status":"publish","type":"post","link":"https:\/\/www.africa-press.net\/senegal\/politique\/thies-demarrage-timide-de-la-campagne-electorale","title":{"rendered":"Thi\u00e8s : D\u00e9marrage timide de la campagne \u00e9lectorale"},"content":{"rendered":"<p><span style=\"color: #ff6600\"><strong>Africa-Press &#8211; Senegal. <\/strong><\/span>L&rsquo;heure de la campagne e\u0301lectorale pour la pre\u0301sidentielle du 24 mars 2024 a timidement sonne\u0301 dans la capitale du rail ou\u0300 sont originaires 2 des 19 candidats, en l\u2019occurrence Idrissa Seck et Thierno Alassane Sall. Si certains e\u0301tats majors politiques ont de\u0301marre\u0301, avec une forte mobilisation, la pe\u0302che aux voix dans la matine\u0301e, d\u2019autres, par contre, ont presque brille\u0301 par leur absence sur le terrain.<\/p>\n<p>La coalition Diomaye Pre\u0301sident a fait son entre\u0301e en matie\u0300re avec une forte mobilisation a\u0300 travers une caravane de plus de 200 ve\u0301hicules dans les rues de Thie\u0300s. Le de\u0301part a e\u0301te\u0301 donne\u0301 a\u0300 son sie\u0300ge, au quartier HLM-Route de Dakar, avec au menu, une distribution de flyers, du programme de la coalition, entre autres.<\/p>\n<p>Du co\u0302te\u0301 de la mouvance pre\u0301sidentielle, qui semble entamer la campagne dans la division, on remarque une de\u0301faillance totale de dispositions e\u0301lectoralistes.<\/p>\n<p>Benno Bokk Yakaar (BBY), en lieu et place d&rsquo;une caravane, devait tenir une re\u0301union d&rsquo;harmonisation avant de se lancer dans la campagne. Mais au dernier moment, la rencontre aurait e\u0301te\u0301 tout simplement reporte\u0301e. Toutefois, pendant ce temps, des inconditionnels d\u2019Amadou Ba ont naturellement mouille\u0301 le maillot. C\u2019est le cas du mouvement \u00ab And Faal Amadou Ba \u00bb de Maleye Diop, membre des cadres de BBY et responsable APR a\u0300 Thie\u0300s Nord, aussi du mouvement Siggi Jotna du Directeur ge\u0301ne\u0301ral de l&rsquo;AIBD, Abdoulaye Dieye.<\/p>\n<p>D&rsquo;autres coalitions ont aussi sillonne\u0301 les rues de Thie\u0300s. La coalition du pre\u0301sident de la Re\u0301publique des Valeurs, Thierno Alassane Sall, a de\u0301marre\u0301 sa campagne par des visites de proximite\u0301, cet apre\u0300s-midi.<\/p>\n<p>Celle de De\u0301thie\u0301 Fall qui e\u0301tait attendue a\u0300 Thie\u0300s de\u0301butera finalement sa campagne sur la Petite Co\u0302te, a\u0300 Mbour.<\/p>\n<p>Le mandataire de la coalition Diao-2024, a\u0300 Thie\u0300s, Babacar Gueye Mbaye, renseigne que Mame Boye Diao sera accueilli dans la ville aux-deux-gares, ce lundi 11.<\/p>\n<p>Il devra effectuer une tourne\u0301e dans la zone des Niayes notamment a\u0300 Cayar, Diender et Mboro, avant de rallier la ville de Thie\u0300s.<\/p>\n<p>Aussi le PUR, de son co\u0302te\u0301, s&rsquo;est fortement mobilise\u0301 a\u0300 Thie\u0300s dans l&rsquo;apre\u0300s-midi de ce dimanche.<\/p>\n<p><strong>Pour plus d&rsquo;informations et d&rsquo;analyses sur la <a href=\"https:\/\/www.africa-press.net\/senegal\">Senegal<\/a>, suivez <a href=\"https:\/\/www.africa-press.net\/\">Africa-Press<\/a><\/strong><\/p>\n","protected":false},"excerpt":{"rendered":"<p>Africa-Press &#8211; Senegal. L&rsquo;heure de la campagne e\u0301lectorale pour la pre\u0301sidentielle du 24 mars 2024 a timidement sonne\u0301 dans la capitale du rail ou\u0300 sont originaires 2 des 19 candidats, en l\u2019occurrence Idrissa Seck et Thierno Alassane Sall. Si certains e\u0301tats majors politiques ont de\u0301marre\u0301, avec une forte mobilisation, la pe\u0302che aux voix dans la [&hellip;]<\/p>\n","protected":false},"author":82,"featured_media":56684,"comment_status":"open","ping_status":"closed","sticky":false,"template":"","format":"standard","meta":{"footnotes":""},"categories":[2,10],"tags":[43,47,44],"class_list":["post-56686","post","type-post","status-publish","format-standard","has-post-thumbnail","hentry","category-politique","category-toutes-les-actualites","tag-africa-press-2","tag-africa-press-senegal","tag-senegal-2"],"yoast_head":"<!-- This site is optimized with the Yoast SEO Premium plugin v26.1 (Yoast SEO v27.0) - https:\/\/yoast.com\/product\/yoast-seo-premium-wordpress\/ -->\n<title>Thi\u00e8s : D\u00e9marrage timide de la campagne \u00e9lectorale - Senegal<\/title>\n<meta name=\"description\" content=\"L&#039;heure de la campagne e\u0301lectorale pour la pre\u0301sidentielle du 24 mars 2024 a timidement sonne\u0301 dans la capitale du rail ...\" \/>\n<meta name=\"robots\" content=\"index, follow, max-snippet:-1, max-image-preview:large, max-video-preview:-1\" \/>\n<link rel=\"canonical\" href=\"https:\/\/www.africa-press.net\/senegal\/politique\/thies-demarrage-timide-de-la-campagne-electorale\" \/>\n<meta property=\"og:locale\" content=\"fr_FR\" \/>\n<meta property=\"og:type\" content=\"article\" \/>\n<meta property=\"og:title\" content=\"Thi\u00e8s : D\u00e9marrage timide de la campagne \u00e9lectorale\" \/>\n<meta property=\"og:description\" content=\"L&#039;heure de la campagne e\u0301lectorale pour la pre\u0301sidentielle du 24 mars 2024 a timidement sonne\u0301 dans la capitale du rail ...\" \/>\n<meta property=\"og:url\" content=\"https:\/\/www.africa-press.net\/senegal\/politique\/thies-demarrage-timide-de-la-campagne-electorale\" \/>\n<meta property=\"og:site_name\" content=\"Senegal\" \/>\n<meta property=\"article:published_time\" content=\"2024-03-11T12:11:26+00:00\" \/>\n<meta property=\"article:modified_time\" content=\"2024-03-12T03:18:59+00:00\" \/>\n<meta property=\"og:image\" content=\"https:\/\/static.africa-press.net\/senegal\/sites\/13\/2024\/03\/sm_1710197280.493622.jpg\" \/>\n\t<meta property=\"og:image:width\" content=\"1295\" \/>\n\t<meta property=\"og:image:height\" content=\"634\" \/>\n\t<meta property=\"og:image:type\" content=\"image\/jpeg\" \/>\n<meta name=\"author\" content=\"cfeditorfr\" \/>\n<meta name=\"twitter:card\" content=\"summary_large_image\" \/>\n<meta name=\"twitter:label1\" content=\"\u00c9crit par\" \/>\n\t<meta name=\"twitter:data1\" content=\"cfeditorfr\" \/>\n\t<meta name=\"twitter:label2\" content=\"Dur\u00e9e de lecture estim\u00e9e\" \/>\n\t<meta name=\"twitter:data2\" content=\"2 minutes\" \/>\n<script type=\"application\/ld+json\" class=\"yoast-schema-graph\">{\"@context\":\"https:\/\/schema.org\",\"@graph\":[{\"@type\":\"Article\",\"@id\":\"https:\/\/www.africa-press.net\/senegal\/politique\/thies-demarrage-timide-de-la-campagne-electorale#article\",\"isPartOf\":{\"@id\":\"https:\/\/www.africa-press.net\/senegal\/politique\/thies-demarrage-timide-de-la-campagne-electorale\"},\"author\":{\"name\":\"cfeditorfr\",\"@id\":\"https:\/\/www.africa-press.net\/senegal\/#\/schema\/person\/2b1cf3cd81a31e3cd26889ca66d677f1\"},\"headline\":\"Thi\u00e8s : D\u00e9marrage timide de la campagne \u00e9lectorale\",\"datePublished\":\"2024-03-11T12:11:26+00:00\",\"dateModified\":\"2024-03-12T03:18:59+00:00\",\"mainEntityOfPage\":{\"@id\":\"https:\/\/www.africa-press.net\/senegal\/politique\/thies-demarrage-timide-de-la-campagne-electorale\"},\"wordCount\":407,\"commentCount\":0,\"image\":{\"@id\":\"https:\/\/www.africa-press.net\/senegal\/politique\/thies-demarrage-timide-de-la-campagne-electorale#primaryimage\"},\"thumbnailUrl\":\"https:\/\/static.africa-press.net\/senegal\/sites\/13\/2024\/03\/sm_1710197280.493622.jpg\",\"keywords\":[\"Africa Press\",\"Africa Press-Senegal\",\"Senegal\"],\"articleSection\":[\"Politique\",\"Toutes les actualit\u00e9s\"],\"inLanguage\":\"fr-FR\",\"potentialAction\":[{\"@type\":\"CommentAction\",\"name\":\"Comment\",\"target\":[\"https:\/\/www.africa-press.net\/senegal\/politique\/thies-demarrage-timide-de-la-campagne-electorale#respond\"]}]},{\"@type\":\"WebPage\",\"@id\":\"https:\/\/www.africa-press.net\/senegal\/politique\/thies-demarrage-timide-de-la-campagne-electorale\",\"url\":\"https:\/\/www.africa-press.net\/senegal\/politique\/thies-demarrage-timide-de-la-campagne-electorale\",\"name\":\"Thi\u00e8s : D\u00e9marrage timide de la campagne \u00e9lectorale - Senegal\",\"isPartOf\":{\"@id\":\"https:\/\/www.africa-press.net\/senegal\/#website\"},\"primaryImageOfPage\":{\"@id\":\"https:\/\/www.africa-press.net\/senegal\/politique\/thies-demarrage-timide-de-la-campagne-electorale#primaryimage\"},\"image\":{\"@id\":\"https:\/\/www.africa-press.net\/senegal\/politique\/thies-demarrage-timide-de-la-campagne-electorale#primaryimage\"},\"thumbnailUrl\":\"https:\/\/static.africa-press.net\/senegal\/sites\/13\/2024\/03\/sm_1710197280.493622.jpg\",\"datePublished\":\"2024-03-11T12:11:26+00:00\",\"dateModified\":\"2024-03-12T03:18:59+00:00\",\"author\":{\"@id\":\"https:\/\/www.africa-press.net\/senegal\/#\/schema\/person\/2b1cf3cd81a31e3cd26889ca66d677f1\"},\"description\":\"L'heure de la campagne e\u0301lectorale pour la pre\u0301sidentielle du 24 mars 2024 a timidement sonne\u0301 dans la capitale du rail ...\",\"breadcrumb\":{\"@id\":\"https:\/\/www.africa-press.net\/senegal\/politique\/thies-demarrage-timide-de-la-campagne-electorale#breadcrumb\"},\"inLanguage\":\"fr-FR\",\"potentialAction\":[{\"@type\":\"ReadAction\",\"target\":[\"https:\/\/www.africa-press.net\/senegal\/politique\/thies-demarrage-timide-de-la-campagne-electorale\"]}]},{\"@type\":\"ImageObject\",\"inLanguage\":\"fr-FR\",\"@id\":\"https:\/\/www.africa-press.net\/senegal\/politique\/thies-demarrage-timide-de-la-campagne-electorale#primaryimage\",\"url\":\"https:\/\/static.africa-press.net\/senegal\/sites\/13\/2024\/03\/sm_1710197280.493622.jpg\",\"contentUrl\":\"https:\/\/static.africa-press.net\/senegal\/sites\/13\/2024\/03\/sm_1710197280.493622.jpg\",\"width\":1295,\"height\":634,\"caption\":\"Thi\u00e8s : D\u00e9marrage timide de la campagne \u00e9lectorale\"},{\"@type\":\"BreadcrumbList\",\"@id\":\"https:\/\/www.africa-press.net\/senegal\/politique\/thies-demarrage-timide-de-la-campagne-electorale#breadcrumb\",\"itemListElement\":[{\"@type\":\"ListItem\",\"position\":1,\"name\":\"Accueil\",\"item\":\"https:\/\/www.africa-press.net\/senegal\/\"},{\"@type\":\"ListItem\",\"position\":2,\"name\":\"Thi\u00e8s : D\u00e9marrage timide de la campagne \u00e9lectorale\"}]},{\"@type\":\"WebSite\",\"@id\":\"https:\/\/www.africa-press.net\/senegal\/#website\",\"url\":\"https:\/\/www.africa-press.net\/senegal\/\",\"name\":\"Africa Press | Senegal | Homepage\",\"description\":\"Just another Africa News Agency Sites site\",\"potentialAction\":[{\"@type\":\"SearchAction\",\"target\":{\"@type\":\"EntryPoint\",\"urlTemplate\":\"https:\/\/www.africa-press.net\/senegal\/?s={search_term_string}\"},\"query-input\":{\"@type\":\"PropertyValueSpecification\",\"valueRequired\":true,\"valueName\":\"search_term_string\"}}],\"inLanguage\":\"fr-FR\"},{\"@type\":\"Person\",\"@id\":\"https:\/\/www.africa-press.net\/senegal\/#\/schema\/person\/2b1cf3cd81a31e3cd26889ca66d677f1\",\"name\":\"cfeditorfr\",\"url\":\"https:\/\/www.africa-press.net\/senegal\/author\/cfeditorfr\"}]}<\/script>\n<!-- \/ Yoast SEO Premium plugin. -->","yoast_head_json":{"title":"Thi\u00e8s : D\u00e9marrage timide de la campagne \u00e9lectorale - Senegal","description":"L'heure de la campagne e\u0301lectorale pour la pre\u0301sidentielle du 24 mars 2024 a timidement sonne\u0301 dans la capitale du rail ...","robots":{"index":"index","follow":"follow","max-snippet":"max-snippet:-1","max-image-preview":"max-image-preview:large","max-video-preview":"max-video-preview:-1"},"canonical":"https:\/\/www.africa-press.net\/senegal\/politique\/thies-demarrage-timide-de-la-campagne-electorale","og_locale":"fr_FR","og_type":"article","og_title":"Thi\u00e8s : D\u00e9marrage timide de la campagne \u00e9lectorale","og_description":"L'heure de la campagne e\u0301lectorale pour la pre\u0301sidentielle du 24 mars 2024 a timidement sonne\u0301 dans la capitale du rail ...","og_url":"https:\/\/www.africa-press.net\/senegal\/politique\/thies-demarrage-timide-de-la-campagne-electorale","og_site_name":"Senegal","article_published_time":"2024-03-11T12:11:26+00:00","article_modified_time":"2024-03-12T03:18:59+00:00","og_image":[{"width":1295,"height":634,"url":"https:\/\/static.africa-press.net\/senegal\/sites\/13\/2024\/03\/sm_1710197280.493622.jpg","type":"image\/jpeg"}],"author":"cfeditorfr","twitter_card":"summary_large_image","twitter_misc":{"\u00c9crit par":"cfeditorfr","Dur\u00e9e de lecture estim\u00e9e":"2 minutes"},"schema":{"@context":"https:\/\/schema.org","@graph":[{"@type":"Article","@id":"https:\/\/www.africa-press.net\/senegal\/politique\/thies-demarrage-timide-de-la-campagne-electorale#article","isPartOf":{"@id":"https:\/\/www.africa-press.net\/senegal\/politique\/thies-demarrage-timide-de-la-campagne-electorale"},"author":{"name":"cfeditorfr","@id":"https:\/\/www.africa-press.net\/senegal\/#\/schema\/person\/2b1cf3cd81a31e3cd26889ca66d677f1"},"headline":"Thi\u00e8s : D\u00e9marrage timide de la campagne \u00e9lectorale","datePublished":"2024-03-11T12:11:26+00:00","dateModified":"2024-03-12T03:18:59+00:00","mainEntityOfPage":{"@id":"https:\/\/www.africa-press.net\/senegal\/politique\/thies-demarrage-timide-de-la-campagne-electorale"},"wordCount":407,"commentCount":0,"image":{"@id":"https:\/\/www.africa-press.net\/senegal\/politique\/thies-demarrage-timide-de-la-campagne-electorale#primaryimage"},"thumbnailUrl":"https:\/\/static.africa-press.net\/senegal\/sites\/13\/2024\/03\/sm_1710197280.493622.jpg","keywords":["Africa Press","Africa Press-Senegal","Senegal"],"articleSection":["Politique","Toutes les actualit\u00e9s"],"inLanguage":"fr-FR","potentialAction":[{"@type":"CommentAction","name":"Comment","target":["https:\/\/www.africa-press.net\/senegal\/politique\/thies-demarrage-timide-de-la-campagne-electorale#respond"]}]},{"@type":"WebPage","@id":"https:\/\/www.africa-press.net\/senegal\/politique\/thies-demarrage-timide-de-la-campagne-electorale","url":"https:\/\/www.africa-press.net\/senegal\/politique\/thies-demarrage-timide-de-la-campagne-electorale","name":"Thi\u00e8s : D\u00e9marrage timide de la campagne \u00e9lectorale - Senegal","isPartOf":{"@id":"https:\/\/www.africa-press.net\/senegal\/#website"},"primaryImageOfPage":{"@id":"https:\/\/www.africa-press.net\/senegal\/politique\/thies-demarrage-timide-de-la-campagne-electorale#primaryimage"},"image":{"@id":"https:\/\/www.africa-press.net\/senegal\/politique\/thies-demarrage-timide-de-la-campagne-electorale#primaryimage"},"thumbnailUrl":"https:\/\/static.africa-press.net\/senegal\/sites\/13\/2024\/03\/sm_1710197280.493622.jpg","datePublished":"2024-03-11T12:11:26+00:00","dateModified":"2024-03-12T03:18:59+00:00","author":{"@id":"https:\/\/www.africa-press.net\/senegal\/#\/schema\/person\/2b1cf3cd81a31e3cd26889ca66d677f1"},"description":"L'heure de la campagne e\u0301lectorale pour la pre\u0301sidentielle du 24 mars 2024 a timidement sonne\u0301 dans la capitale du rail ...","breadcrumb":{"@id":"https:\/\/www.africa-press.net\/senegal\/politique\/thies-demarrage-timide-de-la-campagne-electorale#breadcrumb"},"inLanguage":"fr-FR","potentialAction":[{"@type":"ReadAction","target":["https:\/\/www.africa-press.net\/senegal\/politique\/thies-demarrage-timide-de-la-campagne-electorale"]}]},{"@type":"ImageObject","inLanguage":"fr-FR","@id":"https:\/\/www.africa-press.net\/senegal\/politique\/thies-demarrage-timide-de-la-campagne-electorale#primaryimage","url":"https:\/\/static.africa-press.net\/senegal\/sites\/13\/2024\/03\/sm_1710197280.493622.jpg","contentUrl":"https:\/\/static.africa-press.net\/senegal\/sites\/13\/2024\/03\/sm_1710197280.493622.jpg","width":1295,"height":634,"caption":"Thi\u00e8s : D\u00e9marrage timide de la campagne \u00e9lectorale"},{"@type":"BreadcrumbList","@id":"https:\/\/www.africa-press.net\/senegal\/politique\/thies-demarrage-timide-de-la-campagne-electorale#breadcrumb","itemListElement":[{"@type":"ListItem","position":1,"name":"Accueil","item":"https:\/\/www.africa-press.net\/senegal\/"},{"@type":"ListItem","position":2,"name":"Thi\u00e8s : D\u00e9marrage timide de la campagne \u00e9lectorale"}]},{"@type":"WebSite","@id":"https:\/\/www.africa-press.net\/senegal\/#website","url":"https:\/\/www.africa-press.net\/senegal\/","name":"Africa Press | Senegal | Homepage","description":"Just another Africa News Agency Sites site","potentialAction":[{"@type":"SearchAction","target":{"@type":"EntryPoint","urlTemplate":"https:\/\/www.africa-press.net\/senegal\/?s={search_term_string}"},"query-input":{"@type":"PropertyValueSpecification","valueRequired":true,"valueName":"search_term_string"}}],"inLanguage":"fr-FR"},{"@type":"Person","@id":"https:\/\/www.africa-press.net\/senegal\/#\/schema\/person\/2b1cf3cd81a31e3cd26889ca66d677f1","name":"cfeditorfr","url":"https:\/\/www.africa-press.net\/senegal\/author\/cfeditorfr"}]}},"_links":{"self":[{"href":"https:\/\/www.africa-press.net\/senegal\/wp-json\/wp\/v2\/posts\/56686","targetHints":{"allow":["GET"]}}],"collection":[{"href":"https:\/\/www.africa-press.net\/senegal\/wp-json\/wp\/v2\/posts"}],"about":[{"href":"https:\/\/www.africa-press.net\/senegal\/wp-json\/wp\/v2\/types\/post"}],"author":[{"embeddable":true,"href":"https:\/\/www.africa-press.net\/senegal\/wp-json\/wp\/v2\/users\/82"}],"replies":[{"embeddable":true,"href":"https:\/\/www.africa-press.net\/senegal\/wp-json\/wp\/v2\/comments?post=56686"}],"version-history":[{"count":0,"href":"https:\/\/www.africa-press.net\/senegal\/wp-json\/wp\/v2\/posts\/56686\/revisions"}],"wp:featuredmedia":[{"embeddable":true,"href":"https:\/\/www.africa-press.net\/senegal\/wp-json\/wp\/v2\/media\/56684"}],"wp:attachment":[{"href":"https:\/\/www.africa-press.net\/senegal\/wp-json\/wp\/v2\/media?parent=56686"}],"wp:term":[{"taxonomy":"category","embeddable":true,"href":"https:\/\/www.africa-press.net\/senegal\/wp-json\/wp\/v2\/categories?post=56686"},{"taxonomy":"post_tag","embeddable":true,"href":"https:\/\/www.africa-press.net\/senegal\/wp-json\/wp\/v2\/tags?post=56686"}],"curies":[{"name":"wp","href":"https:\/\/api.w.org\/{rel}","templated":true}]}}