{"id":56695,"date":"2024-03-11T12:13:38","date_gmt":"2024-03-11T12:13:38","guid":{"rendered":"https:\/\/www.africa-press.net\/senegal\/politique\/campagne-yoff-khalifa-sall-promet-de-mettre-fin-aux-accords-de-peche-injustes"},"modified":"2024-03-12T03:34:30","modified_gmt":"2024-03-12T03:34:30","slug":"campagne-yoff-khalifa-sall-promet-de-mettre-fin-aux-accords-de-peche-injustes","status":"publish","type":"post","link":"https:\/\/www.africa-press.net\/senegal\/politique\/campagne-yoff-khalifa-sall-promet-de-mettre-fin-aux-accords-de-peche-injustes","title":{"rendered":"[Campagne] Yoff : Khalifa Sall promet de mettre fin aux \u201caccords de p\u00eache injustes\u201d"},"content":{"rendered":"<p><span style=\"color: #ff6600\"><strong>Africa-Press &#8211; Senegal. <\/strong><\/span>Yoff a e\u0301te\u0301 le the\u0301a\u0302tre d\u2019une intensite\u0301 politique ine\u0301dite aujourd\u2019hui, sous l\u2019effervescence de la coalition Khalifa Pre\u0301sident lors de sa deuxie\u0300me journe\u0301e de campagne.<\/p>\n<p>Tout a commence\u0301 sur le quai de pe\u0302che de Yoff Tonghor, ou\u0300 les pe\u0302cheurs ont partage\u0301 leurs pre\u0301occupations, jetant ainsi les bases d\u2019une journe\u0301e riche en e\u0301changes. La caravane imposante a traverse\u0301 les rues de Yoff, refle\u0301tant l\u2019e\u0301nergie et l\u2019engagement tangibles au sein de la communaute\u0301.<\/p>\n<p>Les habitants ont accueilli avec enthousiasme la vision de la coalition, cre\u0301ant une atmosphe\u0300re e\u0301lectrique grave\u0301e dans les me\u0301moires.<\/p>\n<p>Lors de ce de\u0301placement de l\u2019ancien maire de Dakar, les acteurs de la mer ont parle\u0301 au nom de tous les pe\u0302cheurs et mareyeurs du Se\u0301ne\u0301gal. Leur de\u0301tresse est e\u0301vidente face a\u0300 la pre\u0301carite\u0301 cause\u0301e par les accords de pe\u0302che avec des industriels e\u0301trangers. \u201cNos oce\u0301ans sont pille\u0301s, menac\u0327ant la subsistance des pe\u0302cheurs locaux\u201d, a constate\u0301 Khalifa Sall.<\/p>\n<p>Une fois e\u0301lu Pre\u0301sident de la Re\u0301publique, Khalifa Sall s\u2019engage a\u0300 mettre fin a\u0300 ces accords injustes qui ne profitent pas a\u0300 notre pays et promet e\u0301galement de valoriser la pe\u0302che artisanale en de\u0301veloppant la chai\u0302ne de valeur, notamment en investissant dans la conservation et la transformation des produits halieutiques. \u201cEnsemble, nous pouvons restaurer la dignite\u0301 de nos parents pe\u0302cheurs et prote\u0301ger nos ressources marines pour les ge\u0301ne\u0301rations futures\u201d, a de\u0301clare\u0301 le candidat.<\/p>\n<p><img loading=\"lazy\" decoding=\"async\" width=\"810\" height=\"1080\" class=\"alignnone wp-image-56698 size-full\" src=\"https:\/\/static.africa-press.net\/senegal\/sites\/13\/2024\/03\/sm_1710198216.630233.jpg\" srcset=\"https:\/\/static.africa-press.net\/senegal\/sites\/13\/2024\/03\/sm_1710198216.630233.jpg 810w, https:\/\/static.africa-press.net\/senegal\/sites\/13\/2024\/03\/sm_1710198216.630233-225x300.jpg 225w, https:\/\/static.africa-press.net\/senegal\/sites\/13\/2024\/03\/sm_1710198216.630233-768x1024.jpg 768w\" sizes=\"auto, (max-width: 810px) 100vw, 810px\" \/><\/p>\n<p><img loading=\"lazy\" decoding=\"async\" width=\"1280\" height=\"853\" class=\"alignnone wp-image-56699 size-full\" src=\"https:\/\/static.africa-press.net\/senegal\/sites\/13\/2024\/03\/sm_1710198230.489953.jpg\" srcset=\"https:\/\/static.africa-press.net\/senegal\/sites\/13\/2024\/03\/sm_1710198230.489953.jpg 1280w, https:\/\/static.africa-press.net\/senegal\/sites\/13\/2024\/03\/sm_1710198230.489953-300x200.jpg 300w, https:\/\/static.africa-press.net\/senegal\/sites\/13\/2024\/03\/sm_1710198230.489953-1024x682.jpg 1024w, https:\/\/static.africa-press.net\/senegal\/sites\/13\/2024\/03\/sm_1710198230.489953-768x512.jpg 768w\" sizes=\"auto, (max-width: 1280px) 100vw, 1280px\" \/><\/p>\n<p><img loading=\"lazy\" decoding=\"async\" width=\"1080\" height=\"810\" class=\"alignnone wp-image-56700 size-full\" src=\"https:\/\/static.africa-press.net\/senegal\/sites\/13\/2024\/03\/sm_1710198241.510453.jpg\" srcset=\"https:\/\/static.africa-press.net\/senegal\/sites\/13\/2024\/03\/sm_1710198241.510453.jpg 1080w, https:\/\/static.africa-press.net\/senegal\/sites\/13\/2024\/03\/sm_1710198241.510453-300x225.jpg 300w, https:\/\/static.africa-press.net\/senegal\/sites\/13\/2024\/03\/sm_1710198241.510453-1024x768.jpg 1024w, https:\/\/static.africa-press.net\/senegal\/sites\/13\/2024\/03\/sm_1710198241.510453-768x576.jpg 768w, https:\/\/static.africa-press.net\/senegal\/sites\/13\/2024\/03\/sm_1710198241.510453-80x60.jpg 80w\" sizes=\"auto, (max-width: 1080px) 100vw, 1080px\" \/><\/p>\n<p><img loading=\"lazy\" decoding=\"async\" width=\"1080\" height=\"810\" class=\"alignnone wp-image-56701 size-full\" src=\"https:\/\/static.africa-press.net\/senegal\/sites\/13\/2024\/03\/sm_1710198252.139124.jpg\" srcset=\"https:\/\/static.africa-press.net\/senegal\/sites\/13\/2024\/03\/sm_1710198252.139124.jpg 1080w, https:\/\/static.africa-press.net\/senegal\/sites\/13\/2024\/03\/sm_1710198252.139124-300x225.jpg 300w, https:\/\/static.africa-press.net\/senegal\/sites\/13\/2024\/03\/sm_1710198252.139124-1024x768.jpg 1024w, https:\/\/static.africa-press.net\/senegal\/sites\/13\/2024\/03\/sm_1710198252.139124-768x576.jpg 768w, https:\/\/static.africa-press.net\/senegal\/sites\/13\/2024\/03\/sm_1710198252.139124-80x60.jpg 80w\" sizes=\"auto, (max-width: 1080px) 100vw, 1080px\" \/>\r\n                <style type=\"text\/css\">\r\n                    \r\n                    #td_uid_1_69f0e568770df  .td-doubleSlider-2 .td-item1 {\r\n                        background: url(https:\/\/static.africa-press.net\/senegal\/sites\/13\/2024\/03\/sm_1710198199.842885-80x60.jpg) 0 0 no-repeat;\r\n                    }\r\n                <\/style>\r\n\r\n                <div id=\"td_uid_1_69f0e568770df\" class=\"td-gallery td-slide-on-2-columns\">\r\n                    <div class=\"post_td_gallery\">\r\n                        <div class=\"td-gallery-slide-top\">\r\n                           <div class=\"td-gallery-title\"><\/div>\r\n\r\n                            <div class=\"td-gallery-controls-wrapper\">\r\n                                <div class=\"td-gallery-slide-count\"><span class=\"td-gallery-slide-item-focus\">1<\/span> de 1<\/div>\r\n                                <div class=\"td-gallery-slide-prev-next-but\">\r\n                                    <i class = \"td-icon-left doubleSliderPrevButton\"><\/i>\r\n                                    <i class = \"td-icon-right doubleSliderNextButton\"><\/i>\r\n                                <\/div>\r\n                            <\/div>\r\n                        <\/div>\r\n\r\n                        <div class = \"td-doubleSlider-1 \">\r\n                            <div class = \"td-slider\">\r\n                                \r\n                    <div class = \"td-slide-item td-item1\">\r\n                        <figure class=\"td-slide-galery-figure td-slide-popup-gallery\">\r\n                            <a class=\"slide-gallery-image-link\" href=\"https:\/\/static.africa-press.net\/senegal\/sites\/13\/2024\/03\/sm_1710198199.842885.jpg\" title=\"sm_1710198199.842885\"  data-caption=\"\"  data-description=\"\">\r\n                                <img decoding=\"async\" src=\"https:\/\/static.africa-press.net\/senegal\/sites\/13\/2024\/03\/sm_1710198199.842885.jpg\" srcset=\"https:\/\/static.africa-press.net\/senegal\/sites\/13\/2024\/03\/sm_1710198199.842885.jpg 1280w, https:\/\/static.africa-press.net\/senegal\/sites\/13\/2024\/03\/sm_1710198199.842885-300x200.jpg 300w, https:\/\/static.africa-press.net\/senegal\/sites\/13\/2024\/03\/sm_1710198199.842885-1024x682.jpg 1024w, https:\/\/static.africa-press.net\/senegal\/sites\/13\/2024\/03\/sm_1710198199.842885-768x512.jpg 768w\" sizes=\"(max-width: 1280px) 100vw, 1280px\" alt=\"\">\r\n                            <\/a>\r\n                            \r\n                        <\/figure>\r\n                    <\/div>\r\n                            <\/div>\r\n                        <\/div>\r\n\r\n                        <div class = \"td-doubleSlider-2\">\r\n                            <div class = \"td-slider\">\r\n                                \r\n                    <div class = \"td-button td-item1\">\r\n                        <div class = \"td-border\"><\/div>\r\n                    <\/div>\r\n                            <\/div>\r\n                        <\/div>\r\n\r\n                    <\/div>\r\n\r\n                <\/div>\r\n                <\/p>\n<p><strong>Pour plus d&rsquo;informations et d&rsquo;analyses sur la <a href=\"https:\/\/www.africa-press.net\/senegal\">Senegal<\/a>, suivez <a href=\"https:\/\/www.africa-press.net\/\">Africa-Press<\/a><\/strong><\/p>\n","protected":false},"excerpt":{"rendered":"<p>Africa-Press &#8211; Senegal. Yoff a e\u0301te\u0301 le the\u0301a\u0302tre d\u2019une intensite\u0301 politique ine\u0301dite aujourd\u2019hui, sous l\u2019effervescence de la coalition Khalifa Pre\u0301sident lors de sa deuxie\u0300me journe\u0301e de campagne. Tout a commence\u0301 sur le quai de pe\u0302che de Yoff Tonghor, ou\u0300 les pe\u0302cheurs ont partage\u0301 leurs pre\u0301occupations, jetant ainsi les bases d\u2019une journe\u0301e riche en e\u0301changes. La [&hellip;]<\/p>\n","protected":false},"author":82,"featured_media":56694,"comment_status":"open","ping_status":"closed","sticky":false,"template":"","format":"standard","meta":{"footnotes":""},"categories":[8,2,10],"tags":[43,47,44],"class_list":["post-56695","post","type-post","status-publish","format-standard","has-post-thumbnail","hentry","category-photo","category-politique","category-toutes-les-actualites","tag-africa-press-2","tag-africa-press-senegal","tag-senegal-2"],"yoast_head":"<!-- This site is optimized with the Yoast SEO Premium plugin v26.1 (Yoast SEO v27.0) - https:\/\/yoast.com\/product\/yoast-seo-premium-wordpress\/ -->\n<title>[Campagne] Yoff : Khalifa Sall promet de mettre fin aux \u201caccords de p\u00eache injustes\u201d - Senegal<\/title>\n<meta name=\"description\" content=\"Yoff a e\u0301te\u0301 le the\u0301a\u0302tre d&#039;une intensite\u0301 politique ine\u0301dite aujourd&#039;hui, sous l&#039;effervescence de la coalition Khalifa ...\" \/>\n<meta name=\"robots\" content=\"index, follow, max-snippet:-1, max-image-preview:large, max-video-preview:-1\" \/>\n<link rel=\"canonical\" href=\"https:\/\/www.africa-press.net\/senegal\/politique\/campagne-yoff-khalifa-sall-promet-de-mettre-fin-aux-accords-de-peche-injustes\" \/>\n<meta property=\"og:locale\" content=\"fr_FR\" \/>\n<meta property=\"og:type\" content=\"article\" \/>\n<meta property=\"og:title\" content=\"[Campagne] Yoff : Khalifa Sall promet de mettre fin aux \u201caccords de p\u00eache injustes\u201d\" \/>\n<meta property=\"og:description\" content=\"Yoff a e\u0301te\u0301 le the\u0301a\u0302tre d&#039;une intensite\u0301 politique ine\u0301dite aujourd&#039;hui, sous l&#039;effervescence de la coalition Khalifa ...\" \/>\n<meta property=\"og:url\" content=\"https:\/\/www.africa-press.net\/senegal\/politique\/campagne-yoff-khalifa-sall-promet-de-mettre-fin-aux-accords-de-peche-injustes\" \/>\n<meta property=\"og:site_name\" content=\"Senegal\" \/>\n<meta property=\"article:published_time\" content=\"2024-03-11T12:13:38+00:00\" \/>\n<meta property=\"article:modified_time\" content=\"2024-03-12T03:34:30+00:00\" \/>\n<meta property=\"og:image\" content=\"https:\/\/static.africa-press.net\/senegal\/sites\/13\/2024\/03\/sm_1710197361.34658.jpg\" \/>\n\t<meta property=\"og:image:width\" content=\"1301\" \/>\n\t<meta property=\"og:image:height\" content=\"635\" \/>\n\t<meta property=\"og:image:type\" content=\"image\/jpeg\" \/>\n<meta name=\"author\" content=\"cfeditorfr\" \/>\n<meta name=\"twitter:card\" content=\"summary_large_image\" \/>\n<meta name=\"twitter:label1\" content=\"\u00c9crit par\" \/>\n\t<meta name=\"twitter:data1\" content=\"cfeditorfr\" \/>\n\t<meta name=\"twitter:label2\" content=\"Dur\u00e9e de lecture estim\u00e9e\" \/>\n\t<meta name=\"twitter:data2\" content=\"2 minutes\" \/>\n<script type=\"application\/ld+json\" class=\"yoast-schema-graph\">{\"@context\":\"https:\/\/schema.org\",\"@graph\":[{\"@type\":\"Article\",\"@id\":\"https:\/\/www.africa-press.net\/senegal\/politique\/campagne-yoff-khalifa-sall-promet-de-mettre-fin-aux-accords-de-peche-injustes#article\",\"isPartOf\":{\"@id\":\"https:\/\/www.africa-press.net\/senegal\/politique\/campagne-yoff-khalifa-sall-promet-de-mettre-fin-aux-accords-de-peche-injustes\"},\"author\":{\"name\":\"cfeditorfr\",\"@id\":\"https:\/\/www.africa-press.net\/senegal\/#\/schema\/person\/2b1cf3cd81a31e3cd26889ca66d677f1\"},\"headline\":\"[Campagne] Yoff : Khalifa Sall promet de mettre fin aux \u201caccords de p\u00eache injustes\u201d\",\"datePublished\":\"2024-03-11T12:13:38+00:00\",\"dateModified\":\"2024-03-12T03:34:30+00:00\",\"mainEntityOfPage\":{\"@id\":\"https:\/\/www.africa-press.net\/senegal\/politique\/campagne-yoff-khalifa-sall-promet-de-mettre-fin-aux-accords-de-peche-injustes\"},\"wordCount\":312,\"commentCount\":0,\"image\":{\"@id\":\"https:\/\/www.africa-press.net\/senegal\/politique\/campagne-yoff-khalifa-sall-promet-de-mettre-fin-aux-accords-de-peche-injustes#primaryimage\"},\"thumbnailUrl\":\"https:\/\/static.africa-press.net\/senegal\/sites\/13\/2024\/03\/sm_1710197361.34658.jpg\",\"keywords\":[\"Africa Press\",\"Africa Press-Senegal\",\"Senegal\"],\"articleSection\":[\"Photo\",\"Politique\",\"Toutes les actualit\u00e9s\"],\"inLanguage\":\"fr-FR\",\"potentialAction\":[{\"@type\":\"CommentAction\",\"name\":\"Comment\",\"target\":[\"https:\/\/www.africa-press.net\/senegal\/politique\/campagne-yoff-khalifa-sall-promet-de-mettre-fin-aux-accords-de-peche-injustes#respond\"]}]},{\"@type\":\"WebPage\",\"@id\":\"https:\/\/www.africa-press.net\/senegal\/politique\/campagne-yoff-khalifa-sall-promet-de-mettre-fin-aux-accords-de-peche-injustes\",\"url\":\"https:\/\/www.africa-press.net\/senegal\/politique\/campagne-yoff-khalifa-sall-promet-de-mettre-fin-aux-accords-de-peche-injustes\",\"name\":\"[Campagne] Yoff : Khalifa Sall promet de mettre fin aux \u201caccords de p\u00eache injustes\u201d - Senegal\",\"isPartOf\":{\"@id\":\"https:\/\/www.africa-press.net\/senegal\/#website\"},\"primaryImageOfPage\":{\"@id\":\"https:\/\/www.africa-press.net\/senegal\/politique\/campagne-yoff-khalifa-sall-promet-de-mettre-fin-aux-accords-de-peche-injustes#primaryimage\"},\"image\":{\"@id\":\"https:\/\/www.africa-press.net\/senegal\/politique\/campagne-yoff-khalifa-sall-promet-de-mettre-fin-aux-accords-de-peche-injustes#primaryimage\"},\"thumbnailUrl\":\"https:\/\/static.africa-press.net\/senegal\/sites\/13\/2024\/03\/sm_1710197361.34658.jpg\",\"datePublished\":\"2024-03-11T12:13:38+00:00\",\"dateModified\":\"2024-03-12T03:34:30+00:00\",\"author\":{\"@id\":\"https:\/\/www.africa-press.net\/senegal\/#\/schema\/person\/2b1cf3cd81a31e3cd26889ca66d677f1\"},\"description\":\"Yoff a e\u0301te\u0301 le the\u0301a\u0302tre d'une intensite\u0301 politique ine\u0301dite aujourd'hui, sous l'effervescence de la coalition Khalifa ...\",\"breadcrumb\":{\"@id\":\"https:\/\/www.africa-press.net\/senegal\/politique\/campagne-yoff-khalifa-sall-promet-de-mettre-fin-aux-accords-de-peche-injustes#breadcrumb\"},\"inLanguage\":\"fr-FR\",\"potentialAction\":[{\"@type\":\"ReadAction\",\"target\":[\"https:\/\/www.africa-press.net\/senegal\/politique\/campagne-yoff-khalifa-sall-promet-de-mettre-fin-aux-accords-de-peche-injustes\"]}]},{\"@type\":\"ImageObject\",\"inLanguage\":\"fr-FR\",\"@id\":\"https:\/\/www.africa-press.net\/senegal\/politique\/campagne-yoff-khalifa-sall-promet-de-mettre-fin-aux-accords-de-peche-injustes#primaryimage\",\"url\":\"https:\/\/static.africa-press.net\/senegal\/sites\/13\/2024\/03\/sm_1710197361.34658.jpg\",\"contentUrl\":\"https:\/\/static.africa-press.net\/senegal\/sites\/13\/2024\/03\/sm_1710197361.34658.jpg\",\"width\":1301,\"height\":635,\"caption\":\"[Campagne] Yoff : Khalifa Sall promet de mettre fin aux \u201caccords de p\u00eache injustes\u201d\"},{\"@type\":\"BreadcrumbList\",\"@id\":\"https:\/\/www.africa-press.net\/senegal\/politique\/campagne-yoff-khalifa-sall-promet-de-mettre-fin-aux-accords-de-peche-injustes#breadcrumb\",\"itemListElement\":[{\"@type\":\"ListItem\",\"position\":1,\"name\":\"Accueil\",\"item\":\"https:\/\/www.africa-press.net\/senegal\/\"},{\"@type\":\"ListItem\",\"position\":2,\"name\":\"[Campagne] Yoff : Khalifa Sall promet de mettre fin aux \u201caccords de p\u00eache injustes\u201d\"}]},{\"@type\":\"WebSite\",\"@id\":\"https:\/\/www.africa-press.net\/senegal\/#website\",\"url\":\"https:\/\/www.africa-press.net\/senegal\/\",\"name\":\"Africa Press | Senegal | Homepage\",\"description\":\"Just another Africa News Agency Sites site\",\"potentialAction\":[{\"@type\":\"SearchAction\",\"target\":{\"@type\":\"EntryPoint\",\"urlTemplate\":\"https:\/\/www.africa-press.net\/senegal\/?s={search_term_string}\"},\"query-input\":{\"@type\":\"PropertyValueSpecification\",\"valueRequired\":true,\"valueName\":\"search_term_string\"}}],\"inLanguage\":\"fr-FR\"},{\"@type\":\"Person\",\"@id\":\"https:\/\/www.africa-press.net\/senegal\/#\/schema\/person\/2b1cf3cd81a31e3cd26889ca66d677f1\",\"name\":\"cfeditorfr\",\"url\":\"https:\/\/www.africa-press.net\/senegal\/author\/cfeditorfr\"}]}<\/script>\n<!-- \/ Yoast SEO Premium plugin. -->","yoast_head_json":{"title":"[Campagne] Yoff : Khalifa Sall promet de mettre fin aux \u201caccords de p\u00eache injustes\u201d - Senegal","description":"Yoff a e\u0301te\u0301 le the\u0301a\u0302tre d'une intensite\u0301 politique ine\u0301dite aujourd'hui, sous l'effervescence de la coalition Khalifa ...","robots":{"index":"index","follow":"follow","max-snippet":"max-snippet:-1","max-image-preview":"max-image-preview:large","max-video-preview":"max-video-preview:-1"},"canonical":"https:\/\/www.africa-press.net\/senegal\/politique\/campagne-yoff-khalifa-sall-promet-de-mettre-fin-aux-accords-de-peche-injustes","og_locale":"fr_FR","og_type":"article","og_title":"[Campagne] Yoff : Khalifa Sall promet de mettre fin aux \u201caccords de p\u00eache injustes\u201d","og_description":"Yoff a e\u0301te\u0301 le the\u0301a\u0302tre d'une intensite\u0301 politique ine\u0301dite aujourd'hui, sous l'effervescence de la coalition Khalifa ...","og_url":"https:\/\/www.africa-press.net\/senegal\/politique\/campagne-yoff-khalifa-sall-promet-de-mettre-fin-aux-accords-de-peche-injustes","og_site_name":"Senegal","article_published_time":"2024-03-11T12:13:38+00:00","article_modified_time":"2024-03-12T03:34:30+00:00","og_image":[{"width":1301,"height":635,"url":"https:\/\/static.africa-press.net\/senegal\/sites\/13\/2024\/03\/sm_1710197361.34658.jpg","type":"image\/jpeg"}],"author":"cfeditorfr","twitter_card":"summary_large_image","twitter_misc":{"\u00c9crit par":"cfeditorfr","Dur\u00e9e de lecture estim\u00e9e":"2 minutes"},"schema":{"@context":"https:\/\/schema.org","@graph":[{"@type":"Article","@id":"https:\/\/www.africa-press.net\/senegal\/politique\/campagne-yoff-khalifa-sall-promet-de-mettre-fin-aux-accords-de-peche-injustes#article","isPartOf":{"@id":"https:\/\/www.africa-press.net\/senegal\/politique\/campagne-yoff-khalifa-sall-promet-de-mettre-fin-aux-accords-de-peche-injustes"},"author":{"name":"cfeditorfr","@id":"https:\/\/www.africa-press.net\/senegal\/#\/schema\/person\/2b1cf3cd81a31e3cd26889ca66d677f1"},"headline":"[Campagne] Yoff : Khalifa Sall promet de mettre fin aux \u201caccords de p\u00eache injustes\u201d","datePublished":"2024-03-11T12:13:38+00:00","dateModified":"2024-03-12T03:34:30+00:00","mainEntityOfPage":{"@id":"https:\/\/www.africa-press.net\/senegal\/politique\/campagne-yoff-khalifa-sall-promet-de-mettre-fin-aux-accords-de-peche-injustes"},"wordCount":312,"commentCount":0,"image":{"@id":"https:\/\/www.africa-press.net\/senegal\/politique\/campagne-yoff-khalifa-sall-promet-de-mettre-fin-aux-accords-de-peche-injustes#primaryimage"},"thumbnailUrl":"https:\/\/static.africa-press.net\/senegal\/sites\/13\/2024\/03\/sm_1710197361.34658.jpg","keywords":["Africa Press","Africa Press-Senegal","Senegal"],"articleSection":["Photo","Politique","Toutes les actualit\u00e9s"],"inLanguage":"fr-FR","potentialAction":[{"@type":"CommentAction","name":"Comment","target":["https:\/\/www.africa-press.net\/senegal\/politique\/campagne-yoff-khalifa-sall-promet-de-mettre-fin-aux-accords-de-peche-injustes#respond"]}]},{"@type":"WebPage","@id":"https:\/\/www.africa-press.net\/senegal\/politique\/campagne-yoff-khalifa-sall-promet-de-mettre-fin-aux-accords-de-peche-injustes","url":"https:\/\/www.africa-press.net\/senegal\/politique\/campagne-yoff-khalifa-sall-promet-de-mettre-fin-aux-accords-de-peche-injustes","name":"[Campagne] Yoff : Khalifa Sall promet de mettre fin aux \u201caccords de p\u00eache injustes\u201d - Senegal","isPartOf":{"@id":"https:\/\/www.africa-press.net\/senegal\/#website"},"primaryImageOfPage":{"@id":"https:\/\/www.africa-press.net\/senegal\/politique\/campagne-yoff-khalifa-sall-promet-de-mettre-fin-aux-accords-de-peche-injustes#primaryimage"},"image":{"@id":"https:\/\/www.africa-press.net\/senegal\/politique\/campagne-yoff-khalifa-sall-promet-de-mettre-fin-aux-accords-de-peche-injustes#primaryimage"},"thumbnailUrl":"https:\/\/static.africa-press.net\/senegal\/sites\/13\/2024\/03\/sm_1710197361.34658.jpg","datePublished":"2024-03-11T12:13:38+00:00","dateModified":"2024-03-12T03:34:30+00:00","author":{"@id":"https:\/\/www.africa-press.net\/senegal\/#\/schema\/person\/2b1cf3cd81a31e3cd26889ca66d677f1"},"description":"Yoff a e\u0301te\u0301 le the\u0301a\u0302tre d'une intensite\u0301 politique ine\u0301dite aujourd'hui, sous l'effervescence de la coalition Khalifa ...","breadcrumb":{"@id":"https:\/\/www.africa-press.net\/senegal\/politique\/campagne-yoff-khalifa-sall-promet-de-mettre-fin-aux-accords-de-peche-injustes#breadcrumb"},"inLanguage":"fr-FR","potentialAction":[{"@type":"ReadAction","target":["https:\/\/www.africa-press.net\/senegal\/politique\/campagne-yoff-khalifa-sall-promet-de-mettre-fin-aux-accords-de-peche-injustes"]}]},{"@type":"ImageObject","inLanguage":"fr-FR","@id":"https:\/\/www.africa-press.net\/senegal\/politique\/campagne-yoff-khalifa-sall-promet-de-mettre-fin-aux-accords-de-peche-injustes#primaryimage","url":"https:\/\/static.africa-press.net\/senegal\/sites\/13\/2024\/03\/sm_1710197361.34658.jpg","contentUrl":"https:\/\/static.africa-press.net\/senegal\/sites\/13\/2024\/03\/sm_1710197361.34658.jpg","width":1301,"height":635,"caption":"[Campagne] Yoff : Khalifa Sall promet de mettre fin aux \u201caccords de p\u00eache injustes\u201d"},{"@type":"BreadcrumbList","@id":"https:\/\/www.africa-press.net\/senegal\/politique\/campagne-yoff-khalifa-sall-promet-de-mettre-fin-aux-accords-de-peche-injustes#breadcrumb","itemListElement":[{"@type":"ListItem","position":1,"name":"Accueil","item":"https:\/\/www.africa-press.net\/senegal\/"},{"@type":"ListItem","position":2,"name":"[Campagne] Yoff : Khalifa Sall promet de mettre fin aux \u201caccords de p\u00eache injustes\u201d"}]},{"@type":"WebSite","@id":"https:\/\/www.africa-press.net\/senegal\/#website","url":"https:\/\/www.africa-press.net\/senegal\/","name":"Africa Press | Senegal | Homepage","description":"Just another Africa News Agency Sites site","potentialAction":[{"@type":"SearchAction","target":{"@type":"EntryPoint","urlTemplate":"https:\/\/www.africa-press.net\/senegal\/?s={search_term_string}"},"query-input":{"@type":"PropertyValueSpecification","valueRequired":true,"valueName":"search_term_string"}}],"inLanguage":"fr-FR"},{"@type":"Person","@id":"https:\/\/www.africa-press.net\/senegal\/#\/schema\/person\/2b1cf3cd81a31e3cd26889ca66d677f1","name":"cfeditorfr","url":"https:\/\/www.africa-press.net\/senegal\/author\/cfeditorfr"}]}},"_links":{"self":[{"href":"https:\/\/www.africa-press.net\/senegal\/wp-json\/wp\/v2\/posts\/56695","targetHints":{"allow":["GET"]}}],"collection":[{"href":"https:\/\/www.africa-press.net\/senegal\/wp-json\/wp\/v2\/posts"}],"about":[{"href":"https:\/\/www.africa-press.net\/senegal\/wp-json\/wp\/v2\/types\/post"}],"author":[{"embeddable":true,"href":"https:\/\/www.africa-press.net\/senegal\/wp-json\/wp\/v2\/users\/82"}],"replies":[{"embeddable":true,"href":"https:\/\/www.africa-press.net\/senegal\/wp-json\/wp\/v2\/comments?post=56695"}],"version-history":[{"count":0,"href":"https:\/\/www.africa-press.net\/senegal\/wp-json\/wp\/v2\/posts\/56695\/revisions"}],"wp:featuredmedia":[{"embeddable":true,"href":"https:\/\/www.africa-press.net\/senegal\/wp-json\/wp\/v2\/media\/56694"}],"wp:attachment":[{"href":"https:\/\/www.africa-press.net\/senegal\/wp-json\/wp\/v2\/media?parent=56695"}],"wp:term":[{"taxonomy":"category","embeddable":true,"href":"https:\/\/www.africa-press.net\/senegal\/wp-json\/wp\/v2\/categories?post=56695"},{"taxonomy":"post_tag","embeddable":true,"href":"https:\/\/www.africa-press.net\/senegal\/wp-json\/wp\/v2\/tags?post=56695"}],"curies":[{"name":"wp","href":"https:\/\/api.w.org\/{rel}","templated":true}]}}