{"id":56717,"date":"2024-03-12T20:18:16","date_gmt":"2024-03-12T20:18:16","guid":{"rendered":"https:\/\/www.africa-press.net\/senegal\/politique\/khalifa-sall-veut-faire-de-linnovation-numerique-un-moyen-de-croissance-endogene"},"modified":"2024-03-12T21:24:16","modified_gmt":"2024-03-12T21:24:16","slug":"khalifa-sall-veut-faire-de-linnovation-numerique-un-moyen-de-croissance-endogene","status":"publish","type":"post","link":"https:\/\/www.africa-press.net\/senegal\/politique\/khalifa-sall-veut-faire-de-linnovation-numerique-un-moyen-de-croissance-endogene","title":{"rendered":"Khalifa Sall veut faire de l\u2019innovation num\u00e9rique un moyen de croissance endog\u00e8ne"},"content":{"rendered":"<p><span style=\"color: #ff6600\"><strong>Africa-Press &#8211; Senegal. <\/strong><\/span>S\u2019il est e\u0301lu pre\u0301sident de la Re\u0301publique du Se\u0301ne\u0301gal, le candidat Khalifa Ababacar Sall compte massivement investir, sur l\u2019innovation technologique, en privile\u0301giant des applications, pour l\u2019agriculture, la sante\u0301, l&rsquo;e\u0301ducation, les industries culturelles et les services aux citoyens.<\/p>\n<p>A cet e\u0301gard, le candidat de la coalition Khalifa Pre\u0301sident compte e\u0301tendre l&rsquo;acce\u0300s a\u0300 internet notamment, en zones rurales, renforcer la se\u0301curite\u0301 nume\u0301rique et consolider les acquis en Cyberse\u0301curite\u0301. Ce faisant, Khalifa Sall va investir dans les infrastructures de te\u0301le\u0301communications, pour re\u0301duire la fracture nume\u0301rique. Toujours dans l\u2019optique de l\u2019innovation nume\u0301rique, il sera de\u0301veloppe\u0301 l&rsquo;e\u0301cosyste\u0300me d&rsquo;Intelligence Artificielle et de cyberse\u0301curite\u0301.<\/p>\n<p>La promotion des Fintech et des compe\u0301tences nume\u0301riques, notamment en cyberse\u0301curite\u0301 occupe une place centrale dans la vision du de\u0301veloppement nume\u0301rique du candidat Khalifa Sall. D\u2019autre part, il est pre\u0301vu la mise en place d\u2019un guichet unique afin de soutenir les PME\/PMI et les entreprises, tout au long de leurs parcours. Le candidat compte favoriser la mise en place d\u2019incubateurs. Khalifa Ababacar Sall e\u0301lu Pre\u0301sident, il va re\u0301unir sous une banque publique d\u2019investissement les organes de financement et d\u2019investissement pour plus d\u2019efficacite\u0301 dans le traitement des dossiers.<\/p>\n<p><strong>Pour plus d&rsquo;informations et d&rsquo;analyses sur la <a href=\"https:\/\/www.africa-press.net\/senegal\">Senegal<\/a>, suivez <a href=\"https:\/\/www.africa-press.net\/\">Africa-Press<\/a><\/strong><\/p>\n","protected":false},"excerpt":{"rendered":"<p>Africa-Press &#8211; Senegal. S\u2019il est e\u0301lu pre\u0301sident de la Re\u0301publique du Se\u0301ne\u0301gal, le candidat Khalifa Ababacar Sall compte massivement investir, sur l\u2019innovation technologique, en privile\u0301giant des applications, pour l\u2019agriculture, la sante\u0301, l&rsquo;e\u0301ducation, les industries culturelles et les services aux citoyens. A cet e\u0301gard, le candidat de la coalition Khalifa Pre\u0301sident compte e\u0301tendre l&rsquo;acce\u0300s a\u0300 internet [&hellip;]<\/p>\n","protected":false},"author":82,"featured_media":56715,"comment_status":"open","ping_status":"closed","sticky":false,"template":"","format":"standard","meta":{"footnotes":""},"categories":[2,10],"tags":[43,47,44],"class_list":["post-56717","post","type-post","status-publish","format-standard","has-post-thumbnail","hentry","category-politique","category-toutes-les-actualites","tag-africa-press-2","tag-africa-press-senegal","tag-senegal-2"],"yoast_head":"<!-- This site is optimized with the Yoast SEO Premium plugin v26.1 (Yoast SEO v27.0) - https:\/\/yoast.com\/product\/yoast-seo-premium-wordpress\/ -->\n<title>Khalifa Sall veut faire de l\u2019innovation num\u00e9rique un moyen de croissance endog\u00e8ne - Senegal<\/title>\n<meta name=\"description\" content=\"S\u2019il est e\u0301lu pre\u0301sident de la Re\u0301publique du Se\u0301ne\u0301gal, le candidat Khalifa Ababacar Sall compte massivement investir, ...\" \/>\n<meta name=\"robots\" content=\"index, follow, max-snippet:-1, max-image-preview:large, max-video-preview:-1\" \/>\n<link rel=\"canonical\" href=\"https:\/\/www.africa-press.net\/senegal\/politique\/khalifa-sall-veut-faire-de-linnovation-numerique-un-moyen-de-croissance-endogene\" \/>\n<meta property=\"og:locale\" content=\"fr_FR\" \/>\n<meta property=\"og:type\" content=\"article\" \/>\n<meta property=\"og:title\" content=\"Khalifa Sall veut faire de l\u2019innovation num\u00e9rique un moyen de croissance endog\u00e8ne\" \/>\n<meta property=\"og:description\" content=\"S\u2019il est e\u0301lu pre\u0301sident de la Re\u0301publique du Se\u0301ne\u0301gal, le candidat Khalifa Ababacar Sall compte massivement investir, ...\" \/>\n<meta property=\"og:url\" content=\"https:\/\/www.africa-press.net\/senegal\/politique\/khalifa-sall-veut-faire-de-linnovation-numerique-un-moyen-de-croissance-endogene\" \/>\n<meta property=\"og:site_name\" content=\"Senegal\" \/>\n<meta property=\"article:published_time\" content=\"2024-03-12T20:18:16+00:00\" \/>\n<meta property=\"article:modified_time\" content=\"2024-03-12T21:24:16+00:00\" \/>\n<meta property=\"og:image\" content=\"https:\/\/static.africa-press.net\/senegal\/sites\/13\/2024\/03\/sm_1710262414.288956.jpg\" \/>\n\t<meta property=\"og:image:width\" content=\"1303\" \/>\n\t<meta property=\"og:image:height\" content=\"636\" \/>\n\t<meta property=\"og:image:type\" content=\"image\/jpeg\" \/>\n<meta name=\"author\" content=\"cfeditorfr\" \/>\n<meta name=\"twitter:card\" content=\"summary_large_image\" \/>\n<meta name=\"twitter:label1\" content=\"\u00c9crit par\" \/>\n\t<meta name=\"twitter:data1\" content=\"cfeditorfr\" \/>\n\t<meta name=\"twitter:label2\" content=\"Dur\u00e9e de lecture estim\u00e9e\" \/>\n\t<meta name=\"twitter:data2\" content=\"1 minute\" \/>\n<script type=\"application\/ld+json\" class=\"yoast-schema-graph\">{\"@context\":\"https:\/\/schema.org\",\"@graph\":[{\"@type\":\"Article\",\"@id\":\"https:\/\/www.africa-press.net\/senegal\/politique\/khalifa-sall-veut-faire-de-linnovation-numerique-un-moyen-de-croissance-endogene#article\",\"isPartOf\":{\"@id\":\"https:\/\/www.africa-press.net\/senegal\/politique\/khalifa-sall-veut-faire-de-linnovation-numerique-un-moyen-de-croissance-endogene\"},\"author\":{\"name\":\"cfeditorfr\",\"@id\":\"https:\/\/www.africa-press.net\/senegal\/#\/schema\/person\/2b1cf3cd81a31e3cd26889ca66d677f1\"},\"headline\":\"Khalifa Sall veut faire de l\u2019innovation num\u00e9rique un moyen de croissance endog\u00e8ne\",\"datePublished\":\"2024-03-12T20:18:16+00:00\",\"dateModified\":\"2024-03-12T21:24:16+00:00\",\"mainEntityOfPage\":{\"@id\":\"https:\/\/www.africa-press.net\/senegal\/politique\/khalifa-sall-veut-faire-de-linnovation-numerique-un-moyen-de-croissance-endogene\"},\"wordCount\":262,\"commentCount\":0,\"image\":{\"@id\":\"https:\/\/www.africa-press.net\/senegal\/politique\/khalifa-sall-veut-faire-de-linnovation-numerique-un-moyen-de-croissance-endogene#primaryimage\"},\"thumbnailUrl\":\"https:\/\/static.africa-press.net\/senegal\/sites\/13\/2024\/03\/sm_1710262414.288956.jpg\",\"keywords\":[\"Africa Press\",\"Africa Press-Senegal\",\"Senegal\"],\"articleSection\":[\"Politique\",\"Toutes les actualit\u00e9s\"],\"inLanguage\":\"fr-FR\",\"potentialAction\":[{\"@type\":\"CommentAction\",\"name\":\"Comment\",\"target\":[\"https:\/\/www.africa-press.net\/senegal\/politique\/khalifa-sall-veut-faire-de-linnovation-numerique-un-moyen-de-croissance-endogene#respond\"]}]},{\"@type\":\"WebPage\",\"@id\":\"https:\/\/www.africa-press.net\/senegal\/politique\/khalifa-sall-veut-faire-de-linnovation-numerique-un-moyen-de-croissance-endogene\",\"url\":\"https:\/\/www.africa-press.net\/senegal\/politique\/khalifa-sall-veut-faire-de-linnovation-numerique-un-moyen-de-croissance-endogene\",\"name\":\"Khalifa Sall veut faire de l\u2019innovation num\u00e9rique un moyen de croissance endog\u00e8ne - Senegal\",\"isPartOf\":{\"@id\":\"https:\/\/www.africa-press.net\/senegal\/#website\"},\"primaryImageOfPage\":{\"@id\":\"https:\/\/www.africa-press.net\/senegal\/politique\/khalifa-sall-veut-faire-de-linnovation-numerique-un-moyen-de-croissance-endogene#primaryimage\"},\"image\":{\"@id\":\"https:\/\/www.africa-press.net\/senegal\/politique\/khalifa-sall-veut-faire-de-linnovation-numerique-un-moyen-de-croissance-endogene#primaryimage\"},\"thumbnailUrl\":\"https:\/\/static.africa-press.net\/senegal\/sites\/13\/2024\/03\/sm_1710262414.288956.jpg\",\"datePublished\":\"2024-03-12T20:18:16+00:00\",\"dateModified\":\"2024-03-12T21:24:16+00:00\",\"author\":{\"@id\":\"https:\/\/www.africa-press.net\/senegal\/#\/schema\/person\/2b1cf3cd81a31e3cd26889ca66d677f1\"},\"description\":\"S\u2019il est e\u0301lu pre\u0301sident de la Re\u0301publique du Se\u0301ne\u0301gal, le candidat Khalifa Ababacar Sall compte massivement investir, ...\",\"breadcrumb\":{\"@id\":\"https:\/\/www.africa-press.net\/senegal\/politique\/khalifa-sall-veut-faire-de-linnovation-numerique-un-moyen-de-croissance-endogene#breadcrumb\"},\"inLanguage\":\"fr-FR\",\"potentialAction\":[{\"@type\":\"ReadAction\",\"target\":[\"https:\/\/www.africa-press.net\/senegal\/politique\/khalifa-sall-veut-faire-de-linnovation-numerique-un-moyen-de-croissance-endogene\"]}]},{\"@type\":\"ImageObject\",\"inLanguage\":\"fr-FR\",\"@id\":\"https:\/\/www.africa-press.net\/senegal\/politique\/khalifa-sall-veut-faire-de-linnovation-numerique-un-moyen-de-croissance-endogene#primaryimage\",\"url\":\"https:\/\/static.africa-press.net\/senegal\/sites\/13\/2024\/03\/sm_1710262414.288956.jpg\",\"contentUrl\":\"https:\/\/static.africa-press.net\/senegal\/sites\/13\/2024\/03\/sm_1710262414.288956.jpg\",\"width\":1303,\"height\":636,\"caption\":\"Khalifa Sall veut faire de l\u2019innovation num\u00e9rique un moyen de croissance endog\u00e8ne\"},{\"@type\":\"BreadcrumbList\",\"@id\":\"https:\/\/www.africa-press.net\/senegal\/politique\/khalifa-sall-veut-faire-de-linnovation-numerique-un-moyen-de-croissance-endogene#breadcrumb\",\"itemListElement\":[{\"@type\":\"ListItem\",\"position\":1,\"name\":\"Accueil\",\"item\":\"https:\/\/www.africa-press.net\/senegal\/\"},{\"@type\":\"ListItem\",\"position\":2,\"name\":\"Khalifa Sall veut faire de l\u2019innovation num\u00e9rique un moyen de croissance endog\u00e8ne\"}]},{\"@type\":\"WebSite\",\"@id\":\"https:\/\/www.africa-press.net\/senegal\/#website\",\"url\":\"https:\/\/www.africa-press.net\/senegal\/\",\"name\":\"Africa Press | Senegal | Homepage\",\"description\":\"Just another Africa News Agency Sites site\",\"potentialAction\":[{\"@type\":\"SearchAction\",\"target\":{\"@type\":\"EntryPoint\",\"urlTemplate\":\"https:\/\/www.africa-press.net\/senegal\/?s={search_term_string}\"},\"query-input\":{\"@type\":\"PropertyValueSpecification\",\"valueRequired\":true,\"valueName\":\"search_term_string\"}}],\"inLanguage\":\"fr-FR\"},{\"@type\":\"Person\",\"@id\":\"https:\/\/www.africa-press.net\/senegal\/#\/schema\/person\/2b1cf3cd81a31e3cd26889ca66d677f1\",\"name\":\"cfeditorfr\",\"url\":\"https:\/\/www.africa-press.net\/senegal\/author\/cfeditorfr\"}]}<\/script>\n<!-- \/ Yoast SEO Premium plugin. -->","yoast_head_json":{"title":"Khalifa Sall veut faire de l\u2019innovation num\u00e9rique un moyen de croissance endog\u00e8ne - Senegal","description":"S\u2019il est e\u0301lu pre\u0301sident de la Re\u0301publique du Se\u0301ne\u0301gal, le candidat Khalifa Ababacar Sall compte massivement investir, ...","robots":{"index":"index","follow":"follow","max-snippet":"max-snippet:-1","max-image-preview":"max-image-preview:large","max-video-preview":"max-video-preview:-1"},"canonical":"https:\/\/www.africa-press.net\/senegal\/politique\/khalifa-sall-veut-faire-de-linnovation-numerique-un-moyen-de-croissance-endogene","og_locale":"fr_FR","og_type":"article","og_title":"Khalifa Sall veut faire de l\u2019innovation num\u00e9rique un moyen de croissance endog\u00e8ne","og_description":"S\u2019il est e\u0301lu pre\u0301sident de la Re\u0301publique du Se\u0301ne\u0301gal, le candidat Khalifa Ababacar Sall compte massivement investir, ...","og_url":"https:\/\/www.africa-press.net\/senegal\/politique\/khalifa-sall-veut-faire-de-linnovation-numerique-un-moyen-de-croissance-endogene","og_site_name":"Senegal","article_published_time":"2024-03-12T20:18:16+00:00","article_modified_time":"2024-03-12T21:24:16+00:00","og_image":[{"width":1303,"height":636,"url":"https:\/\/static.africa-press.net\/senegal\/sites\/13\/2024\/03\/sm_1710262414.288956.jpg","type":"image\/jpeg"}],"author":"cfeditorfr","twitter_card":"summary_large_image","twitter_misc":{"\u00c9crit par":"cfeditorfr","Dur\u00e9e de lecture estim\u00e9e":"1 minute"},"schema":{"@context":"https:\/\/schema.org","@graph":[{"@type":"Article","@id":"https:\/\/www.africa-press.net\/senegal\/politique\/khalifa-sall-veut-faire-de-linnovation-numerique-un-moyen-de-croissance-endogene#article","isPartOf":{"@id":"https:\/\/www.africa-press.net\/senegal\/politique\/khalifa-sall-veut-faire-de-linnovation-numerique-un-moyen-de-croissance-endogene"},"author":{"name":"cfeditorfr","@id":"https:\/\/www.africa-press.net\/senegal\/#\/schema\/person\/2b1cf3cd81a31e3cd26889ca66d677f1"},"headline":"Khalifa Sall veut faire de l\u2019innovation num\u00e9rique un moyen de croissance endog\u00e8ne","datePublished":"2024-03-12T20:18:16+00:00","dateModified":"2024-03-12T21:24:16+00:00","mainEntityOfPage":{"@id":"https:\/\/www.africa-press.net\/senegal\/politique\/khalifa-sall-veut-faire-de-linnovation-numerique-un-moyen-de-croissance-endogene"},"wordCount":262,"commentCount":0,"image":{"@id":"https:\/\/www.africa-press.net\/senegal\/politique\/khalifa-sall-veut-faire-de-linnovation-numerique-un-moyen-de-croissance-endogene#primaryimage"},"thumbnailUrl":"https:\/\/static.africa-press.net\/senegal\/sites\/13\/2024\/03\/sm_1710262414.288956.jpg","keywords":["Africa Press","Africa Press-Senegal","Senegal"],"articleSection":["Politique","Toutes les actualit\u00e9s"],"inLanguage":"fr-FR","potentialAction":[{"@type":"CommentAction","name":"Comment","target":["https:\/\/www.africa-press.net\/senegal\/politique\/khalifa-sall-veut-faire-de-linnovation-numerique-un-moyen-de-croissance-endogene#respond"]}]},{"@type":"WebPage","@id":"https:\/\/www.africa-press.net\/senegal\/politique\/khalifa-sall-veut-faire-de-linnovation-numerique-un-moyen-de-croissance-endogene","url":"https:\/\/www.africa-press.net\/senegal\/politique\/khalifa-sall-veut-faire-de-linnovation-numerique-un-moyen-de-croissance-endogene","name":"Khalifa Sall veut faire de l\u2019innovation num\u00e9rique un moyen de croissance endog\u00e8ne - Senegal","isPartOf":{"@id":"https:\/\/www.africa-press.net\/senegal\/#website"},"primaryImageOfPage":{"@id":"https:\/\/www.africa-press.net\/senegal\/politique\/khalifa-sall-veut-faire-de-linnovation-numerique-un-moyen-de-croissance-endogene#primaryimage"},"image":{"@id":"https:\/\/www.africa-press.net\/senegal\/politique\/khalifa-sall-veut-faire-de-linnovation-numerique-un-moyen-de-croissance-endogene#primaryimage"},"thumbnailUrl":"https:\/\/static.africa-press.net\/senegal\/sites\/13\/2024\/03\/sm_1710262414.288956.jpg","datePublished":"2024-03-12T20:18:16+00:00","dateModified":"2024-03-12T21:24:16+00:00","author":{"@id":"https:\/\/www.africa-press.net\/senegal\/#\/schema\/person\/2b1cf3cd81a31e3cd26889ca66d677f1"},"description":"S\u2019il est e\u0301lu pre\u0301sident de la Re\u0301publique du Se\u0301ne\u0301gal, le candidat Khalifa Ababacar Sall compte massivement investir, ...","breadcrumb":{"@id":"https:\/\/www.africa-press.net\/senegal\/politique\/khalifa-sall-veut-faire-de-linnovation-numerique-un-moyen-de-croissance-endogene#breadcrumb"},"inLanguage":"fr-FR","potentialAction":[{"@type":"ReadAction","target":["https:\/\/www.africa-press.net\/senegal\/politique\/khalifa-sall-veut-faire-de-linnovation-numerique-un-moyen-de-croissance-endogene"]}]},{"@type":"ImageObject","inLanguage":"fr-FR","@id":"https:\/\/www.africa-press.net\/senegal\/politique\/khalifa-sall-veut-faire-de-linnovation-numerique-un-moyen-de-croissance-endogene#primaryimage","url":"https:\/\/static.africa-press.net\/senegal\/sites\/13\/2024\/03\/sm_1710262414.288956.jpg","contentUrl":"https:\/\/static.africa-press.net\/senegal\/sites\/13\/2024\/03\/sm_1710262414.288956.jpg","width":1303,"height":636,"caption":"Khalifa Sall veut faire de l\u2019innovation num\u00e9rique un moyen de croissance endog\u00e8ne"},{"@type":"BreadcrumbList","@id":"https:\/\/www.africa-press.net\/senegal\/politique\/khalifa-sall-veut-faire-de-linnovation-numerique-un-moyen-de-croissance-endogene#breadcrumb","itemListElement":[{"@type":"ListItem","position":1,"name":"Accueil","item":"https:\/\/www.africa-press.net\/senegal\/"},{"@type":"ListItem","position":2,"name":"Khalifa Sall veut faire de l\u2019innovation num\u00e9rique un moyen de croissance endog\u00e8ne"}]},{"@type":"WebSite","@id":"https:\/\/www.africa-press.net\/senegal\/#website","url":"https:\/\/www.africa-press.net\/senegal\/","name":"Africa Press | Senegal | Homepage","description":"Just another Africa News Agency Sites site","potentialAction":[{"@type":"SearchAction","target":{"@type":"EntryPoint","urlTemplate":"https:\/\/www.africa-press.net\/senegal\/?s={search_term_string}"},"query-input":{"@type":"PropertyValueSpecification","valueRequired":true,"valueName":"search_term_string"}}],"inLanguage":"fr-FR"},{"@type":"Person","@id":"https:\/\/www.africa-press.net\/senegal\/#\/schema\/person\/2b1cf3cd81a31e3cd26889ca66d677f1","name":"cfeditorfr","url":"https:\/\/www.africa-press.net\/senegal\/author\/cfeditorfr"}]}},"_links":{"self":[{"href":"https:\/\/www.africa-press.net\/senegal\/wp-json\/wp\/v2\/posts\/56717","targetHints":{"allow":["GET"]}}],"collection":[{"href":"https:\/\/www.africa-press.net\/senegal\/wp-json\/wp\/v2\/posts"}],"about":[{"href":"https:\/\/www.africa-press.net\/senegal\/wp-json\/wp\/v2\/types\/post"}],"author":[{"embeddable":true,"href":"https:\/\/www.africa-press.net\/senegal\/wp-json\/wp\/v2\/users\/82"}],"replies":[{"embeddable":true,"href":"https:\/\/www.africa-press.net\/senegal\/wp-json\/wp\/v2\/comments?post=56717"}],"version-history":[{"count":0,"href":"https:\/\/www.africa-press.net\/senegal\/wp-json\/wp\/v2\/posts\/56717\/revisions"}],"wp:featuredmedia":[{"embeddable":true,"href":"https:\/\/www.africa-press.net\/senegal\/wp-json\/wp\/v2\/media\/56715"}],"wp:attachment":[{"href":"https:\/\/www.africa-press.net\/senegal\/wp-json\/wp\/v2\/media?parent=56717"}],"wp:term":[{"taxonomy":"category","embeddable":true,"href":"https:\/\/www.africa-press.net\/senegal\/wp-json\/wp\/v2\/categories?post=56717"},{"taxonomy":"post_tag","embeddable":true,"href":"https:\/\/www.africa-press.net\/senegal\/wp-json\/wp\/v2\/tags?post=56717"}],"curies":[{"name":"wp","href":"https:\/\/api.w.org\/{rel}","templated":true}]}}