{"id":56721,"date":"2024-03-12T20:33:42","date_gmt":"2024-03-12T20:33:42","guid":{"rendered":"https:\/\/www.africa-press.net\/senegal\/politique\/mbirkilane-la-coalition-dethie2024-sengage-a-regler-les-preoccupations-des-populations-2"},"modified":"2024-03-12T22:24:38","modified_gmt":"2024-03-12T22:24:38","slug":"mbirkilane-la-coalition-dethie2024-sengage-a-regler-les-preoccupations-des-populations-2","status":"publish","type":"post","link":"https:\/\/www.africa-press.net\/senegal\/politique\/mbirkilane-la-coalition-dethie2024-sengage-a-regler-les-preoccupations-des-populations-2","title":{"rendered":"Mbirkilane : La coalition Dethie2024 s&rsquo;engage \u00e0 r\u00e9gler les pr\u00e9occupations des populations"},"content":{"rendered":"<p><span style=\"color: #ff6600\"><strong>Africa-Press &#8211; Senegal. <\/strong><\/span>Dans le cadre de la campagne e\u0301lectorale pour l&rsquo;e\u0301lection pre\u0301sidentielle du 24 mars, le candidat Dethie Fall e\u0301tait a\u0300 Diamal, ou\u0300 il a e\u0301te\u0301 rec\u0327u par le khalife Serigne Modou Mame Cisse\u0301. Cette rencontre, empreinte de solennite\u0301, a e\u0301te\u0301 l&rsquo;occasion pour Dethie Fall de solliciter des prie\u0300res en ce mois be\u0301ni de ramadan.<\/p>\n<p>Au cours de cette visite, le leader de la coalition Dethie2024 a exprime\u0301 sa gratitude pour l&rsquo;accueil chaleureux qui lui a e\u0301te\u0301 re\u0301serve\u0301.<\/p>\n<p>Soulignant l&rsquo;importance des bonnes attitudes dans la gouvernance d&rsquo;un pays, Dethie Fall a rappele\u0301 les de\u0301fis auxquels le prochain pre\u0301sident de la Re\u0301publique du Se\u0301ne\u0301gal sera confronte\u0301. Il a e\u0301galement appele\u0301 la classe politique a\u0300 la retenue dans le de\u0301bat e\u0301lectoral.<\/p>\n<p>Par la suite, M. Fall s&rsquo;est rendu a\u0300 Segre\u0301 Seco, dans le de\u0301partement de Mbirkilane, ou\u0300 il a e\u0301coute\u0301 les dole\u0301ances des populations locales, notamment en ce qui concerne l&rsquo;agriculture et le bitumage de la route de Mabo. Engage\u0301 a\u0300 re\u0301pondre aux besoins des habitants du Ndoucoumane pour favoriser le de\u0301veloppement e\u0301conomique du de\u0301partement, Dethie Fall a assure\u0301 que la localite\u0301 ne serait pas ne\u0301glige\u0301e, s&rsquo;il acce\u0300de au pouvoir.<\/p>\n<p>Cette e\u0301tape de la campagne e\u0301lectorale illustre la volonte\u0301 de Dethie Fall de placer les pre\u0301occupations des citoyens au c\u0153ur de son programme politique. Ce faisant, Dethie Fall cherche a\u0300 marquer les esprits et a\u0300 gagner la confiance des e\u0301lecteurs, alors que la course a\u0300 la pre\u0301sidence s&rsquo;intensifie.<\/p>\n<p><strong>Pour plus d&rsquo;informations et d&rsquo;analyses sur la <a href=\"https:\/\/www.africa-press.net\/senegal\">Senegal<\/a>, suivez <a href=\"https:\/\/www.africa-press.net\/\">Africa-Press<\/a><\/strong><\/p>\n","protected":false},"excerpt":{"rendered":"<p>Africa-Press &#8211; Senegal. Dans le cadre de la campagne e\u0301lectorale pour l&rsquo;e\u0301lection pre\u0301sidentielle du 24 mars, le candidat Dethie Fall e\u0301tait a\u0300 Diamal, ou\u0300 il a e\u0301te\u0301 rec\u0327u par le khalife Serigne Modou Mame Cisse\u0301. Cette rencontre, empreinte de solennite\u0301, a e\u0301te\u0301 l&rsquo;occasion pour Dethie Fall de solliciter des prie\u0300res en ce mois be\u0301ni de [&hellip;]<\/p>\n","protected":false},"author":82,"featured_media":56720,"comment_status":"open","ping_status":"closed","sticky":false,"template":"","format":"standard","meta":{"footnotes":""},"categories":[2,10],"tags":[43,47,44],"class_list":["post-56721","post","type-post","status-publish","format-standard","has-post-thumbnail","hentry","category-politique","category-toutes-les-actualites","tag-africa-press-2","tag-africa-press-senegal","tag-senegal-2"],"yoast_head":"<!-- This site is optimized with the Yoast SEO Premium plugin v26.1 (Yoast SEO v27.0) - https:\/\/yoast.com\/product\/yoast-seo-premium-wordpress\/ -->\n<title>Mbirkilane : La coalition Dethie2024 s&#039;engage \u00e0 r\u00e9gler les pr\u00e9occupations des populations - Senegal<\/title>\n<meta name=\"description\" content=\"Dans le cadre de la campagne e\u0301lectorale pour l&#039;e\u0301lection pre\u0301sidentielle du 24 mars, le candidat Dethie Fall e\u0301tait a\u0300 ...\" \/>\n<meta name=\"robots\" content=\"index, follow, max-snippet:-1, max-image-preview:large, max-video-preview:-1\" \/>\n<link rel=\"canonical\" href=\"https:\/\/www.africa-press.net\/senegal\/politique\/mbirkilane-la-coalition-dethie2024-sengage-a-regler-les-preoccupations-des-populations-2\" \/>\n<meta property=\"og:locale\" content=\"fr_FR\" \/>\n<meta property=\"og:type\" content=\"article\" \/>\n<meta property=\"og:title\" content=\"Mbirkilane : La coalition Dethie2024 s&#039;engage \u00e0 r\u00e9gler les pr\u00e9occupations des populations\" \/>\n<meta property=\"og:description\" content=\"Dans le cadre de la campagne e\u0301lectorale pour l&#039;e\u0301lection pre\u0301sidentielle du 24 mars, le candidat Dethie Fall e\u0301tait a\u0300 ...\" \/>\n<meta property=\"og:url\" content=\"https:\/\/www.africa-press.net\/senegal\/politique\/mbirkilane-la-coalition-dethie2024-sengage-a-regler-les-preoccupations-des-populations-2\" \/>\n<meta property=\"og:site_name\" content=\"Senegal\" \/>\n<meta property=\"article:published_time\" content=\"2024-03-12T20:33:42+00:00\" \/>\n<meta property=\"article:modified_time\" content=\"2024-03-12T22:24:38+00:00\" \/>\n<meta property=\"og:image\" content=\"https:\/\/static.africa-press.net\/senegal\/sites\/13\/2024\/03\/sm_1710266046.449254.jpg\" \/>\n\t<meta property=\"og:image:width\" content=\"1301\" \/>\n\t<meta property=\"og:image:height\" content=\"632\" \/>\n\t<meta property=\"og:image:type\" content=\"image\/jpeg\" \/>\n<meta name=\"author\" content=\"cfeditorfr\" \/>\n<meta name=\"twitter:card\" content=\"summary_large_image\" \/>\n<meta name=\"twitter:label1\" content=\"\u00c9crit par\" \/>\n\t<meta name=\"twitter:data1\" content=\"cfeditorfr\" \/>\n\t<meta name=\"twitter:label2\" content=\"Dur\u00e9e de lecture estim\u00e9e\" \/>\n\t<meta name=\"twitter:data2\" content=\"1 minute\" \/>\n<script type=\"application\/ld+json\" class=\"yoast-schema-graph\">{\"@context\":\"https:\/\/schema.org\",\"@graph\":[{\"@type\":\"Article\",\"@id\":\"https:\/\/www.africa-press.net\/senegal\/politique\/mbirkilane-la-coalition-dethie2024-sengage-a-regler-les-preoccupations-des-populations-2#article\",\"isPartOf\":{\"@id\":\"https:\/\/www.africa-press.net\/senegal\/politique\/mbirkilane-la-coalition-dethie2024-sengage-a-regler-les-preoccupations-des-populations-2\"},\"author\":{\"name\":\"cfeditorfr\",\"@id\":\"https:\/\/www.africa-press.net\/senegal\/#\/schema\/person\/2b1cf3cd81a31e3cd26889ca66d677f1\"},\"headline\":\"Mbirkilane : La coalition Dethie2024 s&rsquo;engage \u00e0 r\u00e9gler les pr\u00e9occupations des populations\",\"datePublished\":\"2024-03-12T20:33:42+00:00\",\"dateModified\":\"2024-03-12T22:24:38+00:00\",\"mainEntityOfPage\":{\"@id\":\"https:\/\/www.africa-press.net\/senegal\/politique\/mbirkilane-la-coalition-dethie2024-sengage-a-regler-les-preoccupations-des-populations-2\"},\"wordCount\":305,\"commentCount\":0,\"image\":{\"@id\":\"https:\/\/www.africa-press.net\/senegal\/politique\/mbirkilane-la-coalition-dethie2024-sengage-a-regler-les-preoccupations-des-populations-2#primaryimage\"},\"thumbnailUrl\":\"https:\/\/static.africa-press.net\/senegal\/sites\/13\/2024\/03\/sm_1710266046.449254.jpg\",\"keywords\":[\"Africa Press\",\"Africa Press-Senegal\",\"Senegal\"],\"articleSection\":[\"Politique\",\"Toutes les actualit\u00e9s\"],\"inLanguage\":\"fr-FR\",\"potentialAction\":[{\"@type\":\"CommentAction\",\"name\":\"Comment\",\"target\":[\"https:\/\/www.africa-press.net\/senegal\/politique\/mbirkilane-la-coalition-dethie2024-sengage-a-regler-les-preoccupations-des-populations-2#respond\"]}]},{\"@type\":\"WebPage\",\"@id\":\"https:\/\/www.africa-press.net\/senegal\/politique\/mbirkilane-la-coalition-dethie2024-sengage-a-regler-les-preoccupations-des-populations-2\",\"url\":\"https:\/\/www.africa-press.net\/senegal\/politique\/mbirkilane-la-coalition-dethie2024-sengage-a-regler-les-preoccupations-des-populations-2\",\"name\":\"Mbirkilane : La coalition Dethie2024 s'engage \u00e0 r\u00e9gler les pr\u00e9occupations des populations - Senegal\",\"isPartOf\":{\"@id\":\"https:\/\/www.africa-press.net\/senegal\/#website\"},\"primaryImageOfPage\":{\"@id\":\"https:\/\/www.africa-press.net\/senegal\/politique\/mbirkilane-la-coalition-dethie2024-sengage-a-regler-les-preoccupations-des-populations-2#primaryimage\"},\"image\":{\"@id\":\"https:\/\/www.africa-press.net\/senegal\/politique\/mbirkilane-la-coalition-dethie2024-sengage-a-regler-les-preoccupations-des-populations-2#primaryimage\"},\"thumbnailUrl\":\"https:\/\/static.africa-press.net\/senegal\/sites\/13\/2024\/03\/sm_1710266046.449254.jpg\",\"datePublished\":\"2024-03-12T20:33:42+00:00\",\"dateModified\":\"2024-03-12T22:24:38+00:00\",\"author\":{\"@id\":\"https:\/\/www.africa-press.net\/senegal\/#\/schema\/person\/2b1cf3cd81a31e3cd26889ca66d677f1\"},\"description\":\"Dans le cadre de la campagne e\u0301lectorale pour l'e\u0301lection pre\u0301sidentielle du 24 mars, le candidat Dethie Fall e\u0301tait a\u0300 ...\",\"breadcrumb\":{\"@id\":\"https:\/\/www.africa-press.net\/senegal\/politique\/mbirkilane-la-coalition-dethie2024-sengage-a-regler-les-preoccupations-des-populations-2#breadcrumb\"},\"inLanguage\":\"fr-FR\",\"potentialAction\":[{\"@type\":\"ReadAction\",\"target\":[\"https:\/\/www.africa-press.net\/senegal\/politique\/mbirkilane-la-coalition-dethie2024-sengage-a-regler-les-preoccupations-des-populations-2\"]}]},{\"@type\":\"ImageObject\",\"inLanguage\":\"fr-FR\",\"@id\":\"https:\/\/www.africa-press.net\/senegal\/politique\/mbirkilane-la-coalition-dethie2024-sengage-a-regler-les-preoccupations-des-populations-2#primaryimage\",\"url\":\"https:\/\/static.africa-press.net\/senegal\/sites\/13\/2024\/03\/sm_1710266046.449254.jpg\",\"contentUrl\":\"https:\/\/static.africa-press.net\/senegal\/sites\/13\/2024\/03\/sm_1710266046.449254.jpg\",\"width\":1301,\"height\":632,\"caption\":\"Mbirkilane : La coalition Dethie2024 s'engage \u00e0 r\u00e9gler les pr\u00e9occupations des populations\"},{\"@type\":\"BreadcrumbList\",\"@id\":\"https:\/\/www.africa-press.net\/senegal\/politique\/mbirkilane-la-coalition-dethie2024-sengage-a-regler-les-preoccupations-des-populations-2#breadcrumb\",\"itemListElement\":[{\"@type\":\"ListItem\",\"position\":1,\"name\":\"Accueil\",\"item\":\"https:\/\/www.africa-press.net\/senegal\/\"},{\"@type\":\"ListItem\",\"position\":2,\"name\":\"Mbirkilane : La coalition Dethie2024 s&#8217;engage \u00e0 r\u00e9gler les pr\u00e9occupations des populations\"}]},{\"@type\":\"WebSite\",\"@id\":\"https:\/\/www.africa-press.net\/senegal\/#website\",\"url\":\"https:\/\/www.africa-press.net\/senegal\/\",\"name\":\"Africa Press | Senegal | Homepage\",\"description\":\"Just another Africa News Agency Sites site\",\"potentialAction\":[{\"@type\":\"SearchAction\",\"target\":{\"@type\":\"EntryPoint\",\"urlTemplate\":\"https:\/\/www.africa-press.net\/senegal\/?s={search_term_string}\"},\"query-input\":{\"@type\":\"PropertyValueSpecification\",\"valueRequired\":true,\"valueName\":\"search_term_string\"}}],\"inLanguage\":\"fr-FR\"},{\"@type\":\"Person\",\"@id\":\"https:\/\/www.africa-press.net\/senegal\/#\/schema\/person\/2b1cf3cd81a31e3cd26889ca66d677f1\",\"name\":\"cfeditorfr\",\"url\":\"https:\/\/www.africa-press.net\/senegal\/author\/cfeditorfr\"}]}<\/script>\n<!-- \/ Yoast SEO Premium plugin. -->","yoast_head_json":{"title":"Mbirkilane : La coalition Dethie2024 s'engage \u00e0 r\u00e9gler les pr\u00e9occupations des populations - Senegal","description":"Dans le cadre de la campagne e\u0301lectorale pour l'e\u0301lection pre\u0301sidentielle du 24 mars, le candidat Dethie Fall e\u0301tait a\u0300 ...","robots":{"index":"index","follow":"follow","max-snippet":"max-snippet:-1","max-image-preview":"max-image-preview:large","max-video-preview":"max-video-preview:-1"},"canonical":"https:\/\/www.africa-press.net\/senegal\/politique\/mbirkilane-la-coalition-dethie2024-sengage-a-regler-les-preoccupations-des-populations-2","og_locale":"fr_FR","og_type":"article","og_title":"Mbirkilane : La coalition Dethie2024 s'engage \u00e0 r\u00e9gler les pr\u00e9occupations des populations","og_description":"Dans le cadre de la campagne e\u0301lectorale pour l'e\u0301lection pre\u0301sidentielle du 24 mars, le candidat Dethie Fall e\u0301tait a\u0300 ...","og_url":"https:\/\/www.africa-press.net\/senegal\/politique\/mbirkilane-la-coalition-dethie2024-sengage-a-regler-les-preoccupations-des-populations-2","og_site_name":"Senegal","article_published_time":"2024-03-12T20:33:42+00:00","article_modified_time":"2024-03-12T22:24:38+00:00","og_image":[{"width":1301,"height":632,"url":"https:\/\/static.africa-press.net\/senegal\/sites\/13\/2024\/03\/sm_1710266046.449254.jpg","type":"image\/jpeg"}],"author":"cfeditorfr","twitter_card":"summary_large_image","twitter_misc":{"\u00c9crit par":"cfeditorfr","Dur\u00e9e de lecture estim\u00e9e":"1 minute"},"schema":{"@context":"https:\/\/schema.org","@graph":[{"@type":"Article","@id":"https:\/\/www.africa-press.net\/senegal\/politique\/mbirkilane-la-coalition-dethie2024-sengage-a-regler-les-preoccupations-des-populations-2#article","isPartOf":{"@id":"https:\/\/www.africa-press.net\/senegal\/politique\/mbirkilane-la-coalition-dethie2024-sengage-a-regler-les-preoccupations-des-populations-2"},"author":{"name":"cfeditorfr","@id":"https:\/\/www.africa-press.net\/senegal\/#\/schema\/person\/2b1cf3cd81a31e3cd26889ca66d677f1"},"headline":"Mbirkilane : La coalition Dethie2024 s&rsquo;engage \u00e0 r\u00e9gler les pr\u00e9occupations des populations","datePublished":"2024-03-12T20:33:42+00:00","dateModified":"2024-03-12T22:24:38+00:00","mainEntityOfPage":{"@id":"https:\/\/www.africa-press.net\/senegal\/politique\/mbirkilane-la-coalition-dethie2024-sengage-a-regler-les-preoccupations-des-populations-2"},"wordCount":305,"commentCount":0,"image":{"@id":"https:\/\/www.africa-press.net\/senegal\/politique\/mbirkilane-la-coalition-dethie2024-sengage-a-regler-les-preoccupations-des-populations-2#primaryimage"},"thumbnailUrl":"https:\/\/static.africa-press.net\/senegal\/sites\/13\/2024\/03\/sm_1710266046.449254.jpg","keywords":["Africa Press","Africa Press-Senegal","Senegal"],"articleSection":["Politique","Toutes les actualit\u00e9s"],"inLanguage":"fr-FR","potentialAction":[{"@type":"CommentAction","name":"Comment","target":["https:\/\/www.africa-press.net\/senegal\/politique\/mbirkilane-la-coalition-dethie2024-sengage-a-regler-les-preoccupations-des-populations-2#respond"]}]},{"@type":"WebPage","@id":"https:\/\/www.africa-press.net\/senegal\/politique\/mbirkilane-la-coalition-dethie2024-sengage-a-regler-les-preoccupations-des-populations-2","url":"https:\/\/www.africa-press.net\/senegal\/politique\/mbirkilane-la-coalition-dethie2024-sengage-a-regler-les-preoccupations-des-populations-2","name":"Mbirkilane : La coalition Dethie2024 s'engage \u00e0 r\u00e9gler les pr\u00e9occupations des populations - Senegal","isPartOf":{"@id":"https:\/\/www.africa-press.net\/senegal\/#website"},"primaryImageOfPage":{"@id":"https:\/\/www.africa-press.net\/senegal\/politique\/mbirkilane-la-coalition-dethie2024-sengage-a-regler-les-preoccupations-des-populations-2#primaryimage"},"image":{"@id":"https:\/\/www.africa-press.net\/senegal\/politique\/mbirkilane-la-coalition-dethie2024-sengage-a-regler-les-preoccupations-des-populations-2#primaryimage"},"thumbnailUrl":"https:\/\/static.africa-press.net\/senegal\/sites\/13\/2024\/03\/sm_1710266046.449254.jpg","datePublished":"2024-03-12T20:33:42+00:00","dateModified":"2024-03-12T22:24:38+00:00","author":{"@id":"https:\/\/www.africa-press.net\/senegal\/#\/schema\/person\/2b1cf3cd81a31e3cd26889ca66d677f1"},"description":"Dans le cadre de la campagne e\u0301lectorale pour l'e\u0301lection pre\u0301sidentielle du 24 mars, le candidat Dethie Fall e\u0301tait a\u0300 ...","breadcrumb":{"@id":"https:\/\/www.africa-press.net\/senegal\/politique\/mbirkilane-la-coalition-dethie2024-sengage-a-regler-les-preoccupations-des-populations-2#breadcrumb"},"inLanguage":"fr-FR","potentialAction":[{"@type":"ReadAction","target":["https:\/\/www.africa-press.net\/senegal\/politique\/mbirkilane-la-coalition-dethie2024-sengage-a-regler-les-preoccupations-des-populations-2"]}]},{"@type":"ImageObject","inLanguage":"fr-FR","@id":"https:\/\/www.africa-press.net\/senegal\/politique\/mbirkilane-la-coalition-dethie2024-sengage-a-regler-les-preoccupations-des-populations-2#primaryimage","url":"https:\/\/static.africa-press.net\/senegal\/sites\/13\/2024\/03\/sm_1710266046.449254.jpg","contentUrl":"https:\/\/static.africa-press.net\/senegal\/sites\/13\/2024\/03\/sm_1710266046.449254.jpg","width":1301,"height":632,"caption":"Mbirkilane : La coalition Dethie2024 s'engage \u00e0 r\u00e9gler les pr\u00e9occupations des populations"},{"@type":"BreadcrumbList","@id":"https:\/\/www.africa-press.net\/senegal\/politique\/mbirkilane-la-coalition-dethie2024-sengage-a-regler-les-preoccupations-des-populations-2#breadcrumb","itemListElement":[{"@type":"ListItem","position":1,"name":"Accueil","item":"https:\/\/www.africa-press.net\/senegal\/"},{"@type":"ListItem","position":2,"name":"Mbirkilane : La coalition Dethie2024 s&#8217;engage \u00e0 r\u00e9gler les pr\u00e9occupations des populations"}]},{"@type":"WebSite","@id":"https:\/\/www.africa-press.net\/senegal\/#website","url":"https:\/\/www.africa-press.net\/senegal\/","name":"Africa Press | Senegal | Homepage","description":"Just another Africa News Agency Sites site","potentialAction":[{"@type":"SearchAction","target":{"@type":"EntryPoint","urlTemplate":"https:\/\/www.africa-press.net\/senegal\/?s={search_term_string}"},"query-input":{"@type":"PropertyValueSpecification","valueRequired":true,"valueName":"search_term_string"}}],"inLanguage":"fr-FR"},{"@type":"Person","@id":"https:\/\/www.africa-press.net\/senegal\/#\/schema\/person\/2b1cf3cd81a31e3cd26889ca66d677f1","name":"cfeditorfr","url":"https:\/\/www.africa-press.net\/senegal\/author\/cfeditorfr"}]}},"_links":{"self":[{"href":"https:\/\/www.africa-press.net\/senegal\/wp-json\/wp\/v2\/posts\/56721","targetHints":{"allow":["GET"]}}],"collection":[{"href":"https:\/\/www.africa-press.net\/senegal\/wp-json\/wp\/v2\/posts"}],"about":[{"href":"https:\/\/www.africa-press.net\/senegal\/wp-json\/wp\/v2\/types\/post"}],"author":[{"embeddable":true,"href":"https:\/\/www.africa-press.net\/senegal\/wp-json\/wp\/v2\/users\/82"}],"replies":[{"embeddable":true,"href":"https:\/\/www.africa-press.net\/senegal\/wp-json\/wp\/v2\/comments?post=56721"}],"version-history":[{"count":0,"href":"https:\/\/www.africa-press.net\/senegal\/wp-json\/wp\/v2\/posts\/56721\/revisions"}],"wp:featuredmedia":[{"embeddable":true,"href":"https:\/\/www.africa-press.net\/senegal\/wp-json\/wp\/v2\/media\/56720"}],"wp:attachment":[{"href":"https:\/\/www.africa-press.net\/senegal\/wp-json\/wp\/v2\/media?parent=56721"}],"wp:term":[{"taxonomy":"category","embeddable":true,"href":"https:\/\/www.africa-press.net\/senegal\/wp-json\/wp\/v2\/categories?post=56721"},{"taxonomy":"post_tag","embeddable":true,"href":"https:\/\/www.africa-press.net\/senegal\/wp-json\/wp\/v2\/tags?post=56721"}],"curies":[{"name":"wp","href":"https:\/\/api.w.org\/{rel}","templated":true}]}}