{"id":56723,"date":"2024-03-12T21:02:55","date_gmt":"2024-03-12T21:02:55","guid":{"rendered":"https:\/\/www.africa-press.net\/senegal\/politique\/campagne-electorale-a-kolda-la-coalition-diomaye-president-presente-dans-toutes-les-rues"},"modified":"2024-03-12T22:25:00","modified_gmt":"2024-03-12T22:25:00","slug":"campagne-electorale-a-kolda-la-coalition-diomaye-president-presente-dans-toutes-les-rues","status":"publish","type":"post","link":"https:\/\/www.africa-press.net\/senegal\/politique\/campagne-electorale-a-kolda-la-coalition-diomaye-president-presente-dans-toutes-les-rues","title":{"rendered":"Campagne \u00e9lectorale \u00e0 Kolda : La coalition Diomaye Pr\u00e9sident pr\u00e9sente dans toutes les rues"},"content":{"rendered":"<p><span style=\"color: #ff6600\"><strong>Africa-Press &#8211; Senegal. <\/strong><\/span>La Coalition Diomaye Pre\u0301sident investit les rues de Kolda. Elle est pre\u0301sente partout. L\u2019ambiance de la campagne de la pre\u0301sidentielle prochaine commence a\u0300 monter. Elle est presque la seule sur le terrain au deuxie\u0300me jour de la campagne. Partout ou\u0300 passe cette caravane, elle est accueillie par des militants, des sympathisants, de jeunes et d\u2019adultes. Une foule compacte sillonne les rues et les ruelles. Le coordonnateur de\u0301partemental du Parti Pastef, Famara Adjiba Mane\u0301 a pris la te\u0302te de cette caravane.<\/p>\n<p>Plusieurs quartiers dont Bantaguel et surtout Sare\u0301 Moussa, fief du ministre de l&rsquo;Enseignement Supe\u0301rieur ont vibre\u0301 aux rythmes de la Coalition Diomaye Pre\u0301sident. L\u2019engouement et la mobilisation font penser a\u0300 Famara Adjiba Mane\u0301 que la victoire est toute proche. Le coordonnateur de\u0301partemental salue le travail des responsables communaux qui continuent de re\u0301ussir le pari de la mobilisation autour de leur coalition. En effet, les responsables de cette coalition appellent leurs militants et sympathisants a\u0300 ne pas re\u0301pondre a\u0300 la provocation des militants de l\u2019opposition.<\/p>\n<p>Du co\u0302te\u0301 des autres formations politiques, ce n&rsquo;est pas encore la grande ambiance sur le terrain. En attendant l&rsquo;arrive\u0301e du maire de Kolda Mame Boye Diao, porte-e\u0301tendard de la Coalition Diao 2024, ses partisans de\u0301roulent dans l&rsquo;ombre avec assurance. Au me\u0302me moment, Bby n\u2019a pas encore de\u0301marre\u0301 re\u0301ellement sa campagne me\u0302me si le Directeur Ge\u0301ne\u0301ral de la LONASE e\u0301tait tre\u0300s actif il y a quelques mois. Le DG de la LONASE, Abdourahmane Balde\u0301 dit Doura ne tardera pas a\u0300 se signaler dans quelques jours selon ses proches. Il en est de me\u0302me pour le DG du Centre re\u0301gional universitaire de Ziguinchor ( CROUZ), Sana Sane\u0301.<\/p>\n<p>Tout compte fait, le terrain est largement occupe\u0301 par la Coalition Diomaye pre\u0301sident dans la commune de Kolda en attendant la descente dans le monde rural.<\/p>\n<p><strong>Pour plus d&rsquo;informations et d&rsquo;analyses sur la <a href=\"https:\/\/www.africa-press.net\/senegal\">Senegal<\/a>, suivez <a href=\"https:\/\/www.africa-press.net\/\">Africa-Press<\/a><\/strong><\/p>\n","protected":false},"excerpt":{"rendered":"<p>Africa-Press &#8211; Senegal. La Coalition Diomaye Pre\u0301sident investit les rues de Kolda. Elle est pre\u0301sente partout. L\u2019ambiance de la campagne de la pre\u0301sidentielle prochaine commence a\u0300 monter. Elle est presque la seule sur le terrain au deuxie\u0300me jour de la campagne. Partout ou\u0300 passe cette caravane, elle est accueillie par des militants, des sympathisants, de [&hellip;]<\/p>\n","protected":false},"author":82,"featured_media":56722,"comment_status":"open","ping_status":"closed","sticky":false,"template":"","format":"standard","meta":{"footnotes":""},"categories":[2,10],"tags":[43,47,44],"class_list":["post-56723","post","type-post","status-publish","format-standard","has-post-thumbnail","hentry","category-politique","category-toutes-les-actualites","tag-africa-press-2","tag-africa-press-senegal","tag-senegal-2"],"yoast_head":"<!-- This site is optimized with the Yoast SEO Premium plugin v26.1 (Yoast SEO v27.0) - https:\/\/yoast.com\/product\/yoast-seo-premium-wordpress\/ -->\n<title>Campagne \u00e9lectorale \u00e0 Kolda : La coalition Diomaye Pr\u00e9sident pr\u00e9sente dans toutes les rues - Senegal<\/title>\n<meta name=\"description\" content=\"La Coalition Diomaye Pre\u0301sident investit les rues de Kolda. Elle est pre\u0301sente partout. L\u2019ambiance de la campagne de la ...\" \/>\n<meta name=\"robots\" content=\"index, follow, max-snippet:-1, max-image-preview:large, max-video-preview:-1\" \/>\n<link rel=\"canonical\" href=\"https:\/\/www.africa-press.net\/senegal\/politique\/campagne-electorale-a-kolda-la-coalition-diomaye-president-presente-dans-toutes-les-rues\" \/>\n<meta property=\"og:locale\" content=\"fr_FR\" \/>\n<meta property=\"og:type\" content=\"article\" \/>\n<meta property=\"og:title\" content=\"Campagne \u00e9lectorale \u00e0 Kolda : La coalition Diomaye Pr\u00e9sident pr\u00e9sente dans toutes les rues\" \/>\n<meta property=\"og:description\" content=\"La Coalition Diomaye Pre\u0301sident investit les rues de Kolda. Elle est pre\u0301sente partout. L\u2019ambiance de la campagne de la ...\" \/>\n<meta property=\"og:url\" content=\"https:\/\/www.africa-press.net\/senegal\/politique\/campagne-electorale-a-kolda-la-coalition-diomaye-president-presente-dans-toutes-les-rues\" \/>\n<meta property=\"og:site_name\" content=\"Senegal\" \/>\n<meta property=\"article:published_time\" content=\"2024-03-12T21:02:55+00:00\" \/>\n<meta property=\"article:modified_time\" content=\"2024-03-12T22:25:00+00:00\" \/>\n<meta property=\"og:image\" content=\"https:\/\/static.africa-press.net\/senegal\/sites\/13\/2024\/03\/sm_1710266062.480551.jpg\" \/>\n\t<meta property=\"og:image:width\" content=\"1306\" \/>\n\t<meta property=\"og:image:height\" content=\"634\" \/>\n\t<meta property=\"og:image:type\" content=\"image\/jpeg\" \/>\n<meta name=\"author\" content=\"cfeditorfr\" \/>\n<meta name=\"twitter:card\" content=\"summary_large_image\" \/>\n<meta name=\"twitter:label1\" content=\"\u00c9crit par\" \/>\n\t<meta name=\"twitter:data1\" content=\"cfeditorfr\" \/>\n\t<meta name=\"twitter:label2\" content=\"Dur\u00e9e de lecture estim\u00e9e\" \/>\n\t<meta name=\"twitter:data2\" content=\"2 minutes\" \/>\n<script type=\"application\/ld+json\" class=\"yoast-schema-graph\">{\"@context\":\"https:\/\/schema.org\",\"@graph\":[{\"@type\":\"Article\",\"@id\":\"https:\/\/www.africa-press.net\/senegal\/politique\/campagne-electorale-a-kolda-la-coalition-diomaye-president-presente-dans-toutes-les-rues#article\",\"isPartOf\":{\"@id\":\"https:\/\/www.africa-press.net\/senegal\/politique\/campagne-electorale-a-kolda-la-coalition-diomaye-president-presente-dans-toutes-les-rues\"},\"author\":{\"name\":\"cfeditorfr\",\"@id\":\"https:\/\/www.africa-press.net\/senegal\/#\/schema\/person\/2b1cf3cd81a31e3cd26889ca66d677f1\"},\"headline\":\"Campagne \u00e9lectorale \u00e0 Kolda : La coalition Diomaye Pr\u00e9sident pr\u00e9sente dans toutes les rues\",\"datePublished\":\"2024-03-12T21:02:55+00:00\",\"dateModified\":\"2024-03-12T22:25:00+00:00\",\"mainEntityOfPage\":{\"@id\":\"https:\/\/www.africa-press.net\/senegal\/politique\/campagne-electorale-a-kolda-la-coalition-diomaye-president-presente-dans-toutes-les-rues\"},\"wordCount\":357,\"commentCount\":0,\"image\":{\"@id\":\"https:\/\/www.africa-press.net\/senegal\/politique\/campagne-electorale-a-kolda-la-coalition-diomaye-president-presente-dans-toutes-les-rues#primaryimage\"},\"thumbnailUrl\":\"https:\/\/static.africa-press.net\/senegal\/sites\/13\/2024\/03\/sm_1710266062.480551.jpg\",\"keywords\":[\"Africa Press\",\"Africa Press-Senegal\",\"Senegal\"],\"articleSection\":[\"Politique\",\"Toutes les actualit\u00e9s\"],\"inLanguage\":\"fr-FR\",\"potentialAction\":[{\"@type\":\"CommentAction\",\"name\":\"Comment\",\"target\":[\"https:\/\/www.africa-press.net\/senegal\/politique\/campagne-electorale-a-kolda-la-coalition-diomaye-president-presente-dans-toutes-les-rues#respond\"]}]},{\"@type\":\"WebPage\",\"@id\":\"https:\/\/www.africa-press.net\/senegal\/politique\/campagne-electorale-a-kolda-la-coalition-diomaye-president-presente-dans-toutes-les-rues\",\"url\":\"https:\/\/www.africa-press.net\/senegal\/politique\/campagne-electorale-a-kolda-la-coalition-diomaye-president-presente-dans-toutes-les-rues\",\"name\":\"Campagne \u00e9lectorale \u00e0 Kolda : La coalition Diomaye Pr\u00e9sident pr\u00e9sente dans toutes les rues - Senegal\",\"isPartOf\":{\"@id\":\"https:\/\/www.africa-press.net\/senegal\/#website\"},\"primaryImageOfPage\":{\"@id\":\"https:\/\/www.africa-press.net\/senegal\/politique\/campagne-electorale-a-kolda-la-coalition-diomaye-president-presente-dans-toutes-les-rues#primaryimage\"},\"image\":{\"@id\":\"https:\/\/www.africa-press.net\/senegal\/politique\/campagne-electorale-a-kolda-la-coalition-diomaye-president-presente-dans-toutes-les-rues#primaryimage\"},\"thumbnailUrl\":\"https:\/\/static.africa-press.net\/senegal\/sites\/13\/2024\/03\/sm_1710266062.480551.jpg\",\"datePublished\":\"2024-03-12T21:02:55+00:00\",\"dateModified\":\"2024-03-12T22:25:00+00:00\",\"author\":{\"@id\":\"https:\/\/www.africa-press.net\/senegal\/#\/schema\/person\/2b1cf3cd81a31e3cd26889ca66d677f1\"},\"description\":\"La Coalition Diomaye Pre\u0301sident investit les rues de Kolda. Elle est pre\u0301sente partout. L\u2019ambiance de la campagne de la ...\",\"breadcrumb\":{\"@id\":\"https:\/\/www.africa-press.net\/senegal\/politique\/campagne-electorale-a-kolda-la-coalition-diomaye-president-presente-dans-toutes-les-rues#breadcrumb\"},\"inLanguage\":\"fr-FR\",\"potentialAction\":[{\"@type\":\"ReadAction\",\"target\":[\"https:\/\/www.africa-press.net\/senegal\/politique\/campagne-electorale-a-kolda-la-coalition-diomaye-president-presente-dans-toutes-les-rues\"]}]},{\"@type\":\"ImageObject\",\"inLanguage\":\"fr-FR\",\"@id\":\"https:\/\/www.africa-press.net\/senegal\/politique\/campagne-electorale-a-kolda-la-coalition-diomaye-president-presente-dans-toutes-les-rues#primaryimage\",\"url\":\"https:\/\/static.africa-press.net\/senegal\/sites\/13\/2024\/03\/sm_1710266062.480551.jpg\",\"contentUrl\":\"https:\/\/static.africa-press.net\/senegal\/sites\/13\/2024\/03\/sm_1710266062.480551.jpg\",\"width\":1306,\"height\":634,\"caption\":\"Campagne \u00e9lectorale \u00e0 Kolda : La coalition Diomaye Pr\u00e9sident pr\u00e9sente dans toutes les rues\"},{\"@type\":\"BreadcrumbList\",\"@id\":\"https:\/\/www.africa-press.net\/senegal\/politique\/campagne-electorale-a-kolda-la-coalition-diomaye-president-presente-dans-toutes-les-rues#breadcrumb\",\"itemListElement\":[{\"@type\":\"ListItem\",\"position\":1,\"name\":\"Accueil\",\"item\":\"https:\/\/www.africa-press.net\/senegal\/\"},{\"@type\":\"ListItem\",\"position\":2,\"name\":\"Campagne \u00e9lectorale \u00e0 Kolda : La coalition Diomaye Pr\u00e9sident pr\u00e9sente dans toutes les rues\"}]},{\"@type\":\"WebSite\",\"@id\":\"https:\/\/www.africa-press.net\/senegal\/#website\",\"url\":\"https:\/\/www.africa-press.net\/senegal\/\",\"name\":\"Africa Press | Senegal | Homepage\",\"description\":\"Just another Africa News Agency Sites site\",\"potentialAction\":[{\"@type\":\"SearchAction\",\"target\":{\"@type\":\"EntryPoint\",\"urlTemplate\":\"https:\/\/www.africa-press.net\/senegal\/?s={search_term_string}\"},\"query-input\":{\"@type\":\"PropertyValueSpecification\",\"valueRequired\":true,\"valueName\":\"search_term_string\"}}],\"inLanguage\":\"fr-FR\"},{\"@type\":\"Person\",\"@id\":\"https:\/\/www.africa-press.net\/senegal\/#\/schema\/person\/2b1cf3cd81a31e3cd26889ca66d677f1\",\"name\":\"cfeditorfr\",\"url\":\"https:\/\/www.africa-press.net\/senegal\/author\/cfeditorfr\"}]}<\/script>\n<!-- \/ Yoast SEO Premium plugin. -->","yoast_head_json":{"title":"Campagne \u00e9lectorale \u00e0 Kolda : La coalition Diomaye Pr\u00e9sident pr\u00e9sente dans toutes les rues - Senegal","description":"La Coalition Diomaye Pre\u0301sident investit les rues de Kolda. Elle est pre\u0301sente partout. L\u2019ambiance de la campagne de la ...","robots":{"index":"index","follow":"follow","max-snippet":"max-snippet:-1","max-image-preview":"max-image-preview:large","max-video-preview":"max-video-preview:-1"},"canonical":"https:\/\/www.africa-press.net\/senegal\/politique\/campagne-electorale-a-kolda-la-coalition-diomaye-president-presente-dans-toutes-les-rues","og_locale":"fr_FR","og_type":"article","og_title":"Campagne \u00e9lectorale \u00e0 Kolda : La coalition Diomaye Pr\u00e9sident pr\u00e9sente dans toutes les rues","og_description":"La Coalition Diomaye Pre\u0301sident investit les rues de Kolda. Elle est pre\u0301sente partout. L\u2019ambiance de la campagne de la ...","og_url":"https:\/\/www.africa-press.net\/senegal\/politique\/campagne-electorale-a-kolda-la-coalition-diomaye-president-presente-dans-toutes-les-rues","og_site_name":"Senegal","article_published_time":"2024-03-12T21:02:55+00:00","article_modified_time":"2024-03-12T22:25:00+00:00","og_image":[{"width":1306,"height":634,"url":"https:\/\/static.africa-press.net\/senegal\/sites\/13\/2024\/03\/sm_1710266062.480551.jpg","type":"image\/jpeg"}],"author":"cfeditorfr","twitter_card":"summary_large_image","twitter_misc":{"\u00c9crit par":"cfeditorfr","Dur\u00e9e de lecture estim\u00e9e":"2 minutes"},"schema":{"@context":"https:\/\/schema.org","@graph":[{"@type":"Article","@id":"https:\/\/www.africa-press.net\/senegal\/politique\/campagne-electorale-a-kolda-la-coalition-diomaye-president-presente-dans-toutes-les-rues#article","isPartOf":{"@id":"https:\/\/www.africa-press.net\/senegal\/politique\/campagne-electorale-a-kolda-la-coalition-diomaye-president-presente-dans-toutes-les-rues"},"author":{"name":"cfeditorfr","@id":"https:\/\/www.africa-press.net\/senegal\/#\/schema\/person\/2b1cf3cd81a31e3cd26889ca66d677f1"},"headline":"Campagne \u00e9lectorale \u00e0 Kolda : La coalition Diomaye Pr\u00e9sident pr\u00e9sente dans toutes les rues","datePublished":"2024-03-12T21:02:55+00:00","dateModified":"2024-03-12T22:25:00+00:00","mainEntityOfPage":{"@id":"https:\/\/www.africa-press.net\/senegal\/politique\/campagne-electorale-a-kolda-la-coalition-diomaye-president-presente-dans-toutes-les-rues"},"wordCount":357,"commentCount":0,"image":{"@id":"https:\/\/www.africa-press.net\/senegal\/politique\/campagne-electorale-a-kolda-la-coalition-diomaye-president-presente-dans-toutes-les-rues#primaryimage"},"thumbnailUrl":"https:\/\/static.africa-press.net\/senegal\/sites\/13\/2024\/03\/sm_1710266062.480551.jpg","keywords":["Africa Press","Africa Press-Senegal","Senegal"],"articleSection":["Politique","Toutes les actualit\u00e9s"],"inLanguage":"fr-FR","potentialAction":[{"@type":"CommentAction","name":"Comment","target":["https:\/\/www.africa-press.net\/senegal\/politique\/campagne-electorale-a-kolda-la-coalition-diomaye-president-presente-dans-toutes-les-rues#respond"]}]},{"@type":"WebPage","@id":"https:\/\/www.africa-press.net\/senegal\/politique\/campagne-electorale-a-kolda-la-coalition-diomaye-president-presente-dans-toutes-les-rues","url":"https:\/\/www.africa-press.net\/senegal\/politique\/campagne-electorale-a-kolda-la-coalition-diomaye-president-presente-dans-toutes-les-rues","name":"Campagne \u00e9lectorale \u00e0 Kolda : La coalition Diomaye Pr\u00e9sident pr\u00e9sente dans toutes les rues - Senegal","isPartOf":{"@id":"https:\/\/www.africa-press.net\/senegal\/#website"},"primaryImageOfPage":{"@id":"https:\/\/www.africa-press.net\/senegal\/politique\/campagne-electorale-a-kolda-la-coalition-diomaye-president-presente-dans-toutes-les-rues#primaryimage"},"image":{"@id":"https:\/\/www.africa-press.net\/senegal\/politique\/campagne-electorale-a-kolda-la-coalition-diomaye-president-presente-dans-toutes-les-rues#primaryimage"},"thumbnailUrl":"https:\/\/static.africa-press.net\/senegal\/sites\/13\/2024\/03\/sm_1710266062.480551.jpg","datePublished":"2024-03-12T21:02:55+00:00","dateModified":"2024-03-12T22:25:00+00:00","author":{"@id":"https:\/\/www.africa-press.net\/senegal\/#\/schema\/person\/2b1cf3cd81a31e3cd26889ca66d677f1"},"description":"La Coalition Diomaye Pre\u0301sident investit les rues de Kolda. Elle est pre\u0301sente partout. L\u2019ambiance de la campagne de la ...","breadcrumb":{"@id":"https:\/\/www.africa-press.net\/senegal\/politique\/campagne-electorale-a-kolda-la-coalition-diomaye-president-presente-dans-toutes-les-rues#breadcrumb"},"inLanguage":"fr-FR","potentialAction":[{"@type":"ReadAction","target":["https:\/\/www.africa-press.net\/senegal\/politique\/campagne-electorale-a-kolda-la-coalition-diomaye-president-presente-dans-toutes-les-rues"]}]},{"@type":"ImageObject","inLanguage":"fr-FR","@id":"https:\/\/www.africa-press.net\/senegal\/politique\/campagne-electorale-a-kolda-la-coalition-diomaye-president-presente-dans-toutes-les-rues#primaryimage","url":"https:\/\/static.africa-press.net\/senegal\/sites\/13\/2024\/03\/sm_1710266062.480551.jpg","contentUrl":"https:\/\/static.africa-press.net\/senegal\/sites\/13\/2024\/03\/sm_1710266062.480551.jpg","width":1306,"height":634,"caption":"Campagne \u00e9lectorale \u00e0 Kolda : La coalition Diomaye Pr\u00e9sident pr\u00e9sente dans toutes les rues"},{"@type":"BreadcrumbList","@id":"https:\/\/www.africa-press.net\/senegal\/politique\/campagne-electorale-a-kolda-la-coalition-diomaye-president-presente-dans-toutes-les-rues#breadcrumb","itemListElement":[{"@type":"ListItem","position":1,"name":"Accueil","item":"https:\/\/www.africa-press.net\/senegal\/"},{"@type":"ListItem","position":2,"name":"Campagne \u00e9lectorale \u00e0 Kolda : La coalition Diomaye Pr\u00e9sident pr\u00e9sente dans toutes les rues"}]},{"@type":"WebSite","@id":"https:\/\/www.africa-press.net\/senegal\/#website","url":"https:\/\/www.africa-press.net\/senegal\/","name":"Africa Press | Senegal | Homepage","description":"Just another Africa News Agency Sites site","potentialAction":[{"@type":"SearchAction","target":{"@type":"EntryPoint","urlTemplate":"https:\/\/www.africa-press.net\/senegal\/?s={search_term_string}"},"query-input":{"@type":"PropertyValueSpecification","valueRequired":true,"valueName":"search_term_string"}}],"inLanguage":"fr-FR"},{"@type":"Person","@id":"https:\/\/www.africa-press.net\/senegal\/#\/schema\/person\/2b1cf3cd81a31e3cd26889ca66d677f1","name":"cfeditorfr","url":"https:\/\/www.africa-press.net\/senegal\/author\/cfeditorfr"}]}},"_links":{"self":[{"href":"https:\/\/www.africa-press.net\/senegal\/wp-json\/wp\/v2\/posts\/56723","targetHints":{"allow":["GET"]}}],"collection":[{"href":"https:\/\/www.africa-press.net\/senegal\/wp-json\/wp\/v2\/posts"}],"about":[{"href":"https:\/\/www.africa-press.net\/senegal\/wp-json\/wp\/v2\/types\/post"}],"author":[{"embeddable":true,"href":"https:\/\/www.africa-press.net\/senegal\/wp-json\/wp\/v2\/users\/82"}],"replies":[{"embeddable":true,"href":"https:\/\/www.africa-press.net\/senegal\/wp-json\/wp\/v2\/comments?post=56723"}],"version-history":[{"count":0,"href":"https:\/\/www.africa-press.net\/senegal\/wp-json\/wp\/v2\/posts\/56723\/revisions"}],"wp:featuredmedia":[{"embeddable":true,"href":"https:\/\/www.africa-press.net\/senegal\/wp-json\/wp\/v2\/media\/56722"}],"wp:attachment":[{"href":"https:\/\/www.africa-press.net\/senegal\/wp-json\/wp\/v2\/media?parent=56723"}],"wp:term":[{"taxonomy":"category","embeddable":true,"href":"https:\/\/www.africa-press.net\/senegal\/wp-json\/wp\/v2\/categories?post=56723"},{"taxonomy":"post_tag","embeddable":true,"href":"https:\/\/www.africa-press.net\/senegal\/wp-json\/wp\/v2\/tags?post=56723"}],"curies":[{"name":"wp","href":"https:\/\/api.w.org\/{rel}","templated":true}]}}