{"id":56726,"date":"2024-03-12T21:21:17","date_gmt":"2024-03-12T21:21:17","guid":{"rendered":"https:\/\/www.africa-press.net\/senegal\/politique\/saisine-de-la-cour-supreme-par-karim-et-cie-les-interrogations-de-ndiaga-sylla-expert-electoral"},"modified":"2024-03-12T22:25:25","modified_gmt":"2024-03-12T22:25:25","slug":"saisine-de-la-cour-supreme-par-karim-et-cie-les-interrogations-de-ndiaga-sylla-expert-electoral","status":"publish","type":"post","link":"https:\/\/www.africa-press.net\/senegal\/politique\/saisine-de-la-cour-supreme-par-karim-et-cie-les-interrogations-de-ndiaga-sylla-expert-electoral","title":{"rendered":"Saisine de la Cour Supr\u00eame par Karim et Cie : Les interrogations de Ndiaga Sylla, expert \u00e9lectoral"},"content":{"rendered":"<p><span style=\"color: #ff6600\"><strong>Africa-Press &#8211; Senegal. <\/strong><\/span>Karim Wade et les candidats dits spolie\u0301s ont saisi la Cour Supre\u0302me pour attaquer le de\u0301cret fixant la date de la Pre\u0301sidentielle au 24 mars. Alors que les candidats sont de\u0301ja\u0300 en campagne, l&rsquo;expert e\u0301lectoral Ndiaga Sylla se pose des questions sur les conse\u0301quences e\u0301ventuelles de ce recours.<\/p>\n<p>\u00ab Quel inte\u0301re\u0302t et quelle qualite\u0301 ont-ils pour agir ? La Cour supre\u0302me pourrait-elle passer outre la ple\u0301nitude de juridiction du Conseil constitutionnel et annuler un de\u0301cret pris en exe\u0301cution d&rsquo;une de\u0301cision dudit Conseil qui s&rsquo;impose e\u0301galement aux autorite\u0301s juridictionnelles, en vertu de l&rsquo;article 92 de la Constitution ? \u00bb, s&rsquo;est demande\u0301 Ndiaga Sylla.<\/p>\n<p>En effet, l&rsquo;article 92 de la Constitution stipule que \u00ab\u00a0les de\u0301cisions du Conseil constitutionnel ne sont susceptibles d&rsquo;aucune voie de recours. Elles s&rsquo;imposent aux pouvoirs publics et a\u0300 toutes les autorite\u0301s administratives et juridiction\u00a0\u00bb.<\/p>\n<p><strong>Pour plus d&rsquo;informations et d&rsquo;analyses sur la <a href=\"https:\/\/www.africa-press.net\/senegal\">Senegal<\/a>, suivez <a href=\"https:\/\/www.africa-press.net\/\">Africa-Press<\/a><\/strong><\/p>\n","protected":false},"excerpt":{"rendered":"<p>Africa-Press &#8211; Senegal. Karim Wade et les candidats dits spolie\u0301s ont saisi la Cour Supre\u0302me pour attaquer le de\u0301cret fixant la date de la Pre\u0301sidentielle au 24 mars. Alors que les candidats sont de\u0301ja\u0300 en campagne, l&rsquo;expert e\u0301lectoral Ndiaga Sylla se pose des questions sur les conse\u0301quences e\u0301ventuelles de ce recours. \u00ab Quel inte\u0301re\u0302t et [&hellip;]<\/p>\n","protected":false},"author":82,"featured_media":56725,"comment_status":"open","ping_status":"closed","sticky":false,"template":"","format":"standard","meta":{"footnotes":""},"categories":[2,10],"tags":[43,47,44],"class_list":["post-56726","post","type-post","status-publish","format-standard","has-post-thumbnail","hentry","category-politique","category-toutes-les-actualites","tag-africa-press-2","tag-africa-press-senegal","tag-senegal-2"],"yoast_head":"<!-- This site is optimized with the Yoast SEO Premium plugin v26.1 (Yoast SEO v27.0) - https:\/\/yoast.com\/product\/yoast-seo-premium-wordpress\/ -->\n<title>Saisine de la Cour Supr\u00eame par Karim et Cie : Les interrogations de Ndiaga Sylla, expert \u00e9lectoral - Senegal<\/title>\n<meta name=\"description\" content=\"Karim Wade et les candidats dits spolie\u0301s ont saisi la Cour Supre\u0302me pour attaquer le de\u0301cret fixant la date de la Pre\u0301s ...\" \/>\n<meta name=\"robots\" content=\"index, follow, max-snippet:-1, max-image-preview:large, max-video-preview:-1\" \/>\n<link rel=\"canonical\" href=\"https:\/\/www.africa-press.net\/senegal\/politique\/saisine-de-la-cour-supreme-par-karim-et-cie-les-interrogations-de-ndiaga-sylla-expert-electoral\" \/>\n<meta property=\"og:locale\" content=\"fr_FR\" \/>\n<meta property=\"og:type\" content=\"article\" \/>\n<meta property=\"og:title\" content=\"Saisine de la Cour Supr\u00eame par Karim et Cie : Les interrogations de Ndiaga Sylla, expert \u00e9lectoral\" \/>\n<meta property=\"og:description\" content=\"Karim Wade et les candidats dits spolie\u0301s ont saisi la Cour Supre\u0302me pour attaquer le de\u0301cret fixant la date de la Pre\u0301s ...\" \/>\n<meta property=\"og:url\" content=\"https:\/\/www.africa-press.net\/senegal\/politique\/saisine-de-la-cour-supreme-par-karim-et-cie-les-interrogations-de-ndiaga-sylla-expert-electoral\" \/>\n<meta property=\"og:site_name\" content=\"Senegal\" \/>\n<meta property=\"article:published_time\" content=\"2024-03-12T21:21:17+00:00\" \/>\n<meta property=\"article:modified_time\" content=\"2024-03-12T22:25:25+00:00\" \/>\n<meta property=\"og:image\" content=\"https:\/\/static.africa-press.net\/senegal\/sites\/13\/2024\/03\/sm_1710266077.843612.jpg\" \/>\n\t<meta property=\"og:image:width\" content=\"1301\" \/>\n\t<meta property=\"og:image:height\" content=\"634\" \/>\n\t<meta property=\"og:image:type\" content=\"image\/jpeg\" \/>\n<meta name=\"author\" content=\"cfeditorfr\" \/>\n<meta name=\"twitter:card\" content=\"summary_large_image\" \/>\n<meta name=\"twitter:label1\" content=\"\u00c9crit par\" \/>\n\t<meta name=\"twitter:data1\" content=\"cfeditorfr\" \/>\n\t<meta name=\"twitter:label2\" content=\"Dur\u00e9e de lecture estim\u00e9e\" \/>\n\t<meta name=\"twitter:data2\" content=\"1 minute\" \/>\n<script type=\"application\/ld+json\" class=\"yoast-schema-graph\">{\"@context\":\"https:\/\/schema.org\",\"@graph\":[{\"@type\":\"Article\",\"@id\":\"https:\/\/www.africa-press.net\/senegal\/politique\/saisine-de-la-cour-supreme-par-karim-et-cie-les-interrogations-de-ndiaga-sylla-expert-electoral#article\",\"isPartOf\":{\"@id\":\"https:\/\/www.africa-press.net\/senegal\/politique\/saisine-de-la-cour-supreme-par-karim-et-cie-les-interrogations-de-ndiaga-sylla-expert-electoral\"},\"author\":{\"name\":\"cfeditorfr\",\"@id\":\"https:\/\/www.africa-press.net\/senegal\/#\/schema\/person\/2b1cf3cd81a31e3cd26889ca66d677f1\"},\"headline\":\"Saisine de la Cour Supr\u00eame par Karim et Cie : Les interrogations de Ndiaga Sylla, expert \u00e9lectoral\",\"datePublished\":\"2024-03-12T21:21:17+00:00\",\"dateModified\":\"2024-03-12T22:25:25+00:00\",\"mainEntityOfPage\":{\"@id\":\"https:\/\/www.africa-press.net\/senegal\/politique\/saisine-de-la-cour-supreme-par-karim-et-cie-les-interrogations-de-ndiaga-sylla-expert-electoral\"},\"wordCount\":188,\"commentCount\":0,\"image\":{\"@id\":\"https:\/\/www.africa-press.net\/senegal\/politique\/saisine-de-la-cour-supreme-par-karim-et-cie-les-interrogations-de-ndiaga-sylla-expert-electoral#primaryimage\"},\"thumbnailUrl\":\"https:\/\/static.africa-press.net\/senegal\/sites\/13\/2024\/03\/sm_1710266077.843612.jpg\",\"keywords\":[\"Africa Press\",\"Africa Press-Senegal\",\"Senegal\"],\"articleSection\":[\"Politique\",\"Toutes les actualit\u00e9s\"],\"inLanguage\":\"fr-FR\",\"potentialAction\":[{\"@type\":\"CommentAction\",\"name\":\"Comment\",\"target\":[\"https:\/\/www.africa-press.net\/senegal\/politique\/saisine-de-la-cour-supreme-par-karim-et-cie-les-interrogations-de-ndiaga-sylla-expert-electoral#respond\"]}]},{\"@type\":\"WebPage\",\"@id\":\"https:\/\/www.africa-press.net\/senegal\/politique\/saisine-de-la-cour-supreme-par-karim-et-cie-les-interrogations-de-ndiaga-sylla-expert-electoral\",\"url\":\"https:\/\/www.africa-press.net\/senegal\/politique\/saisine-de-la-cour-supreme-par-karim-et-cie-les-interrogations-de-ndiaga-sylla-expert-electoral\",\"name\":\"Saisine de la Cour Supr\u00eame par Karim et Cie : Les interrogations de Ndiaga Sylla, expert \u00e9lectoral - Senegal\",\"isPartOf\":{\"@id\":\"https:\/\/www.africa-press.net\/senegal\/#website\"},\"primaryImageOfPage\":{\"@id\":\"https:\/\/www.africa-press.net\/senegal\/politique\/saisine-de-la-cour-supreme-par-karim-et-cie-les-interrogations-de-ndiaga-sylla-expert-electoral#primaryimage\"},\"image\":{\"@id\":\"https:\/\/www.africa-press.net\/senegal\/politique\/saisine-de-la-cour-supreme-par-karim-et-cie-les-interrogations-de-ndiaga-sylla-expert-electoral#primaryimage\"},\"thumbnailUrl\":\"https:\/\/static.africa-press.net\/senegal\/sites\/13\/2024\/03\/sm_1710266077.843612.jpg\",\"datePublished\":\"2024-03-12T21:21:17+00:00\",\"dateModified\":\"2024-03-12T22:25:25+00:00\",\"author\":{\"@id\":\"https:\/\/www.africa-press.net\/senegal\/#\/schema\/person\/2b1cf3cd81a31e3cd26889ca66d677f1\"},\"description\":\"Karim Wade et les candidats dits spolie\u0301s ont saisi la Cour Supre\u0302me pour attaquer le de\u0301cret fixant la date de la Pre\u0301s ...\",\"breadcrumb\":{\"@id\":\"https:\/\/www.africa-press.net\/senegal\/politique\/saisine-de-la-cour-supreme-par-karim-et-cie-les-interrogations-de-ndiaga-sylla-expert-electoral#breadcrumb\"},\"inLanguage\":\"fr-FR\",\"potentialAction\":[{\"@type\":\"ReadAction\",\"target\":[\"https:\/\/www.africa-press.net\/senegal\/politique\/saisine-de-la-cour-supreme-par-karim-et-cie-les-interrogations-de-ndiaga-sylla-expert-electoral\"]}]},{\"@type\":\"ImageObject\",\"inLanguage\":\"fr-FR\",\"@id\":\"https:\/\/www.africa-press.net\/senegal\/politique\/saisine-de-la-cour-supreme-par-karim-et-cie-les-interrogations-de-ndiaga-sylla-expert-electoral#primaryimage\",\"url\":\"https:\/\/static.africa-press.net\/senegal\/sites\/13\/2024\/03\/sm_1710266077.843612.jpg\",\"contentUrl\":\"https:\/\/static.africa-press.net\/senegal\/sites\/13\/2024\/03\/sm_1710266077.843612.jpg\",\"width\":1301,\"height\":634,\"caption\":\"Saisine de la Cour Supr\u00eame par Karim et Cie : Les interrogations de Ndiaga Sylla, expert \u00e9lectoral\"},{\"@type\":\"BreadcrumbList\",\"@id\":\"https:\/\/www.africa-press.net\/senegal\/politique\/saisine-de-la-cour-supreme-par-karim-et-cie-les-interrogations-de-ndiaga-sylla-expert-electoral#breadcrumb\",\"itemListElement\":[{\"@type\":\"ListItem\",\"position\":1,\"name\":\"Accueil\",\"item\":\"https:\/\/www.africa-press.net\/senegal\/\"},{\"@type\":\"ListItem\",\"position\":2,\"name\":\"Saisine de la Cour Supr\u00eame par Karim et Cie : Les interrogations de Ndiaga Sylla, expert \u00e9lectoral\"}]},{\"@type\":\"WebSite\",\"@id\":\"https:\/\/www.africa-press.net\/senegal\/#website\",\"url\":\"https:\/\/www.africa-press.net\/senegal\/\",\"name\":\"Africa Press | Senegal | Homepage\",\"description\":\"Just another Africa News Agency Sites site\",\"potentialAction\":[{\"@type\":\"SearchAction\",\"target\":{\"@type\":\"EntryPoint\",\"urlTemplate\":\"https:\/\/www.africa-press.net\/senegal\/?s={search_term_string}\"},\"query-input\":{\"@type\":\"PropertyValueSpecification\",\"valueRequired\":true,\"valueName\":\"search_term_string\"}}],\"inLanguage\":\"fr-FR\"},{\"@type\":\"Person\",\"@id\":\"https:\/\/www.africa-press.net\/senegal\/#\/schema\/person\/2b1cf3cd81a31e3cd26889ca66d677f1\",\"name\":\"cfeditorfr\",\"url\":\"https:\/\/www.africa-press.net\/senegal\/author\/cfeditorfr\"}]}<\/script>\n<!-- \/ Yoast SEO Premium plugin. -->","yoast_head_json":{"title":"Saisine de la Cour Supr\u00eame par Karim et Cie : Les interrogations de Ndiaga Sylla, expert \u00e9lectoral - Senegal","description":"Karim Wade et les candidats dits spolie\u0301s ont saisi la Cour Supre\u0302me pour attaquer le de\u0301cret fixant la date de la Pre\u0301s ...","robots":{"index":"index","follow":"follow","max-snippet":"max-snippet:-1","max-image-preview":"max-image-preview:large","max-video-preview":"max-video-preview:-1"},"canonical":"https:\/\/www.africa-press.net\/senegal\/politique\/saisine-de-la-cour-supreme-par-karim-et-cie-les-interrogations-de-ndiaga-sylla-expert-electoral","og_locale":"fr_FR","og_type":"article","og_title":"Saisine de la Cour Supr\u00eame par Karim et Cie : Les interrogations de Ndiaga Sylla, expert \u00e9lectoral","og_description":"Karim Wade et les candidats dits spolie\u0301s ont saisi la Cour Supre\u0302me pour attaquer le de\u0301cret fixant la date de la Pre\u0301s ...","og_url":"https:\/\/www.africa-press.net\/senegal\/politique\/saisine-de-la-cour-supreme-par-karim-et-cie-les-interrogations-de-ndiaga-sylla-expert-electoral","og_site_name":"Senegal","article_published_time":"2024-03-12T21:21:17+00:00","article_modified_time":"2024-03-12T22:25:25+00:00","og_image":[{"width":1301,"height":634,"url":"https:\/\/static.africa-press.net\/senegal\/sites\/13\/2024\/03\/sm_1710266077.843612.jpg","type":"image\/jpeg"}],"author":"cfeditorfr","twitter_card":"summary_large_image","twitter_misc":{"\u00c9crit par":"cfeditorfr","Dur\u00e9e de lecture estim\u00e9e":"1 minute"},"schema":{"@context":"https:\/\/schema.org","@graph":[{"@type":"Article","@id":"https:\/\/www.africa-press.net\/senegal\/politique\/saisine-de-la-cour-supreme-par-karim-et-cie-les-interrogations-de-ndiaga-sylla-expert-electoral#article","isPartOf":{"@id":"https:\/\/www.africa-press.net\/senegal\/politique\/saisine-de-la-cour-supreme-par-karim-et-cie-les-interrogations-de-ndiaga-sylla-expert-electoral"},"author":{"name":"cfeditorfr","@id":"https:\/\/www.africa-press.net\/senegal\/#\/schema\/person\/2b1cf3cd81a31e3cd26889ca66d677f1"},"headline":"Saisine de la Cour Supr\u00eame par Karim et Cie : Les interrogations de Ndiaga Sylla, expert \u00e9lectoral","datePublished":"2024-03-12T21:21:17+00:00","dateModified":"2024-03-12T22:25:25+00:00","mainEntityOfPage":{"@id":"https:\/\/www.africa-press.net\/senegal\/politique\/saisine-de-la-cour-supreme-par-karim-et-cie-les-interrogations-de-ndiaga-sylla-expert-electoral"},"wordCount":188,"commentCount":0,"image":{"@id":"https:\/\/www.africa-press.net\/senegal\/politique\/saisine-de-la-cour-supreme-par-karim-et-cie-les-interrogations-de-ndiaga-sylla-expert-electoral#primaryimage"},"thumbnailUrl":"https:\/\/static.africa-press.net\/senegal\/sites\/13\/2024\/03\/sm_1710266077.843612.jpg","keywords":["Africa Press","Africa Press-Senegal","Senegal"],"articleSection":["Politique","Toutes les actualit\u00e9s"],"inLanguage":"fr-FR","potentialAction":[{"@type":"CommentAction","name":"Comment","target":["https:\/\/www.africa-press.net\/senegal\/politique\/saisine-de-la-cour-supreme-par-karim-et-cie-les-interrogations-de-ndiaga-sylla-expert-electoral#respond"]}]},{"@type":"WebPage","@id":"https:\/\/www.africa-press.net\/senegal\/politique\/saisine-de-la-cour-supreme-par-karim-et-cie-les-interrogations-de-ndiaga-sylla-expert-electoral","url":"https:\/\/www.africa-press.net\/senegal\/politique\/saisine-de-la-cour-supreme-par-karim-et-cie-les-interrogations-de-ndiaga-sylla-expert-electoral","name":"Saisine de la Cour Supr\u00eame par Karim et Cie : Les interrogations de Ndiaga Sylla, expert \u00e9lectoral - Senegal","isPartOf":{"@id":"https:\/\/www.africa-press.net\/senegal\/#website"},"primaryImageOfPage":{"@id":"https:\/\/www.africa-press.net\/senegal\/politique\/saisine-de-la-cour-supreme-par-karim-et-cie-les-interrogations-de-ndiaga-sylla-expert-electoral#primaryimage"},"image":{"@id":"https:\/\/www.africa-press.net\/senegal\/politique\/saisine-de-la-cour-supreme-par-karim-et-cie-les-interrogations-de-ndiaga-sylla-expert-electoral#primaryimage"},"thumbnailUrl":"https:\/\/static.africa-press.net\/senegal\/sites\/13\/2024\/03\/sm_1710266077.843612.jpg","datePublished":"2024-03-12T21:21:17+00:00","dateModified":"2024-03-12T22:25:25+00:00","author":{"@id":"https:\/\/www.africa-press.net\/senegal\/#\/schema\/person\/2b1cf3cd81a31e3cd26889ca66d677f1"},"description":"Karim Wade et les candidats dits spolie\u0301s ont saisi la Cour Supre\u0302me pour attaquer le de\u0301cret fixant la date de la Pre\u0301s ...","breadcrumb":{"@id":"https:\/\/www.africa-press.net\/senegal\/politique\/saisine-de-la-cour-supreme-par-karim-et-cie-les-interrogations-de-ndiaga-sylla-expert-electoral#breadcrumb"},"inLanguage":"fr-FR","potentialAction":[{"@type":"ReadAction","target":["https:\/\/www.africa-press.net\/senegal\/politique\/saisine-de-la-cour-supreme-par-karim-et-cie-les-interrogations-de-ndiaga-sylla-expert-electoral"]}]},{"@type":"ImageObject","inLanguage":"fr-FR","@id":"https:\/\/www.africa-press.net\/senegal\/politique\/saisine-de-la-cour-supreme-par-karim-et-cie-les-interrogations-de-ndiaga-sylla-expert-electoral#primaryimage","url":"https:\/\/static.africa-press.net\/senegal\/sites\/13\/2024\/03\/sm_1710266077.843612.jpg","contentUrl":"https:\/\/static.africa-press.net\/senegal\/sites\/13\/2024\/03\/sm_1710266077.843612.jpg","width":1301,"height":634,"caption":"Saisine de la Cour Supr\u00eame par Karim et Cie : Les interrogations de Ndiaga Sylla, expert \u00e9lectoral"},{"@type":"BreadcrumbList","@id":"https:\/\/www.africa-press.net\/senegal\/politique\/saisine-de-la-cour-supreme-par-karim-et-cie-les-interrogations-de-ndiaga-sylla-expert-electoral#breadcrumb","itemListElement":[{"@type":"ListItem","position":1,"name":"Accueil","item":"https:\/\/www.africa-press.net\/senegal\/"},{"@type":"ListItem","position":2,"name":"Saisine de la Cour Supr\u00eame par Karim et Cie : Les interrogations de Ndiaga Sylla, expert \u00e9lectoral"}]},{"@type":"WebSite","@id":"https:\/\/www.africa-press.net\/senegal\/#website","url":"https:\/\/www.africa-press.net\/senegal\/","name":"Africa Press | Senegal | Homepage","description":"Just another Africa News Agency Sites site","potentialAction":[{"@type":"SearchAction","target":{"@type":"EntryPoint","urlTemplate":"https:\/\/www.africa-press.net\/senegal\/?s={search_term_string}"},"query-input":{"@type":"PropertyValueSpecification","valueRequired":true,"valueName":"search_term_string"}}],"inLanguage":"fr-FR"},{"@type":"Person","@id":"https:\/\/www.africa-press.net\/senegal\/#\/schema\/person\/2b1cf3cd81a31e3cd26889ca66d677f1","name":"cfeditorfr","url":"https:\/\/www.africa-press.net\/senegal\/author\/cfeditorfr"}]}},"_links":{"self":[{"href":"https:\/\/www.africa-press.net\/senegal\/wp-json\/wp\/v2\/posts\/56726","targetHints":{"allow":["GET"]}}],"collection":[{"href":"https:\/\/www.africa-press.net\/senegal\/wp-json\/wp\/v2\/posts"}],"about":[{"href":"https:\/\/www.africa-press.net\/senegal\/wp-json\/wp\/v2\/types\/post"}],"author":[{"embeddable":true,"href":"https:\/\/www.africa-press.net\/senegal\/wp-json\/wp\/v2\/users\/82"}],"replies":[{"embeddable":true,"href":"https:\/\/www.africa-press.net\/senegal\/wp-json\/wp\/v2\/comments?post=56726"}],"version-history":[{"count":0,"href":"https:\/\/www.africa-press.net\/senegal\/wp-json\/wp\/v2\/posts\/56726\/revisions"}],"wp:featuredmedia":[{"embeddable":true,"href":"https:\/\/www.africa-press.net\/senegal\/wp-json\/wp\/v2\/media\/56725"}],"wp:attachment":[{"href":"https:\/\/www.africa-press.net\/senegal\/wp-json\/wp\/v2\/media?parent=56726"}],"wp:term":[{"taxonomy":"category","embeddable":true,"href":"https:\/\/www.africa-press.net\/senegal\/wp-json\/wp\/v2\/categories?post=56726"},{"taxonomy":"post_tag","embeddable":true,"href":"https:\/\/www.africa-press.net\/senegal\/wp-json\/wp\/v2\/tags?post=56726"}],"curies":[{"name":"wp","href":"https:\/\/api.w.org\/{rel}","templated":true}]}}