{"id":56729,"date":"2024-03-12T21:22:20","date_gmt":"2024-03-12T21:22:20","guid":{"rendered":"https:\/\/www.africa-press.net\/senegal\/politique\/soutien-timore-de-lapr-a-amadou-ba-macky-sall-doit-siffler-la-fin-de-la-recreation"},"modified":"2024-03-12T22:25:43","modified_gmt":"2024-03-12T22:25:43","slug":"soutien-timore-de-lapr-a-amadou-ba-macky-sall-doit-siffler-la-fin-de-la-recreation","status":"publish","type":"post","link":"https:\/\/www.africa-press.net\/senegal\/politique\/soutien-timore-de-lapr-a-amadou-ba-macky-sall-doit-siffler-la-fin-de-la-recreation","title":{"rendered":"Soutien timor\u00e9 de l\u2019APR \u00e0 Amadou Ba : \u201cMacky Sall doit siffler la fin de la r\u00e9cr\u00e9ation\u201d"},"content":{"rendered":"<p><span style=\"color: #ff6600\"><strong>Africa-Press &#8211; Senegal. <\/strong><\/span>Amadou Ba ne serait pas assez soutenu par ses camarades de l\u2019Alliance Pour la Re\u0301publique (APR) et me\u0302me par le Pre\u0301sident de la Re\u0301publique, Macky Sall, qui l\u2019a pourtant lui-me\u0302me de\u0301signe\u0301 candidat. Une situation qui n\u2019est pas du gou\u0302t de de Mamour Cisse\u0301, Pre\u0301sident du PSD Jant Bi, un parti membre de Benno Bokk Yaakaar, la coalition du camp pre\u0301sidentiel.<\/p>\n<p>\u201cLe Pre\u0301sident Macky Sall doit siffler la fin de la re\u0301cre\u0301ation pour dire aux militants de se souder s&rsquo;ils veulent une victoire\u201d, appele\u0301 M. Cisse\u0301, sur les ondes de la radio prive\u0301e RFM. \u201cIl y a e\u0301norme\u0301ment de gens qui ne soutiennent pas le candidat de la me\u0302me coalition. Ce n&rsquo;est pas pour offenser le pre\u0301sident de la Re\u0301publique mais j&rsquo;ai comme l\u2019impression qu&rsquo;il y a un proble\u0300me d\u2019autorite\u0301\u201d, fustige-t-il.<\/p>\n<p>Alors que des rumeurs font du refus de Macky Sall de participer au financement de la campagne de Amadou Ba\u0302, Mamou Cisse\u0301 a laisse\u0301 e\u0301clater sa stupe\u0301faction: \u201cSi c&rsquo;est vrai que le pre\u0301sident de la Re\u0301publique refuse de soutenir son candidat, c\u2019est extre\u0302mement grave\u201d.<\/p>\n<p>\u201cJ&rsquo;ai comme l&rsquo;impression que certains (leaders de la majorite\u0301 pre\u0301sidentielle) sont en train de se tirer une balle dans le pied. S&rsquo;ils pensent que le fait de s&rsquo;abstenir, de ne pas accompagner carre\u0301ment le candidat fait leurs affaires, ils se trompent\u201d, a-t-il ajoute\u0301.<\/p>\n<p><strong>Pour plus d&rsquo;informations et d&rsquo;analyses sur la <a href=\"https:\/\/www.africa-press.net\/senegal\">Senegal<\/a>, suivez <a href=\"https:\/\/www.africa-press.net\/\">Africa-Press<\/a><\/strong><\/p>\n","protected":false},"excerpt":{"rendered":"<p>Africa-Press &#8211; Senegal. Amadou Ba ne serait pas assez soutenu par ses camarades de l\u2019Alliance Pour la Re\u0301publique (APR) et me\u0302me par le Pre\u0301sident de la Re\u0301publique, Macky Sall, qui l\u2019a pourtant lui-me\u0302me de\u0301signe\u0301 candidat. Une situation qui n\u2019est pas du gou\u0302t de de Mamour Cisse\u0301, Pre\u0301sident du PSD Jant Bi, un parti membre de [&hellip;]<\/p>\n","protected":false},"author":82,"featured_media":56727,"comment_status":"open","ping_status":"closed","sticky":false,"template":"","format":"standard","meta":{"footnotes":""},"categories":[2,10],"tags":[43,47,44],"class_list":["post-56729","post","type-post","status-publish","format-standard","has-post-thumbnail","hentry","category-politique","category-toutes-les-actualites","tag-africa-press-2","tag-africa-press-senegal","tag-senegal-2"],"yoast_head":"<!-- This site is optimized with the Yoast SEO Premium plugin v26.1 (Yoast SEO v27.0) - https:\/\/yoast.com\/product\/yoast-seo-premium-wordpress\/ -->\n<title>Soutien timor\u00e9 de l\u2019APR \u00e0 Amadou Ba : \u201cMacky Sall doit siffler la fin de la r\u00e9cr\u00e9ation\u201d - Senegal<\/title>\n<meta name=\"description\" content=\"Amadou Ba ne serait pas assez soutenu par ses camarades de l\u2019Alliance Pour la Re\u0301publique (APR) et me\u0302me par le Pre\u0301side ...\" \/>\n<meta name=\"robots\" content=\"index, follow, max-snippet:-1, max-image-preview:large, max-video-preview:-1\" \/>\n<link rel=\"canonical\" href=\"https:\/\/www.africa-press.net\/senegal\/politique\/soutien-timore-de-lapr-a-amadou-ba-macky-sall-doit-siffler-la-fin-de-la-recreation\" \/>\n<meta property=\"og:locale\" content=\"fr_FR\" \/>\n<meta property=\"og:type\" content=\"article\" \/>\n<meta property=\"og:title\" content=\"Soutien timor\u00e9 de l\u2019APR \u00e0 Amadou Ba : \u201cMacky Sall doit siffler la fin de la r\u00e9cr\u00e9ation\u201d\" \/>\n<meta property=\"og:description\" content=\"Amadou Ba ne serait pas assez soutenu par ses camarades de l\u2019Alliance Pour la Re\u0301publique (APR) et me\u0302me par le Pre\u0301side ...\" \/>\n<meta property=\"og:url\" content=\"https:\/\/www.africa-press.net\/senegal\/politique\/soutien-timore-de-lapr-a-amadou-ba-macky-sall-doit-siffler-la-fin-de-la-recreation\" \/>\n<meta property=\"og:site_name\" content=\"Senegal\" \/>\n<meta property=\"article:published_time\" content=\"2024-03-12T21:22:20+00:00\" \/>\n<meta property=\"article:modified_time\" content=\"2024-03-12T22:25:43+00:00\" \/>\n<meta property=\"og:image\" content=\"https:\/\/static.africa-press.net\/senegal\/sites\/13\/2024\/03\/sm_1710266095.542093.jpg\" \/>\n\t<meta property=\"og:image:width\" content=\"1287\" \/>\n\t<meta property=\"og:image:height\" content=\"635\" \/>\n\t<meta property=\"og:image:type\" content=\"image\/jpeg\" \/>\n<meta name=\"author\" content=\"cfeditorfr\" \/>\n<meta name=\"twitter:card\" content=\"summary_large_image\" \/>\n<meta name=\"twitter:label1\" content=\"\u00c9crit par\" \/>\n\t<meta name=\"twitter:data1\" content=\"cfeditorfr\" \/>\n\t<meta name=\"twitter:label2\" content=\"Dur\u00e9e de lecture estim\u00e9e\" \/>\n\t<meta name=\"twitter:data2\" content=\"1 minute\" \/>\n<script type=\"application\/ld+json\" class=\"yoast-schema-graph\">{\"@context\":\"https:\/\/schema.org\",\"@graph\":[{\"@type\":\"Article\",\"@id\":\"https:\/\/www.africa-press.net\/senegal\/politique\/soutien-timore-de-lapr-a-amadou-ba-macky-sall-doit-siffler-la-fin-de-la-recreation#article\",\"isPartOf\":{\"@id\":\"https:\/\/www.africa-press.net\/senegal\/politique\/soutien-timore-de-lapr-a-amadou-ba-macky-sall-doit-siffler-la-fin-de-la-recreation\"},\"author\":{\"name\":\"cfeditorfr\",\"@id\":\"https:\/\/www.africa-press.net\/senegal\/#\/schema\/person\/2b1cf3cd81a31e3cd26889ca66d677f1\"},\"headline\":\"Soutien timor\u00e9 de l\u2019APR \u00e0 Amadou Ba : \u201cMacky Sall doit siffler la fin de la r\u00e9cr\u00e9ation\u201d\",\"datePublished\":\"2024-03-12T21:22:20+00:00\",\"dateModified\":\"2024-03-12T22:25:43+00:00\",\"mainEntityOfPage\":{\"@id\":\"https:\/\/www.africa-press.net\/senegal\/politique\/soutien-timore-de-lapr-a-amadou-ba-macky-sall-doit-siffler-la-fin-de-la-recreation\"},\"wordCount\":291,\"commentCount\":0,\"image\":{\"@id\":\"https:\/\/www.africa-press.net\/senegal\/politique\/soutien-timore-de-lapr-a-amadou-ba-macky-sall-doit-siffler-la-fin-de-la-recreation#primaryimage\"},\"thumbnailUrl\":\"https:\/\/static.africa-press.net\/senegal\/sites\/13\/2024\/03\/sm_1710266095.542093.jpg\",\"keywords\":[\"Africa Press\",\"Africa Press-Senegal\",\"Senegal\"],\"articleSection\":[\"Politique\",\"Toutes les actualit\u00e9s\"],\"inLanguage\":\"fr-FR\",\"potentialAction\":[{\"@type\":\"CommentAction\",\"name\":\"Comment\",\"target\":[\"https:\/\/www.africa-press.net\/senegal\/politique\/soutien-timore-de-lapr-a-amadou-ba-macky-sall-doit-siffler-la-fin-de-la-recreation#respond\"]}]},{\"@type\":\"WebPage\",\"@id\":\"https:\/\/www.africa-press.net\/senegal\/politique\/soutien-timore-de-lapr-a-amadou-ba-macky-sall-doit-siffler-la-fin-de-la-recreation\",\"url\":\"https:\/\/www.africa-press.net\/senegal\/politique\/soutien-timore-de-lapr-a-amadou-ba-macky-sall-doit-siffler-la-fin-de-la-recreation\",\"name\":\"Soutien timor\u00e9 de l\u2019APR \u00e0 Amadou Ba : \u201cMacky Sall doit siffler la fin de la r\u00e9cr\u00e9ation\u201d - Senegal\",\"isPartOf\":{\"@id\":\"https:\/\/www.africa-press.net\/senegal\/#website\"},\"primaryImageOfPage\":{\"@id\":\"https:\/\/www.africa-press.net\/senegal\/politique\/soutien-timore-de-lapr-a-amadou-ba-macky-sall-doit-siffler-la-fin-de-la-recreation#primaryimage\"},\"image\":{\"@id\":\"https:\/\/www.africa-press.net\/senegal\/politique\/soutien-timore-de-lapr-a-amadou-ba-macky-sall-doit-siffler-la-fin-de-la-recreation#primaryimage\"},\"thumbnailUrl\":\"https:\/\/static.africa-press.net\/senegal\/sites\/13\/2024\/03\/sm_1710266095.542093.jpg\",\"datePublished\":\"2024-03-12T21:22:20+00:00\",\"dateModified\":\"2024-03-12T22:25:43+00:00\",\"author\":{\"@id\":\"https:\/\/www.africa-press.net\/senegal\/#\/schema\/person\/2b1cf3cd81a31e3cd26889ca66d677f1\"},\"description\":\"Amadou Ba ne serait pas assez soutenu par ses camarades de l\u2019Alliance Pour la Re\u0301publique (APR) et me\u0302me par le Pre\u0301side ...\",\"breadcrumb\":{\"@id\":\"https:\/\/www.africa-press.net\/senegal\/politique\/soutien-timore-de-lapr-a-amadou-ba-macky-sall-doit-siffler-la-fin-de-la-recreation#breadcrumb\"},\"inLanguage\":\"fr-FR\",\"potentialAction\":[{\"@type\":\"ReadAction\",\"target\":[\"https:\/\/www.africa-press.net\/senegal\/politique\/soutien-timore-de-lapr-a-amadou-ba-macky-sall-doit-siffler-la-fin-de-la-recreation\"]}]},{\"@type\":\"ImageObject\",\"inLanguage\":\"fr-FR\",\"@id\":\"https:\/\/www.africa-press.net\/senegal\/politique\/soutien-timore-de-lapr-a-amadou-ba-macky-sall-doit-siffler-la-fin-de-la-recreation#primaryimage\",\"url\":\"https:\/\/static.africa-press.net\/senegal\/sites\/13\/2024\/03\/sm_1710266095.542093.jpg\",\"contentUrl\":\"https:\/\/static.africa-press.net\/senegal\/sites\/13\/2024\/03\/sm_1710266095.542093.jpg\",\"width\":1287,\"height\":635,\"caption\":\"Soutien timor\u00e9 de l\u2019APR \u00e0 Amadou Ba : \u201cMacky Sall doit siffler la fin de la r\u00e9cr\u00e9ation\u201d\"},{\"@type\":\"BreadcrumbList\",\"@id\":\"https:\/\/www.africa-press.net\/senegal\/politique\/soutien-timore-de-lapr-a-amadou-ba-macky-sall-doit-siffler-la-fin-de-la-recreation#breadcrumb\",\"itemListElement\":[{\"@type\":\"ListItem\",\"position\":1,\"name\":\"Accueil\",\"item\":\"https:\/\/www.africa-press.net\/senegal\/\"},{\"@type\":\"ListItem\",\"position\":2,\"name\":\"Soutien timor\u00e9 de l\u2019APR \u00e0 Amadou Ba : \u201cMacky Sall doit siffler la fin de la r\u00e9cr\u00e9ation\u201d\"}]},{\"@type\":\"WebSite\",\"@id\":\"https:\/\/www.africa-press.net\/senegal\/#website\",\"url\":\"https:\/\/www.africa-press.net\/senegal\/\",\"name\":\"Africa Press | Senegal | Homepage\",\"description\":\"Just another Africa News Agency Sites site\",\"potentialAction\":[{\"@type\":\"SearchAction\",\"target\":{\"@type\":\"EntryPoint\",\"urlTemplate\":\"https:\/\/www.africa-press.net\/senegal\/?s={search_term_string}\"},\"query-input\":{\"@type\":\"PropertyValueSpecification\",\"valueRequired\":true,\"valueName\":\"search_term_string\"}}],\"inLanguage\":\"fr-FR\"},{\"@type\":\"Person\",\"@id\":\"https:\/\/www.africa-press.net\/senegal\/#\/schema\/person\/2b1cf3cd81a31e3cd26889ca66d677f1\",\"name\":\"cfeditorfr\",\"url\":\"https:\/\/www.africa-press.net\/senegal\/author\/cfeditorfr\"}]}<\/script>\n<!-- \/ Yoast SEO Premium plugin. -->","yoast_head_json":{"title":"Soutien timor\u00e9 de l\u2019APR \u00e0 Amadou Ba : \u201cMacky Sall doit siffler la fin de la r\u00e9cr\u00e9ation\u201d - Senegal","description":"Amadou Ba ne serait pas assez soutenu par ses camarades de l\u2019Alliance Pour la Re\u0301publique (APR) et me\u0302me par le Pre\u0301side ...","robots":{"index":"index","follow":"follow","max-snippet":"max-snippet:-1","max-image-preview":"max-image-preview:large","max-video-preview":"max-video-preview:-1"},"canonical":"https:\/\/www.africa-press.net\/senegal\/politique\/soutien-timore-de-lapr-a-amadou-ba-macky-sall-doit-siffler-la-fin-de-la-recreation","og_locale":"fr_FR","og_type":"article","og_title":"Soutien timor\u00e9 de l\u2019APR \u00e0 Amadou Ba : \u201cMacky Sall doit siffler la fin de la r\u00e9cr\u00e9ation\u201d","og_description":"Amadou Ba ne serait pas assez soutenu par ses camarades de l\u2019Alliance Pour la Re\u0301publique (APR) et me\u0302me par le Pre\u0301side ...","og_url":"https:\/\/www.africa-press.net\/senegal\/politique\/soutien-timore-de-lapr-a-amadou-ba-macky-sall-doit-siffler-la-fin-de-la-recreation","og_site_name":"Senegal","article_published_time":"2024-03-12T21:22:20+00:00","article_modified_time":"2024-03-12T22:25:43+00:00","og_image":[{"width":1287,"height":635,"url":"https:\/\/static.africa-press.net\/senegal\/sites\/13\/2024\/03\/sm_1710266095.542093.jpg","type":"image\/jpeg"}],"author":"cfeditorfr","twitter_card":"summary_large_image","twitter_misc":{"\u00c9crit par":"cfeditorfr","Dur\u00e9e de lecture estim\u00e9e":"1 minute"},"schema":{"@context":"https:\/\/schema.org","@graph":[{"@type":"Article","@id":"https:\/\/www.africa-press.net\/senegal\/politique\/soutien-timore-de-lapr-a-amadou-ba-macky-sall-doit-siffler-la-fin-de-la-recreation#article","isPartOf":{"@id":"https:\/\/www.africa-press.net\/senegal\/politique\/soutien-timore-de-lapr-a-amadou-ba-macky-sall-doit-siffler-la-fin-de-la-recreation"},"author":{"name":"cfeditorfr","@id":"https:\/\/www.africa-press.net\/senegal\/#\/schema\/person\/2b1cf3cd81a31e3cd26889ca66d677f1"},"headline":"Soutien timor\u00e9 de l\u2019APR \u00e0 Amadou Ba : \u201cMacky Sall doit siffler la fin de la r\u00e9cr\u00e9ation\u201d","datePublished":"2024-03-12T21:22:20+00:00","dateModified":"2024-03-12T22:25:43+00:00","mainEntityOfPage":{"@id":"https:\/\/www.africa-press.net\/senegal\/politique\/soutien-timore-de-lapr-a-amadou-ba-macky-sall-doit-siffler-la-fin-de-la-recreation"},"wordCount":291,"commentCount":0,"image":{"@id":"https:\/\/www.africa-press.net\/senegal\/politique\/soutien-timore-de-lapr-a-amadou-ba-macky-sall-doit-siffler-la-fin-de-la-recreation#primaryimage"},"thumbnailUrl":"https:\/\/static.africa-press.net\/senegal\/sites\/13\/2024\/03\/sm_1710266095.542093.jpg","keywords":["Africa Press","Africa Press-Senegal","Senegal"],"articleSection":["Politique","Toutes les actualit\u00e9s"],"inLanguage":"fr-FR","potentialAction":[{"@type":"CommentAction","name":"Comment","target":["https:\/\/www.africa-press.net\/senegal\/politique\/soutien-timore-de-lapr-a-amadou-ba-macky-sall-doit-siffler-la-fin-de-la-recreation#respond"]}]},{"@type":"WebPage","@id":"https:\/\/www.africa-press.net\/senegal\/politique\/soutien-timore-de-lapr-a-amadou-ba-macky-sall-doit-siffler-la-fin-de-la-recreation","url":"https:\/\/www.africa-press.net\/senegal\/politique\/soutien-timore-de-lapr-a-amadou-ba-macky-sall-doit-siffler-la-fin-de-la-recreation","name":"Soutien timor\u00e9 de l\u2019APR \u00e0 Amadou Ba : \u201cMacky Sall doit siffler la fin de la r\u00e9cr\u00e9ation\u201d - Senegal","isPartOf":{"@id":"https:\/\/www.africa-press.net\/senegal\/#website"},"primaryImageOfPage":{"@id":"https:\/\/www.africa-press.net\/senegal\/politique\/soutien-timore-de-lapr-a-amadou-ba-macky-sall-doit-siffler-la-fin-de-la-recreation#primaryimage"},"image":{"@id":"https:\/\/www.africa-press.net\/senegal\/politique\/soutien-timore-de-lapr-a-amadou-ba-macky-sall-doit-siffler-la-fin-de-la-recreation#primaryimage"},"thumbnailUrl":"https:\/\/static.africa-press.net\/senegal\/sites\/13\/2024\/03\/sm_1710266095.542093.jpg","datePublished":"2024-03-12T21:22:20+00:00","dateModified":"2024-03-12T22:25:43+00:00","author":{"@id":"https:\/\/www.africa-press.net\/senegal\/#\/schema\/person\/2b1cf3cd81a31e3cd26889ca66d677f1"},"description":"Amadou Ba ne serait pas assez soutenu par ses camarades de l\u2019Alliance Pour la Re\u0301publique (APR) et me\u0302me par le Pre\u0301side ...","breadcrumb":{"@id":"https:\/\/www.africa-press.net\/senegal\/politique\/soutien-timore-de-lapr-a-amadou-ba-macky-sall-doit-siffler-la-fin-de-la-recreation#breadcrumb"},"inLanguage":"fr-FR","potentialAction":[{"@type":"ReadAction","target":["https:\/\/www.africa-press.net\/senegal\/politique\/soutien-timore-de-lapr-a-amadou-ba-macky-sall-doit-siffler-la-fin-de-la-recreation"]}]},{"@type":"ImageObject","inLanguage":"fr-FR","@id":"https:\/\/www.africa-press.net\/senegal\/politique\/soutien-timore-de-lapr-a-amadou-ba-macky-sall-doit-siffler-la-fin-de-la-recreation#primaryimage","url":"https:\/\/static.africa-press.net\/senegal\/sites\/13\/2024\/03\/sm_1710266095.542093.jpg","contentUrl":"https:\/\/static.africa-press.net\/senegal\/sites\/13\/2024\/03\/sm_1710266095.542093.jpg","width":1287,"height":635,"caption":"Soutien timor\u00e9 de l\u2019APR \u00e0 Amadou Ba : \u201cMacky Sall doit siffler la fin de la r\u00e9cr\u00e9ation\u201d"},{"@type":"BreadcrumbList","@id":"https:\/\/www.africa-press.net\/senegal\/politique\/soutien-timore-de-lapr-a-amadou-ba-macky-sall-doit-siffler-la-fin-de-la-recreation#breadcrumb","itemListElement":[{"@type":"ListItem","position":1,"name":"Accueil","item":"https:\/\/www.africa-press.net\/senegal\/"},{"@type":"ListItem","position":2,"name":"Soutien timor\u00e9 de l\u2019APR \u00e0 Amadou Ba : \u201cMacky Sall doit siffler la fin de la r\u00e9cr\u00e9ation\u201d"}]},{"@type":"WebSite","@id":"https:\/\/www.africa-press.net\/senegal\/#website","url":"https:\/\/www.africa-press.net\/senegal\/","name":"Africa Press | Senegal | Homepage","description":"Just another Africa News Agency Sites site","potentialAction":[{"@type":"SearchAction","target":{"@type":"EntryPoint","urlTemplate":"https:\/\/www.africa-press.net\/senegal\/?s={search_term_string}"},"query-input":{"@type":"PropertyValueSpecification","valueRequired":true,"valueName":"search_term_string"}}],"inLanguage":"fr-FR"},{"@type":"Person","@id":"https:\/\/www.africa-press.net\/senegal\/#\/schema\/person\/2b1cf3cd81a31e3cd26889ca66d677f1","name":"cfeditorfr","url":"https:\/\/www.africa-press.net\/senegal\/author\/cfeditorfr"}]}},"_links":{"self":[{"href":"https:\/\/www.africa-press.net\/senegal\/wp-json\/wp\/v2\/posts\/56729","targetHints":{"allow":["GET"]}}],"collection":[{"href":"https:\/\/www.africa-press.net\/senegal\/wp-json\/wp\/v2\/posts"}],"about":[{"href":"https:\/\/www.africa-press.net\/senegal\/wp-json\/wp\/v2\/types\/post"}],"author":[{"embeddable":true,"href":"https:\/\/www.africa-press.net\/senegal\/wp-json\/wp\/v2\/users\/82"}],"replies":[{"embeddable":true,"href":"https:\/\/www.africa-press.net\/senegal\/wp-json\/wp\/v2\/comments?post=56729"}],"version-history":[{"count":0,"href":"https:\/\/www.africa-press.net\/senegal\/wp-json\/wp\/v2\/posts\/56729\/revisions"}],"wp:featuredmedia":[{"embeddable":true,"href":"https:\/\/www.africa-press.net\/senegal\/wp-json\/wp\/v2\/media\/56727"}],"wp:attachment":[{"href":"https:\/\/www.africa-press.net\/senegal\/wp-json\/wp\/v2\/media?parent=56729"}],"wp:term":[{"taxonomy":"category","embeddable":true,"href":"https:\/\/www.africa-press.net\/senegal\/wp-json\/wp\/v2\/categories?post=56729"},{"taxonomy":"post_tag","embeddable":true,"href":"https:\/\/www.africa-press.net\/senegal\/wp-json\/wp\/v2\/tags?post=56729"}],"curies":[{"name":"wp","href":"https:\/\/api.w.org\/{rel}","templated":true}]}}