{"id":56735,"date":"2024-03-12T21:30:41","date_gmt":"2024-03-12T21:30:41","guid":{"rendered":"https:\/\/www.africa-press.net\/senegal\/politique\/thierno-alassane-sall-dresse-un-diagnostic-peu-reluisant-de-thies-et-expose-ses-solutions"},"modified":"2024-03-12T22:48:54","modified_gmt":"2024-03-12T22:48:54","slug":"thierno-alassane-sall-dresse-un-diagnostic-peu-reluisant-de-thies-et-expose-ses-solutions","status":"publish","type":"post","link":"https:\/\/www.africa-press.net\/senegal\/politique\/thierno-alassane-sall-dresse-un-diagnostic-peu-reluisant-de-thies-et-expose-ses-solutions","title":{"rendered":"Thierno Alassane Sall dresse un diagnostic peu reluisant de Thi\u00e8s et expose ses solutions"},"content":{"rendered":"<p><span style=\"color: #ff6600\"><strong>Africa-Press &#8211; Senegal. <\/strong><\/span>Le candidat Thierno Alassane Sall e\u0301tait a\u0300 Thie\u0300s, sa ville natale, ou\u0300 sa caravane a sillonne\u0301 plusieurs quartiers de Thie\u0300s-Est. Ici, le Pre\u0301sident de la Re\u0301publique des Valeurs a dresse\u0301 un diagnostic sans complaisance de la re\u0301gion: \u00ab Thie\u0300s est une ville qui se meurt et la ville est sans emploi. L\u2019emploi le plus fre\u0301quent est celui de marchand ambulant ou de conducteur de moto jakarta \u00bb.<\/p>\n<p>\u00ab C\u2019est un destin sans fin et sans issue pour les jeunes, a-t-il poursuivi. C\u2019est pourquoi la plupart d\u2019entre eux, apre\u0300s quelques anne\u0301es et apre\u0300s avoir constate\u0301 qu\u2019ils sont dans un destin sans issue, pre\u0301fe\u0300rent aller tenter l\u2019aventure par les pirogues et beaucoup de se\u0301ne\u0301galais ont pe\u0301ri sur ce chemin. Si je suis e\u0301lu Pre\u0301sident de la Re\u0301publique du Se\u0301ne\u0301gal, nous allons changer les institutions de ce pays, pour que les de\u0301tournements soient traque\u0301s sans aucune pitie\u0301. Il en est de me\u0302me pour la corruption, parce qu\u2019il s\u2019agit la\u0300 des maux les plus absolus qui gangre\u0300nent notre pays et qui entravent son de\u0301veloppement \u00bb.<\/p>\n<p>Il souligne que la ville de Thie\u0300s e\u0301tait surnomme\u0301e la ville aux deux gares, maintenant elle est assure\u0301ment une ville ze\u0301ro rail. \u00ab Si je suis Pre\u0301sident de la Re\u0301publique, le chemin de fer ira jusqu\u2019en Casamance, a\u0300 Podor. Il n\u2019est pas normal que Thie\u0300s, une ville horticole par excellence, importe des jus de fruit \u00ab Ranny \u00bb, de Dubai\u0308 ou\u0300 il n\u2019y a pas de fruits. Nous devons mettre fin a\u0300 cette he\u0301re\u0301sie, a\u0300 cette absurdite\u0301 absolue, parce que les usines de jus de fruits devraient se trouver ici et non a\u0300 Dubai\u0308. Nous allons partout mettre des entreprises, qui vont transformer sur place nos produits, notamment les fruits, le cuir a\u0300 Ngaay Me\u0301khe\u0301, le bois de la Casamance, les produits agricoles \u00bb, a-t-il dit.<\/p>\n<p>En ce qui concerne l\u2019autonomisation e\u0301conomique et financie\u0300re des femmes, il a annonce\u0301 une fois e\u0301lu, la cre\u0301ation d\u2019une banque populaire de\u0301die\u0301e aux femmes et aux artisans, pour qu\u2019ils puissent avoir, avec leur propre argent, les financements qui leur permettent d\u2019aller acheter les produits agricoles.<\/p>\n<p><strong>Pour plus d&rsquo;informations et d&rsquo;analyses sur la <a href=\"https:\/\/www.africa-press.net\/senegal\">Senegal<\/a>, suivez <a href=\"https:\/\/www.africa-press.net\/\">Africa-Press<\/a><\/strong><\/p>\n","protected":false},"excerpt":{"rendered":"<p>Africa-Press &#8211; Senegal. Le candidat Thierno Alassane Sall e\u0301tait a\u0300 Thie\u0300s, sa ville natale, ou\u0300 sa caravane a sillonne\u0301 plusieurs quartiers de Thie\u0300s-Est. Ici, le Pre\u0301sident de la Re\u0301publique des Valeurs a dresse\u0301 un diagnostic sans complaisance de la re\u0301gion: \u00ab Thie\u0300s est une ville qui se meurt et la ville est sans emploi. L\u2019emploi [&hellip;]<\/p>\n","protected":false},"author":82,"featured_media":56734,"comment_status":"open","ping_status":"closed","sticky":false,"template":"","format":"standard","meta":{"footnotes":""},"categories":[2,10],"tags":[43,47,44],"class_list":["post-56735","post","type-post","status-publish","format-standard","has-post-thumbnail","hentry","category-politique","category-toutes-les-actualites","tag-africa-press-2","tag-africa-press-senegal","tag-senegal-2"],"yoast_head":"<!-- This site is optimized with the Yoast SEO Premium plugin v26.1 (Yoast SEO v27.0) - https:\/\/yoast.com\/product\/yoast-seo-premium-wordpress\/ -->\n<title>Thierno Alassane Sall dresse un diagnostic peu reluisant de Thi\u00e8s et expose ses solutions - Senegal<\/title>\n<meta name=\"description\" content=\"Le candidat Thierno Alassane Sall e\u0301tait a\u0300 Thie\u0300s, sa ville natale, ou\u0300 sa caravane a sillonne\u0301 plusieurs quartiers de ...\" \/>\n<meta name=\"robots\" content=\"index, follow, max-snippet:-1, max-image-preview:large, max-video-preview:-1\" \/>\n<link rel=\"canonical\" href=\"https:\/\/www.africa-press.net\/senegal\/politique\/thierno-alassane-sall-dresse-un-diagnostic-peu-reluisant-de-thies-et-expose-ses-solutions\" \/>\n<meta property=\"og:locale\" content=\"fr_FR\" \/>\n<meta property=\"og:type\" content=\"article\" \/>\n<meta property=\"og:title\" content=\"Thierno Alassane Sall dresse un diagnostic peu reluisant de Thi\u00e8s et expose ses solutions\" \/>\n<meta property=\"og:description\" content=\"Le candidat Thierno Alassane Sall e\u0301tait a\u0300 Thie\u0300s, sa ville natale, ou\u0300 sa caravane a sillonne\u0301 plusieurs quartiers de ...\" \/>\n<meta property=\"og:url\" content=\"https:\/\/www.africa-press.net\/senegal\/politique\/thierno-alassane-sall-dresse-un-diagnostic-peu-reluisant-de-thies-et-expose-ses-solutions\" \/>\n<meta property=\"og:site_name\" content=\"Senegal\" \/>\n<meta property=\"article:published_time\" content=\"2024-03-12T21:30:41+00:00\" \/>\n<meta property=\"article:modified_time\" content=\"2024-03-12T22:48:54+00:00\" \/>\n<meta property=\"og:image\" content=\"https:\/\/static.africa-press.net\/senegal\/sites\/13\/2024\/03\/sm_1710267475.92732.jpg\" \/>\n\t<meta property=\"og:image:width\" content=\"1300\" \/>\n\t<meta property=\"og:image:height\" content=\"632\" \/>\n\t<meta property=\"og:image:type\" content=\"image\/jpeg\" \/>\n<meta name=\"author\" content=\"cfeditorfr\" \/>\n<meta name=\"twitter:card\" content=\"summary_large_image\" \/>\n<meta name=\"twitter:label1\" content=\"\u00c9crit par\" \/>\n\t<meta name=\"twitter:data1\" content=\"cfeditorfr\" \/>\n\t<meta name=\"twitter:label2\" content=\"Dur\u00e9e de lecture estim\u00e9e\" \/>\n\t<meta name=\"twitter:data2\" content=\"2 minutes\" \/>\n<script type=\"application\/ld+json\" class=\"yoast-schema-graph\">{\"@context\":\"https:\/\/schema.org\",\"@graph\":[{\"@type\":\"Article\",\"@id\":\"https:\/\/www.africa-press.net\/senegal\/politique\/thierno-alassane-sall-dresse-un-diagnostic-peu-reluisant-de-thies-et-expose-ses-solutions#article\",\"isPartOf\":{\"@id\":\"https:\/\/www.africa-press.net\/senegal\/politique\/thierno-alassane-sall-dresse-un-diagnostic-peu-reluisant-de-thies-et-expose-ses-solutions\"},\"author\":{\"name\":\"cfeditorfr\",\"@id\":\"https:\/\/www.africa-press.net\/senegal\/#\/schema\/person\/2b1cf3cd81a31e3cd26889ca66d677f1\"},\"headline\":\"Thierno Alassane Sall dresse un diagnostic peu reluisant de Thi\u00e8s et expose ses solutions\",\"datePublished\":\"2024-03-12T21:30:41+00:00\",\"dateModified\":\"2024-03-12T22:48:54+00:00\",\"mainEntityOfPage\":{\"@id\":\"https:\/\/www.africa-press.net\/senegal\/politique\/thierno-alassane-sall-dresse-un-diagnostic-peu-reluisant-de-thies-et-expose-ses-solutions\"},\"wordCount\":422,\"commentCount\":0,\"image\":{\"@id\":\"https:\/\/www.africa-press.net\/senegal\/politique\/thierno-alassane-sall-dresse-un-diagnostic-peu-reluisant-de-thies-et-expose-ses-solutions#primaryimage\"},\"thumbnailUrl\":\"https:\/\/static.africa-press.net\/senegal\/sites\/13\/2024\/03\/sm_1710267475.92732.jpg\",\"keywords\":[\"Africa Press\",\"Africa Press-Senegal\",\"Senegal\"],\"articleSection\":[\"Politique\",\"Toutes les actualit\u00e9s\"],\"inLanguage\":\"fr-FR\",\"potentialAction\":[{\"@type\":\"CommentAction\",\"name\":\"Comment\",\"target\":[\"https:\/\/www.africa-press.net\/senegal\/politique\/thierno-alassane-sall-dresse-un-diagnostic-peu-reluisant-de-thies-et-expose-ses-solutions#respond\"]}]},{\"@type\":\"WebPage\",\"@id\":\"https:\/\/www.africa-press.net\/senegal\/politique\/thierno-alassane-sall-dresse-un-diagnostic-peu-reluisant-de-thies-et-expose-ses-solutions\",\"url\":\"https:\/\/www.africa-press.net\/senegal\/politique\/thierno-alassane-sall-dresse-un-diagnostic-peu-reluisant-de-thies-et-expose-ses-solutions\",\"name\":\"Thierno Alassane Sall dresse un diagnostic peu reluisant de Thi\u00e8s et expose ses solutions - Senegal\",\"isPartOf\":{\"@id\":\"https:\/\/www.africa-press.net\/senegal\/#website\"},\"primaryImageOfPage\":{\"@id\":\"https:\/\/www.africa-press.net\/senegal\/politique\/thierno-alassane-sall-dresse-un-diagnostic-peu-reluisant-de-thies-et-expose-ses-solutions#primaryimage\"},\"image\":{\"@id\":\"https:\/\/www.africa-press.net\/senegal\/politique\/thierno-alassane-sall-dresse-un-diagnostic-peu-reluisant-de-thies-et-expose-ses-solutions#primaryimage\"},\"thumbnailUrl\":\"https:\/\/static.africa-press.net\/senegal\/sites\/13\/2024\/03\/sm_1710267475.92732.jpg\",\"datePublished\":\"2024-03-12T21:30:41+00:00\",\"dateModified\":\"2024-03-12T22:48:54+00:00\",\"author\":{\"@id\":\"https:\/\/www.africa-press.net\/senegal\/#\/schema\/person\/2b1cf3cd81a31e3cd26889ca66d677f1\"},\"description\":\"Le candidat Thierno Alassane Sall e\u0301tait a\u0300 Thie\u0300s, sa ville natale, ou\u0300 sa caravane a sillonne\u0301 plusieurs quartiers de ...\",\"breadcrumb\":{\"@id\":\"https:\/\/www.africa-press.net\/senegal\/politique\/thierno-alassane-sall-dresse-un-diagnostic-peu-reluisant-de-thies-et-expose-ses-solutions#breadcrumb\"},\"inLanguage\":\"fr-FR\",\"potentialAction\":[{\"@type\":\"ReadAction\",\"target\":[\"https:\/\/www.africa-press.net\/senegal\/politique\/thierno-alassane-sall-dresse-un-diagnostic-peu-reluisant-de-thies-et-expose-ses-solutions\"]}]},{\"@type\":\"ImageObject\",\"inLanguage\":\"fr-FR\",\"@id\":\"https:\/\/www.africa-press.net\/senegal\/politique\/thierno-alassane-sall-dresse-un-diagnostic-peu-reluisant-de-thies-et-expose-ses-solutions#primaryimage\",\"url\":\"https:\/\/static.africa-press.net\/senegal\/sites\/13\/2024\/03\/sm_1710267475.92732.jpg\",\"contentUrl\":\"https:\/\/static.africa-press.net\/senegal\/sites\/13\/2024\/03\/sm_1710267475.92732.jpg\",\"width\":1300,\"height\":632,\"caption\":\"Thierno Alassane Sall dresse un diagnostic peu reluisant de Thi\u00e8s et expose ses solutions\"},{\"@type\":\"BreadcrumbList\",\"@id\":\"https:\/\/www.africa-press.net\/senegal\/politique\/thierno-alassane-sall-dresse-un-diagnostic-peu-reluisant-de-thies-et-expose-ses-solutions#breadcrumb\",\"itemListElement\":[{\"@type\":\"ListItem\",\"position\":1,\"name\":\"Accueil\",\"item\":\"https:\/\/www.africa-press.net\/senegal\/\"},{\"@type\":\"ListItem\",\"position\":2,\"name\":\"Thierno Alassane Sall dresse un diagnostic peu reluisant de Thi\u00e8s et expose ses solutions\"}]},{\"@type\":\"WebSite\",\"@id\":\"https:\/\/www.africa-press.net\/senegal\/#website\",\"url\":\"https:\/\/www.africa-press.net\/senegal\/\",\"name\":\"Africa Press | Senegal | Homepage\",\"description\":\"Just another Africa News Agency Sites site\",\"potentialAction\":[{\"@type\":\"SearchAction\",\"target\":{\"@type\":\"EntryPoint\",\"urlTemplate\":\"https:\/\/www.africa-press.net\/senegal\/?s={search_term_string}\"},\"query-input\":{\"@type\":\"PropertyValueSpecification\",\"valueRequired\":true,\"valueName\":\"search_term_string\"}}],\"inLanguage\":\"fr-FR\"},{\"@type\":\"Person\",\"@id\":\"https:\/\/www.africa-press.net\/senegal\/#\/schema\/person\/2b1cf3cd81a31e3cd26889ca66d677f1\",\"name\":\"cfeditorfr\",\"url\":\"https:\/\/www.africa-press.net\/senegal\/author\/cfeditorfr\"}]}<\/script>\n<!-- \/ Yoast SEO Premium plugin. -->","yoast_head_json":{"title":"Thierno Alassane Sall dresse un diagnostic peu reluisant de Thi\u00e8s et expose ses solutions - Senegal","description":"Le candidat Thierno Alassane Sall e\u0301tait a\u0300 Thie\u0300s, sa ville natale, ou\u0300 sa caravane a sillonne\u0301 plusieurs quartiers de ...","robots":{"index":"index","follow":"follow","max-snippet":"max-snippet:-1","max-image-preview":"max-image-preview:large","max-video-preview":"max-video-preview:-1"},"canonical":"https:\/\/www.africa-press.net\/senegal\/politique\/thierno-alassane-sall-dresse-un-diagnostic-peu-reluisant-de-thies-et-expose-ses-solutions","og_locale":"fr_FR","og_type":"article","og_title":"Thierno Alassane Sall dresse un diagnostic peu reluisant de Thi\u00e8s et expose ses solutions","og_description":"Le candidat Thierno Alassane Sall e\u0301tait a\u0300 Thie\u0300s, sa ville natale, ou\u0300 sa caravane a sillonne\u0301 plusieurs quartiers de ...","og_url":"https:\/\/www.africa-press.net\/senegal\/politique\/thierno-alassane-sall-dresse-un-diagnostic-peu-reluisant-de-thies-et-expose-ses-solutions","og_site_name":"Senegal","article_published_time":"2024-03-12T21:30:41+00:00","article_modified_time":"2024-03-12T22:48:54+00:00","og_image":[{"width":1300,"height":632,"url":"https:\/\/static.africa-press.net\/senegal\/sites\/13\/2024\/03\/sm_1710267475.92732.jpg","type":"image\/jpeg"}],"author":"cfeditorfr","twitter_card":"summary_large_image","twitter_misc":{"\u00c9crit par":"cfeditorfr","Dur\u00e9e de lecture estim\u00e9e":"2 minutes"},"schema":{"@context":"https:\/\/schema.org","@graph":[{"@type":"Article","@id":"https:\/\/www.africa-press.net\/senegal\/politique\/thierno-alassane-sall-dresse-un-diagnostic-peu-reluisant-de-thies-et-expose-ses-solutions#article","isPartOf":{"@id":"https:\/\/www.africa-press.net\/senegal\/politique\/thierno-alassane-sall-dresse-un-diagnostic-peu-reluisant-de-thies-et-expose-ses-solutions"},"author":{"name":"cfeditorfr","@id":"https:\/\/www.africa-press.net\/senegal\/#\/schema\/person\/2b1cf3cd81a31e3cd26889ca66d677f1"},"headline":"Thierno Alassane Sall dresse un diagnostic peu reluisant de Thi\u00e8s et expose ses solutions","datePublished":"2024-03-12T21:30:41+00:00","dateModified":"2024-03-12T22:48:54+00:00","mainEntityOfPage":{"@id":"https:\/\/www.africa-press.net\/senegal\/politique\/thierno-alassane-sall-dresse-un-diagnostic-peu-reluisant-de-thies-et-expose-ses-solutions"},"wordCount":422,"commentCount":0,"image":{"@id":"https:\/\/www.africa-press.net\/senegal\/politique\/thierno-alassane-sall-dresse-un-diagnostic-peu-reluisant-de-thies-et-expose-ses-solutions#primaryimage"},"thumbnailUrl":"https:\/\/static.africa-press.net\/senegal\/sites\/13\/2024\/03\/sm_1710267475.92732.jpg","keywords":["Africa Press","Africa Press-Senegal","Senegal"],"articleSection":["Politique","Toutes les actualit\u00e9s"],"inLanguage":"fr-FR","potentialAction":[{"@type":"CommentAction","name":"Comment","target":["https:\/\/www.africa-press.net\/senegal\/politique\/thierno-alassane-sall-dresse-un-diagnostic-peu-reluisant-de-thies-et-expose-ses-solutions#respond"]}]},{"@type":"WebPage","@id":"https:\/\/www.africa-press.net\/senegal\/politique\/thierno-alassane-sall-dresse-un-diagnostic-peu-reluisant-de-thies-et-expose-ses-solutions","url":"https:\/\/www.africa-press.net\/senegal\/politique\/thierno-alassane-sall-dresse-un-diagnostic-peu-reluisant-de-thies-et-expose-ses-solutions","name":"Thierno Alassane Sall dresse un diagnostic peu reluisant de Thi\u00e8s et expose ses solutions - Senegal","isPartOf":{"@id":"https:\/\/www.africa-press.net\/senegal\/#website"},"primaryImageOfPage":{"@id":"https:\/\/www.africa-press.net\/senegal\/politique\/thierno-alassane-sall-dresse-un-diagnostic-peu-reluisant-de-thies-et-expose-ses-solutions#primaryimage"},"image":{"@id":"https:\/\/www.africa-press.net\/senegal\/politique\/thierno-alassane-sall-dresse-un-diagnostic-peu-reluisant-de-thies-et-expose-ses-solutions#primaryimage"},"thumbnailUrl":"https:\/\/static.africa-press.net\/senegal\/sites\/13\/2024\/03\/sm_1710267475.92732.jpg","datePublished":"2024-03-12T21:30:41+00:00","dateModified":"2024-03-12T22:48:54+00:00","author":{"@id":"https:\/\/www.africa-press.net\/senegal\/#\/schema\/person\/2b1cf3cd81a31e3cd26889ca66d677f1"},"description":"Le candidat Thierno Alassane Sall e\u0301tait a\u0300 Thie\u0300s, sa ville natale, ou\u0300 sa caravane a sillonne\u0301 plusieurs quartiers de ...","breadcrumb":{"@id":"https:\/\/www.africa-press.net\/senegal\/politique\/thierno-alassane-sall-dresse-un-diagnostic-peu-reluisant-de-thies-et-expose-ses-solutions#breadcrumb"},"inLanguage":"fr-FR","potentialAction":[{"@type":"ReadAction","target":["https:\/\/www.africa-press.net\/senegal\/politique\/thierno-alassane-sall-dresse-un-diagnostic-peu-reluisant-de-thies-et-expose-ses-solutions"]}]},{"@type":"ImageObject","inLanguage":"fr-FR","@id":"https:\/\/www.africa-press.net\/senegal\/politique\/thierno-alassane-sall-dresse-un-diagnostic-peu-reluisant-de-thies-et-expose-ses-solutions#primaryimage","url":"https:\/\/static.africa-press.net\/senegal\/sites\/13\/2024\/03\/sm_1710267475.92732.jpg","contentUrl":"https:\/\/static.africa-press.net\/senegal\/sites\/13\/2024\/03\/sm_1710267475.92732.jpg","width":1300,"height":632,"caption":"Thierno Alassane Sall dresse un diagnostic peu reluisant de Thi\u00e8s et expose ses solutions"},{"@type":"BreadcrumbList","@id":"https:\/\/www.africa-press.net\/senegal\/politique\/thierno-alassane-sall-dresse-un-diagnostic-peu-reluisant-de-thies-et-expose-ses-solutions#breadcrumb","itemListElement":[{"@type":"ListItem","position":1,"name":"Accueil","item":"https:\/\/www.africa-press.net\/senegal\/"},{"@type":"ListItem","position":2,"name":"Thierno Alassane Sall dresse un diagnostic peu reluisant de Thi\u00e8s et expose ses solutions"}]},{"@type":"WebSite","@id":"https:\/\/www.africa-press.net\/senegal\/#website","url":"https:\/\/www.africa-press.net\/senegal\/","name":"Africa Press | Senegal | Homepage","description":"Just another Africa News Agency Sites site","potentialAction":[{"@type":"SearchAction","target":{"@type":"EntryPoint","urlTemplate":"https:\/\/www.africa-press.net\/senegal\/?s={search_term_string}"},"query-input":{"@type":"PropertyValueSpecification","valueRequired":true,"valueName":"search_term_string"}}],"inLanguage":"fr-FR"},{"@type":"Person","@id":"https:\/\/www.africa-press.net\/senegal\/#\/schema\/person\/2b1cf3cd81a31e3cd26889ca66d677f1","name":"cfeditorfr","url":"https:\/\/www.africa-press.net\/senegal\/author\/cfeditorfr"}]}},"_links":{"self":[{"href":"https:\/\/www.africa-press.net\/senegal\/wp-json\/wp\/v2\/posts\/56735","targetHints":{"allow":["GET"]}}],"collection":[{"href":"https:\/\/www.africa-press.net\/senegal\/wp-json\/wp\/v2\/posts"}],"about":[{"href":"https:\/\/www.africa-press.net\/senegal\/wp-json\/wp\/v2\/types\/post"}],"author":[{"embeddable":true,"href":"https:\/\/www.africa-press.net\/senegal\/wp-json\/wp\/v2\/users\/82"}],"replies":[{"embeddable":true,"href":"https:\/\/www.africa-press.net\/senegal\/wp-json\/wp\/v2\/comments?post=56735"}],"version-history":[{"count":0,"href":"https:\/\/www.africa-press.net\/senegal\/wp-json\/wp\/v2\/posts\/56735\/revisions"}],"wp:featuredmedia":[{"embeddable":true,"href":"https:\/\/www.africa-press.net\/senegal\/wp-json\/wp\/v2\/media\/56734"}],"wp:attachment":[{"href":"https:\/\/www.africa-press.net\/senegal\/wp-json\/wp\/v2\/media?parent=56735"}],"wp:term":[{"taxonomy":"category","embeddable":true,"href":"https:\/\/www.africa-press.net\/senegal\/wp-json\/wp\/v2\/categories?post=56735"},{"taxonomy":"post_tag","embeddable":true,"href":"https:\/\/www.africa-press.net\/senegal\/wp-json\/wp\/v2\/tags?post=56735"}],"curies":[{"name":"wp","href":"https:\/\/api.w.org\/{rel}","templated":true}]}}