{"id":56744,"date":"2024-03-12T21:36:27","date_gmt":"2024-03-12T21:36:27","guid":{"rendered":"https:\/\/www.africa-press.net\/senegal\/politique\/programme-khalifa-sall-veut-faire-de-la-culture-un-outil-de-promotion"},"modified":"2024-03-12T22:50:23","modified_gmt":"2024-03-12T22:50:23","slug":"programme-khalifa-sall-veut-faire-de-la-culture-un-outil-de-promotion","status":"publish","type":"post","link":"https:\/\/www.africa-press.net\/senegal\/politique\/programme-khalifa-sall-veut-faire-de-la-culture-un-outil-de-promotion","title":{"rendered":"Programme : Khalifa Sall veut faire de la culture un outil de promotion"},"content":{"rendered":"<p><span style=\"color: #ff6600\"><strong>Africa-Press &#8211; Senegal. <\/strong><\/span>Les candidats a\u0300 la Pre\u0301sidentielle du 24 mars prochain de\u0301roulent leur campagne e\u0301lectorale. Khalifa Sall, candidat de la coalition Khalifa2024, propose aux Se\u0301ne\u0301galais, dans son programme, de renforcer le secteur de la culture et le bien-e\u0302tre des acteurs culturels. Monsieur Sall pre\u0301voit aussi de re\u0301habiliter l&rsquo;E\u0301cole nationale des arts et des me\u0301tiers de la culture, en assurant la protection des \u0153uvres et des auteurs plus une couverture sociale.<\/p>\n<p>Dans la foule\u0301e, Khalifa Sall compte redorer le blason de la Biennale de Dakar et de l&rsquo;art africain contemporain avec la mise en place d&rsquo;un muse\u0301e de\u0301die\u0301 a\u0300 l&rsquo;art moderne. Les centres culturels re\u0301gionaux seront re\u0301nove\u0301s et dote\u0301s d&rsquo;outils de travail de dernie\u0300re ge\u0301ne\u0301ration.<\/p>\n<p>Dans ses ambitions pour la culture, Khalifa Sall compte soutenir tous les projets culturels avec un fonds d&rsquo;appui de\u0301die\u0301 aux acteurs des cultures urbaines.<\/p>\n<p>Selon le candidat socialiste, la culture est un instrument de re\u0301alisation avec un programme de de\u0301veloppement. Une structure de de\u0301veloppement sera mise en place pour assurer le bon fonctionnement de l&rsquo;industrie de l&rsquo;audiovisuel cine\u0301matographie et digital.<\/p>\n<p><strong>Pour plus d&rsquo;informations et d&rsquo;analyses sur la <a href=\"https:\/\/www.africa-press.net\/senegal\">Senegal<\/a>, suivez <a href=\"https:\/\/www.africa-press.net\/\">Africa-Press<\/a><\/strong><\/p>\n","protected":false},"excerpt":{"rendered":"<p>Africa-Press &#8211; Senegal. Les candidats a\u0300 la Pre\u0301sidentielle du 24 mars prochain de\u0301roulent leur campagne e\u0301lectorale. Khalifa Sall, candidat de la coalition Khalifa2024, propose aux Se\u0301ne\u0301galais, dans son programme, de renforcer le secteur de la culture et le bien-e\u0302tre des acteurs culturels. Monsieur Sall pre\u0301voit aussi de re\u0301habiliter l&rsquo;E\u0301cole nationale des arts et des me\u0301tiers [&hellip;]<\/p>\n","protected":false},"author":82,"featured_media":56742,"comment_status":"open","ping_status":"closed","sticky":false,"template":"","format":"standard","meta":{"footnotes":""},"categories":[2,10],"tags":[43,47,44],"class_list":["post-56744","post","type-post","status-publish","format-standard","has-post-thumbnail","hentry","category-politique","category-toutes-les-actualites","tag-africa-press-2","tag-africa-press-senegal","tag-senegal-2"],"yoast_head":"<!-- This site is optimized with the Yoast SEO Premium plugin v26.1 (Yoast SEO v27.0) - https:\/\/yoast.com\/product\/yoast-seo-premium-wordpress\/ -->\n<title>Programme : Khalifa Sall veut faire de la culture un outil de promotion - Senegal<\/title>\n<meta name=\"description\" content=\"Les candidats a\u0300 la Pre\u0301sidentielle du 24 mars prochain de\u0301roulent leur campagne e\u0301lectorale. Khalifa Sall, candidat de ...\" \/>\n<meta name=\"robots\" content=\"index, follow, max-snippet:-1, max-image-preview:large, max-video-preview:-1\" \/>\n<link rel=\"canonical\" href=\"https:\/\/www.africa-press.net\/senegal\/politique\/programme-khalifa-sall-veut-faire-de-la-culture-un-outil-de-promotion\" \/>\n<meta property=\"og:locale\" content=\"fr_FR\" \/>\n<meta property=\"og:type\" content=\"article\" \/>\n<meta property=\"og:title\" content=\"Programme : Khalifa Sall veut faire de la culture un outil de promotion\" \/>\n<meta property=\"og:description\" content=\"Les candidats a\u0300 la Pre\u0301sidentielle du 24 mars prochain de\u0301roulent leur campagne e\u0301lectorale. Khalifa Sall, candidat de ...\" \/>\n<meta property=\"og:url\" content=\"https:\/\/www.africa-press.net\/senegal\/politique\/programme-khalifa-sall-veut-faire-de-la-culture-un-outil-de-promotion\" \/>\n<meta property=\"og:site_name\" content=\"Senegal\" \/>\n<meta property=\"article:published_time\" content=\"2024-03-12T21:36:27+00:00\" \/>\n<meta property=\"article:modified_time\" content=\"2024-03-12T22:50:23+00:00\" \/>\n<meta property=\"og:image\" content=\"https:\/\/static.africa-press.net\/senegal\/sites\/13\/2024\/03\/sm_1710267562.852525.jpg\" \/>\n\t<meta property=\"og:image:width\" content=\"1303\" \/>\n\t<meta property=\"og:image:height\" content=\"633\" \/>\n\t<meta property=\"og:image:type\" content=\"image\/jpeg\" \/>\n<meta name=\"author\" content=\"cfeditorfr\" \/>\n<meta name=\"twitter:card\" content=\"summary_large_image\" \/>\n<meta name=\"twitter:label1\" content=\"\u00c9crit par\" \/>\n\t<meta name=\"twitter:data1\" content=\"cfeditorfr\" \/>\n\t<meta name=\"twitter:label2\" content=\"Dur\u00e9e de lecture estim\u00e9e\" \/>\n\t<meta name=\"twitter:data2\" content=\"1 minute\" \/>\n<script type=\"application\/ld+json\" class=\"yoast-schema-graph\">{\"@context\":\"https:\/\/schema.org\",\"@graph\":[{\"@type\":\"Article\",\"@id\":\"https:\/\/www.africa-press.net\/senegal\/politique\/programme-khalifa-sall-veut-faire-de-la-culture-un-outil-de-promotion#article\",\"isPartOf\":{\"@id\":\"https:\/\/www.africa-press.net\/senegal\/politique\/programme-khalifa-sall-veut-faire-de-la-culture-un-outil-de-promotion\"},\"author\":{\"name\":\"cfeditorfr\",\"@id\":\"https:\/\/www.africa-press.net\/senegal\/#\/schema\/person\/2b1cf3cd81a31e3cd26889ca66d677f1\"},\"headline\":\"Programme : Khalifa Sall veut faire de la culture un outil de promotion\",\"datePublished\":\"2024-03-12T21:36:27+00:00\",\"dateModified\":\"2024-03-12T22:50:23+00:00\",\"mainEntityOfPage\":{\"@id\":\"https:\/\/www.africa-press.net\/senegal\/politique\/programme-khalifa-sall-veut-faire-de-la-culture-un-outil-de-promotion\"},\"wordCount\":231,\"commentCount\":0,\"image\":{\"@id\":\"https:\/\/www.africa-press.net\/senegal\/politique\/programme-khalifa-sall-veut-faire-de-la-culture-un-outil-de-promotion#primaryimage\"},\"thumbnailUrl\":\"https:\/\/static.africa-press.net\/senegal\/sites\/13\/2024\/03\/sm_1710267562.852525.jpg\",\"keywords\":[\"Africa Press\",\"Africa Press-Senegal\",\"Senegal\"],\"articleSection\":[\"Politique\",\"Toutes les actualit\u00e9s\"],\"inLanguage\":\"fr-FR\",\"potentialAction\":[{\"@type\":\"CommentAction\",\"name\":\"Comment\",\"target\":[\"https:\/\/www.africa-press.net\/senegal\/politique\/programme-khalifa-sall-veut-faire-de-la-culture-un-outil-de-promotion#respond\"]}]},{\"@type\":\"WebPage\",\"@id\":\"https:\/\/www.africa-press.net\/senegal\/politique\/programme-khalifa-sall-veut-faire-de-la-culture-un-outil-de-promotion\",\"url\":\"https:\/\/www.africa-press.net\/senegal\/politique\/programme-khalifa-sall-veut-faire-de-la-culture-un-outil-de-promotion\",\"name\":\"Programme : Khalifa Sall veut faire de la culture un outil de promotion - Senegal\",\"isPartOf\":{\"@id\":\"https:\/\/www.africa-press.net\/senegal\/#website\"},\"primaryImageOfPage\":{\"@id\":\"https:\/\/www.africa-press.net\/senegal\/politique\/programme-khalifa-sall-veut-faire-de-la-culture-un-outil-de-promotion#primaryimage\"},\"image\":{\"@id\":\"https:\/\/www.africa-press.net\/senegal\/politique\/programme-khalifa-sall-veut-faire-de-la-culture-un-outil-de-promotion#primaryimage\"},\"thumbnailUrl\":\"https:\/\/static.africa-press.net\/senegal\/sites\/13\/2024\/03\/sm_1710267562.852525.jpg\",\"datePublished\":\"2024-03-12T21:36:27+00:00\",\"dateModified\":\"2024-03-12T22:50:23+00:00\",\"author\":{\"@id\":\"https:\/\/www.africa-press.net\/senegal\/#\/schema\/person\/2b1cf3cd81a31e3cd26889ca66d677f1\"},\"description\":\"Les candidats a\u0300 la Pre\u0301sidentielle du 24 mars prochain de\u0301roulent leur campagne e\u0301lectorale. Khalifa Sall, candidat de ...\",\"breadcrumb\":{\"@id\":\"https:\/\/www.africa-press.net\/senegal\/politique\/programme-khalifa-sall-veut-faire-de-la-culture-un-outil-de-promotion#breadcrumb\"},\"inLanguage\":\"fr-FR\",\"potentialAction\":[{\"@type\":\"ReadAction\",\"target\":[\"https:\/\/www.africa-press.net\/senegal\/politique\/programme-khalifa-sall-veut-faire-de-la-culture-un-outil-de-promotion\"]}]},{\"@type\":\"ImageObject\",\"inLanguage\":\"fr-FR\",\"@id\":\"https:\/\/www.africa-press.net\/senegal\/politique\/programme-khalifa-sall-veut-faire-de-la-culture-un-outil-de-promotion#primaryimage\",\"url\":\"https:\/\/static.africa-press.net\/senegal\/sites\/13\/2024\/03\/sm_1710267562.852525.jpg\",\"contentUrl\":\"https:\/\/static.africa-press.net\/senegal\/sites\/13\/2024\/03\/sm_1710267562.852525.jpg\",\"width\":1303,\"height\":633,\"caption\":\"Programme : Khalifa Sall veut faire de la culture un outil de promotion\"},{\"@type\":\"BreadcrumbList\",\"@id\":\"https:\/\/www.africa-press.net\/senegal\/politique\/programme-khalifa-sall-veut-faire-de-la-culture-un-outil-de-promotion#breadcrumb\",\"itemListElement\":[{\"@type\":\"ListItem\",\"position\":1,\"name\":\"Accueil\",\"item\":\"https:\/\/www.africa-press.net\/senegal\/\"},{\"@type\":\"ListItem\",\"position\":2,\"name\":\"Programme : Khalifa Sall veut faire de la culture un outil de promotion\"}]},{\"@type\":\"WebSite\",\"@id\":\"https:\/\/www.africa-press.net\/senegal\/#website\",\"url\":\"https:\/\/www.africa-press.net\/senegal\/\",\"name\":\"Africa Press | Senegal | Homepage\",\"description\":\"Just another Africa News Agency Sites site\",\"potentialAction\":[{\"@type\":\"SearchAction\",\"target\":{\"@type\":\"EntryPoint\",\"urlTemplate\":\"https:\/\/www.africa-press.net\/senegal\/?s={search_term_string}\"},\"query-input\":{\"@type\":\"PropertyValueSpecification\",\"valueRequired\":true,\"valueName\":\"search_term_string\"}}],\"inLanguage\":\"fr-FR\"},{\"@type\":\"Person\",\"@id\":\"https:\/\/www.africa-press.net\/senegal\/#\/schema\/person\/2b1cf3cd81a31e3cd26889ca66d677f1\",\"name\":\"cfeditorfr\",\"url\":\"https:\/\/www.africa-press.net\/senegal\/author\/cfeditorfr\"}]}<\/script>\n<!-- \/ Yoast SEO Premium plugin. -->","yoast_head_json":{"title":"Programme : Khalifa Sall veut faire de la culture un outil de promotion - Senegal","description":"Les candidats a\u0300 la Pre\u0301sidentielle du 24 mars prochain de\u0301roulent leur campagne e\u0301lectorale. Khalifa Sall, candidat de ...","robots":{"index":"index","follow":"follow","max-snippet":"max-snippet:-1","max-image-preview":"max-image-preview:large","max-video-preview":"max-video-preview:-1"},"canonical":"https:\/\/www.africa-press.net\/senegal\/politique\/programme-khalifa-sall-veut-faire-de-la-culture-un-outil-de-promotion","og_locale":"fr_FR","og_type":"article","og_title":"Programme : Khalifa Sall veut faire de la culture un outil de promotion","og_description":"Les candidats a\u0300 la Pre\u0301sidentielle du 24 mars prochain de\u0301roulent leur campagne e\u0301lectorale. Khalifa Sall, candidat de ...","og_url":"https:\/\/www.africa-press.net\/senegal\/politique\/programme-khalifa-sall-veut-faire-de-la-culture-un-outil-de-promotion","og_site_name":"Senegal","article_published_time":"2024-03-12T21:36:27+00:00","article_modified_time":"2024-03-12T22:50:23+00:00","og_image":[{"width":1303,"height":633,"url":"https:\/\/static.africa-press.net\/senegal\/sites\/13\/2024\/03\/sm_1710267562.852525.jpg","type":"image\/jpeg"}],"author":"cfeditorfr","twitter_card":"summary_large_image","twitter_misc":{"\u00c9crit par":"cfeditorfr","Dur\u00e9e de lecture estim\u00e9e":"1 minute"},"schema":{"@context":"https:\/\/schema.org","@graph":[{"@type":"Article","@id":"https:\/\/www.africa-press.net\/senegal\/politique\/programme-khalifa-sall-veut-faire-de-la-culture-un-outil-de-promotion#article","isPartOf":{"@id":"https:\/\/www.africa-press.net\/senegal\/politique\/programme-khalifa-sall-veut-faire-de-la-culture-un-outil-de-promotion"},"author":{"name":"cfeditorfr","@id":"https:\/\/www.africa-press.net\/senegal\/#\/schema\/person\/2b1cf3cd81a31e3cd26889ca66d677f1"},"headline":"Programme : Khalifa Sall veut faire de la culture un outil de promotion","datePublished":"2024-03-12T21:36:27+00:00","dateModified":"2024-03-12T22:50:23+00:00","mainEntityOfPage":{"@id":"https:\/\/www.africa-press.net\/senegal\/politique\/programme-khalifa-sall-veut-faire-de-la-culture-un-outil-de-promotion"},"wordCount":231,"commentCount":0,"image":{"@id":"https:\/\/www.africa-press.net\/senegal\/politique\/programme-khalifa-sall-veut-faire-de-la-culture-un-outil-de-promotion#primaryimage"},"thumbnailUrl":"https:\/\/static.africa-press.net\/senegal\/sites\/13\/2024\/03\/sm_1710267562.852525.jpg","keywords":["Africa Press","Africa Press-Senegal","Senegal"],"articleSection":["Politique","Toutes les actualit\u00e9s"],"inLanguage":"fr-FR","potentialAction":[{"@type":"CommentAction","name":"Comment","target":["https:\/\/www.africa-press.net\/senegal\/politique\/programme-khalifa-sall-veut-faire-de-la-culture-un-outil-de-promotion#respond"]}]},{"@type":"WebPage","@id":"https:\/\/www.africa-press.net\/senegal\/politique\/programme-khalifa-sall-veut-faire-de-la-culture-un-outil-de-promotion","url":"https:\/\/www.africa-press.net\/senegal\/politique\/programme-khalifa-sall-veut-faire-de-la-culture-un-outil-de-promotion","name":"Programme : Khalifa Sall veut faire de la culture un outil de promotion - Senegal","isPartOf":{"@id":"https:\/\/www.africa-press.net\/senegal\/#website"},"primaryImageOfPage":{"@id":"https:\/\/www.africa-press.net\/senegal\/politique\/programme-khalifa-sall-veut-faire-de-la-culture-un-outil-de-promotion#primaryimage"},"image":{"@id":"https:\/\/www.africa-press.net\/senegal\/politique\/programme-khalifa-sall-veut-faire-de-la-culture-un-outil-de-promotion#primaryimage"},"thumbnailUrl":"https:\/\/static.africa-press.net\/senegal\/sites\/13\/2024\/03\/sm_1710267562.852525.jpg","datePublished":"2024-03-12T21:36:27+00:00","dateModified":"2024-03-12T22:50:23+00:00","author":{"@id":"https:\/\/www.africa-press.net\/senegal\/#\/schema\/person\/2b1cf3cd81a31e3cd26889ca66d677f1"},"description":"Les candidats a\u0300 la Pre\u0301sidentielle du 24 mars prochain de\u0301roulent leur campagne e\u0301lectorale. Khalifa Sall, candidat de ...","breadcrumb":{"@id":"https:\/\/www.africa-press.net\/senegal\/politique\/programme-khalifa-sall-veut-faire-de-la-culture-un-outil-de-promotion#breadcrumb"},"inLanguage":"fr-FR","potentialAction":[{"@type":"ReadAction","target":["https:\/\/www.africa-press.net\/senegal\/politique\/programme-khalifa-sall-veut-faire-de-la-culture-un-outil-de-promotion"]}]},{"@type":"ImageObject","inLanguage":"fr-FR","@id":"https:\/\/www.africa-press.net\/senegal\/politique\/programme-khalifa-sall-veut-faire-de-la-culture-un-outil-de-promotion#primaryimage","url":"https:\/\/static.africa-press.net\/senegal\/sites\/13\/2024\/03\/sm_1710267562.852525.jpg","contentUrl":"https:\/\/static.africa-press.net\/senegal\/sites\/13\/2024\/03\/sm_1710267562.852525.jpg","width":1303,"height":633,"caption":"Programme : Khalifa Sall veut faire de la culture un outil de promotion"},{"@type":"BreadcrumbList","@id":"https:\/\/www.africa-press.net\/senegal\/politique\/programme-khalifa-sall-veut-faire-de-la-culture-un-outil-de-promotion#breadcrumb","itemListElement":[{"@type":"ListItem","position":1,"name":"Accueil","item":"https:\/\/www.africa-press.net\/senegal\/"},{"@type":"ListItem","position":2,"name":"Programme : Khalifa Sall veut faire de la culture un outil de promotion"}]},{"@type":"WebSite","@id":"https:\/\/www.africa-press.net\/senegal\/#website","url":"https:\/\/www.africa-press.net\/senegal\/","name":"Africa Press | Senegal | Homepage","description":"Just another Africa News Agency Sites site","potentialAction":[{"@type":"SearchAction","target":{"@type":"EntryPoint","urlTemplate":"https:\/\/www.africa-press.net\/senegal\/?s={search_term_string}"},"query-input":{"@type":"PropertyValueSpecification","valueRequired":true,"valueName":"search_term_string"}}],"inLanguage":"fr-FR"},{"@type":"Person","@id":"https:\/\/www.africa-press.net\/senegal\/#\/schema\/person\/2b1cf3cd81a31e3cd26889ca66d677f1","name":"cfeditorfr","url":"https:\/\/www.africa-press.net\/senegal\/author\/cfeditorfr"}]}},"_links":{"self":[{"href":"https:\/\/www.africa-press.net\/senegal\/wp-json\/wp\/v2\/posts\/56744","targetHints":{"allow":["GET"]}}],"collection":[{"href":"https:\/\/www.africa-press.net\/senegal\/wp-json\/wp\/v2\/posts"}],"about":[{"href":"https:\/\/www.africa-press.net\/senegal\/wp-json\/wp\/v2\/types\/post"}],"author":[{"embeddable":true,"href":"https:\/\/www.africa-press.net\/senegal\/wp-json\/wp\/v2\/users\/82"}],"replies":[{"embeddable":true,"href":"https:\/\/www.africa-press.net\/senegal\/wp-json\/wp\/v2\/comments?post=56744"}],"version-history":[{"count":0,"href":"https:\/\/www.africa-press.net\/senegal\/wp-json\/wp\/v2\/posts\/56744\/revisions"}],"wp:featuredmedia":[{"embeddable":true,"href":"https:\/\/www.africa-press.net\/senegal\/wp-json\/wp\/v2\/media\/56742"}],"wp:attachment":[{"href":"https:\/\/www.africa-press.net\/senegal\/wp-json\/wp\/v2\/media?parent=56744"}],"wp:term":[{"taxonomy":"category","embeddable":true,"href":"https:\/\/www.africa-press.net\/senegal\/wp-json\/wp\/v2\/categories?post=56744"},{"taxonomy":"post_tag","embeddable":true,"href":"https:\/\/www.africa-press.net\/senegal\/wp-json\/wp\/v2\/tags?post=56744"}],"curies":[{"name":"wp","href":"https:\/\/api.w.org\/{rel}","templated":true}]}}