{"id":56747,"date":"2024-03-12T21:37:41","date_gmt":"2024-03-12T21:37:41","guid":{"rendered":"https:\/\/www.africa-press.net\/senegal\/politique\/thierno-alassane-sall-la-republique-des-valeurs-est-lantidote-de-la-republique-des-voleurs"},"modified":"2024-03-12T22:50:57","modified_gmt":"2024-03-12T22:50:57","slug":"thierno-alassane-sall-la-republique-des-valeurs-est-lantidote-de-la-republique-des-voleurs","status":"publish","type":"post","link":"https:\/\/www.africa-press.net\/senegal\/politique\/thierno-alassane-sall-la-republique-des-valeurs-est-lantidote-de-la-republique-des-voleurs","title":{"rendered":"Thierno Alassane Sall : \u00ab\u00a0La R\u00e9publique des valeurs est l\u2019antidote de la R\u00e9publique des voleurs\u00a0\u00bb"},"content":{"rendered":"<p><span style=\"color: #ff6600\"><strong>Africa-Press &#8211; Senegal. <\/strong><\/span>Le leader de la Re\u0301publique des valeurs et candidat a\u0300 la Pre\u0301sidentielle du 24 mars prochain, Thierno Alassane Sall, dit e\u0302tre l&rsquo;unique solution, face au syste\u0300me actuel. A\u0300 Thie\u0300s, il a appele\u0301 ses militants a\u0300 choisir entre le projet \u00ab\u00a0Reewum Ngor\u00a0\u00bb pour ba\u0302tir une Re\u0301publique des valeurs et bannir la \u00ab\u00a0Re\u0301publique des voleurs\u00a0\u00bb.<\/p>\n<p>\u00ab\u00a0La Re\u0301publique des valeurs est l\u2019antidote de la Re\u0301publique des voleurs\u00a0\u00bb, a fait savoir TAS. Selon qui la Re\u0301publique des voleurs (Reewum thiathie) est la source de l\u2019essentiel des proble\u0300mes que vivent les Se\u0301ne\u0301galaises et les Se\u0301ne\u0301galais. Notamment le cho\u0302mage des jeunes, les scandales fonciers, l\u2019inse\u0301curite\u0301, les crises dans les milieux scolaire et universitaire, les lacunes criantes de notre syste\u0300me de sante\u0301, la crise du secteur de la pe\u0302che, etc.<\/p>\n<p>Pour Thierno Alassane Sall, l\u2019esprit de la Re\u0301publique des valeurs, c\u2019est avant tout le sacrifie pour son pays, le privile\u0300ge de l\u2019inte\u0301re\u0302t ge\u0301ne\u0301ral au de\u0301triment des inte\u0301re\u0302ts prive\u0301s.<\/p>\n<p>Se pre\u0301sentant comme le candidat le plus engage\u0301 et le plus cre\u0301dible, M. Sall s\u2019engage a\u0300 faire de Thie\u0300s la ville que les Se\u0301ne\u0301galaises et les Se\u0301ne\u0301galais souhaitent qu\u2019elle devienne. C&rsquo;est-a\u0300-dire une agglome\u0301ration qui de\u0301sengorge Dakar, en mettant l\u2019accent notamment sur le cadre de vie.<\/p>\n<p>Revenant sur son parcours a\u0300 l&rsquo;Ascna, a\u0300 l&rsquo;Artp et au ministe\u0300re de l&rsquo;E\u0301nergie, TAS s\u2019engage a\u0300 remettre de l&rsquo;ordre sur bien des choses, notamment la dilapidation du foncier, le cho\u0302mage des jeunes, le programme e\u0301conomique qui pre\u0301voit notamment une forte industrialisation. Il dit e\u0302tre pre\u0302t a\u0300 \u0153uvrer pour l\u2019avenir, pour la poste\u0301rite\u0301.<\/p>\n<p><strong>Pour plus d&rsquo;informations et d&rsquo;analyses sur la <a href=\"https:\/\/www.africa-press.net\/senegal\">Senegal<\/a>, suivez <a href=\"https:\/\/www.africa-press.net\/\">Africa-Press<\/a><\/strong><\/p>\n","protected":false},"excerpt":{"rendered":"<p>Africa-Press &#8211; Senegal. Le leader de la Re\u0301publique des valeurs et candidat a\u0300 la Pre\u0301sidentielle du 24 mars prochain, Thierno Alassane Sall, dit e\u0302tre l&rsquo;unique solution, face au syste\u0300me actuel. A\u0300 Thie\u0300s, il a appele\u0301 ses militants a\u0300 choisir entre le projet \u00ab\u00a0Reewum Ngor\u00a0\u00bb pour ba\u0302tir une Re\u0301publique des valeurs et bannir la \u00ab\u00a0Re\u0301publique des [&hellip;]<\/p>\n","protected":false},"author":82,"featured_media":56746,"comment_status":"open","ping_status":"closed","sticky":false,"template":"","format":"standard","meta":{"footnotes":""},"categories":[2,10],"tags":[43,47,44],"class_list":["post-56747","post","type-post","status-publish","format-standard","has-post-thumbnail","hentry","category-politique","category-toutes-les-actualites","tag-africa-press-2","tag-africa-press-senegal","tag-senegal-2"],"yoast_head":"<!-- This site is optimized with the Yoast SEO Premium plugin v26.1 (Yoast SEO v27.0) - https:\/\/yoast.com\/product\/yoast-seo-premium-wordpress\/ -->\n<title>Thierno Alassane Sall : &quot;La R\u00e9publique des valeurs est l\u2019antidote de la R\u00e9publique des voleurs&quot; - Senegal<\/title>\n<meta name=\"description\" content=\"Le leader de la Re\u0301publique des valeurs et candidat a\u0300 la Pre\u0301sidentielle du 24 mars prochain, Thierno Alassane Sall, di ...\" \/>\n<meta name=\"robots\" content=\"index, follow, max-snippet:-1, max-image-preview:large, max-video-preview:-1\" \/>\n<link rel=\"canonical\" href=\"https:\/\/www.africa-press.net\/senegal\/politique\/thierno-alassane-sall-la-republique-des-valeurs-est-lantidote-de-la-republique-des-voleurs\" \/>\n<meta property=\"og:locale\" content=\"fr_FR\" \/>\n<meta property=\"og:type\" content=\"article\" \/>\n<meta property=\"og:title\" content=\"Thierno Alassane Sall : &quot;La R\u00e9publique des valeurs est l\u2019antidote de la R\u00e9publique des voleurs&quot;\" \/>\n<meta property=\"og:description\" content=\"Le leader de la Re\u0301publique des valeurs et candidat a\u0300 la Pre\u0301sidentielle du 24 mars prochain, Thierno Alassane Sall, di ...\" \/>\n<meta property=\"og:url\" content=\"https:\/\/www.africa-press.net\/senegal\/politique\/thierno-alassane-sall-la-republique-des-valeurs-est-lantidote-de-la-republique-des-voleurs\" \/>\n<meta property=\"og:site_name\" content=\"Senegal\" \/>\n<meta property=\"article:published_time\" content=\"2024-03-12T21:37:41+00:00\" \/>\n<meta property=\"article:modified_time\" content=\"2024-03-12T22:50:57+00:00\" \/>\n<meta property=\"og:image\" content=\"https:\/\/static.africa-press.net\/senegal\/sites\/13\/2024\/03\/sm_1710267590.164178.jpg\" \/>\n\t<meta property=\"og:image:width\" content=\"1302\" \/>\n\t<meta property=\"og:image:height\" content=\"633\" \/>\n\t<meta property=\"og:image:type\" content=\"image\/jpeg\" \/>\n<meta name=\"author\" content=\"cfeditorfr\" \/>\n<meta name=\"twitter:card\" content=\"summary_large_image\" \/>\n<meta name=\"twitter:label1\" content=\"\u00c9crit par\" \/>\n\t<meta name=\"twitter:data1\" content=\"cfeditorfr\" \/>\n\t<meta name=\"twitter:label2\" content=\"Dur\u00e9e de lecture estim\u00e9e\" \/>\n\t<meta name=\"twitter:data2\" content=\"2 minutes\" \/>\n<script type=\"application\/ld+json\" class=\"yoast-schema-graph\">{\"@context\":\"https:\/\/schema.org\",\"@graph\":[{\"@type\":\"Article\",\"@id\":\"https:\/\/www.africa-press.net\/senegal\/politique\/thierno-alassane-sall-la-republique-des-valeurs-est-lantidote-de-la-republique-des-voleurs#article\",\"isPartOf\":{\"@id\":\"https:\/\/www.africa-press.net\/senegal\/politique\/thierno-alassane-sall-la-republique-des-valeurs-est-lantidote-de-la-republique-des-voleurs\"},\"author\":{\"name\":\"cfeditorfr\",\"@id\":\"https:\/\/www.africa-press.net\/senegal\/#\/schema\/person\/2b1cf3cd81a31e3cd26889ca66d677f1\"},\"headline\":\"Thierno Alassane Sall : \u00ab\u00a0La R\u00e9publique des valeurs est l\u2019antidote de la R\u00e9publique des voleurs\u00a0\u00bb\",\"datePublished\":\"2024-03-12T21:37:41+00:00\",\"dateModified\":\"2024-03-12T22:50:57+00:00\",\"mainEntityOfPage\":{\"@id\":\"https:\/\/www.africa-press.net\/senegal\/politique\/thierno-alassane-sall-la-republique-des-valeurs-est-lantidote-de-la-republique-des-voleurs\"},\"wordCount\":344,\"commentCount\":0,\"image\":{\"@id\":\"https:\/\/www.africa-press.net\/senegal\/politique\/thierno-alassane-sall-la-republique-des-valeurs-est-lantidote-de-la-republique-des-voleurs#primaryimage\"},\"thumbnailUrl\":\"https:\/\/static.africa-press.net\/senegal\/sites\/13\/2024\/03\/sm_1710267590.164178.jpg\",\"keywords\":[\"Africa Press\",\"Africa Press-Senegal\",\"Senegal\"],\"articleSection\":[\"Politique\",\"Toutes les actualit\u00e9s\"],\"inLanguage\":\"fr-FR\",\"potentialAction\":[{\"@type\":\"CommentAction\",\"name\":\"Comment\",\"target\":[\"https:\/\/www.africa-press.net\/senegal\/politique\/thierno-alassane-sall-la-republique-des-valeurs-est-lantidote-de-la-republique-des-voleurs#respond\"]}]},{\"@type\":\"WebPage\",\"@id\":\"https:\/\/www.africa-press.net\/senegal\/politique\/thierno-alassane-sall-la-republique-des-valeurs-est-lantidote-de-la-republique-des-voleurs\",\"url\":\"https:\/\/www.africa-press.net\/senegal\/politique\/thierno-alassane-sall-la-republique-des-valeurs-est-lantidote-de-la-republique-des-voleurs\",\"name\":\"Thierno Alassane Sall : \\\"La R\u00e9publique des valeurs est l\u2019antidote de la R\u00e9publique des voleurs\\\" - Senegal\",\"isPartOf\":{\"@id\":\"https:\/\/www.africa-press.net\/senegal\/#website\"},\"primaryImageOfPage\":{\"@id\":\"https:\/\/www.africa-press.net\/senegal\/politique\/thierno-alassane-sall-la-republique-des-valeurs-est-lantidote-de-la-republique-des-voleurs#primaryimage\"},\"image\":{\"@id\":\"https:\/\/www.africa-press.net\/senegal\/politique\/thierno-alassane-sall-la-republique-des-valeurs-est-lantidote-de-la-republique-des-voleurs#primaryimage\"},\"thumbnailUrl\":\"https:\/\/static.africa-press.net\/senegal\/sites\/13\/2024\/03\/sm_1710267590.164178.jpg\",\"datePublished\":\"2024-03-12T21:37:41+00:00\",\"dateModified\":\"2024-03-12T22:50:57+00:00\",\"author\":{\"@id\":\"https:\/\/www.africa-press.net\/senegal\/#\/schema\/person\/2b1cf3cd81a31e3cd26889ca66d677f1\"},\"description\":\"Le leader de la Re\u0301publique des valeurs et candidat a\u0300 la Pre\u0301sidentielle du 24 mars prochain, Thierno Alassane Sall, di ...\",\"breadcrumb\":{\"@id\":\"https:\/\/www.africa-press.net\/senegal\/politique\/thierno-alassane-sall-la-republique-des-valeurs-est-lantidote-de-la-republique-des-voleurs#breadcrumb\"},\"inLanguage\":\"fr-FR\",\"potentialAction\":[{\"@type\":\"ReadAction\",\"target\":[\"https:\/\/www.africa-press.net\/senegal\/politique\/thierno-alassane-sall-la-republique-des-valeurs-est-lantidote-de-la-republique-des-voleurs\"]}]},{\"@type\":\"ImageObject\",\"inLanguage\":\"fr-FR\",\"@id\":\"https:\/\/www.africa-press.net\/senegal\/politique\/thierno-alassane-sall-la-republique-des-valeurs-est-lantidote-de-la-republique-des-voleurs#primaryimage\",\"url\":\"https:\/\/static.africa-press.net\/senegal\/sites\/13\/2024\/03\/sm_1710267590.164178.jpg\",\"contentUrl\":\"https:\/\/static.africa-press.net\/senegal\/sites\/13\/2024\/03\/sm_1710267590.164178.jpg\",\"width\":1302,\"height\":633,\"caption\":\"Thierno Alassane Sall : \\\"La R\u00e9publique des valeurs est l\u2019antidote de la R\u00e9publique des voleurs\\\"\"},{\"@type\":\"BreadcrumbList\",\"@id\":\"https:\/\/www.africa-press.net\/senegal\/politique\/thierno-alassane-sall-la-republique-des-valeurs-est-lantidote-de-la-republique-des-voleurs#breadcrumb\",\"itemListElement\":[{\"@type\":\"ListItem\",\"position\":1,\"name\":\"Accueil\",\"item\":\"https:\/\/www.africa-press.net\/senegal\/\"},{\"@type\":\"ListItem\",\"position\":2,\"name\":\"Thierno Alassane Sall : &#8220;La R\u00e9publique des valeurs est l\u2019antidote de la R\u00e9publique des voleurs&#8221;\"}]},{\"@type\":\"WebSite\",\"@id\":\"https:\/\/www.africa-press.net\/senegal\/#website\",\"url\":\"https:\/\/www.africa-press.net\/senegal\/\",\"name\":\"Africa Press | Senegal | Homepage\",\"description\":\"Just another Africa News Agency Sites site\",\"potentialAction\":[{\"@type\":\"SearchAction\",\"target\":{\"@type\":\"EntryPoint\",\"urlTemplate\":\"https:\/\/www.africa-press.net\/senegal\/?s={search_term_string}\"},\"query-input\":{\"@type\":\"PropertyValueSpecification\",\"valueRequired\":true,\"valueName\":\"search_term_string\"}}],\"inLanguage\":\"fr-FR\"},{\"@type\":\"Person\",\"@id\":\"https:\/\/www.africa-press.net\/senegal\/#\/schema\/person\/2b1cf3cd81a31e3cd26889ca66d677f1\",\"name\":\"cfeditorfr\",\"url\":\"https:\/\/www.africa-press.net\/senegal\/author\/cfeditorfr\"}]}<\/script>\n<!-- \/ Yoast SEO Premium plugin. -->","yoast_head_json":{"title":"Thierno Alassane Sall : \"La R\u00e9publique des valeurs est l\u2019antidote de la R\u00e9publique des voleurs\" - Senegal","description":"Le leader de la Re\u0301publique des valeurs et candidat a\u0300 la Pre\u0301sidentielle du 24 mars prochain, Thierno Alassane Sall, di ...","robots":{"index":"index","follow":"follow","max-snippet":"max-snippet:-1","max-image-preview":"max-image-preview:large","max-video-preview":"max-video-preview:-1"},"canonical":"https:\/\/www.africa-press.net\/senegal\/politique\/thierno-alassane-sall-la-republique-des-valeurs-est-lantidote-de-la-republique-des-voleurs","og_locale":"fr_FR","og_type":"article","og_title":"Thierno Alassane Sall : \"La R\u00e9publique des valeurs est l\u2019antidote de la R\u00e9publique des voleurs\"","og_description":"Le leader de la Re\u0301publique des valeurs et candidat a\u0300 la Pre\u0301sidentielle du 24 mars prochain, Thierno Alassane Sall, di ...","og_url":"https:\/\/www.africa-press.net\/senegal\/politique\/thierno-alassane-sall-la-republique-des-valeurs-est-lantidote-de-la-republique-des-voleurs","og_site_name":"Senegal","article_published_time":"2024-03-12T21:37:41+00:00","article_modified_time":"2024-03-12T22:50:57+00:00","og_image":[{"width":1302,"height":633,"url":"https:\/\/static.africa-press.net\/senegal\/sites\/13\/2024\/03\/sm_1710267590.164178.jpg","type":"image\/jpeg"}],"author":"cfeditorfr","twitter_card":"summary_large_image","twitter_misc":{"\u00c9crit par":"cfeditorfr","Dur\u00e9e de lecture estim\u00e9e":"2 minutes"},"schema":{"@context":"https:\/\/schema.org","@graph":[{"@type":"Article","@id":"https:\/\/www.africa-press.net\/senegal\/politique\/thierno-alassane-sall-la-republique-des-valeurs-est-lantidote-de-la-republique-des-voleurs#article","isPartOf":{"@id":"https:\/\/www.africa-press.net\/senegal\/politique\/thierno-alassane-sall-la-republique-des-valeurs-est-lantidote-de-la-republique-des-voleurs"},"author":{"name":"cfeditorfr","@id":"https:\/\/www.africa-press.net\/senegal\/#\/schema\/person\/2b1cf3cd81a31e3cd26889ca66d677f1"},"headline":"Thierno Alassane Sall : \u00ab\u00a0La R\u00e9publique des valeurs est l\u2019antidote de la R\u00e9publique des voleurs\u00a0\u00bb","datePublished":"2024-03-12T21:37:41+00:00","dateModified":"2024-03-12T22:50:57+00:00","mainEntityOfPage":{"@id":"https:\/\/www.africa-press.net\/senegal\/politique\/thierno-alassane-sall-la-republique-des-valeurs-est-lantidote-de-la-republique-des-voleurs"},"wordCount":344,"commentCount":0,"image":{"@id":"https:\/\/www.africa-press.net\/senegal\/politique\/thierno-alassane-sall-la-republique-des-valeurs-est-lantidote-de-la-republique-des-voleurs#primaryimage"},"thumbnailUrl":"https:\/\/static.africa-press.net\/senegal\/sites\/13\/2024\/03\/sm_1710267590.164178.jpg","keywords":["Africa Press","Africa Press-Senegal","Senegal"],"articleSection":["Politique","Toutes les actualit\u00e9s"],"inLanguage":"fr-FR","potentialAction":[{"@type":"CommentAction","name":"Comment","target":["https:\/\/www.africa-press.net\/senegal\/politique\/thierno-alassane-sall-la-republique-des-valeurs-est-lantidote-de-la-republique-des-voleurs#respond"]}]},{"@type":"WebPage","@id":"https:\/\/www.africa-press.net\/senegal\/politique\/thierno-alassane-sall-la-republique-des-valeurs-est-lantidote-de-la-republique-des-voleurs","url":"https:\/\/www.africa-press.net\/senegal\/politique\/thierno-alassane-sall-la-republique-des-valeurs-est-lantidote-de-la-republique-des-voleurs","name":"Thierno Alassane Sall : \"La R\u00e9publique des valeurs est l\u2019antidote de la R\u00e9publique des voleurs\" - Senegal","isPartOf":{"@id":"https:\/\/www.africa-press.net\/senegal\/#website"},"primaryImageOfPage":{"@id":"https:\/\/www.africa-press.net\/senegal\/politique\/thierno-alassane-sall-la-republique-des-valeurs-est-lantidote-de-la-republique-des-voleurs#primaryimage"},"image":{"@id":"https:\/\/www.africa-press.net\/senegal\/politique\/thierno-alassane-sall-la-republique-des-valeurs-est-lantidote-de-la-republique-des-voleurs#primaryimage"},"thumbnailUrl":"https:\/\/static.africa-press.net\/senegal\/sites\/13\/2024\/03\/sm_1710267590.164178.jpg","datePublished":"2024-03-12T21:37:41+00:00","dateModified":"2024-03-12T22:50:57+00:00","author":{"@id":"https:\/\/www.africa-press.net\/senegal\/#\/schema\/person\/2b1cf3cd81a31e3cd26889ca66d677f1"},"description":"Le leader de la Re\u0301publique des valeurs et candidat a\u0300 la Pre\u0301sidentielle du 24 mars prochain, Thierno Alassane Sall, di ...","breadcrumb":{"@id":"https:\/\/www.africa-press.net\/senegal\/politique\/thierno-alassane-sall-la-republique-des-valeurs-est-lantidote-de-la-republique-des-voleurs#breadcrumb"},"inLanguage":"fr-FR","potentialAction":[{"@type":"ReadAction","target":["https:\/\/www.africa-press.net\/senegal\/politique\/thierno-alassane-sall-la-republique-des-valeurs-est-lantidote-de-la-republique-des-voleurs"]}]},{"@type":"ImageObject","inLanguage":"fr-FR","@id":"https:\/\/www.africa-press.net\/senegal\/politique\/thierno-alassane-sall-la-republique-des-valeurs-est-lantidote-de-la-republique-des-voleurs#primaryimage","url":"https:\/\/static.africa-press.net\/senegal\/sites\/13\/2024\/03\/sm_1710267590.164178.jpg","contentUrl":"https:\/\/static.africa-press.net\/senegal\/sites\/13\/2024\/03\/sm_1710267590.164178.jpg","width":1302,"height":633,"caption":"Thierno Alassane Sall : \"La R\u00e9publique des valeurs est l\u2019antidote de la R\u00e9publique des voleurs\""},{"@type":"BreadcrumbList","@id":"https:\/\/www.africa-press.net\/senegal\/politique\/thierno-alassane-sall-la-republique-des-valeurs-est-lantidote-de-la-republique-des-voleurs#breadcrumb","itemListElement":[{"@type":"ListItem","position":1,"name":"Accueil","item":"https:\/\/www.africa-press.net\/senegal\/"},{"@type":"ListItem","position":2,"name":"Thierno Alassane Sall : &#8220;La R\u00e9publique des valeurs est l\u2019antidote de la R\u00e9publique des voleurs&#8221;"}]},{"@type":"WebSite","@id":"https:\/\/www.africa-press.net\/senegal\/#website","url":"https:\/\/www.africa-press.net\/senegal\/","name":"Africa Press | Senegal | Homepage","description":"Just another Africa News Agency Sites site","potentialAction":[{"@type":"SearchAction","target":{"@type":"EntryPoint","urlTemplate":"https:\/\/www.africa-press.net\/senegal\/?s={search_term_string}"},"query-input":{"@type":"PropertyValueSpecification","valueRequired":true,"valueName":"search_term_string"}}],"inLanguage":"fr-FR"},{"@type":"Person","@id":"https:\/\/www.africa-press.net\/senegal\/#\/schema\/person\/2b1cf3cd81a31e3cd26889ca66d677f1","name":"cfeditorfr","url":"https:\/\/www.africa-press.net\/senegal\/author\/cfeditorfr"}]}},"_links":{"self":[{"href":"https:\/\/www.africa-press.net\/senegal\/wp-json\/wp\/v2\/posts\/56747","targetHints":{"allow":["GET"]}}],"collection":[{"href":"https:\/\/www.africa-press.net\/senegal\/wp-json\/wp\/v2\/posts"}],"about":[{"href":"https:\/\/www.africa-press.net\/senegal\/wp-json\/wp\/v2\/types\/post"}],"author":[{"embeddable":true,"href":"https:\/\/www.africa-press.net\/senegal\/wp-json\/wp\/v2\/users\/82"}],"replies":[{"embeddable":true,"href":"https:\/\/www.africa-press.net\/senegal\/wp-json\/wp\/v2\/comments?post=56747"}],"version-history":[{"count":0,"href":"https:\/\/www.africa-press.net\/senegal\/wp-json\/wp\/v2\/posts\/56747\/revisions"}],"wp:featuredmedia":[{"embeddable":true,"href":"https:\/\/www.africa-press.net\/senegal\/wp-json\/wp\/v2\/media\/56746"}],"wp:attachment":[{"href":"https:\/\/www.africa-press.net\/senegal\/wp-json\/wp\/v2\/media?parent=56747"}],"wp:term":[{"taxonomy":"category","embeddable":true,"href":"https:\/\/www.africa-press.net\/senegal\/wp-json\/wp\/v2\/categories?post=56747"},{"taxonomy":"post_tag","embeddable":true,"href":"https:\/\/www.africa-press.net\/senegal\/wp-json\/wp\/v2\/tags?post=56747"}],"curies":[{"name":"wp","href":"https:\/\/api.w.org\/{rel}","templated":true}]}}