{"id":56759,"date":"2024-03-12T21:44:31","date_gmt":"2024-03-12T21:44:31","guid":{"rendered":"https:\/\/www.africa-press.net\/senegal\/politique\/doolel-pit-macky-sall-na-aucune-volonte-de-quitter-le-pouvoir"},"modified":"2024-03-12T22:53:01","modified_gmt":"2024-03-12T22:53:01","slug":"doolel-pit-macky-sall-na-aucune-volonte-de-quitter-le-pouvoir","status":"publish","type":"post","link":"https:\/\/www.africa-press.net\/senegal\/politique\/doolel-pit-macky-sall-na-aucune-volonte-de-quitter-le-pouvoir","title":{"rendered":"Doolel PIT : \u00ab Macky Sall n\u2019a aucune volont\u00e9 de quitter le pouvoir \u00bb"},"content":{"rendered":"<p><span style=\"color: #ff6600\"><strong>Africa-Press &#8211; Senegal. <\/strong><\/span>Apre\u0300s Mary Teuw Niane, le CPR Doolel PIT revient a\u0300 la charge et invite les Se\u0301ne\u0301galais a\u0300 ne pas dormir sur leurs lauriers. Selon ce parti, a\u0300 travers une note rendue publique, \u00ab Macky Sall n\u2019a aucune volonte\u0301 d\u2019abandonner le pouvoir. Il se pre\u0301pare a\u0300 l\u2019usurper. Et ceci au me\u0301pris de la vie des Se\u0301ne\u0301galaises et des Se\u0301ne\u0301galais, de notre de\u0301mocratie, de la Re\u0301publique et de l\u2019unite\u0301 nationale. Son appel au dialogue, sa promesse de libe\u0301rer les otages politiques et son projet de loi d\u2019amnistie ne sont que poudre aux yeux. Des minables tentatives d\u2019installer la chienlit pour ensuite se pre\u0301senter comme le sauveur \u00bb.<\/p>\n<p>Selon Doolel PIT, \u00ab le vocabulaire de Macky Sall trahit ses intentions. Il emploie les mots d\u2019un sombre passe\u0301. Les expressions de la pe\u0301riode de la pacification coloniale franc\u0327aise. Ceux que l\u2019administrateur colonial Faidherbe utilisait pour de\u0301signer les brimades, les humiliations, les de\u0301portations et les meurtres de nos ance\u0302tres re\u0301sistants. Les mots de\u0301signant les incendies de villages qui refusaient de payer le tribut a\u0300 l\u2019E\u0301tat colonial \u00bb.<\/p>\n<p>Par ailleurs, il pre\u0301cise que \u00ab dans son entreprise morbide de liquider les acquis de\u0301mocratiques de notre pays, le pre\u0301sident Macky Sall be\u0301ne\u0301ficie encore du soutien des appareils bureaucratiques des partis de?gauche?et les pe\u0302cheurs en eaux troubles pre\u0301tendument spolie\u0301s. La direction du PIT-Se\u0301ne\u0301gal, apre\u0300s avoir troque\u0301 la ligne de la Re\u0301volution nationale de\u0301mocratique au profit d\u2019une Strate\u0301gie de large rassemblement galvaude\u0301e faux-nez d\u2019un compagnonnage subalterne avec les franges re\u0301actionnaires de la bourgeoisie politico-bureaucratique &#8211; se fait le porte-parole du camp de la violence d\u2019E\u0301tat, de la dictature rampante, d\u2019abandon de veuves de soldats disparus dans des circonstances troubles, et de la de\u0301mission nationale \u00bb.<\/p>\n<p>D\u2019ailleurs, le Comite\u0301 pour la plateforme de re\u0301flexions (CPR) Doolel PIT-Se\u0301ne\u0301gal exhorte les de\u0301mocrates, les patriotes et les travailleuses et travailleurs a\u0300 s\u2019organiser en comite\u0301 de de\u0301fense de la Re\u0301publique. Il invite le Conseil constitutionnel a\u0300 prendre ses responsabilite\u0301s en fixant une date pour l\u2019e\u0301lection pre\u0301sidentielle. Non sans appeler les militants du PIT-Se\u0301ne\u0301gal a\u0300 rejoindre, comme le CPR Doolel PIT-Se\u0301ne\u0301gal, les forces de\u0301mocratiques et patriotiques qui luttent pour mettre en e\u0301chec la tentative de confiscation du pouvoir par Macky Sall.<\/p>\n<p>Sur le me\u0302me volet, il exige du pre\u0301sident Macky Sall une attitude en conformite\u0301 avec les charges de sa fonction?et que le 2 avril 2024, quelle que soit l\u2019e\u0301volution du processus e\u0301lectoral enclenche\u0301 par le Conseil Constitutionnel, son mandat a\u0300 la te\u0302te du Se\u0301ne\u0301gal prend fin.<\/p>\n<p><strong>Pour plus d&rsquo;informations et d&rsquo;analyses sur la <a href=\"https:\/\/www.africa-press.net\/senegal\">Senegal<\/a>, suivez <a href=\"https:\/\/www.africa-press.net\/\">Africa-Press<\/a><\/strong><\/p>\n","protected":false},"excerpt":{"rendered":"<p>Africa-Press &#8211; Senegal. Apre\u0300s Mary Teuw Niane, le CPR Doolel PIT revient a\u0300 la charge et invite les Se\u0301ne\u0301galais a\u0300 ne pas dormir sur leurs lauriers. Selon ce parti, a\u0300 travers une note rendue publique, \u00ab Macky Sall n\u2019a aucune volonte\u0301 d\u2019abandonner le pouvoir. Il se pre\u0301pare a\u0300 l\u2019usurper. Et ceci au me\u0301pris de la [&hellip;]<\/p>\n","protected":false},"author":82,"featured_media":56757,"comment_status":"open","ping_status":"closed","sticky":false,"template":"","format":"standard","meta":{"footnotes":""},"categories":[2,10],"tags":[43,47,44],"class_list":["post-56759","post","type-post","status-publish","format-standard","has-post-thumbnail","hentry","category-politique","category-toutes-les-actualites","tag-africa-press-2","tag-africa-press-senegal","tag-senegal-2"],"yoast_head":"<!-- This site is optimized with the Yoast SEO Premium plugin v26.1 (Yoast SEO v27.0) - https:\/\/yoast.com\/product\/yoast-seo-premium-wordpress\/ -->\n<title>Doolel PIT : \u00ab Macky Sall n\u2019a aucune volont\u00e9 de quitter le pouvoir \u00bb - Senegal<\/title>\n<meta name=\"description\" content=\"Apre\u0300s Mary Teuw Niane, le CPR Doolel PIT revient a\u0300 la charge et invite les Se\u0301ne\u0301galais a\u0300 ne pas dormir sur leurs lau ...\" \/>\n<meta name=\"robots\" content=\"index, follow, max-snippet:-1, max-image-preview:large, max-video-preview:-1\" \/>\n<link rel=\"canonical\" href=\"https:\/\/www.africa-press.net\/senegal\/politique\/doolel-pit-macky-sall-na-aucune-volonte-de-quitter-le-pouvoir\" \/>\n<meta property=\"og:locale\" content=\"fr_FR\" \/>\n<meta property=\"og:type\" content=\"article\" \/>\n<meta property=\"og:title\" content=\"Doolel PIT : \u00ab Macky Sall n\u2019a aucune volont\u00e9 de quitter le pouvoir \u00bb\" \/>\n<meta property=\"og:description\" content=\"Apre\u0300s Mary Teuw Niane, le CPR Doolel PIT revient a\u0300 la charge et invite les Se\u0301ne\u0301galais a\u0300 ne pas dormir sur leurs lau ...\" \/>\n<meta property=\"og:url\" content=\"https:\/\/www.africa-press.net\/senegal\/politique\/doolel-pit-macky-sall-na-aucune-volonte-de-quitter-le-pouvoir\" \/>\n<meta property=\"og:site_name\" content=\"Senegal\" \/>\n<meta property=\"article:published_time\" content=\"2024-03-12T21:44:31+00:00\" \/>\n<meta property=\"article:modified_time\" content=\"2024-03-12T22:53:01+00:00\" \/>\n<meta property=\"og:image\" content=\"https:\/\/static.africa-press.net\/senegal\/sites\/13\/2024\/03\/sm_1710267709.026597.jpg\" \/>\n\t<meta property=\"og:image:width\" content=\"1294\" \/>\n\t<meta property=\"og:image:height\" content=\"629\" \/>\n\t<meta property=\"og:image:type\" content=\"image\/jpeg\" \/>\n<meta name=\"author\" content=\"cfeditorfr\" \/>\n<meta name=\"twitter:card\" content=\"summary_large_image\" \/>\n<meta name=\"twitter:label1\" content=\"\u00c9crit par\" \/>\n\t<meta name=\"twitter:data1\" content=\"cfeditorfr\" \/>\n\t<meta name=\"twitter:label2\" content=\"Dur\u00e9e de lecture estim\u00e9e\" \/>\n\t<meta name=\"twitter:data2\" content=\"2 minutes\" \/>\n<script type=\"application\/ld+json\" class=\"yoast-schema-graph\">{\"@context\":\"https:\/\/schema.org\",\"@graph\":[{\"@type\":\"Article\",\"@id\":\"https:\/\/www.africa-press.net\/senegal\/politique\/doolel-pit-macky-sall-na-aucune-volonte-de-quitter-le-pouvoir#article\",\"isPartOf\":{\"@id\":\"https:\/\/www.africa-press.net\/senegal\/politique\/doolel-pit-macky-sall-na-aucune-volonte-de-quitter-le-pouvoir\"},\"author\":{\"name\":\"cfeditorfr\",\"@id\":\"https:\/\/www.africa-press.net\/senegal\/#\/schema\/person\/2b1cf3cd81a31e3cd26889ca66d677f1\"},\"headline\":\"Doolel PIT : \u00ab Macky Sall n\u2019a aucune volont\u00e9 de quitter le pouvoir \u00bb\",\"datePublished\":\"2024-03-12T21:44:31+00:00\",\"dateModified\":\"2024-03-12T22:53:01+00:00\",\"mainEntityOfPage\":{\"@id\":\"https:\/\/www.africa-press.net\/senegal\/politique\/doolel-pit-macky-sall-na-aucune-volonte-de-quitter-le-pouvoir\"},\"wordCount\":502,\"commentCount\":0,\"image\":{\"@id\":\"https:\/\/www.africa-press.net\/senegal\/politique\/doolel-pit-macky-sall-na-aucune-volonte-de-quitter-le-pouvoir#primaryimage\"},\"thumbnailUrl\":\"https:\/\/static.africa-press.net\/senegal\/sites\/13\/2024\/03\/sm_1710267709.026597.jpg\",\"keywords\":[\"Africa Press\",\"Africa Press-Senegal\",\"Senegal\"],\"articleSection\":[\"Politique\",\"Toutes les actualit\u00e9s\"],\"inLanguage\":\"fr-FR\",\"potentialAction\":[{\"@type\":\"CommentAction\",\"name\":\"Comment\",\"target\":[\"https:\/\/www.africa-press.net\/senegal\/politique\/doolel-pit-macky-sall-na-aucune-volonte-de-quitter-le-pouvoir#respond\"]}]},{\"@type\":\"WebPage\",\"@id\":\"https:\/\/www.africa-press.net\/senegal\/politique\/doolel-pit-macky-sall-na-aucune-volonte-de-quitter-le-pouvoir\",\"url\":\"https:\/\/www.africa-press.net\/senegal\/politique\/doolel-pit-macky-sall-na-aucune-volonte-de-quitter-le-pouvoir\",\"name\":\"Doolel PIT : \u00ab Macky Sall n\u2019a aucune volont\u00e9 de quitter le pouvoir \u00bb - Senegal\",\"isPartOf\":{\"@id\":\"https:\/\/www.africa-press.net\/senegal\/#website\"},\"primaryImageOfPage\":{\"@id\":\"https:\/\/www.africa-press.net\/senegal\/politique\/doolel-pit-macky-sall-na-aucune-volonte-de-quitter-le-pouvoir#primaryimage\"},\"image\":{\"@id\":\"https:\/\/www.africa-press.net\/senegal\/politique\/doolel-pit-macky-sall-na-aucune-volonte-de-quitter-le-pouvoir#primaryimage\"},\"thumbnailUrl\":\"https:\/\/static.africa-press.net\/senegal\/sites\/13\/2024\/03\/sm_1710267709.026597.jpg\",\"datePublished\":\"2024-03-12T21:44:31+00:00\",\"dateModified\":\"2024-03-12T22:53:01+00:00\",\"author\":{\"@id\":\"https:\/\/www.africa-press.net\/senegal\/#\/schema\/person\/2b1cf3cd81a31e3cd26889ca66d677f1\"},\"description\":\"Apre\u0300s Mary Teuw Niane, le CPR Doolel PIT revient a\u0300 la charge et invite les Se\u0301ne\u0301galais a\u0300 ne pas dormir sur leurs lau ...\",\"breadcrumb\":{\"@id\":\"https:\/\/www.africa-press.net\/senegal\/politique\/doolel-pit-macky-sall-na-aucune-volonte-de-quitter-le-pouvoir#breadcrumb\"},\"inLanguage\":\"fr-FR\",\"potentialAction\":[{\"@type\":\"ReadAction\",\"target\":[\"https:\/\/www.africa-press.net\/senegal\/politique\/doolel-pit-macky-sall-na-aucune-volonte-de-quitter-le-pouvoir\"]}]},{\"@type\":\"ImageObject\",\"inLanguage\":\"fr-FR\",\"@id\":\"https:\/\/www.africa-press.net\/senegal\/politique\/doolel-pit-macky-sall-na-aucune-volonte-de-quitter-le-pouvoir#primaryimage\",\"url\":\"https:\/\/static.africa-press.net\/senegal\/sites\/13\/2024\/03\/sm_1710267709.026597.jpg\",\"contentUrl\":\"https:\/\/static.africa-press.net\/senegal\/sites\/13\/2024\/03\/sm_1710267709.026597.jpg\",\"width\":1294,\"height\":629,\"caption\":\"Doolel PIT : \u00ab Macky Sall n\u2019a aucune volont\u00e9 de quitter le pouvoir \u00bb\"},{\"@type\":\"BreadcrumbList\",\"@id\":\"https:\/\/www.africa-press.net\/senegal\/politique\/doolel-pit-macky-sall-na-aucune-volonte-de-quitter-le-pouvoir#breadcrumb\",\"itemListElement\":[{\"@type\":\"ListItem\",\"position\":1,\"name\":\"Accueil\",\"item\":\"https:\/\/www.africa-press.net\/senegal\/\"},{\"@type\":\"ListItem\",\"position\":2,\"name\":\"Doolel PIT : \u00ab Macky Sall n\u2019a aucune volont\u00e9 de quitter le pouvoir \u00bb\"}]},{\"@type\":\"WebSite\",\"@id\":\"https:\/\/www.africa-press.net\/senegal\/#website\",\"url\":\"https:\/\/www.africa-press.net\/senegal\/\",\"name\":\"Africa Press | Senegal | Homepage\",\"description\":\"Just another Africa News Agency Sites site\",\"potentialAction\":[{\"@type\":\"SearchAction\",\"target\":{\"@type\":\"EntryPoint\",\"urlTemplate\":\"https:\/\/www.africa-press.net\/senegal\/?s={search_term_string}\"},\"query-input\":{\"@type\":\"PropertyValueSpecification\",\"valueRequired\":true,\"valueName\":\"search_term_string\"}}],\"inLanguage\":\"fr-FR\"},{\"@type\":\"Person\",\"@id\":\"https:\/\/www.africa-press.net\/senegal\/#\/schema\/person\/2b1cf3cd81a31e3cd26889ca66d677f1\",\"name\":\"cfeditorfr\",\"url\":\"https:\/\/www.africa-press.net\/senegal\/author\/cfeditorfr\"}]}<\/script>\n<!-- \/ Yoast SEO Premium plugin. -->","yoast_head_json":{"title":"Doolel PIT : \u00ab Macky Sall n\u2019a aucune volont\u00e9 de quitter le pouvoir \u00bb - Senegal","description":"Apre\u0300s Mary Teuw Niane, le CPR Doolel PIT revient a\u0300 la charge et invite les Se\u0301ne\u0301galais a\u0300 ne pas dormir sur leurs lau ...","robots":{"index":"index","follow":"follow","max-snippet":"max-snippet:-1","max-image-preview":"max-image-preview:large","max-video-preview":"max-video-preview:-1"},"canonical":"https:\/\/www.africa-press.net\/senegal\/politique\/doolel-pit-macky-sall-na-aucune-volonte-de-quitter-le-pouvoir","og_locale":"fr_FR","og_type":"article","og_title":"Doolel PIT : \u00ab Macky Sall n\u2019a aucune volont\u00e9 de quitter le pouvoir \u00bb","og_description":"Apre\u0300s Mary Teuw Niane, le CPR Doolel PIT revient a\u0300 la charge et invite les Se\u0301ne\u0301galais a\u0300 ne pas dormir sur leurs lau ...","og_url":"https:\/\/www.africa-press.net\/senegal\/politique\/doolel-pit-macky-sall-na-aucune-volonte-de-quitter-le-pouvoir","og_site_name":"Senegal","article_published_time":"2024-03-12T21:44:31+00:00","article_modified_time":"2024-03-12T22:53:01+00:00","og_image":[{"width":1294,"height":629,"url":"https:\/\/static.africa-press.net\/senegal\/sites\/13\/2024\/03\/sm_1710267709.026597.jpg","type":"image\/jpeg"}],"author":"cfeditorfr","twitter_card":"summary_large_image","twitter_misc":{"\u00c9crit par":"cfeditorfr","Dur\u00e9e de lecture estim\u00e9e":"2 minutes"},"schema":{"@context":"https:\/\/schema.org","@graph":[{"@type":"Article","@id":"https:\/\/www.africa-press.net\/senegal\/politique\/doolel-pit-macky-sall-na-aucune-volonte-de-quitter-le-pouvoir#article","isPartOf":{"@id":"https:\/\/www.africa-press.net\/senegal\/politique\/doolel-pit-macky-sall-na-aucune-volonte-de-quitter-le-pouvoir"},"author":{"name":"cfeditorfr","@id":"https:\/\/www.africa-press.net\/senegal\/#\/schema\/person\/2b1cf3cd81a31e3cd26889ca66d677f1"},"headline":"Doolel PIT : \u00ab Macky Sall n\u2019a aucune volont\u00e9 de quitter le pouvoir \u00bb","datePublished":"2024-03-12T21:44:31+00:00","dateModified":"2024-03-12T22:53:01+00:00","mainEntityOfPage":{"@id":"https:\/\/www.africa-press.net\/senegal\/politique\/doolel-pit-macky-sall-na-aucune-volonte-de-quitter-le-pouvoir"},"wordCount":502,"commentCount":0,"image":{"@id":"https:\/\/www.africa-press.net\/senegal\/politique\/doolel-pit-macky-sall-na-aucune-volonte-de-quitter-le-pouvoir#primaryimage"},"thumbnailUrl":"https:\/\/static.africa-press.net\/senegal\/sites\/13\/2024\/03\/sm_1710267709.026597.jpg","keywords":["Africa Press","Africa Press-Senegal","Senegal"],"articleSection":["Politique","Toutes les actualit\u00e9s"],"inLanguage":"fr-FR","potentialAction":[{"@type":"CommentAction","name":"Comment","target":["https:\/\/www.africa-press.net\/senegal\/politique\/doolel-pit-macky-sall-na-aucune-volonte-de-quitter-le-pouvoir#respond"]}]},{"@type":"WebPage","@id":"https:\/\/www.africa-press.net\/senegal\/politique\/doolel-pit-macky-sall-na-aucune-volonte-de-quitter-le-pouvoir","url":"https:\/\/www.africa-press.net\/senegal\/politique\/doolel-pit-macky-sall-na-aucune-volonte-de-quitter-le-pouvoir","name":"Doolel PIT : \u00ab Macky Sall n\u2019a aucune volont\u00e9 de quitter le pouvoir \u00bb - Senegal","isPartOf":{"@id":"https:\/\/www.africa-press.net\/senegal\/#website"},"primaryImageOfPage":{"@id":"https:\/\/www.africa-press.net\/senegal\/politique\/doolel-pit-macky-sall-na-aucune-volonte-de-quitter-le-pouvoir#primaryimage"},"image":{"@id":"https:\/\/www.africa-press.net\/senegal\/politique\/doolel-pit-macky-sall-na-aucune-volonte-de-quitter-le-pouvoir#primaryimage"},"thumbnailUrl":"https:\/\/static.africa-press.net\/senegal\/sites\/13\/2024\/03\/sm_1710267709.026597.jpg","datePublished":"2024-03-12T21:44:31+00:00","dateModified":"2024-03-12T22:53:01+00:00","author":{"@id":"https:\/\/www.africa-press.net\/senegal\/#\/schema\/person\/2b1cf3cd81a31e3cd26889ca66d677f1"},"description":"Apre\u0300s Mary Teuw Niane, le CPR Doolel PIT revient a\u0300 la charge et invite les Se\u0301ne\u0301galais a\u0300 ne pas dormir sur leurs lau ...","breadcrumb":{"@id":"https:\/\/www.africa-press.net\/senegal\/politique\/doolel-pit-macky-sall-na-aucune-volonte-de-quitter-le-pouvoir#breadcrumb"},"inLanguage":"fr-FR","potentialAction":[{"@type":"ReadAction","target":["https:\/\/www.africa-press.net\/senegal\/politique\/doolel-pit-macky-sall-na-aucune-volonte-de-quitter-le-pouvoir"]}]},{"@type":"ImageObject","inLanguage":"fr-FR","@id":"https:\/\/www.africa-press.net\/senegal\/politique\/doolel-pit-macky-sall-na-aucune-volonte-de-quitter-le-pouvoir#primaryimage","url":"https:\/\/static.africa-press.net\/senegal\/sites\/13\/2024\/03\/sm_1710267709.026597.jpg","contentUrl":"https:\/\/static.africa-press.net\/senegal\/sites\/13\/2024\/03\/sm_1710267709.026597.jpg","width":1294,"height":629,"caption":"Doolel PIT : \u00ab Macky Sall n\u2019a aucune volont\u00e9 de quitter le pouvoir \u00bb"},{"@type":"BreadcrumbList","@id":"https:\/\/www.africa-press.net\/senegal\/politique\/doolel-pit-macky-sall-na-aucune-volonte-de-quitter-le-pouvoir#breadcrumb","itemListElement":[{"@type":"ListItem","position":1,"name":"Accueil","item":"https:\/\/www.africa-press.net\/senegal\/"},{"@type":"ListItem","position":2,"name":"Doolel PIT : \u00ab Macky Sall n\u2019a aucune volont\u00e9 de quitter le pouvoir \u00bb"}]},{"@type":"WebSite","@id":"https:\/\/www.africa-press.net\/senegal\/#website","url":"https:\/\/www.africa-press.net\/senegal\/","name":"Africa Press | Senegal | Homepage","description":"Just another Africa News Agency Sites site","potentialAction":[{"@type":"SearchAction","target":{"@type":"EntryPoint","urlTemplate":"https:\/\/www.africa-press.net\/senegal\/?s={search_term_string}"},"query-input":{"@type":"PropertyValueSpecification","valueRequired":true,"valueName":"search_term_string"}}],"inLanguage":"fr-FR"},{"@type":"Person","@id":"https:\/\/www.africa-press.net\/senegal\/#\/schema\/person\/2b1cf3cd81a31e3cd26889ca66d677f1","name":"cfeditorfr","url":"https:\/\/www.africa-press.net\/senegal\/author\/cfeditorfr"}]}},"_links":{"self":[{"href":"https:\/\/www.africa-press.net\/senegal\/wp-json\/wp\/v2\/posts\/56759","targetHints":{"allow":["GET"]}}],"collection":[{"href":"https:\/\/www.africa-press.net\/senegal\/wp-json\/wp\/v2\/posts"}],"about":[{"href":"https:\/\/www.africa-press.net\/senegal\/wp-json\/wp\/v2\/types\/post"}],"author":[{"embeddable":true,"href":"https:\/\/www.africa-press.net\/senegal\/wp-json\/wp\/v2\/users\/82"}],"replies":[{"embeddable":true,"href":"https:\/\/www.africa-press.net\/senegal\/wp-json\/wp\/v2\/comments?post=56759"}],"version-history":[{"count":0,"href":"https:\/\/www.africa-press.net\/senegal\/wp-json\/wp\/v2\/posts\/56759\/revisions"}],"wp:featuredmedia":[{"embeddable":true,"href":"https:\/\/www.africa-press.net\/senegal\/wp-json\/wp\/v2\/media\/56757"}],"wp:attachment":[{"href":"https:\/\/www.africa-press.net\/senegal\/wp-json\/wp\/v2\/media?parent=56759"}],"wp:term":[{"taxonomy":"category","embeddable":true,"href":"https:\/\/www.africa-press.net\/senegal\/wp-json\/wp\/v2\/categories?post=56759"},{"taxonomy":"post_tag","embeddable":true,"href":"https:\/\/www.africa-press.net\/senegal\/wp-json\/wp\/v2\/tags?post=56759"}],"curies":[{"name":"wp","href":"https:\/\/api.w.org\/{rel}","templated":true}]}}