{"id":56762,"date":"2024-03-12T21:45:37","date_gmt":"2024-03-12T21:45:37","guid":{"rendered":"https:\/\/www.africa-press.net\/senegal\/politique\/elu-khalifa-ababacar-sall-va-renforcer-les-cooperatives-dhabitat-des-senegalais-de-lexterieur"},"modified":"2024-03-12T22:53:28","modified_gmt":"2024-03-12T22:53:28","slug":"elu-khalifa-ababacar-sall-va-renforcer-les-cooperatives-dhabitat-des-senegalais-de-lexterieur","status":"publish","type":"post","link":"https:\/\/www.africa-press.net\/senegal\/politique\/elu-khalifa-ababacar-sall-va-renforcer-les-cooperatives-dhabitat-des-senegalais-de-lexterieur","title":{"rendered":"\u00c9lu, Khalifa Ababacar Sall va renforcer les coop\u00e9ratives d\u2019habitat des S\u00e9n\u00e9galais de l\u2019Ext\u00e9rieur"},"content":{"rendered":"<p><span style=\"color: #ff6600\"><strong>Africa-Press &#8211; Senegal. <\/strong><\/span>Khalifa Ababacar Sall Pre\u0301sident de la Re\u0301publique il promet de restaurer le leadership diplomatique du Se\u0301ne\u0301gal, en l\u2019engageant, dans les domaines e\u0301conomiques et commerciaux de\u0301coulant sur des partenariats be\u0301ne\u0301fiques, souligne son programme rendu public depuis ce 9 mars.<\/p>\n<p>S\u2019il est e\u0301lu pre\u0301sident de la Re\u0301publique, Khalifa Ababacar Sall compte diversifier et re\u0301e\u0301quilibrer les partenariats politiques, diplomatiques et e\u0301conomiques du Se\u0301ne\u0301gal, en renforc\u0327ant la coope\u0301ration Sud-Sud et avec les pays e\u0301mergents. Il sera ainsi proce\u0301de\u0301 a\u0300 \u00ab l\u2019e\u0301largissement de la base de partenaires e\u0301conomiques pour diversifier les relations commerciales \u00bb.<\/p>\n<p>Dans le programme de Khalifa Pre\u0301sident, il est mis en avant l\u2019e\u0301laboration et application d\u2019une politique migratoire nationale, en partenariat avec les pays de de\u0301part et d\u2019accueil. A cet e\u0301gard, les autorite\u0301s vont assurer une meilleure repre\u0301sentation et une protection ade\u0301quate des Se\u0301ne\u0301galais de l\u2019exte\u0301rieur via les consulats et les associations de Se\u0301ne\u0301galais.<\/p>\n<p>Le candidat de Khalifa Pre\u0301sident va engager, dans le cadre sous re\u0301gional, des ne\u0301gociations avec les pays d\u2019accueil pour promouvoir la migration circulaire. Il est aussi pre\u0301vu une mesure phare qui vise a\u0300 \u00ab encourager la cre\u0301ation de coope\u0301ratives d\u2019habitat des Se\u0301ne\u0301galais de l\u2019exte\u0301rieur et mettre syste\u0301matiquement a\u0300 leur disposition un quota incompressible dans les lotissements et programmes de logement initie\u0301s par l\u2019E\u0301tat \u00bb.<\/p>\n<p><strong>Pour plus d&rsquo;informations et d&rsquo;analyses sur la <a href=\"https:\/\/www.africa-press.net\/senegal\">Senegal<\/a>, suivez <a href=\"https:\/\/www.africa-press.net\/\">Africa-Press<\/a><\/strong><\/p>\n","protected":false},"excerpt":{"rendered":"<p>Africa-Press &#8211; Senegal. Khalifa Ababacar Sall Pre\u0301sident de la Re\u0301publique il promet de restaurer le leadership diplomatique du Se\u0301ne\u0301gal, en l\u2019engageant, dans les domaines e\u0301conomiques et commerciaux de\u0301coulant sur des partenariats be\u0301ne\u0301fiques, souligne son programme rendu public depuis ce 9 mars. S\u2019il est e\u0301lu pre\u0301sident de la Re\u0301publique, Khalifa Ababacar Sall compte diversifier et re\u0301e\u0301quilibrer [&hellip;]<\/p>\n","protected":false},"author":82,"featured_media":56760,"comment_status":"open","ping_status":"closed","sticky":false,"template":"","format":"standard","meta":{"footnotes":""},"categories":[2,10],"tags":[43,47,44],"class_list":["post-56762","post","type-post","status-publish","format-standard","has-post-thumbnail","hentry","category-politique","category-toutes-les-actualites","tag-africa-press-2","tag-africa-press-senegal","tag-senegal-2"],"yoast_head":"<!-- This site is optimized with the Yoast SEO Premium plugin v26.1 (Yoast SEO v27.0) - https:\/\/yoast.com\/product\/yoast-seo-premium-wordpress\/ -->\n<title>\u00c9lu, Khalifa Ababacar Sall va renforcer les coop\u00e9ratives d\u2019habitat des S\u00e9n\u00e9galais de l\u2019Ext\u00e9rieur - Senegal<\/title>\n<meta name=\"description\" content=\"Khalifa Ababacar Sall Pre\u0301sident de la Re\u0301publique il promet de restaurer le leadership diplomatique du Se\u0301ne\u0301gal, en l\u2019 ...\" \/>\n<meta name=\"robots\" content=\"index, follow, max-snippet:-1, max-image-preview:large, max-video-preview:-1\" \/>\n<link rel=\"canonical\" href=\"https:\/\/www.africa-press.net\/senegal\/politique\/elu-khalifa-ababacar-sall-va-renforcer-les-cooperatives-dhabitat-des-senegalais-de-lexterieur\" \/>\n<meta property=\"og:locale\" content=\"fr_FR\" \/>\n<meta property=\"og:type\" content=\"article\" \/>\n<meta property=\"og:title\" content=\"\u00c9lu, Khalifa Ababacar Sall va renforcer les coop\u00e9ratives d\u2019habitat des S\u00e9n\u00e9galais de l\u2019Ext\u00e9rieur\" \/>\n<meta property=\"og:description\" content=\"Khalifa Ababacar Sall Pre\u0301sident de la Re\u0301publique il promet de restaurer le leadership diplomatique du Se\u0301ne\u0301gal, en l\u2019 ...\" \/>\n<meta property=\"og:url\" content=\"https:\/\/www.africa-press.net\/senegal\/politique\/elu-khalifa-ababacar-sall-va-renforcer-les-cooperatives-dhabitat-des-senegalais-de-lexterieur\" \/>\n<meta property=\"og:site_name\" content=\"Senegal\" \/>\n<meta property=\"article:published_time\" content=\"2024-03-12T21:45:37+00:00\" \/>\n<meta property=\"article:modified_time\" content=\"2024-03-12T22:53:28+00:00\" \/>\n<meta property=\"og:image\" content=\"https:\/\/static.africa-press.net\/senegal\/sites\/13\/2024\/03\/sm_1710267736.331756.jpg\" \/>\n\t<meta property=\"og:image:width\" content=\"1299\" \/>\n\t<meta property=\"og:image:height\" content=\"634\" \/>\n\t<meta property=\"og:image:type\" content=\"image\/jpeg\" \/>\n<meta name=\"author\" content=\"cfeditorfr\" \/>\n<meta name=\"twitter:card\" content=\"summary_large_image\" \/>\n<meta name=\"twitter:label1\" content=\"\u00c9crit par\" \/>\n\t<meta name=\"twitter:data1\" content=\"cfeditorfr\" \/>\n\t<meta name=\"twitter:label2\" content=\"Dur\u00e9e de lecture estim\u00e9e\" \/>\n\t<meta name=\"twitter:data2\" content=\"1 minute\" \/>\n<script type=\"application\/ld+json\" class=\"yoast-schema-graph\">{\"@context\":\"https:\/\/schema.org\",\"@graph\":[{\"@type\":\"Article\",\"@id\":\"https:\/\/www.africa-press.net\/senegal\/politique\/elu-khalifa-ababacar-sall-va-renforcer-les-cooperatives-dhabitat-des-senegalais-de-lexterieur#article\",\"isPartOf\":{\"@id\":\"https:\/\/www.africa-press.net\/senegal\/politique\/elu-khalifa-ababacar-sall-va-renforcer-les-cooperatives-dhabitat-des-senegalais-de-lexterieur\"},\"author\":{\"name\":\"cfeditorfr\",\"@id\":\"https:\/\/www.africa-press.net\/senegal\/#\/schema\/person\/2b1cf3cd81a31e3cd26889ca66d677f1\"},\"headline\":\"\u00c9lu, Khalifa Ababacar Sall va renforcer les coop\u00e9ratives d\u2019habitat des S\u00e9n\u00e9galais de l\u2019Ext\u00e9rieur\",\"datePublished\":\"2024-03-12T21:45:37+00:00\",\"dateModified\":\"2024-03-12T22:53:28+00:00\",\"mainEntityOfPage\":{\"@id\":\"https:\/\/www.africa-press.net\/senegal\/politique\/elu-khalifa-ababacar-sall-va-renforcer-les-cooperatives-dhabitat-des-senegalais-de-lexterieur\"},\"wordCount\":292,\"commentCount\":0,\"image\":{\"@id\":\"https:\/\/www.africa-press.net\/senegal\/politique\/elu-khalifa-ababacar-sall-va-renforcer-les-cooperatives-dhabitat-des-senegalais-de-lexterieur#primaryimage\"},\"thumbnailUrl\":\"https:\/\/static.africa-press.net\/senegal\/sites\/13\/2024\/03\/sm_1710267736.331756.jpg\",\"keywords\":[\"Africa Press\",\"Africa Press-Senegal\",\"Senegal\"],\"articleSection\":[\"Politique\",\"Toutes les actualit\u00e9s\"],\"inLanguage\":\"fr-FR\",\"potentialAction\":[{\"@type\":\"CommentAction\",\"name\":\"Comment\",\"target\":[\"https:\/\/www.africa-press.net\/senegal\/politique\/elu-khalifa-ababacar-sall-va-renforcer-les-cooperatives-dhabitat-des-senegalais-de-lexterieur#respond\"]}]},{\"@type\":\"WebPage\",\"@id\":\"https:\/\/www.africa-press.net\/senegal\/politique\/elu-khalifa-ababacar-sall-va-renforcer-les-cooperatives-dhabitat-des-senegalais-de-lexterieur\",\"url\":\"https:\/\/www.africa-press.net\/senegal\/politique\/elu-khalifa-ababacar-sall-va-renforcer-les-cooperatives-dhabitat-des-senegalais-de-lexterieur\",\"name\":\"\u00c9lu, Khalifa Ababacar Sall va renforcer les coop\u00e9ratives d\u2019habitat des S\u00e9n\u00e9galais de l\u2019Ext\u00e9rieur - Senegal\",\"isPartOf\":{\"@id\":\"https:\/\/www.africa-press.net\/senegal\/#website\"},\"primaryImageOfPage\":{\"@id\":\"https:\/\/www.africa-press.net\/senegal\/politique\/elu-khalifa-ababacar-sall-va-renforcer-les-cooperatives-dhabitat-des-senegalais-de-lexterieur#primaryimage\"},\"image\":{\"@id\":\"https:\/\/www.africa-press.net\/senegal\/politique\/elu-khalifa-ababacar-sall-va-renforcer-les-cooperatives-dhabitat-des-senegalais-de-lexterieur#primaryimage\"},\"thumbnailUrl\":\"https:\/\/static.africa-press.net\/senegal\/sites\/13\/2024\/03\/sm_1710267736.331756.jpg\",\"datePublished\":\"2024-03-12T21:45:37+00:00\",\"dateModified\":\"2024-03-12T22:53:28+00:00\",\"author\":{\"@id\":\"https:\/\/www.africa-press.net\/senegal\/#\/schema\/person\/2b1cf3cd81a31e3cd26889ca66d677f1\"},\"description\":\"Khalifa Ababacar Sall Pre\u0301sident de la Re\u0301publique il promet de restaurer le leadership diplomatique du Se\u0301ne\u0301gal, en l\u2019 ...\",\"breadcrumb\":{\"@id\":\"https:\/\/www.africa-press.net\/senegal\/politique\/elu-khalifa-ababacar-sall-va-renforcer-les-cooperatives-dhabitat-des-senegalais-de-lexterieur#breadcrumb\"},\"inLanguage\":\"fr-FR\",\"potentialAction\":[{\"@type\":\"ReadAction\",\"target\":[\"https:\/\/www.africa-press.net\/senegal\/politique\/elu-khalifa-ababacar-sall-va-renforcer-les-cooperatives-dhabitat-des-senegalais-de-lexterieur\"]}]},{\"@type\":\"ImageObject\",\"inLanguage\":\"fr-FR\",\"@id\":\"https:\/\/www.africa-press.net\/senegal\/politique\/elu-khalifa-ababacar-sall-va-renforcer-les-cooperatives-dhabitat-des-senegalais-de-lexterieur#primaryimage\",\"url\":\"https:\/\/static.africa-press.net\/senegal\/sites\/13\/2024\/03\/sm_1710267736.331756.jpg\",\"contentUrl\":\"https:\/\/static.africa-press.net\/senegal\/sites\/13\/2024\/03\/sm_1710267736.331756.jpg\",\"width\":1299,\"height\":634,\"caption\":\"\u00c9lu, Khalifa Ababacar Sall va renforcer les coop\u00e9ratives d\u2019habitat des S\u00e9n\u00e9galais de l\u2019Ext\u00e9rieur\"},{\"@type\":\"BreadcrumbList\",\"@id\":\"https:\/\/www.africa-press.net\/senegal\/politique\/elu-khalifa-ababacar-sall-va-renforcer-les-cooperatives-dhabitat-des-senegalais-de-lexterieur#breadcrumb\",\"itemListElement\":[{\"@type\":\"ListItem\",\"position\":1,\"name\":\"Accueil\",\"item\":\"https:\/\/www.africa-press.net\/senegal\/\"},{\"@type\":\"ListItem\",\"position\":2,\"name\":\"\u00c9lu, Khalifa Ababacar Sall va renforcer les coop\u00e9ratives d\u2019habitat des S\u00e9n\u00e9galais de l\u2019Ext\u00e9rieur\"}]},{\"@type\":\"WebSite\",\"@id\":\"https:\/\/www.africa-press.net\/senegal\/#website\",\"url\":\"https:\/\/www.africa-press.net\/senegal\/\",\"name\":\"Africa Press | Senegal | Homepage\",\"description\":\"Just another Africa News Agency Sites site\",\"potentialAction\":[{\"@type\":\"SearchAction\",\"target\":{\"@type\":\"EntryPoint\",\"urlTemplate\":\"https:\/\/www.africa-press.net\/senegal\/?s={search_term_string}\"},\"query-input\":{\"@type\":\"PropertyValueSpecification\",\"valueRequired\":true,\"valueName\":\"search_term_string\"}}],\"inLanguage\":\"fr-FR\"},{\"@type\":\"Person\",\"@id\":\"https:\/\/www.africa-press.net\/senegal\/#\/schema\/person\/2b1cf3cd81a31e3cd26889ca66d677f1\",\"name\":\"cfeditorfr\",\"url\":\"https:\/\/www.africa-press.net\/senegal\/author\/cfeditorfr\"}]}<\/script>\n<!-- \/ Yoast SEO Premium plugin. -->","yoast_head_json":{"title":"\u00c9lu, Khalifa Ababacar Sall va renforcer les coop\u00e9ratives d\u2019habitat des S\u00e9n\u00e9galais de l\u2019Ext\u00e9rieur - Senegal","description":"Khalifa Ababacar Sall Pre\u0301sident de la Re\u0301publique il promet de restaurer le leadership diplomatique du Se\u0301ne\u0301gal, en l\u2019 ...","robots":{"index":"index","follow":"follow","max-snippet":"max-snippet:-1","max-image-preview":"max-image-preview:large","max-video-preview":"max-video-preview:-1"},"canonical":"https:\/\/www.africa-press.net\/senegal\/politique\/elu-khalifa-ababacar-sall-va-renforcer-les-cooperatives-dhabitat-des-senegalais-de-lexterieur","og_locale":"fr_FR","og_type":"article","og_title":"\u00c9lu, Khalifa Ababacar Sall va renforcer les coop\u00e9ratives d\u2019habitat des S\u00e9n\u00e9galais de l\u2019Ext\u00e9rieur","og_description":"Khalifa Ababacar Sall Pre\u0301sident de la Re\u0301publique il promet de restaurer le leadership diplomatique du Se\u0301ne\u0301gal, en l\u2019 ...","og_url":"https:\/\/www.africa-press.net\/senegal\/politique\/elu-khalifa-ababacar-sall-va-renforcer-les-cooperatives-dhabitat-des-senegalais-de-lexterieur","og_site_name":"Senegal","article_published_time":"2024-03-12T21:45:37+00:00","article_modified_time":"2024-03-12T22:53:28+00:00","og_image":[{"width":1299,"height":634,"url":"https:\/\/static.africa-press.net\/senegal\/sites\/13\/2024\/03\/sm_1710267736.331756.jpg","type":"image\/jpeg"}],"author":"cfeditorfr","twitter_card":"summary_large_image","twitter_misc":{"\u00c9crit par":"cfeditorfr","Dur\u00e9e de lecture estim\u00e9e":"1 minute"},"schema":{"@context":"https:\/\/schema.org","@graph":[{"@type":"Article","@id":"https:\/\/www.africa-press.net\/senegal\/politique\/elu-khalifa-ababacar-sall-va-renforcer-les-cooperatives-dhabitat-des-senegalais-de-lexterieur#article","isPartOf":{"@id":"https:\/\/www.africa-press.net\/senegal\/politique\/elu-khalifa-ababacar-sall-va-renforcer-les-cooperatives-dhabitat-des-senegalais-de-lexterieur"},"author":{"name":"cfeditorfr","@id":"https:\/\/www.africa-press.net\/senegal\/#\/schema\/person\/2b1cf3cd81a31e3cd26889ca66d677f1"},"headline":"\u00c9lu, Khalifa Ababacar Sall va renforcer les coop\u00e9ratives d\u2019habitat des S\u00e9n\u00e9galais de l\u2019Ext\u00e9rieur","datePublished":"2024-03-12T21:45:37+00:00","dateModified":"2024-03-12T22:53:28+00:00","mainEntityOfPage":{"@id":"https:\/\/www.africa-press.net\/senegal\/politique\/elu-khalifa-ababacar-sall-va-renforcer-les-cooperatives-dhabitat-des-senegalais-de-lexterieur"},"wordCount":292,"commentCount":0,"image":{"@id":"https:\/\/www.africa-press.net\/senegal\/politique\/elu-khalifa-ababacar-sall-va-renforcer-les-cooperatives-dhabitat-des-senegalais-de-lexterieur#primaryimage"},"thumbnailUrl":"https:\/\/static.africa-press.net\/senegal\/sites\/13\/2024\/03\/sm_1710267736.331756.jpg","keywords":["Africa Press","Africa Press-Senegal","Senegal"],"articleSection":["Politique","Toutes les actualit\u00e9s"],"inLanguage":"fr-FR","potentialAction":[{"@type":"CommentAction","name":"Comment","target":["https:\/\/www.africa-press.net\/senegal\/politique\/elu-khalifa-ababacar-sall-va-renforcer-les-cooperatives-dhabitat-des-senegalais-de-lexterieur#respond"]}]},{"@type":"WebPage","@id":"https:\/\/www.africa-press.net\/senegal\/politique\/elu-khalifa-ababacar-sall-va-renforcer-les-cooperatives-dhabitat-des-senegalais-de-lexterieur","url":"https:\/\/www.africa-press.net\/senegal\/politique\/elu-khalifa-ababacar-sall-va-renforcer-les-cooperatives-dhabitat-des-senegalais-de-lexterieur","name":"\u00c9lu, Khalifa Ababacar Sall va renforcer les coop\u00e9ratives d\u2019habitat des S\u00e9n\u00e9galais de l\u2019Ext\u00e9rieur - Senegal","isPartOf":{"@id":"https:\/\/www.africa-press.net\/senegal\/#website"},"primaryImageOfPage":{"@id":"https:\/\/www.africa-press.net\/senegal\/politique\/elu-khalifa-ababacar-sall-va-renforcer-les-cooperatives-dhabitat-des-senegalais-de-lexterieur#primaryimage"},"image":{"@id":"https:\/\/www.africa-press.net\/senegal\/politique\/elu-khalifa-ababacar-sall-va-renforcer-les-cooperatives-dhabitat-des-senegalais-de-lexterieur#primaryimage"},"thumbnailUrl":"https:\/\/static.africa-press.net\/senegal\/sites\/13\/2024\/03\/sm_1710267736.331756.jpg","datePublished":"2024-03-12T21:45:37+00:00","dateModified":"2024-03-12T22:53:28+00:00","author":{"@id":"https:\/\/www.africa-press.net\/senegal\/#\/schema\/person\/2b1cf3cd81a31e3cd26889ca66d677f1"},"description":"Khalifa Ababacar Sall Pre\u0301sident de la Re\u0301publique il promet de restaurer le leadership diplomatique du Se\u0301ne\u0301gal, en l\u2019 ...","breadcrumb":{"@id":"https:\/\/www.africa-press.net\/senegal\/politique\/elu-khalifa-ababacar-sall-va-renforcer-les-cooperatives-dhabitat-des-senegalais-de-lexterieur#breadcrumb"},"inLanguage":"fr-FR","potentialAction":[{"@type":"ReadAction","target":["https:\/\/www.africa-press.net\/senegal\/politique\/elu-khalifa-ababacar-sall-va-renforcer-les-cooperatives-dhabitat-des-senegalais-de-lexterieur"]}]},{"@type":"ImageObject","inLanguage":"fr-FR","@id":"https:\/\/www.africa-press.net\/senegal\/politique\/elu-khalifa-ababacar-sall-va-renforcer-les-cooperatives-dhabitat-des-senegalais-de-lexterieur#primaryimage","url":"https:\/\/static.africa-press.net\/senegal\/sites\/13\/2024\/03\/sm_1710267736.331756.jpg","contentUrl":"https:\/\/static.africa-press.net\/senegal\/sites\/13\/2024\/03\/sm_1710267736.331756.jpg","width":1299,"height":634,"caption":"\u00c9lu, Khalifa Ababacar Sall va renforcer les coop\u00e9ratives d\u2019habitat des S\u00e9n\u00e9galais de l\u2019Ext\u00e9rieur"},{"@type":"BreadcrumbList","@id":"https:\/\/www.africa-press.net\/senegal\/politique\/elu-khalifa-ababacar-sall-va-renforcer-les-cooperatives-dhabitat-des-senegalais-de-lexterieur#breadcrumb","itemListElement":[{"@type":"ListItem","position":1,"name":"Accueil","item":"https:\/\/www.africa-press.net\/senegal\/"},{"@type":"ListItem","position":2,"name":"\u00c9lu, Khalifa Ababacar Sall va renforcer les coop\u00e9ratives d\u2019habitat des S\u00e9n\u00e9galais de l\u2019Ext\u00e9rieur"}]},{"@type":"WebSite","@id":"https:\/\/www.africa-press.net\/senegal\/#website","url":"https:\/\/www.africa-press.net\/senegal\/","name":"Africa Press | Senegal | Homepage","description":"Just another Africa News Agency Sites site","potentialAction":[{"@type":"SearchAction","target":{"@type":"EntryPoint","urlTemplate":"https:\/\/www.africa-press.net\/senegal\/?s={search_term_string}"},"query-input":{"@type":"PropertyValueSpecification","valueRequired":true,"valueName":"search_term_string"}}],"inLanguage":"fr-FR"},{"@type":"Person","@id":"https:\/\/www.africa-press.net\/senegal\/#\/schema\/person\/2b1cf3cd81a31e3cd26889ca66d677f1","name":"cfeditorfr","url":"https:\/\/www.africa-press.net\/senegal\/author\/cfeditorfr"}]}},"_links":{"self":[{"href":"https:\/\/www.africa-press.net\/senegal\/wp-json\/wp\/v2\/posts\/56762","targetHints":{"allow":["GET"]}}],"collection":[{"href":"https:\/\/www.africa-press.net\/senegal\/wp-json\/wp\/v2\/posts"}],"about":[{"href":"https:\/\/www.africa-press.net\/senegal\/wp-json\/wp\/v2\/types\/post"}],"author":[{"embeddable":true,"href":"https:\/\/www.africa-press.net\/senegal\/wp-json\/wp\/v2\/users\/82"}],"replies":[{"embeddable":true,"href":"https:\/\/www.africa-press.net\/senegal\/wp-json\/wp\/v2\/comments?post=56762"}],"version-history":[{"count":0,"href":"https:\/\/www.africa-press.net\/senegal\/wp-json\/wp\/v2\/posts\/56762\/revisions"}],"wp:featuredmedia":[{"embeddable":true,"href":"https:\/\/www.africa-press.net\/senegal\/wp-json\/wp\/v2\/media\/56760"}],"wp:attachment":[{"href":"https:\/\/www.africa-press.net\/senegal\/wp-json\/wp\/v2\/media?parent=56762"}],"wp:term":[{"taxonomy":"category","embeddable":true,"href":"https:\/\/www.africa-press.net\/senegal\/wp-json\/wp\/v2\/categories?post=56762"},{"taxonomy":"post_tag","embeddable":true,"href":"https:\/\/www.africa-press.net\/senegal\/wp-json\/wp\/v2\/tags?post=56762"}],"curies":[{"name":"wp","href":"https:\/\/api.w.org\/{rel}","templated":true}]}}