{"id":56787,"date":"2024-03-13T20:32:03","date_gmt":"2024-03-13T20:32:03","guid":{"rendered":"https:\/\/www.africa-press.net\/senegal\/politique\/redynamisation-du-chemin-de-fer-khalifa-sall-promet-2-000-km-de-voies-ferroviaires"},"modified":"2024-03-13T23:24:26","modified_gmt":"2024-03-13T23:24:26","slug":"redynamisation-du-chemin-de-fer-khalifa-sall-promet-2-000-km-de-voies-ferroviaires","status":"publish","type":"post","link":"https:\/\/www.africa-press.net\/senegal\/politique\/redynamisation-du-chemin-de-fer-khalifa-sall-promet-2-000-km-de-voies-ferroviaires","title":{"rendered":"Redynamisation du chemin de fer : Khalifa Sall promet 2 000 km de voies ferroviaires"},"content":{"rendered":"<p><span style=\"color: #ff6600\"><strong>Africa-Press &#8211; Senegal. <\/strong><\/span>On ne peut pas de\u0301velopper un pays sans un re\u0301seau de chemin de fer dynamique. C&rsquo;est la conviction de Khalifa Sall, candidat a\u0300 la Pre\u0301sidentielle du 24 mars 2024. Il l&rsquo;a fait savoir ce mercredi dans la capitale du rail. Le leader de Taxawu Se\u0301ne\u0301gal a ainsi promis de redynamiser le chemin de fer dans le pays, avec 2 000 km de voies ferroviaires, quand il sera porte\u0301 a\u0300 la magistrature supre\u0302me.<\/p>\n<p>\u00ab\u00a0Thie\u0300s est un hub, une ville-carrefour. Donc, elle doit tout avoir. C\u2019est ici que se trouvaient les chemins de fer. Quand je serai pre\u0301sident, je vais faire renai\u0302tre les chemins de fer. Nous avons pre\u0301vu 2 000 km de corridors ferroviaires. Ce ne sera pas seulement pour Thie\u0300s, mais pour faire le maillage de tout le pays. C\u2019est ce qui permet a\u0300 l\u2019e\u0301conomie du pays de croi\u0302tre. Tous les pays de\u0301veloppe\u0301s ont de\u0301veloppe\u0301 leur chemin de fer\u00a0\u00bb, soutient-il.<\/p>\n<p>Selon l&rsquo;ancien maire de Dakar, la re\u0301gion de Thie\u0300s fait partie des localite\u0301s les plus riches en ressources naturelles. Mais elle n&rsquo;en be\u0301ne\u0301ficie pas. \u00ab\u00a0La re\u0301gion est aussi riche en ressources naturelles comme le phosphate. Mais la population n\u2019en be\u0301ne\u0301ficie pas. Les paysans de la re\u0301gion peinent a\u0300 voir l\u2019engrais qui est fabrique\u0301 ici. Malheureusement, les entreprises ont e\u0301te\u0301 vendues a\u0300 des e\u0301trangers. Thie\u0300s est aussi le prolongement de la zone des Niayes. Si les paysans e\u0301taient accompagne\u0301s, on ne va plus importer des le\u0301gumes. Cela fait partie de nos ambitions\u00a0\u00bb, promet-il.<\/p>\n<p><strong>Pour plus d&rsquo;informations et d&rsquo;analyses sur la <a href=\"https:\/\/www.africa-press.net\/senegal\">Senegal<\/a>, suivez <a href=\"https:\/\/www.africa-press.net\/\">Africa-Press<\/a><\/strong><\/p>\n","protected":false},"excerpt":{"rendered":"<p>Africa-Press &#8211; Senegal. On ne peut pas de\u0301velopper un pays sans un re\u0301seau de chemin de fer dynamique. C&rsquo;est la conviction de Khalifa Sall, candidat a\u0300 la Pre\u0301sidentielle du 24 mars 2024. Il l&rsquo;a fait savoir ce mercredi dans la capitale du rail. Le leader de Taxawu Se\u0301ne\u0301gal a ainsi promis de redynamiser le chemin [&hellip;]<\/p>\n","protected":false},"author":82,"featured_media":56786,"comment_status":"open","ping_status":"closed","sticky":false,"template":"","format":"standard","meta":{"footnotes":""},"categories":[2,10],"tags":[43,47,44],"class_list":["post-56787","post","type-post","status-publish","format-standard","has-post-thumbnail","hentry","category-politique","category-toutes-les-actualites","tag-africa-press-2","tag-africa-press-senegal","tag-senegal-2"],"yoast_head":"<!-- This site is optimized with the Yoast SEO Premium plugin v26.1 (Yoast SEO v27.0) - https:\/\/yoast.com\/product\/yoast-seo-premium-wordpress\/ -->\n<title>Redynamisation du chemin de fer : Khalifa Sall promet 2 000 km de voies ferroviaires - Senegal<\/title>\n<meta name=\"description\" content=\"On ne peut pas de\u0301velopper un pays sans un re\u0301seau de chemin de fer dynamique. C&#039;est la conviction de Khalifa Sall, cand ...\" \/>\n<meta name=\"robots\" content=\"index, follow, max-snippet:-1, max-image-preview:large, max-video-preview:-1\" \/>\n<link rel=\"canonical\" href=\"https:\/\/www.africa-press.net\/senegal\/politique\/redynamisation-du-chemin-de-fer-khalifa-sall-promet-2-000-km-de-voies-ferroviaires\" \/>\n<meta property=\"og:locale\" content=\"fr_FR\" \/>\n<meta property=\"og:type\" content=\"article\" \/>\n<meta property=\"og:title\" content=\"Redynamisation du chemin de fer : Khalifa Sall promet 2 000 km de voies ferroviaires\" \/>\n<meta property=\"og:description\" content=\"On ne peut pas de\u0301velopper un pays sans un re\u0301seau de chemin de fer dynamique. C&#039;est la conviction de Khalifa Sall, cand ...\" \/>\n<meta property=\"og:url\" content=\"https:\/\/www.africa-press.net\/senegal\/politique\/redynamisation-du-chemin-de-fer-khalifa-sall-promet-2-000-km-de-voies-ferroviaires\" \/>\n<meta property=\"og:site_name\" content=\"Senegal\" \/>\n<meta property=\"article:published_time\" content=\"2024-03-13T20:32:03+00:00\" \/>\n<meta property=\"article:modified_time\" content=\"2024-03-13T23:24:26+00:00\" \/>\n<meta property=\"og:image\" content=\"https:\/\/static.africa-press.net\/senegal\/sites\/13\/2024\/03\/sm_1710356004.995819.jpg\" \/>\n\t<meta property=\"og:image:width\" content=\"1304\" \/>\n\t<meta property=\"og:image:height\" content=\"634\" \/>\n\t<meta property=\"og:image:type\" content=\"image\/jpeg\" \/>\n<meta name=\"author\" content=\"cfeditorfr\" \/>\n<meta name=\"twitter:card\" content=\"summary_large_image\" \/>\n<meta name=\"twitter:label1\" content=\"\u00c9crit par\" \/>\n\t<meta name=\"twitter:data1\" content=\"cfeditorfr\" \/>\n\t<meta name=\"twitter:label2\" content=\"Dur\u00e9e de lecture estim\u00e9e\" \/>\n\t<meta name=\"twitter:data2\" content=\"1 minute\" \/>\n<script type=\"application\/ld+json\" class=\"yoast-schema-graph\">{\"@context\":\"https:\/\/schema.org\",\"@graph\":[{\"@type\":\"Article\",\"@id\":\"https:\/\/www.africa-press.net\/senegal\/politique\/redynamisation-du-chemin-de-fer-khalifa-sall-promet-2-000-km-de-voies-ferroviaires#article\",\"isPartOf\":{\"@id\":\"https:\/\/www.africa-press.net\/senegal\/politique\/redynamisation-du-chemin-de-fer-khalifa-sall-promet-2-000-km-de-voies-ferroviaires\"},\"author\":{\"name\":\"cfeditorfr\",\"@id\":\"https:\/\/www.africa-press.net\/senegal\/#\/schema\/person\/2b1cf3cd81a31e3cd26889ca66d677f1\"},\"headline\":\"Redynamisation du chemin de fer : Khalifa Sall promet 2 000 km de voies ferroviaires\",\"datePublished\":\"2024-03-13T20:32:03+00:00\",\"dateModified\":\"2024-03-13T23:24:26+00:00\",\"mainEntityOfPage\":{\"@id\":\"https:\/\/www.africa-press.net\/senegal\/politique\/redynamisation-du-chemin-de-fer-khalifa-sall-promet-2-000-km-de-voies-ferroviaires\"},\"wordCount\":303,\"commentCount\":0,\"image\":{\"@id\":\"https:\/\/www.africa-press.net\/senegal\/politique\/redynamisation-du-chemin-de-fer-khalifa-sall-promet-2-000-km-de-voies-ferroviaires#primaryimage\"},\"thumbnailUrl\":\"https:\/\/static.africa-press.net\/senegal\/sites\/13\/2024\/03\/sm_1710356004.995819.jpg\",\"keywords\":[\"Africa Press\",\"Africa Press-Senegal\",\"Senegal\"],\"articleSection\":[\"Politique\",\"Toutes les actualit\u00e9s\"],\"inLanguage\":\"fr-FR\",\"potentialAction\":[{\"@type\":\"CommentAction\",\"name\":\"Comment\",\"target\":[\"https:\/\/www.africa-press.net\/senegal\/politique\/redynamisation-du-chemin-de-fer-khalifa-sall-promet-2-000-km-de-voies-ferroviaires#respond\"]}]},{\"@type\":\"WebPage\",\"@id\":\"https:\/\/www.africa-press.net\/senegal\/politique\/redynamisation-du-chemin-de-fer-khalifa-sall-promet-2-000-km-de-voies-ferroviaires\",\"url\":\"https:\/\/www.africa-press.net\/senegal\/politique\/redynamisation-du-chemin-de-fer-khalifa-sall-promet-2-000-km-de-voies-ferroviaires\",\"name\":\"Redynamisation du chemin de fer : Khalifa Sall promet 2 000 km de voies ferroviaires - Senegal\",\"isPartOf\":{\"@id\":\"https:\/\/www.africa-press.net\/senegal\/#website\"},\"primaryImageOfPage\":{\"@id\":\"https:\/\/www.africa-press.net\/senegal\/politique\/redynamisation-du-chemin-de-fer-khalifa-sall-promet-2-000-km-de-voies-ferroviaires#primaryimage\"},\"image\":{\"@id\":\"https:\/\/www.africa-press.net\/senegal\/politique\/redynamisation-du-chemin-de-fer-khalifa-sall-promet-2-000-km-de-voies-ferroviaires#primaryimage\"},\"thumbnailUrl\":\"https:\/\/static.africa-press.net\/senegal\/sites\/13\/2024\/03\/sm_1710356004.995819.jpg\",\"datePublished\":\"2024-03-13T20:32:03+00:00\",\"dateModified\":\"2024-03-13T23:24:26+00:00\",\"author\":{\"@id\":\"https:\/\/www.africa-press.net\/senegal\/#\/schema\/person\/2b1cf3cd81a31e3cd26889ca66d677f1\"},\"description\":\"On ne peut pas de\u0301velopper un pays sans un re\u0301seau de chemin de fer dynamique. C'est la conviction de Khalifa Sall, cand ...\",\"breadcrumb\":{\"@id\":\"https:\/\/www.africa-press.net\/senegal\/politique\/redynamisation-du-chemin-de-fer-khalifa-sall-promet-2-000-km-de-voies-ferroviaires#breadcrumb\"},\"inLanguage\":\"fr-FR\",\"potentialAction\":[{\"@type\":\"ReadAction\",\"target\":[\"https:\/\/www.africa-press.net\/senegal\/politique\/redynamisation-du-chemin-de-fer-khalifa-sall-promet-2-000-km-de-voies-ferroviaires\"]}]},{\"@type\":\"ImageObject\",\"inLanguage\":\"fr-FR\",\"@id\":\"https:\/\/www.africa-press.net\/senegal\/politique\/redynamisation-du-chemin-de-fer-khalifa-sall-promet-2-000-km-de-voies-ferroviaires#primaryimage\",\"url\":\"https:\/\/static.africa-press.net\/senegal\/sites\/13\/2024\/03\/sm_1710356004.995819.jpg\",\"contentUrl\":\"https:\/\/static.africa-press.net\/senegal\/sites\/13\/2024\/03\/sm_1710356004.995819.jpg\",\"width\":1304,\"height\":634,\"caption\":\"Redynamisation du chemin de fer : Khalifa Sall promet 2 000 km de voies ferroviaires\"},{\"@type\":\"BreadcrumbList\",\"@id\":\"https:\/\/www.africa-press.net\/senegal\/politique\/redynamisation-du-chemin-de-fer-khalifa-sall-promet-2-000-km-de-voies-ferroviaires#breadcrumb\",\"itemListElement\":[{\"@type\":\"ListItem\",\"position\":1,\"name\":\"Accueil\",\"item\":\"https:\/\/www.africa-press.net\/senegal\/\"},{\"@type\":\"ListItem\",\"position\":2,\"name\":\"Redynamisation du chemin de fer : Khalifa Sall promet 2 000 km de voies ferroviaires\"}]},{\"@type\":\"WebSite\",\"@id\":\"https:\/\/www.africa-press.net\/senegal\/#website\",\"url\":\"https:\/\/www.africa-press.net\/senegal\/\",\"name\":\"Africa Press | Senegal | Homepage\",\"description\":\"Just another Africa News Agency Sites site\",\"potentialAction\":[{\"@type\":\"SearchAction\",\"target\":{\"@type\":\"EntryPoint\",\"urlTemplate\":\"https:\/\/www.africa-press.net\/senegal\/?s={search_term_string}\"},\"query-input\":{\"@type\":\"PropertyValueSpecification\",\"valueRequired\":true,\"valueName\":\"search_term_string\"}}],\"inLanguage\":\"fr-FR\"},{\"@type\":\"Person\",\"@id\":\"https:\/\/www.africa-press.net\/senegal\/#\/schema\/person\/2b1cf3cd81a31e3cd26889ca66d677f1\",\"name\":\"cfeditorfr\",\"url\":\"https:\/\/www.africa-press.net\/senegal\/author\/cfeditorfr\"}]}<\/script>\n<!-- \/ Yoast SEO Premium plugin. -->","yoast_head_json":{"title":"Redynamisation du chemin de fer : Khalifa Sall promet 2 000 km de voies ferroviaires - Senegal","description":"On ne peut pas de\u0301velopper un pays sans un re\u0301seau de chemin de fer dynamique. C'est la conviction de Khalifa Sall, cand ...","robots":{"index":"index","follow":"follow","max-snippet":"max-snippet:-1","max-image-preview":"max-image-preview:large","max-video-preview":"max-video-preview:-1"},"canonical":"https:\/\/www.africa-press.net\/senegal\/politique\/redynamisation-du-chemin-de-fer-khalifa-sall-promet-2-000-km-de-voies-ferroviaires","og_locale":"fr_FR","og_type":"article","og_title":"Redynamisation du chemin de fer : Khalifa Sall promet 2 000 km de voies ferroviaires","og_description":"On ne peut pas de\u0301velopper un pays sans un re\u0301seau de chemin de fer dynamique. C'est la conviction de Khalifa Sall, cand ...","og_url":"https:\/\/www.africa-press.net\/senegal\/politique\/redynamisation-du-chemin-de-fer-khalifa-sall-promet-2-000-km-de-voies-ferroviaires","og_site_name":"Senegal","article_published_time":"2024-03-13T20:32:03+00:00","article_modified_time":"2024-03-13T23:24:26+00:00","og_image":[{"width":1304,"height":634,"url":"https:\/\/static.africa-press.net\/senegal\/sites\/13\/2024\/03\/sm_1710356004.995819.jpg","type":"image\/jpeg"}],"author":"cfeditorfr","twitter_card":"summary_large_image","twitter_misc":{"\u00c9crit par":"cfeditorfr","Dur\u00e9e de lecture estim\u00e9e":"1 minute"},"schema":{"@context":"https:\/\/schema.org","@graph":[{"@type":"Article","@id":"https:\/\/www.africa-press.net\/senegal\/politique\/redynamisation-du-chemin-de-fer-khalifa-sall-promet-2-000-km-de-voies-ferroviaires#article","isPartOf":{"@id":"https:\/\/www.africa-press.net\/senegal\/politique\/redynamisation-du-chemin-de-fer-khalifa-sall-promet-2-000-km-de-voies-ferroviaires"},"author":{"name":"cfeditorfr","@id":"https:\/\/www.africa-press.net\/senegal\/#\/schema\/person\/2b1cf3cd81a31e3cd26889ca66d677f1"},"headline":"Redynamisation du chemin de fer : Khalifa Sall promet 2 000 km de voies ferroviaires","datePublished":"2024-03-13T20:32:03+00:00","dateModified":"2024-03-13T23:24:26+00:00","mainEntityOfPage":{"@id":"https:\/\/www.africa-press.net\/senegal\/politique\/redynamisation-du-chemin-de-fer-khalifa-sall-promet-2-000-km-de-voies-ferroviaires"},"wordCount":303,"commentCount":0,"image":{"@id":"https:\/\/www.africa-press.net\/senegal\/politique\/redynamisation-du-chemin-de-fer-khalifa-sall-promet-2-000-km-de-voies-ferroviaires#primaryimage"},"thumbnailUrl":"https:\/\/static.africa-press.net\/senegal\/sites\/13\/2024\/03\/sm_1710356004.995819.jpg","keywords":["Africa Press","Africa Press-Senegal","Senegal"],"articleSection":["Politique","Toutes les actualit\u00e9s"],"inLanguage":"fr-FR","potentialAction":[{"@type":"CommentAction","name":"Comment","target":["https:\/\/www.africa-press.net\/senegal\/politique\/redynamisation-du-chemin-de-fer-khalifa-sall-promet-2-000-km-de-voies-ferroviaires#respond"]}]},{"@type":"WebPage","@id":"https:\/\/www.africa-press.net\/senegal\/politique\/redynamisation-du-chemin-de-fer-khalifa-sall-promet-2-000-km-de-voies-ferroviaires","url":"https:\/\/www.africa-press.net\/senegal\/politique\/redynamisation-du-chemin-de-fer-khalifa-sall-promet-2-000-km-de-voies-ferroviaires","name":"Redynamisation du chemin de fer : Khalifa Sall promet 2 000 km de voies ferroviaires - Senegal","isPartOf":{"@id":"https:\/\/www.africa-press.net\/senegal\/#website"},"primaryImageOfPage":{"@id":"https:\/\/www.africa-press.net\/senegal\/politique\/redynamisation-du-chemin-de-fer-khalifa-sall-promet-2-000-km-de-voies-ferroviaires#primaryimage"},"image":{"@id":"https:\/\/www.africa-press.net\/senegal\/politique\/redynamisation-du-chemin-de-fer-khalifa-sall-promet-2-000-km-de-voies-ferroviaires#primaryimage"},"thumbnailUrl":"https:\/\/static.africa-press.net\/senegal\/sites\/13\/2024\/03\/sm_1710356004.995819.jpg","datePublished":"2024-03-13T20:32:03+00:00","dateModified":"2024-03-13T23:24:26+00:00","author":{"@id":"https:\/\/www.africa-press.net\/senegal\/#\/schema\/person\/2b1cf3cd81a31e3cd26889ca66d677f1"},"description":"On ne peut pas de\u0301velopper un pays sans un re\u0301seau de chemin de fer dynamique. C'est la conviction de Khalifa Sall, cand ...","breadcrumb":{"@id":"https:\/\/www.africa-press.net\/senegal\/politique\/redynamisation-du-chemin-de-fer-khalifa-sall-promet-2-000-km-de-voies-ferroviaires#breadcrumb"},"inLanguage":"fr-FR","potentialAction":[{"@type":"ReadAction","target":["https:\/\/www.africa-press.net\/senegal\/politique\/redynamisation-du-chemin-de-fer-khalifa-sall-promet-2-000-km-de-voies-ferroviaires"]}]},{"@type":"ImageObject","inLanguage":"fr-FR","@id":"https:\/\/www.africa-press.net\/senegal\/politique\/redynamisation-du-chemin-de-fer-khalifa-sall-promet-2-000-km-de-voies-ferroviaires#primaryimage","url":"https:\/\/static.africa-press.net\/senegal\/sites\/13\/2024\/03\/sm_1710356004.995819.jpg","contentUrl":"https:\/\/static.africa-press.net\/senegal\/sites\/13\/2024\/03\/sm_1710356004.995819.jpg","width":1304,"height":634,"caption":"Redynamisation du chemin de fer : Khalifa Sall promet 2 000 km de voies ferroviaires"},{"@type":"BreadcrumbList","@id":"https:\/\/www.africa-press.net\/senegal\/politique\/redynamisation-du-chemin-de-fer-khalifa-sall-promet-2-000-km-de-voies-ferroviaires#breadcrumb","itemListElement":[{"@type":"ListItem","position":1,"name":"Accueil","item":"https:\/\/www.africa-press.net\/senegal\/"},{"@type":"ListItem","position":2,"name":"Redynamisation du chemin de fer : Khalifa Sall promet 2 000 km de voies ferroviaires"}]},{"@type":"WebSite","@id":"https:\/\/www.africa-press.net\/senegal\/#website","url":"https:\/\/www.africa-press.net\/senegal\/","name":"Africa Press | Senegal | Homepage","description":"Just another Africa News Agency Sites site","potentialAction":[{"@type":"SearchAction","target":{"@type":"EntryPoint","urlTemplate":"https:\/\/www.africa-press.net\/senegal\/?s={search_term_string}"},"query-input":{"@type":"PropertyValueSpecification","valueRequired":true,"valueName":"search_term_string"}}],"inLanguage":"fr-FR"},{"@type":"Person","@id":"https:\/\/www.africa-press.net\/senegal\/#\/schema\/person\/2b1cf3cd81a31e3cd26889ca66d677f1","name":"cfeditorfr","url":"https:\/\/www.africa-press.net\/senegal\/author\/cfeditorfr"}]}},"_links":{"self":[{"href":"https:\/\/www.africa-press.net\/senegal\/wp-json\/wp\/v2\/posts\/56787","targetHints":{"allow":["GET"]}}],"collection":[{"href":"https:\/\/www.africa-press.net\/senegal\/wp-json\/wp\/v2\/posts"}],"about":[{"href":"https:\/\/www.africa-press.net\/senegal\/wp-json\/wp\/v2\/types\/post"}],"author":[{"embeddable":true,"href":"https:\/\/www.africa-press.net\/senegal\/wp-json\/wp\/v2\/users\/82"}],"replies":[{"embeddable":true,"href":"https:\/\/www.africa-press.net\/senegal\/wp-json\/wp\/v2\/comments?post=56787"}],"version-history":[{"count":0,"href":"https:\/\/www.africa-press.net\/senegal\/wp-json\/wp\/v2\/posts\/56787\/revisions"}],"wp:featuredmedia":[{"embeddable":true,"href":"https:\/\/www.africa-press.net\/senegal\/wp-json\/wp\/v2\/media\/56786"}],"wp:attachment":[{"href":"https:\/\/www.africa-press.net\/senegal\/wp-json\/wp\/v2\/media?parent=56787"}],"wp:term":[{"taxonomy":"category","embeddable":true,"href":"https:\/\/www.africa-press.net\/senegal\/wp-json\/wp\/v2\/categories?post=56787"},{"taxonomy":"post_tag","embeddable":true,"href":"https:\/\/www.africa-press.net\/senegal\/wp-json\/wp\/v2\/tags?post=56787"}],"curies":[{"name":"wp","href":"https:\/\/api.w.org\/{rel}","templated":true}]}}