{"id":56789,"date":"2024-03-13T22:09:26","date_gmt":"2024-03-13T22:09:26","guid":{"rendered":"https:\/\/www.africa-press.net\/senegal\/politique\/le-sen-apr-engage-les-responsables-et-les-militants-pour-lelection-de-leur-candidat-amadou-ba"},"modified":"2024-03-13T23:24:57","modified_gmt":"2024-03-13T23:24:57","slug":"le-sen-apr-engage-les-responsables-et-les-militants-pour-lelection-de-leur-candidat-amadou-ba","status":"publish","type":"post","link":"https:\/\/www.africa-press.net\/senegal\/politique\/le-sen-apr-engage-les-responsables-et-les-militants-pour-lelection-de-leur-candidat-amadou-ba","title":{"rendered":"Le SEN APR engage les responsables et les militants pour l&rsquo;\u00e9lection de leur candidat Amadou Ba"},"content":{"rendered":"<p><span style=\"color: #ff6600\"><strong>Africa-Press &#8211; Senegal. <\/strong><\/span>Le Secre\u0301tariat exe\u0301cutif national de l&rsquo;Alliance pour la Re\u0301publique ente\u0301rine le choix de leur leader Macky Sall par l&rsquo;adoption d&rsquo;une re\u0301solution ge\u0301ne\u0301rale d&rsquo;investiture du candidat Amadou Ba comme candidat de leur parti.<\/p>\n<p>Ainsi, en de\u0301pit des contestations, des soupc\u0327ons, des accusations et des irre\u0301gularite\u0301s souleve\u0301s au cours du processus de ve\u0301rification et de validation des candidatures a\u0300 l&rsquo;e\u0301lection pre\u0301sidentielle, le SEN de l&rsquo;APR dit appre\u0301cier les diffe\u0301rentes de\u0301cisions du Conseil constitutionnel dans la pe\u0301riode pre\u0301e\u0301lectorale.<\/p>\n<p>Le SEN APR \u00ab\u00a0exhorte les responsables, militants et sympathisants a\u0300 reprendre le travail politique et e\u0301lectoral, dans un e\u0301lan unitaire et solidaire autour du candidat de la coalition Benno Bokk Yaakaar et de la grande majorite\u0301 pre\u0301sidentielle, Amadou Ba, pour une victoire e\u0301clatante au soir du 24 mars 2024\u00a0\u00bb.<\/p>\n<p>Dans un souci de stabilite\u0301 du pays et de la ne\u0301cessite\u0301 de poursuivre l&rsquo;\u0153uvre du pre\u0301sident Macky Sall au grand be\u0301ne\u0301fice de compatriotes, le SEN APR re\u0301ite\u0300re son engagement sans faille a\u0300 leur leader.<\/p>\n<p><strong>Pour plus d&rsquo;informations et d&rsquo;analyses sur la <a href=\"https:\/\/www.africa-press.net\/senegal\">Senegal<\/a>, suivez <a href=\"https:\/\/www.africa-press.net\/\">Africa-Press<\/a><\/strong><\/p>\n","protected":false},"excerpt":{"rendered":"<p>Africa-Press &#8211; Senegal. Le Secre\u0301tariat exe\u0301cutif national de l&rsquo;Alliance pour la Re\u0301publique ente\u0301rine le choix de leur leader Macky Sall par l&rsquo;adoption d&rsquo;une re\u0301solution ge\u0301ne\u0301rale d&rsquo;investiture du candidat Amadou Ba comme candidat de leur parti. Ainsi, en de\u0301pit des contestations, des soupc\u0327ons, des accusations et des irre\u0301gularite\u0301s souleve\u0301s au cours du processus de ve\u0301rification et [&hellip;]<\/p>\n","protected":false},"author":82,"featured_media":56788,"comment_status":"open","ping_status":"closed","sticky":false,"template":"","format":"standard","meta":{"footnotes":""},"categories":[2,20,10],"tags":[43,47,44],"class_list":["post-56789","post","type-post","status-publish","format-standard","has-post-thumbnail","hentry","category-politique","category-top-nouvelles","category-toutes-les-actualites","tag-africa-press-2","tag-africa-press-senegal","tag-senegal-2"],"yoast_head":"<!-- This site is optimized with the Yoast SEO Premium plugin v26.1 (Yoast SEO v27.0) - https:\/\/yoast.com\/product\/yoast-seo-premium-wordpress\/ -->\n<title>Le SEN APR engage les responsables et les militants pour l&#039;\u00e9lection de leur candidat Amadou Ba - Senegal<\/title>\n<meta name=\"description\" content=\"Le Secre\u0301tariat exe\u0301cutif national de l&#039;Alliance pour la Re\u0301publique ente\u0301rine le choix de leur leader Macky Sall par l&#039; ...\" \/>\n<meta name=\"robots\" content=\"index, follow, max-snippet:-1, max-image-preview:large, max-video-preview:-1\" \/>\n<link rel=\"canonical\" href=\"https:\/\/www.africa-press.net\/senegal\/politique\/le-sen-apr-engage-les-responsables-et-les-militants-pour-lelection-de-leur-candidat-amadou-ba\" \/>\n<meta property=\"og:locale\" content=\"fr_FR\" \/>\n<meta property=\"og:type\" content=\"article\" \/>\n<meta property=\"og:title\" content=\"Le SEN APR engage les responsables et les militants pour l&#039;\u00e9lection de leur candidat Amadou Ba\" \/>\n<meta property=\"og:description\" content=\"Le Secre\u0301tariat exe\u0301cutif national de l&#039;Alliance pour la Re\u0301publique ente\u0301rine le choix de leur leader Macky Sall par l&#039; ...\" \/>\n<meta property=\"og:url\" content=\"https:\/\/www.africa-press.net\/senegal\/politique\/le-sen-apr-engage-les-responsables-et-les-militants-pour-lelection-de-leur-candidat-amadou-ba\" \/>\n<meta property=\"og:site_name\" content=\"Senegal\" \/>\n<meta property=\"article:published_time\" content=\"2024-03-13T22:09:26+00:00\" \/>\n<meta property=\"article:modified_time\" content=\"2024-03-13T23:24:57+00:00\" \/>\n<meta property=\"og:image\" content=\"https:\/\/static.africa-press.net\/senegal\/sites\/13\/2024\/03\/sm_1710356040.054187.jpg\" \/>\n\t<meta property=\"og:image:width\" content=\"1304\" \/>\n\t<meta property=\"og:image:height\" content=\"632\" \/>\n\t<meta property=\"og:image:type\" content=\"image\/jpeg\" \/>\n<meta name=\"author\" content=\"cfeditorfr\" \/>\n<meta name=\"twitter:card\" content=\"summary_large_image\" \/>\n<meta name=\"twitter:label1\" content=\"\u00c9crit par\" \/>\n\t<meta name=\"twitter:data1\" content=\"cfeditorfr\" \/>\n\t<meta name=\"twitter:label2\" content=\"Dur\u00e9e de lecture estim\u00e9e\" \/>\n\t<meta name=\"twitter:data2\" content=\"2 minutes\" \/>\n<script type=\"application\/ld+json\" class=\"yoast-schema-graph\">{\"@context\":\"https:\/\/schema.org\",\"@graph\":[{\"@type\":\"Article\",\"@id\":\"https:\/\/www.africa-press.net\/senegal\/politique\/le-sen-apr-engage-les-responsables-et-les-militants-pour-lelection-de-leur-candidat-amadou-ba#article\",\"isPartOf\":{\"@id\":\"https:\/\/www.africa-press.net\/senegal\/politique\/le-sen-apr-engage-les-responsables-et-les-militants-pour-lelection-de-leur-candidat-amadou-ba\"},\"author\":{\"name\":\"cfeditorfr\",\"@id\":\"https:\/\/www.africa-press.net\/senegal\/#\/schema\/person\/2b1cf3cd81a31e3cd26889ca66d677f1\"},\"headline\":\"Le SEN APR engage les responsables et les militants pour l&rsquo;\u00e9lection de leur candidat Amadou Ba\",\"datePublished\":\"2024-03-13T22:09:26+00:00\",\"dateModified\":\"2024-03-13T23:24:57+00:00\",\"mainEntityOfPage\":{\"@id\":\"https:\/\/www.africa-press.net\/senegal\/politique\/le-sen-apr-engage-les-responsables-et-les-militants-pour-lelection-de-leur-candidat-amadou-ba\"},\"wordCount\":226,\"commentCount\":0,\"image\":{\"@id\":\"https:\/\/www.africa-press.net\/senegal\/politique\/le-sen-apr-engage-les-responsables-et-les-militants-pour-lelection-de-leur-candidat-amadou-ba#primaryimage\"},\"thumbnailUrl\":\"https:\/\/static.africa-press.net\/senegal\/sites\/13\/2024\/03\/sm_1710356040.054187.jpg\",\"keywords\":[\"Africa Press\",\"Africa Press-Senegal\",\"Senegal\"],\"articleSection\":[\"Politique\",\"Top Nouvelles\",\"Toutes les actualit\u00e9s\"],\"inLanguage\":\"fr-FR\",\"potentialAction\":[{\"@type\":\"CommentAction\",\"name\":\"Comment\",\"target\":[\"https:\/\/www.africa-press.net\/senegal\/politique\/le-sen-apr-engage-les-responsables-et-les-militants-pour-lelection-de-leur-candidat-amadou-ba#respond\"]}]},{\"@type\":\"WebPage\",\"@id\":\"https:\/\/www.africa-press.net\/senegal\/politique\/le-sen-apr-engage-les-responsables-et-les-militants-pour-lelection-de-leur-candidat-amadou-ba\",\"url\":\"https:\/\/www.africa-press.net\/senegal\/politique\/le-sen-apr-engage-les-responsables-et-les-militants-pour-lelection-de-leur-candidat-amadou-ba\",\"name\":\"Le SEN APR engage les responsables et les militants pour l'\u00e9lection de leur candidat Amadou Ba - Senegal\",\"isPartOf\":{\"@id\":\"https:\/\/www.africa-press.net\/senegal\/#website\"},\"primaryImageOfPage\":{\"@id\":\"https:\/\/www.africa-press.net\/senegal\/politique\/le-sen-apr-engage-les-responsables-et-les-militants-pour-lelection-de-leur-candidat-amadou-ba#primaryimage\"},\"image\":{\"@id\":\"https:\/\/www.africa-press.net\/senegal\/politique\/le-sen-apr-engage-les-responsables-et-les-militants-pour-lelection-de-leur-candidat-amadou-ba#primaryimage\"},\"thumbnailUrl\":\"https:\/\/static.africa-press.net\/senegal\/sites\/13\/2024\/03\/sm_1710356040.054187.jpg\",\"datePublished\":\"2024-03-13T22:09:26+00:00\",\"dateModified\":\"2024-03-13T23:24:57+00:00\",\"author\":{\"@id\":\"https:\/\/www.africa-press.net\/senegal\/#\/schema\/person\/2b1cf3cd81a31e3cd26889ca66d677f1\"},\"description\":\"Le Secre\u0301tariat exe\u0301cutif national de l'Alliance pour la Re\u0301publique ente\u0301rine le choix de leur leader Macky Sall par l' ...\",\"breadcrumb\":{\"@id\":\"https:\/\/www.africa-press.net\/senegal\/politique\/le-sen-apr-engage-les-responsables-et-les-militants-pour-lelection-de-leur-candidat-amadou-ba#breadcrumb\"},\"inLanguage\":\"fr-FR\",\"potentialAction\":[{\"@type\":\"ReadAction\",\"target\":[\"https:\/\/www.africa-press.net\/senegal\/politique\/le-sen-apr-engage-les-responsables-et-les-militants-pour-lelection-de-leur-candidat-amadou-ba\"]}]},{\"@type\":\"ImageObject\",\"inLanguage\":\"fr-FR\",\"@id\":\"https:\/\/www.africa-press.net\/senegal\/politique\/le-sen-apr-engage-les-responsables-et-les-militants-pour-lelection-de-leur-candidat-amadou-ba#primaryimage\",\"url\":\"https:\/\/static.africa-press.net\/senegal\/sites\/13\/2024\/03\/sm_1710356040.054187.jpg\",\"contentUrl\":\"https:\/\/static.africa-press.net\/senegal\/sites\/13\/2024\/03\/sm_1710356040.054187.jpg\",\"width\":1304,\"height\":632,\"caption\":\"Le SEN APR engage les responsables et les militants pour l'\u00e9lection de leur candidat Amadou Ba\"},{\"@type\":\"BreadcrumbList\",\"@id\":\"https:\/\/www.africa-press.net\/senegal\/politique\/le-sen-apr-engage-les-responsables-et-les-militants-pour-lelection-de-leur-candidat-amadou-ba#breadcrumb\",\"itemListElement\":[{\"@type\":\"ListItem\",\"position\":1,\"name\":\"Accueil\",\"item\":\"https:\/\/www.africa-press.net\/senegal\/\"},{\"@type\":\"ListItem\",\"position\":2,\"name\":\"Le SEN APR engage les responsables et les militants pour l&#8217;\u00e9lection de leur candidat Amadou Ba\"}]},{\"@type\":\"WebSite\",\"@id\":\"https:\/\/www.africa-press.net\/senegal\/#website\",\"url\":\"https:\/\/www.africa-press.net\/senegal\/\",\"name\":\"Africa Press | Senegal | Homepage\",\"description\":\"Just another Africa News Agency Sites site\",\"potentialAction\":[{\"@type\":\"SearchAction\",\"target\":{\"@type\":\"EntryPoint\",\"urlTemplate\":\"https:\/\/www.africa-press.net\/senegal\/?s={search_term_string}\"},\"query-input\":{\"@type\":\"PropertyValueSpecification\",\"valueRequired\":true,\"valueName\":\"search_term_string\"}}],\"inLanguage\":\"fr-FR\"},{\"@type\":\"Person\",\"@id\":\"https:\/\/www.africa-press.net\/senegal\/#\/schema\/person\/2b1cf3cd81a31e3cd26889ca66d677f1\",\"name\":\"cfeditorfr\",\"url\":\"https:\/\/www.africa-press.net\/senegal\/author\/cfeditorfr\"}]}<\/script>\n<!-- \/ Yoast SEO Premium plugin. -->","yoast_head_json":{"title":"Le SEN APR engage les responsables et les militants pour l'\u00e9lection de leur candidat Amadou Ba - Senegal","description":"Le Secre\u0301tariat exe\u0301cutif national de l'Alliance pour la Re\u0301publique ente\u0301rine le choix de leur leader Macky Sall par l' ...","robots":{"index":"index","follow":"follow","max-snippet":"max-snippet:-1","max-image-preview":"max-image-preview:large","max-video-preview":"max-video-preview:-1"},"canonical":"https:\/\/www.africa-press.net\/senegal\/politique\/le-sen-apr-engage-les-responsables-et-les-militants-pour-lelection-de-leur-candidat-amadou-ba","og_locale":"fr_FR","og_type":"article","og_title":"Le SEN APR engage les responsables et les militants pour l'\u00e9lection de leur candidat Amadou Ba","og_description":"Le Secre\u0301tariat exe\u0301cutif national de l'Alliance pour la Re\u0301publique ente\u0301rine le choix de leur leader Macky Sall par l' ...","og_url":"https:\/\/www.africa-press.net\/senegal\/politique\/le-sen-apr-engage-les-responsables-et-les-militants-pour-lelection-de-leur-candidat-amadou-ba","og_site_name":"Senegal","article_published_time":"2024-03-13T22:09:26+00:00","article_modified_time":"2024-03-13T23:24:57+00:00","og_image":[{"width":1304,"height":632,"url":"https:\/\/static.africa-press.net\/senegal\/sites\/13\/2024\/03\/sm_1710356040.054187.jpg","type":"image\/jpeg"}],"author":"cfeditorfr","twitter_card":"summary_large_image","twitter_misc":{"\u00c9crit par":"cfeditorfr","Dur\u00e9e de lecture estim\u00e9e":"2 minutes"},"schema":{"@context":"https:\/\/schema.org","@graph":[{"@type":"Article","@id":"https:\/\/www.africa-press.net\/senegal\/politique\/le-sen-apr-engage-les-responsables-et-les-militants-pour-lelection-de-leur-candidat-amadou-ba#article","isPartOf":{"@id":"https:\/\/www.africa-press.net\/senegal\/politique\/le-sen-apr-engage-les-responsables-et-les-militants-pour-lelection-de-leur-candidat-amadou-ba"},"author":{"name":"cfeditorfr","@id":"https:\/\/www.africa-press.net\/senegal\/#\/schema\/person\/2b1cf3cd81a31e3cd26889ca66d677f1"},"headline":"Le SEN APR engage les responsables et les militants pour l&rsquo;\u00e9lection de leur candidat Amadou Ba","datePublished":"2024-03-13T22:09:26+00:00","dateModified":"2024-03-13T23:24:57+00:00","mainEntityOfPage":{"@id":"https:\/\/www.africa-press.net\/senegal\/politique\/le-sen-apr-engage-les-responsables-et-les-militants-pour-lelection-de-leur-candidat-amadou-ba"},"wordCount":226,"commentCount":0,"image":{"@id":"https:\/\/www.africa-press.net\/senegal\/politique\/le-sen-apr-engage-les-responsables-et-les-militants-pour-lelection-de-leur-candidat-amadou-ba#primaryimage"},"thumbnailUrl":"https:\/\/static.africa-press.net\/senegal\/sites\/13\/2024\/03\/sm_1710356040.054187.jpg","keywords":["Africa Press","Africa Press-Senegal","Senegal"],"articleSection":["Politique","Top Nouvelles","Toutes les actualit\u00e9s"],"inLanguage":"fr-FR","potentialAction":[{"@type":"CommentAction","name":"Comment","target":["https:\/\/www.africa-press.net\/senegal\/politique\/le-sen-apr-engage-les-responsables-et-les-militants-pour-lelection-de-leur-candidat-amadou-ba#respond"]}]},{"@type":"WebPage","@id":"https:\/\/www.africa-press.net\/senegal\/politique\/le-sen-apr-engage-les-responsables-et-les-militants-pour-lelection-de-leur-candidat-amadou-ba","url":"https:\/\/www.africa-press.net\/senegal\/politique\/le-sen-apr-engage-les-responsables-et-les-militants-pour-lelection-de-leur-candidat-amadou-ba","name":"Le SEN APR engage les responsables et les militants pour l'\u00e9lection de leur candidat Amadou Ba - Senegal","isPartOf":{"@id":"https:\/\/www.africa-press.net\/senegal\/#website"},"primaryImageOfPage":{"@id":"https:\/\/www.africa-press.net\/senegal\/politique\/le-sen-apr-engage-les-responsables-et-les-militants-pour-lelection-de-leur-candidat-amadou-ba#primaryimage"},"image":{"@id":"https:\/\/www.africa-press.net\/senegal\/politique\/le-sen-apr-engage-les-responsables-et-les-militants-pour-lelection-de-leur-candidat-amadou-ba#primaryimage"},"thumbnailUrl":"https:\/\/static.africa-press.net\/senegal\/sites\/13\/2024\/03\/sm_1710356040.054187.jpg","datePublished":"2024-03-13T22:09:26+00:00","dateModified":"2024-03-13T23:24:57+00:00","author":{"@id":"https:\/\/www.africa-press.net\/senegal\/#\/schema\/person\/2b1cf3cd81a31e3cd26889ca66d677f1"},"description":"Le Secre\u0301tariat exe\u0301cutif national de l'Alliance pour la Re\u0301publique ente\u0301rine le choix de leur leader Macky Sall par l' ...","breadcrumb":{"@id":"https:\/\/www.africa-press.net\/senegal\/politique\/le-sen-apr-engage-les-responsables-et-les-militants-pour-lelection-de-leur-candidat-amadou-ba#breadcrumb"},"inLanguage":"fr-FR","potentialAction":[{"@type":"ReadAction","target":["https:\/\/www.africa-press.net\/senegal\/politique\/le-sen-apr-engage-les-responsables-et-les-militants-pour-lelection-de-leur-candidat-amadou-ba"]}]},{"@type":"ImageObject","inLanguage":"fr-FR","@id":"https:\/\/www.africa-press.net\/senegal\/politique\/le-sen-apr-engage-les-responsables-et-les-militants-pour-lelection-de-leur-candidat-amadou-ba#primaryimage","url":"https:\/\/static.africa-press.net\/senegal\/sites\/13\/2024\/03\/sm_1710356040.054187.jpg","contentUrl":"https:\/\/static.africa-press.net\/senegal\/sites\/13\/2024\/03\/sm_1710356040.054187.jpg","width":1304,"height":632,"caption":"Le SEN APR engage les responsables et les militants pour l'\u00e9lection de leur candidat Amadou Ba"},{"@type":"BreadcrumbList","@id":"https:\/\/www.africa-press.net\/senegal\/politique\/le-sen-apr-engage-les-responsables-et-les-militants-pour-lelection-de-leur-candidat-amadou-ba#breadcrumb","itemListElement":[{"@type":"ListItem","position":1,"name":"Accueil","item":"https:\/\/www.africa-press.net\/senegal\/"},{"@type":"ListItem","position":2,"name":"Le SEN APR engage les responsables et les militants pour l&#8217;\u00e9lection de leur candidat Amadou Ba"}]},{"@type":"WebSite","@id":"https:\/\/www.africa-press.net\/senegal\/#website","url":"https:\/\/www.africa-press.net\/senegal\/","name":"Africa Press | Senegal | Homepage","description":"Just another Africa News Agency Sites site","potentialAction":[{"@type":"SearchAction","target":{"@type":"EntryPoint","urlTemplate":"https:\/\/www.africa-press.net\/senegal\/?s={search_term_string}"},"query-input":{"@type":"PropertyValueSpecification","valueRequired":true,"valueName":"search_term_string"}}],"inLanguage":"fr-FR"},{"@type":"Person","@id":"https:\/\/www.africa-press.net\/senegal\/#\/schema\/person\/2b1cf3cd81a31e3cd26889ca66d677f1","name":"cfeditorfr","url":"https:\/\/www.africa-press.net\/senegal\/author\/cfeditorfr"}]}},"_links":{"self":[{"href":"https:\/\/www.africa-press.net\/senegal\/wp-json\/wp\/v2\/posts\/56789","targetHints":{"allow":["GET"]}}],"collection":[{"href":"https:\/\/www.africa-press.net\/senegal\/wp-json\/wp\/v2\/posts"}],"about":[{"href":"https:\/\/www.africa-press.net\/senegal\/wp-json\/wp\/v2\/types\/post"}],"author":[{"embeddable":true,"href":"https:\/\/www.africa-press.net\/senegal\/wp-json\/wp\/v2\/users\/82"}],"replies":[{"embeddable":true,"href":"https:\/\/www.africa-press.net\/senegal\/wp-json\/wp\/v2\/comments?post=56789"}],"version-history":[{"count":0,"href":"https:\/\/www.africa-press.net\/senegal\/wp-json\/wp\/v2\/posts\/56789\/revisions"}],"wp:featuredmedia":[{"embeddable":true,"href":"https:\/\/www.africa-press.net\/senegal\/wp-json\/wp\/v2\/media\/56788"}],"wp:attachment":[{"href":"https:\/\/www.africa-press.net\/senegal\/wp-json\/wp\/v2\/media?parent=56789"}],"wp:term":[{"taxonomy":"category","embeddable":true,"href":"https:\/\/www.africa-press.net\/senegal\/wp-json\/wp\/v2\/categories?post=56789"},{"taxonomy":"post_tag","embeddable":true,"href":"https:\/\/www.africa-press.net\/senegal\/wp-json\/wp\/v2\/tags?post=56789"}],"curies":[{"name":"wp","href":"https:\/\/api.w.org\/{rel}","templated":true}]}}