{"id":56792,"date":"2024-03-13T22:10:35","date_gmt":"2024-03-13T22:10:35","guid":{"rendered":"https:\/\/www.africa-press.net\/senegal\/politique\/les-nominations-du-conseil-des-ministres-du-13-mars-2024"},"modified":"2024-03-13T22:10:35","modified_gmt":"2024-03-13T22:10:35","slug":"les-nominations-du-conseil-des-ministres-du-13-mars-2024","status":"publish","type":"post","link":"https:\/\/www.africa-press.net\/senegal\/politique\/les-nominations-du-conseil-des-ministres-du-13-mars-2024","title":{"rendered":"Les nominations du Conseil des ministres du 13 Mars 2024"},"content":{"rendered":"<p><span style=\"color: #ff6600\"><strong>Africa-Press &#8211; Senegal. <\/strong><\/span>Le Conseil des ministres s\u2019est tenu ce mercredi 13 mars 2024 au Palais de la Re\u0301publique, sous la pre\u0301sidence du Chef de l\u2019Etat, Son Excellence, Monsieur Macky SALL.<\/p>\n<p><b>AU TITRE DES MESURES INDIVIDUELLES<\/b><br \/>\n<b>Le Pre\u0301sident de la Re\u0301publique a pris les de\u0301cisions suivantes:<\/b><\/p>\n<p>\u2022 Monsieur Abdoulaye SAMB, Inspecteur Principal du Tre\u0301sor, est nomme\u0301 Secre\u0301taire ge\u0301ne\u0301ral du Ministe\u0300re de l\u2019Economie, des Finances et du Plan, en charge des Finances et du Budget ;<\/p>\n<p>\u2022 Monsieur Alle Nar Diop, Inspecteur Principal du Tre\u0301sor, est nomme\u0301 Secre\u0301taire ge\u0301ne\u0301ral du Ministe\u0300re de l\u2019Economie, des Finances et du Plan, en charge de l\u2019Economie, du Plan et de la Coope\u0301ration ;<\/p>\n<p>\u2022 Monsieur Fary SEYE Administrateur civil principal, est nomme\u0301 Secre\u0301taire ge\u0301ne\u0301ral du Ministe\u0300re de l\u2019Education nationale, de l\u2019Enseignement Supe\u0301rieur, de la Recherche et de l\u2019Innovation en charge de l\u2019Enseignement supe\u0301rieur, de la Recherche et de l\u2019Innovation ;<\/p>\n<p>\u2022 Madame Khady DIOP MBODJI, Inspecteur de l&rsquo;Education de classe exceptionnelle, est nomme\u0301e Secre\u0301taire ge\u0301ne\u0301ral du Ministe\u0300re de l\u2019Education nationale, de l\u2019Enseignement supe\u0301rieur, de la Recherche et de l\u2019Innovation, en charge de l\u2019Education nationale ;<\/p>\n<p>\u2022 Monsieur Die\u0300ne NDIAYE, Inge\u0301nieur des pe\u0302ches et de l\u2019aquaculture, est nomme\u0301 Secre\u0301taire ge\u0301ne\u0301ral du Ministe\u0300re du Tourisme et des Sports, en charge du Tourisme ;<\/p>\n<p>\u2022 Monsieur Paul DIONNE, Administrateur Civil de classe exceptionnelle est nomme\u0301 Secre\u0301taire ge\u0301ne\u0301ral du Ministe\u0300re du Tourisme et des Sports, en charge des Sports ;<\/p>\n<p>\u2022 Monsieur El Hadj Ndiogou DIOUF, Economiste, est nomme\u0301 Secre\u0301taire ge\u0301ne\u0301ral du Ministe\u0300re de la Femme, de la Famille, de l\u2019Equite\u0301 et du De\u0301veloppement communautaire ;<\/p>\n<p>\u2022 Monsieur Fode\u0301 FALL, Administrateur civil, pre\u0301ce\u0301demment Directeur de Cabinet du Ministre de l\u2019Environnement, du De\u0301veloppement Durable et de la Transition e\u0301cologique, est nomme\u0301<\/p>\n<p>Secre\u0301taire ge\u0301ne\u0301ral du Ministe\u0300re de l\u2019Environnement, du De\u0301veloppement Durable et de la Transition e\u0301cologique, en remplacement de Monsieur Amadou Lamine GUISSE, appele\u0301 a\u0300 d\u2019autres fonctions ;<\/p>\n<p>\u2022 Monsieur Habib Le\u0301on NDIAYE, Administrateur civil, pre\u0301ce\u0301demment Secre\u0301taire ge\u0301ne\u0301ral du Ministe\u0300re de la Culture et du Patrimoine historique, est nomme\u0301 Secre\u0301taire ge\u0301ne\u0301ral du Ministe\u0300re de la Culture, des Industries cre\u0301atives, du Patrimoine historique et des Loisirs ;<\/p>\n<p>\u2022 Monsieur Ousmane THIONGANE, titulaire d\u2019un Master 2 en Droit, Communication, Marketing et Nume\u0301rique, est nomme\u0301 Pre\u0301sident de la Commission des Donne\u0301es personnelles (CDP), en remplacement de Madame Awa NDIAYE ;<\/p>\n<p>\u2022 Monsieur Oumar BA, Expert en De\u0301centralisation et en De\u0301veloppement territorial, est nomme\u0301 Pre\u0301sident du Conseil d\u2019Administration de la Socie\u0301te\u0301 nationale de Gestion du Patrimoine du Train Express Re\u0301gional (SENTER SA) ;<\/p>\n<p>\u2022 Madame Mame Marie Ousmane NDIAYE, Architecte d\u2019inte\u0301rieur, est nomme\u0301e Directeur du Paysage et des Espaces verts urbains au Ministe\u0300re de l\u2019Urbanisme, du Logement et de l\u2019Hygie\u0300ne publique ;<\/p>\n<p>\u2022 Madame Madeleine DIOUF SARR, Biologiste, inge\u0301nieur environnementaliste, est nomme\u0301e Directeur du Changement climatique, de la Transition e\u0301cologique et des Financements verts<\/p>\n<p>au Ministe\u0300re de l\u2019Environnement, du De\u0301veloppement Durable et de la Transition e\u0301cologique;<\/p>\n<p>\u2022 Monsieur Baba DRAME, Environnementaliste, est nomme\u0301 Directeur de la Re\u0301glementation environnementale et du Contro\u0302le au Ministe\u0300re de l\u2019Environnement, du De\u0301veloppement Durable et de la Transition e\u0301cologique.<\/p>\n<p><strong>Pour plus d&rsquo;informations et d&rsquo;analyses sur la <a href=\"https:\/\/www.africa-press.net\/senegal\">Senegal<\/a>, suivez <a href=\"https:\/\/www.africa-press.net\/\">Africa-Press<\/a><\/strong><\/p>\n","protected":false},"excerpt":{"rendered":"<p>Africa-Press &#8211; Senegal. Le Conseil des ministres s\u2019est tenu ce mercredi 13 mars 2024 au Palais de la Re\u0301publique, sous la pre\u0301sidence du Chef de l\u2019Etat, Son Excellence, Monsieur Macky SALL. AU TITRE DES MESURES INDIVIDUELLES Le Pre\u0301sident de la Re\u0301publique a pris les de\u0301cisions suivantes: \u2022 Monsieur Abdoulaye SAMB, Inspecteur Principal du Tre\u0301sor, est [&hellip;]<\/p>\n","protected":false},"author":82,"featured_media":56791,"comment_status":"open","ping_status":"closed","sticky":false,"template":"","format":"standard","meta":{"footnotes":""},"categories":[2,20,10],"tags":[43,47,44],"class_list":["post-56792","post","type-post","status-publish","format-standard","has-post-thumbnail","hentry","category-politique","category-top-nouvelles","category-toutes-les-actualites","tag-africa-press-2","tag-africa-press-senegal","tag-senegal-2"],"yoast_head":"<!-- This site is optimized with the Yoast SEO Premium plugin v26.1 (Yoast SEO v27.0) - https:\/\/yoast.com\/product\/yoast-seo-premium-wordpress\/ -->\n<title>Les nominations du Conseil des ministres du 13 Mars 2024 - Senegal<\/title>\n<meta name=\"robots\" content=\"index, follow, max-snippet:-1, max-image-preview:large, max-video-preview:-1\" \/>\n<link rel=\"canonical\" href=\"https:\/\/www.africa-press.net\/senegal\/politique\/les-nominations-du-conseil-des-ministres-du-13-mars-2024\" \/>\n<meta property=\"og:locale\" content=\"fr_FR\" \/>\n<meta property=\"og:type\" content=\"article\" \/>\n<meta property=\"og:title\" content=\"Les nominations du Conseil des ministres du 13 Mars 2024\" \/>\n<meta property=\"og:description\" content=\"Africa-Press &#8211; Senegal. Le Conseil des ministres s\u2019est tenu ce mercredi 13 mars 2024 au Palais de la Re\u0301publique, sous la pre\u0301sidence du Chef de l\u2019Etat, Son Excellence, Monsieur Macky SALL. AU TITRE DES MESURES INDIVIDUELLES Le Pre\u0301sident de la Re\u0301publique a pris les de\u0301cisions suivantes: \u2022 Monsieur Abdoulaye SAMB, Inspecteur Principal du Tre\u0301sor, est [&hellip;]\" \/>\n<meta property=\"og:url\" content=\"https:\/\/www.africa-press.net\/senegal\/politique\/les-nominations-du-conseil-des-ministres-du-13-mars-2024\" \/>\n<meta property=\"og:site_name\" content=\"Senegal\" \/>\n<meta property=\"article:published_time\" content=\"2024-03-13T22:10:35+00:00\" \/>\n<meta name=\"author\" content=\"cfeditorfr\" \/>\n<meta name=\"twitter:card\" content=\"summary_large_image\" \/>\n<meta name=\"twitter:label1\" content=\"\u00c9crit par\" \/>\n\t<meta name=\"twitter:data1\" content=\"cfeditorfr\" \/>\n\t<meta name=\"twitter:label2\" content=\"Dur\u00e9e de lecture estim\u00e9e\" \/>\n\t<meta name=\"twitter:data2\" content=\"3 minutes\" \/>\n<script type=\"application\/ld+json\" class=\"yoast-schema-graph\">{\"@context\":\"https:\/\/schema.org\",\"@graph\":[{\"@type\":\"Article\",\"@id\":\"https:\/\/www.africa-press.net\/senegal\/politique\/les-nominations-du-conseil-des-ministres-du-13-mars-2024#article\",\"isPartOf\":{\"@id\":\"https:\/\/www.africa-press.net\/senegal\/politique\/les-nominations-du-conseil-des-ministres-du-13-mars-2024\"},\"author\":{\"name\":\"cfeditorfr\",\"@id\":\"https:\/\/www.africa-press.net\/senegal\/#\/schema\/person\/2b1cf3cd81a31e3cd26889ca66d677f1\"},\"headline\":\"Les nominations du Conseil des ministres du 13 Mars 2024\",\"datePublished\":\"2024-03-13T22:10:35+00:00\",\"mainEntityOfPage\":{\"@id\":\"https:\/\/www.africa-press.net\/senegal\/politique\/les-nominations-du-conseil-des-ministres-du-13-mars-2024\"},\"wordCount\":605,\"commentCount\":0,\"image\":{\"@id\":\"https:\/\/www.africa-press.net\/senegal\/politique\/les-nominations-du-conseil-des-ministres-du-13-mars-2024#primaryimage\"},\"thumbnailUrl\":\"https:\/\/static.africa-press.net\/senegal\/sites\/13\/2024\/03\/sm_1710356070.020505.jpg\",\"keywords\":[\"Africa Press\",\"Africa Press-Senegal\",\"Senegal\"],\"articleSection\":[\"Politique\",\"Top Nouvelles\",\"Toutes les actualit\u00e9s\"],\"inLanguage\":\"fr-FR\",\"potentialAction\":[{\"@type\":\"CommentAction\",\"name\":\"Comment\",\"target\":[\"https:\/\/www.africa-press.net\/senegal\/politique\/les-nominations-du-conseil-des-ministres-du-13-mars-2024#respond\"]}]},{\"@type\":\"WebPage\",\"@id\":\"https:\/\/www.africa-press.net\/senegal\/politique\/les-nominations-du-conseil-des-ministres-du-13-mars-2024\",\"url\":\"https:\/\/www.africa-press.net\/senegal\/politique\/les-nominations-du-conseil-des-ministres-du-13-mars-2024\",\"name\":\"Les nominations du Conseil des ministres du 13 Mars 2024 - Senegal\",\"isPartOf\":{\"@id\":\"https:\/\/www.africa-press.net\/senegal\/#website\"},\"primaryImageOfPage\":{\"@id\":\"https:\/\/www.africa-press.net\/senegal\/politique\/les-nominations-du-conseil-des-ministres-du-13-mars-2024#primaryimage\"},\"image\":{\"@id\":\"https:\/\/www.africa-press.net\/senegal\/politique\/les-nominations-du-conseil-des-ministres-du-13-mars-2024#primaryimage\"},\"thumbnailUrl\":\"https:\/\/static.africa-press.net\/senegal\/sites\/13\/2024\/03\/sm_1710356070.020505.jpg\",\"datePublished\":\"2024-03-13T22:10:35+00:00\",\"author\":{\"@id\":\"https:\/\/www.africa-press.net\/senegal\/#\/schema\/person\/2b1cf3cd81a31e3cd26889ca66d677f1\"},\"breadcrumb\":{\"@id\":\"https:\/\/www.africa-press.net\/senegal\/politique\/les-nominations-du-conseil-des-ministres-du-13-mars-2024#breadcrumb\"},\"inLanguage\":\"fr-FR\",\"potentialAction\":[{\"@type\":\"ReadAction\",\"target\":[\"https:\/\/www.africa-press.net\/senegal\/politique\/les-nominations-du-conseil-des-ministres-du-13-mars-2024\"]}]},{\"@type\":\"ImageObject\",\"inLanguage\":\"fr-FR\",\"@id\":\"https:\/\/www.africa-press.net\/senegal\/politique\/les-nominations-du-conseil-des-ministres-du-13-mars-2024#primaryimage\",\"url\":\"https:\/\/static.africa-press.net\/senegal\/sites\/13\/2024\/03\/sm_1710356070.020505.jpg\",\"contentUrl\":\"https:\/\/static.africa-press.net\/senegal\/sites\/13\/2024\/03\/sm_1710356070.020505.jpg\",\"width\":1307,\"height\":635,\"caption\":\"Les nominations du Conseil des ministres du 13 Mars 2024\"},{\"@type\":\"BreadcrumbList\",\"@id\":\"https:\/\/www.africa-press.net\/senegal\/politique\/les-nominations-du-conseil-des-ministres-du-13-mars-2024#breadcrumb\",\"itemListElement\":[{\"@type\":\"ListItem\",\"position\":1,\"name\":\"Accueil\",\"item\":\"https:\/\/www.africa-press.net\/senegal\/\"},{\"@type\":\"ListItem\",\"position\":2,\"name\":\"Les nominations du Conseil des ministres du 13 Mars 2024\"}]},{\"@type\":\"WebSite\",\"@id\":\"https:\/\/www.africa-press.net\/senegal\/#website\",\"url\":\"https:\/\/www.africa-press.net\/senegal\/\",\"name\":\"Africa Press | Senegal | Homepage\",\"description\":\"Just another Africa News Agency Sites site\",\"potentialAction\":[{\"@type\":\"SearchAction\",\"target\":{\"@type\":\"EntryPoint\",\"urlTemplate\":\"https:\/\/www.africa-press.net\/senegal\/?s={search_term_string}\"},\"query-input\":{\"@type\":\"PropertyValueSpecification\",\"valueRequired\":true,\"valueName\":\"search_term_string\"}}],\"inLanguage\":\"fr-FR\"},{\"@type\":\"Person\",\"@id\":\"https:\/\/www.africa-press.net\/senegal\/#\/schema\/person\/2b1cf3cd81a31e3cd26889ca66d677f1\",\"name\":\"cfeditorfr\",\"url\":\"https:\/\/www.africa-press.net\/senegal\/author\/cfeditorfr\"}]}<\/script>\n<!-- \/ Yoast SEO Premium plugin. -->","yoast_head_json":{"title":"Les nominations du Conseil des ministres du 13 Mars 2024 - Senegal","robots":{"index":"index","follow":"follow","max-snippet":"max-snippet:-1","max-image-preview":"max-image-preview:large","max-video-preview":"max-video-preview:-1"},"canonical":"https:\/\/www.africa-press.net\/senegal\/politique\/les-nominations-du-conseil-des-ministres-du-13-mars-2024","og_locale":"fr_FR","og_type":"article","og_title":"Les nominations du Conseil des ministres du 13 Mars 2024","og_description":"Africa-Press &#8211; Senegal. Le Conseil des ministres s\u2019est tenu ce mercredi 13 mars 2024 au Palais de la Re\u0301publique, sous la pre\u0301sidence du Chef de l\u2019Etat, Son Excellence, Monsieur Macky SALL. AU TITRE DES MESURES INDIVIDUELLES Le Pre\u0301sident de la Re\u0301publique a pris les de\u0301cisions suivantes: \u2022 Monsieur Abdoulaye SAMB, Inspecteur Principal du Tre\u0301sor, est [&hellip;]","og_url":"https:\/\/www.africa-press.net\/senegal\/politique\/les-nominations-du-conseil-des-ministres-du-13-mars-2024","og_site_name":"Senegal","article_published_time":"2024-03-13T22:10:35+00:00","author":"cfeditorfr","twitter_card":"summary_large_image","twitter_misc":{"\u00c9crit par":"cfeditorfr","Dur\u00e9e de lecture estim\u00e9e":"3 minutes"},"schema":{"@context":"https:\/\/schema.org","@graph":[{"@type":"Article","@id":"https:\/\/www.africa-press.net\/senegal\/politique\/les-nominations-du-conseil-des-ministres-du-13-mars-2024#article","isPartOf":{"@id":"https:\/\/www.africa-press.net\/senegal\/politique\/les-nominations-du-conseil-des-ministres-du-13-mars-2024"},"author":{"name":"cfeditorfr","@id":"https:\/\/www.africa-press.net\/senegal\/#\/schema\/person\/2b1cf3cd81a31e3cd26889ca66d677f1"},"headline":"Les nominations du Conseil des ministres du 13 Mars 2024","datePublished":"2024-03-13T22:10:35+00:00","mainEntityOfPage":{"@id":"https:\/\/www.africa-press.net\/senegal\/politique\/les-nominations-du-conseil-des-ministres-du-13-mars-2024"},"wordCount":605,"commentCount":0,"image":{"@id":"https:\/\/www.africa-press.net\/senegal\/politique\/les-nominations-du-conseil-des-ministres-du-13-mars-2024#primaryimage"},"thumbnailUrl":"https:\/\/static.africa-press.net\/senegal\/sites\/13\/2024\/03\/sm_1710356070.020505.jpg","keywords":["Africa Press","Africa Press-Senegal","Senegal"],"articleSection":["Politique","Top Nouvelles","Toutes les actualit\u00e9s"],"inLanguage":"fr-FR","potentialAction":[{"@type":"CommentAction","name":"Comment","target":["https:\/\/www.africa-press.net\/senegal\/politique\/les-nominations-du-conseil-des-ministres-du-13-mars-2024#respond"]}]},{"@type":"WebPage","@id":"https:\/\/www.africa-press.net\/senegal\/politique\/les-nominations-du-conseil-des-ministres-du-13-mars-2024","url":"https:\/\/www.africa-press.net\/senegal\/politique\/les-nominations-du-conseil-des-ministres-du-13-mars-2024","name":"Les nominations du Conseil des ministres du 13 Mars 2024 - Senegal","isPartOf":{"@id":"https:\/\/www.africa-press.net\/senegal\/#website"},"primaryImageOfPage":{"@id":"https:\/\/www.africa-press.net\/senegal\/politique\/les-nominations-du-conseil-des-ministres-du-13-mars-2024#primaryimage"},"image":{"@id":"https:\/\/www.africa-press.net\/senegal\/politique\/les-nominations-du-conseil-des-ministres-du-13-mars-2024#primaryimage"},"thumbnailUrl":"https:\/\/static.africa-press.net\/senegal\/sites\/13\/2024\/03\/sm_1710356070.020505.jpg","datePublished":"2024-03-13T22:10:35+00:00","author":{"@id":"https:\/\/www.africa-press.net\/senegal\/#\/schema\/person\/2b1cf3cd81a31e3cd26889ca66d677f1"},"breadcrumb":{"@id":"https:\/\/www.africa-press.net\/senegal\/politique\/les-nominations-du-conseil-des-ministres-du-13-mars-2024#breadcrumb"},"inLanguage":"fr-FR","potentialAction":[{"@type":"ReadAction","target":["https:\/\/www.africa-press.net\/senegal\/politique\/les-nominations-du-conseil-des-ministres-du-13-mars-2024"]}]},{"@type":"ImageObject","inLanguage":"fr-FR","@id":"https:\/\/www.africa-press.net\/senegal\/politique\/les-nominations-du-conseil-des-ministres-du-13-mars-2024#primaryimage","url":"https:\/\/static.africa-press.net\/senegal\/sites\/13\/2024\/03\/sm_1710356070.020505.jpg","contentUrl":"https:\/\/static.africa-press.net\/senegal\/sites\/13\/2024\/03\/sm_1710356070.020505.jpg","width":1307,"height":635,"caption":"Les nominations du Conseil des ministres du 13 Mars 2024"},{"@type":"BreadcrumbList","@id":"https:\/\/www.africa-press.net\/senegal\/politique\/les-nominations-du-conseil-des-ministres-du-13-mars-2024#breadcrumb","itemListElement":[{"@type":"ListItem","position":1,"name":"Accueil","item":"https:\/\/www.africa-press.net\/senegal\/"},{"@type":"ListItem","position":2,"name":"Les nominations du Conseil des ministres du 13 Mars 2024"}]},{"@type":"WebSite","@id":"https:\/\/www.africa-press.net\/senegal\/#website","url":"https:\/\/www.africa-press.net\/senegal\/","name":"Africa Press | Senegal | Homepage","description":"Just another Africa News Agency Sites site","potentialAction":[{"@type":"SearchAction","target":{"@type":"EntryPoint","urlTemplate":"https:\/\/www.africa-press.net\/senegal\/?s={search_term_string}"},"query-input":{"@type":"PropertyValueSpecification","valueRequired":true,"valueName":"search_term_string"}}],"inLanguage":"fr-FR"},{"@type":"Person","@id":"https:\/\/www.africa-press.net\/senegal\/#\/schema\/person\/2b1cf3cd81a31e3cd26889ca66d677f1","name":"cfeditorfr","url":"https:\/\/www.africa-press.net\/senegal\/author\/cfeditorfr"}]}},"_links":{"self":[{"href":"https:\/\/www.africa-press.net\/senegal\/wp-json\/wp\/v2\/posts\/56792","targetHints":{"allow":["GET"]}}],"collection":[{"href":"https:\/\/www.africa-press.net\/senegal\/wp-json\/wp\/v2\/posts"}],"about":[{"href":"https:\/\/www.africa-press.net\/senegal\/wp-json\/wp\/v2\/types\/post"}],"author":[{"embeddable":true,"href":"https:\/\/www.africa-press.net\/senegal\/wp-json\/wp\/v2\/users\/82"}],"replies":[{"embeddable":true,"href":"https:\/\/www.africa-press.net\/senegal\/wp-json\/wp\/v2\/comments?post=56792"}],"version-history":[{"count":0,"href":"https:\/\/www.africa-press.net\/senegal\/wp-json\/wp\/v2\/posts\/56792\/revisions"}],"wp:featuredmedia":[{"embeddable":true,"href":"https:\/\/www.africa-press.net\/senegal\/wp-json\/wp\/v2\/media\/56791"}],"wp:attachment":[{"href":"https:\/\/www.africa-press.net\/senegal\/wp-json\/wp\/v2\/media?parent=56792"}],"wp:term":[{"taxonomy":"category","embeddable":true,"href":"https:\/\/www.africa-press.net\/senegal\/wp-json\/wp\/v2\/categories?post=56792"},{"taxonomy":"post_tag","embeddable":true,"href":"https:\/\/www.africa-press.net\/senegal\/wp-json\/wp\/v2\/tags?post=56792"}],"curies":[{"name":"wp","href":"https:\/\/api.w.org\/{rel}","templated":true}]}}