{"id":56796,"date":"2024-03-13T22:14:28","date_gmt":"2024-03-13T22:14:28","guid":{"rendered":"https:\/\/www.africa-press.net\/senegal\/politique\/la-jeunesse-republicaine-de-touba-amadou-ba-est-notre-unique-candidat"},"modified":"2024-03-13T22:14:28","modified_gmt":"2024-03-13T22:14:28","slug":"la-jeunesse-republicaine-de-touba-amadou-ba-est-notre-unique-candidat","status":"publish","type":"post","link":"https:\/\/www.africa-press.net\/senegal\/politique\/la-jeunesse-republicaine-de-touba-amadou-ba-est-notre-unique-candidat","title":{"rendered":"La jeunesse r\u00e9publicaine de Touba : \u00ab\u00a0Amadou Ba est notre unique candidat\u00a0\u00bb"},"content":{"rendered":"<p><span style=\"color: #ff6600\"><strong>Africa-Press &#8211; Senegal. <\/strong><\/span>Controverse autour du choix porte\u0301 sur Amadou Ba qui a fini par provoquer une crise au sein de la coalition Benno Bokk Yaakaar. Face a\u0300 cette situation, la jeunesse re\u0301publicaine de Touba a re\u0301ite\u0301re\u0301 son soutien a\u0300 l&rsquo;ancien Premier ministre.<\/p>\n<p>\u00ab\u00a0Amadou Ba\u0302 reste notre unique candidat pour la Pre\u0301sidentielle. Nous lanc\u0327ons un appel solennel au pre\u0301sident Macky Sall de mettre fin a\u0300 la crise qui secoue notre coalition. Le secre\u0301taire national doit signer la fin de la re\u0301cre\u0301ation\u00a0\u00bb, de\u0301clare le porte-parole du jour.<\/p>\n<p>Pape Cisse\u0301 Lo et ses camarades ont tire\u0301 a\u0300 boulets rouges sur les de\u0301tracteurs du candidat Amadou Ba. Ils accusent ouvertement les ministres Mame Mbaye Niang et The\u0301re\u0300se Faye d&rsquo;orchestrer des man\u0153uvres dans la coalition pre\u0301sidentielle pour combattre Amadou Ba.<\/p>\n<p>\u00a0\u00bb Certains responsables de BBY n&rsquo;ont pas soutenu notre candidat, mais d&rsquo;autres leaders, dont deux ministres, sont en train de poser des actes dans notre coalition pour barrer la route a\u0300 Amadou Ba. Ces actes n&rsquo;honorent pas le pre\u0301sident Macky Sall qui a choisi Amadou Ba\u0302\u00a0\u00bb, de\u0301nonce Pape Lo, fils de Moustapha Cisse\u0301 Lo\u0302, au nom de ses camarades.<\/p>\n<p>Pour ce charge\u0301 de mission a\u0300 la pre\u0301sidence de la Re\u0301publique, les ministres Mame Mbaye Niang et The\u0301re\u0300se Faye doivent arre\u0302ter leurs manigances au sein de Benno Bokk Yaakaar. \u00ab\u00a0Les fonds de campagne ne sont pas disponibles. Nous n&rsquo;avons pas encore de\u0301marre\u0301 notre mobilisation dans le de\u0301partement de Mbacke\u0301 pour battre campagne. Face a\u0300 cette situation, explique M. Lo, la jeunesse re\u0301publicaine a organise\u0301 ce point de presse pour interpeller le pre\u0301sident Macky Sall sur la crise au sein de Benno\u00a0\u00bb.<\/p>\n<p><img loading=\"lazy\" decoding=\"async\" width=\"1899\" height=\"1080\" class=\"alignnone wp-image-56793 size-full\" src=\"https:\/\/static.africa-press.net\/senegal\/sites\/13\/2024\/03\/sm_1710356087.759173.jpg\" srcset=\"https:\/\/static.africa-press.net\/senegal\/sites\/13\/2024\/03\/sm_1710356087.759173.jpg 1899w, https:\/\/static.africa-press.net\/senegal\/sites\/13\/2024\/03\/sm_1710356087.759173-300x171.jpg 300w, https:\/\/static.africa-press.net\/senegal\/sites\/13\/2024\/03\/sm_1710356087.759173-1024x582.jpg 1024w, https:\/\/static.africa-press.net\/senegal\/sites\/13\/2024\/03\/sm_1710356087.759173-768x437.jpg 768w, https:\/\/static.africa-press.net\/senegal\/sites\/13\/2024\/03\/sm_1710356087.759173-1536x874.jpg 1536w\" sizes=\"auto, (max-width: 1899px) 100vw, 1899px\" \/><\/p>\n<p><strong>Pour plus d&rsquo;informations et d&rsquo;analyses sur la <a href=\"https:\/\/www.africa-press.net\/senegal\">Senegal<\/a>, suivez <a href=\"https:\/\/www.africa-press.net\/\">Africa-Press<\/a><\/strong><\/p>\n","protected":false},"excerpt":{"rendered":"<p>Africa-Press &#8211; Senegal. Controverse autour du choix porte\u0301 sur Amadou Ba qui a fini par provoquer une crise au sein de la coalition Benno Bokk Yaakaar. Face a\u0300 cette situation, la jeunesse re\u0301publicaine de Touba a re\u0301ite\u0301re\u0301 son soutien a\u0300 l&rsquo;ancien Premier ministre. \u00ab\u00a0Amadou Ba\u0302 reste notre unique candidat pour la Pre\u0301sidentielle. Nous lanc\u0327ons un [&hellip;]<\/p>\n","protected":false},"author":82,"featured_media":56795,"comment_status":"open","ping_status":"closed","sticky":false,"template":"","format":"standard","meta":{"footnotes":""},"categories":[2,10],"tags":[43,47,44],"class_list":["post-56796","post","type-post","status-publish","format-standard","has-post-thumbnail","hentry","category-politique","category-toutes-les-actualites","tag-africa-press-2","tag-africa-press-senegal","tag-senegal-2"],"yoast_head":"<!-- This site is optimized with the Yoast SEO Premium plugin v26.1 (Yoast SEO v27.0) - https:\/\/yoast.com\/product\/yoast-seo-premium-wordpress\/ -->\n<title>La jeunesse r\u00e9publicaine de Touba : &quot;Amadou Ba est notre unique candidat&quot; - Senegal<\/title>\n<meta name=\"robots\" content=\"index, follow, max-snippet:-1, max-image-preview:large, max-video-preview:-1\" \/>\n<link rel=\"canonical\" href=\"https:\/\/www.africa-press.net\/senegal\/politique\/la-jeunesse-republicaine-de-touba-amadou-ba-est-notre-unique-candidat\" \/>\n<meta property=\"og:locale\" content=\"fr_FR\" \/>\n<meta property=\"og:type\" content=\"article\" \/>\n<meta property=\"og:title\" content=\"La jeunesse r\u00e9publicaine de Touba : &quot;Amadou Ba est notre unique candidat&quot;\" \/>\n<meta property=\"og:description\" content=\"Africa-Press &#8211; Senegal. Controverse autour du choix porte\u0301 sur Amadou Ba qui a fini par provoquer une crise au sein de la coalition Benno Bokk Yaakaar. Face a\u0300 cette situation, la jeunesse re\u0301publicaine de Touba a re\u0301ite\u0301re\u0301 son soutien a\u0300 l&rsquo;ancien Premier ministre. \u00ab\u00a0Amadou Ba\u0302 reste notre unique candidat pour la Pre\u0301sidentielle. Nous lanc\u0327ons un [&hellip;]\" \/>\n<meta property=\"og:url\" content=\"https:\/\/www.africa-press.net\/senegal\/politique\/la-jeunesse-republicaine-de-touba-amadou-ba-est-notre-unique-candidat\" \/>\n<meta property=\"og:site_name\" content=\"Senegal\" \/>\n<meta property=\"article:published_time\" content=\"2024-03-13T22:14:28+00:00\" \/>\n<meta property=\"og:image\" content=\"https:\/\/static.africa-press.net\/senegal\/sites\/13\/2024\/03\/sm_1710356087.759173.jpg\" \/>\n<meta name=\"author\" content=\"cfeditorfr\" \/>\n<meta name=\"twitter:card\" content=\"summary_large_image\" \/>\n<meta name=\"twitter:label1\" content=\"\u00c9crit par\" \/>\n\t<meta name=\"twitter:data1\" content=\"cfeditorfr\" \/>\n\t<meta name=\"twitter:label2\" content=\"Dur\u00e9e de lecture estim\u00e9e\" \/>\n\t<meta name=\"twitter:data2\" content=\"2 minutes\" \/>\n<script type=\"application\/ld+json\" class=\"yoast-schema-graph\">{\"@context\":\"https:\/\/schema.org\",\"@graph\":[{\"@type\":\"Article\",\"@id\":\"https:\/\/www.africa-press.net\/senegal\/politique\/la-jeunesse-republicaine-de-touba-amadou-ba-est-notre-unique-candidat#article\",\"isPartOf\":{\"@id\":\"https:\/\/www.africa-press.net\/senegal\/politique\/la-jeunesse-republicaine-de-touba-amadou-ba-est-notre-unique-candidat\"},\"author\":{\"name\":\"cfeditorfr\",\"@id\":\"https:\/\/www.africa-press.net\/senegal\/#\/schema\/person\/2b1cf3cd81a31e3cd26889ca66d677f1\"},\"headline\":\"La jeunesse r\u00e9publicaine de Touba : \u00ab\u00a0Amadou Ba est notre unique candidat\u00a0\u00bb\",\"datePublished\":\"2024-03-13T22:14:28+00:00\",\"mainEntityOfPage\":{\"@id\":\"https:\/\/www.africa-press.net\/senegal\/politique\/la-jeunesse-republicaine-de-touba-amadou-ba-est-notre-unique-candidat\"},\"wordCount\":321,\"commentCount\":0,\"image\":{\"@id\":\"https:\/\/www.africa-press.net\/senegal\/politique\/la-jeunesse-republicaine-de-touba-amadou-ba-est-notre-unique-candidat#primaryimage\"},\"thumbnailUrl\":\"https:\/\/static.africa-press.net\/senegal\/sites\/13\/2024\/03\/sm_1710356101.194515.jpg\",\"keywords\":[\"Africa Press\",\"Africa Press-Senegal\",\"Senegal\"],\"articleSection\":[\"Politique\",\"Toutes les actualit\u00e9s\"],\"inLanguage\":\"fr-FR\",\"potentialAction\":[{\"@type\":\"CommentAction\",\"name\":\"Comment\",\"target\":[\"https:\/\/www.africa-press.net\/senegal\/politique\/la-jeunesse-republicaine-de-touba-amadou-ba-est-notre-unique-candidat#respond\"]}]},{\"@type\":\"WebPage\",\"@id\":\"https:\/\/www.africa-press.net\/senegal\/politique\/la-jeunesse-republicaine-de-touba-amadou-ba-est-notre-unique-candidat\",\"url\":\"https:\/\/www.africa-press.net\/senegal\/politique\/la-jeunesse-republicaine-de-touba-amadou-ba-est-notre-unique-candidat\",\"name\":\"La jeunesse r\u00e9publicaine de Touba : \\\"Amadou Ba est notre unique candidat\\\" - Senegal\",\"isPartOf\":{\"@id\":\"https:\/\/www.africa-press.net\/senegal\/#website\"},\"primaryImageOfPage\":{\"@id\":\"https:\/\/www.africa-press.net\/senegal\/politique\/la-jeunesse-republicaine-de-touba-amadou-ba-est-notre-unique-candidat#primaryimage\"},\"image\":{\"@id\":\"https:\/\/www.africa-press.net\/senegal\/politique\/la-jeunesse-republicaine-de-touba-amadou-ba-est-notre-unique-candidat#primaryimage\"},\"thumbnailUrl\":\"https:\/\/static.africa-press.net\/senegal\/sites\/13\/2024\/03\/sm_1710356101.194515.jpg\",\"datePublished\":\"2024-03-13T22:14:28+00:00\",\"author\":{\"@id\":\"https:\/\/www.africa-press.net\/senegal\/#\/schema\/person\/2b1cf3cd81a31e3cd26889ca66d677f1\"},\"breadcrumb\":{\"@id\":\"https:\/\/www.africa-press.net\/senegal\/politique\/la-jeunesse-republicaine-de-touba-amadou-ba-est-notre-unique-candidat#breadcrumb\"},\"inLanguage\":\"fr-FR\",\"potentialAction\":[{\"@type\":\"ReadAction\",\"target\":[\"https:\/\/www.africa-press.net\/senegal\/politique\/la-jeunesse-republicaine-de-touba-amadou-ba-est-notre-unique-candidat\"]}]},{\"@type\":\"ImageObject\",\"inLanguage\":\"fr-FR\",\"@id\":\"https:\/\/www.africa-press.net\/senegal\/politique\/la-jeunesse-republicaine-de-touba-amadou-ba-est-notre-unique-candidat#primaryimage\",\"url\":\"https:\/\/static.africa-press.net\/senegal\/sites\/13\/2024\/03\/sm_1710356101.194515.jpg\",\"contentUrl\":\"https:\/\/static.africa-press.net\/senegal\/sites\/13\/2024\/03\/sm_1710356101.194515.jpg\",\"width\":1297,\"height\":634,\"caption\":\"La jeunesse r\u00e9publicaine de Touba : \\\"Amadou Ba est notre unique candidat\\\"\"},{\"@type\":\"BreadcrumbList\",\"@id\":\"https:\/\/www.africa-press.net\/senegal\/politique\/la-jeunesse-republicaine-de-touba-amadou-ba-est-notre-unique-candidat#breadcrumb\",\"itemListElement\":[{\"@type\":\"ListItem\",\"position\":1,\"name\":\"Accueil\",\"item\":\"https:\/\/www.africa-press.net\/senegal\/\"},{\"@type\":\"ListItem\",\"position\":2,\"name\":\"La jeunesse r\u00e9publicaine de Touba : &#8220;Amadou Ba est notre unique candidat&#8221;\"}]},{\"@type\":\"WebSite\",\"@id\":\"https:\/\/www.africa-press.net\/senegal\/#website\",\"url\":\"https:\/\/www.africa-press.net\/senegal\/\",\"name\":\"Africa Press | Senegal | Homepage\",\"description\":\"Just another Africa News Agency Sites site\",\"potentialAction\":[{\"@type\":\"SearchAction\",\"target\":{\"@type\":\"EntryPoint\",\"urlTemplate\":\"https:\/\/www.africa-press.net\/senegal\/?s={search_term_string}\"},\"query-input\":{\"@type\":\"PropertyValueSpecification\",\"valueRequired\":true,\"valueName\":\"search_term_string\"}}],\"inLanguage\":\"fr-FR\"},{\"@type\":\"Person\",\"@id\":\"https:\/\/www.africa-press.net\/senegal\/#\/schema\/person\/2b1cf3cd81a31e3cd26889ca66d677f1\",\"name\":\"cfeditorfr\",\"url\":\"https:\/\/www.africa-press.net\/senegal\/author\/cfeditorfr\"}]}<\/script>\n<!-- \/ Yoast SEO Premium plugin. -->","yoast_head_json":{"title":"La jeunesse r\u00e9publicaine de Touba : \"Amadou Ba est notre unique candidat\" - Senegal","robots":{"index":"index","follow":"follow","max-snippet":"max-snippet:-1","max-image-preview":"max-image-preview:large","max-video-preview":"max-video-preview:-1"},"canonical":"https:\/\/www.africa-press.net\/senegal\/politique\/la-jeunesse-republicaine-de-touba-amadou-ba-est-notre-unique-candidat","og_locale":"fr_FR","og_type":"article","og_title":"La jeunesse r\u00e9publicaine de Touba : \"Amadou Ba est notre unique candidat\"","og_description":"Africa-Press &#8211; Senegal. Controverse autour du choix porte\u0301 sur Amadou Ba qui a fini par provoquer une crise au sein de la coalition Benno Bokk Yaakaar. Face a\u0300 cette situation, la jeunesse re\u0301publicaine de Touba a re\u0301ite\u0301re\u0301 son soutien a\u0300 l&rsquo;ancien Premier ministre. \u00ab\u00a0Amadou Ba\u0302 reste notre unique candidat pour la Pre\u0301sidentielle. Nous lanc\u0327ons un [&hellip;]","og_url":"https:\/\/www.africa-press.net\/senegal\/politique\/la-jeunesse-republicaine-de-touba-amadou-ba-est-notre-unique-candidat","og_site_name":"Senegal","article_published_time":"2024-03-13T22:14:28+00:00","og_image":[{"url":"https:\/\/static.africa-press.net\/senegal\/sites\/13\/2024\/03\/sm_1710356087.759173.jpg","type":"","width":"","height":""}],"author":"cfeditorfr","twitter_card":"summary_large_image","twitter_misc":{"\u00c9crit par":"cfeditorfr","Dur\u00e9e de lecture estim\u00e9e":"2 minutes"},"schema":{"@context":"https:\/\/schema.org","@graph":[{"@type":"Article","@id":"https:\/\/www.africa-press.net\/senegal\/politique\/la-jeunesse-republicaine-de-touba-amadou-ba-est-notre-unique-candidat#article","isPartOf":{"@id":"https:\/\/www.africa-press.net\/senegal\/politique\/la-jeunesse-republicaine-de-touba-amadou-ba-est-notre-unique-candidat"},"author":{"name":"cfeditorfr","@id":"https:\/\/www.africa-press.net\/senegal\/#\/schema\/person\/2b1cf3cd81a31e3cd26889ca66d677f1"},"headline":"La jeunesse r\u00e9publicaine de Touba : \u00ab\u00a0Amadou Ba est notre unique candidat\u00a0\u00bb","datePublished":"2024-03-13T22:14:28+00:00","mainEntityOfPage":{"@id":"https:\/\/www.africa-press.net\/senegal\/politique\/la-jeunesse-republicaine-de-touba-amadou-ba-est-notre-unique-candidat"},"wordCount":321,"commentCount":0,"image":{"@id":"https:\/\/www.africa-press.net\/senegal\/politique\/la-jeunesse-republicaine-de-touba-amadou-ba-est-notre-unique-candidat#primaryimage"},"thumbnailUrl":"https:\/\/static.africa-press.net\/senegal\/sites\/13\/2024\/03\/sm_1710356101.194515.jpg","keywords":["Africa Press","Africa Press-Senegal","Senegal"],"articleSection":["Politique","Toutes les actualit\u00e9s"],"inLanguage":"fr-FR","potentialAction":[{"@type":"CommentAction","name":"Comment","target":["https:\/\/www.africa-press.net\/senegal\/politique\/la-jeunesse-republicaine-de-touba-amadou-ba-est-notre-unique-candidat#respond"]}]},{"@type":"WebPage","@id":"https:\/\/www.africa-press.net\/senegal\/politique\/la-jeunesse-republicaine-de-touba-amadou-ba-est-notre-unique-candidat","url":"https:\/\/www.africa-press.net\/senegal\/politique\/la-jeunesse-republicaine-de-touba-amadou-ba-est-notre-unique-candidat","name":"La jeunesse r\u00e9publicaine de Touba : \"Amadou Ba est notre unique candidat\" - Senegal","isPartOf":{"@id":"https:\/\/www.africa-press.net\/senegal\/#website"},"primaryImageOfPage":{"@id":"https:\/\/www.africa-press.net\/senegal\/politique\/la-jeunesse-republicaine-de-touba-amadou-ba-est-notre-unique-candidat#primaryimage"},"image":{"@id":"https:\/\/www.africa-press.net\/senegal\/politique\/la-jeunesse-republicaine-de-touba-amadou-ba-est-notre-unique-candidat#primaryimage"},"thumbnailUrl":"https:\/\/static.africa-press.net\/senegal\/sites\/13\/2024\/03\/sm_1710356101.194515.jpg","datePublished":"2024-03-13T22:14:28+00:00","author":{"@id":"https:\/\/www.africa-press.net\/senegal\/#\/schema\/person\/2b1cf3cd81a31e3cd26889ca66d677f1"},"breadcrumb":{"@id":"https:\/\/www.africa-press.net\/senegal\/politique\/la-jeunesse-republicaine-de-touba-amadou-ba-est-notre-unique-candidat#breadcrumb"},"inLanguage":"fr-FR","potentialAction":[{"@type":"ReadAction","target":["https:\/\/www.africa-press.net\/senegal\/politique\/la-jeunesse-republicaine-de-touba-amadou-ba-est-notre-unique-candidat"]}]},{"@type":"ImageObject","inLanguage":"fr-FR","@id":"https:\/\/www.africa-press.net\/senegal\/politique\/la-jeunesse-republicaine-de-touba-amadou-ba-est-notre-unique-candidat#primaryimage","url":"https:\/\/static.africa-press.net\/senegal\/sites\/13\/2024\/03\/sm_1710356101.194515.jpg","contentUrl":"https:\/\/static.africa-press.net\/senegal\/sites\/13\/2024\/03\/sm_1710356101.194515.jpg","width":1297,"height":634,"caption":"La jeunesse r\u00e9publicaine de Touba : \"Amadou Ba est notre unique candidat\""},{"@type":"BreadcrumbList","@id":"https:\/\/www.africa-press.net\/senegal\/politique\/la-jeunesse-republicaine-de-touba-amadou-ba-est-notre-unique-candidat#breadcrumb","itemListElement":[{"@type":"ListItem","position":1,"name":"Accueil","item":"https:\/\/www.africa-press.net\/senegal\/"},{"@type":"ListItem","position":2,"name":"La jeunesse r\u00e9publicaine de Touba : &#8220;Amadou Ba est notre unique candidat&#8221;"}]},{"@type":"WebSite","@id":"https:\/\/www.africa-press.net\/senegal\/#website","url":"https:\/\/www.africa-press.net\/senegal\/","name":"Africa Press | Senegal | Homepage","description":"Just another Africa News Agency Sites site","potentialAction":[{"@type":"SearchAction","target":{"@type":"EntryPoint","urlTemplate":"https:\/\/www.africa-press.net\/senegal\/?s={search_term_string}"},"query-input":{"@type":"PropertyValueSpecification","valueRequired":true,"valueName":"search_term_string"}}],"inLanguage":"fr-FR"},{"@type":"Person","@id":"https:\/\/www.africa-press.net\/senegal\/#\/schema\/person\/2b1cf3cd81a31e3cd26889ca66d677f1","name":"cfeditorfr","url":"https:\/\/www.africa-press.net\/senegal\/author\/cfeditorfr"}]}},"_links":{"self":[{"href":"https:\/\/www.africa-press.net\/senegal\/wp-json\/wp\/v2\/posts\/56796","targetHints":{"allow":["GET"]}}],"collection":[{"href":"https:\/\/www.africa-press.net\/senegal\/wp-json\/wp\/v2\/posts"}],"about":[{"href":"https:\/\/www.africa-press.net\/senegal\/wp-json\/wp\/v2\/types\/post"}],"author":[{"embeddable":true,"href":"https:\/\/www.africa-press.net\/senegal\/wp-json\/wp\/v2\/users\/82"}],"replies":[{"embeddable":true,"href":"https:\/\/www.africa-press.net\/senegal\/wp-json\/wp\/v2\/comments?post=56796"}],"version-history":[{"count":0,"href":"https:\/\/www.africa-press.net\/senegal\/wp-json\/wp\/v2\/posts\/56796\/revisions"}],"wp:featuredmedia":[{"embeddable":true,"href":"https:\/\/www.africa-press.net\/senegal\/wp-json\/wp\/v2\/media\/56795"}],"wp:attachment":[{"href":"https:\/\/www.africa-press.net\/senegal\/wp-json\/wp\/v2\/media?parent=56796"}],"wp:term":[{"taxonomy":"category","embeddable":true,"href":"https:\/\/www.africa-press.net\/senegal\/wp-json\/wp\/v2\/categories?post=56796"},{"taxonomy":"post_tag","embeddable":true,"href":"https:\/\/www.africa-press.net\/senegal\/wp-json\/wp\/v2\/tags?post=56796"}],"curies":[{"name":"wp","href":"https:\/\/api.w.org\/{rel}","templated":true}]}}