{"id":56825,"date":"2024-03-14T23:18:46","date_gmt":"2024-03-14T23:18:46","guid":{"rendered":"https:\/\/www.africa-press.net\/senegal\/politique\/vagues-de-chaleur-dans-certaines-zones-du-pays-le-ministere-de-la-sante-et-lanacim-entre-alertes-et-conseils"},"modified":"2024-03-15T01:14:17","modified_gmt":"2024-03-15T01:14:17","slug":"vagues-de-chaleur-dans-certaines-zones-du-pays-le-ministere-de-la-sante-et-lanacim-entre-alertes-et-conseils","status":"publish","type":"post","link":"https:\/\/www.africa-press.net\/senegal\/toutes-les-actualites\/vagues-de-chaleur-dans-certaines-zones-du-pays-le-ministere-de-la-sante-et-lanacim-entre-alertes-et-conseils","title":{"rendered":"Vagues de chaleur dans certaines zones du pays: Le ministe\u0300re de la Sante\u0301 et l\u2019ANACIM entre alertes et conseils"},"content":{"rendered":"<p><span style=\"color: #ff6600\"><strong>Africa-Press &#8211; Senegal. <\/strong><\/span>Le ministe\u0300re de la Sante\u0301 et de l\u2019Action sociale (MSAS) et l\u2019Agence nationale de l\u2019aviation civile et de la me\u0301te\u0301orologie (ANACIM) ont produit un bulletin d\u2019alerte sanitaire sur des vagues de chaleur attendues dans le pays et les conse\u0301quences sanitaires qui peuvent en de\u0301couler. Il est mentionne\u0301 dans le document que ce changement climatique peut ge\u0301ne\u0301rer un sentiment d\u2019inconfort. Cette situation est attendue par ailleurs dans les re\u0301gions de Thie\u0300s, Louga, Diourbel, Fatick, Kaolack, Kaffrine, Ziguinchor, Se\u0301dhiou, Kolda, Ke\u0301dougou, Tambacounda et Matam. En effet, \u00ab une vague de chaleur est de\u0301finie comme une pe\u0301riode anormalement chaude et se\u0300che ou chaude et humide qui persiste pendant au moins trois jours conse\u0301cutifs \u00bb. Cet e\u0301tat fait que la tempe\u0301rature maximale journalie\u0300re de\u0301passe le 95e percentile pendant au moins trois jours conse\u0301cutifs. L\u2019indice de chaleur est supe\u0301rieur a\u0300 40\u00b0C pendant au moins trois jours conse\u0301cutifs. L\u2019indice de chaleur exprime la sensation de chaleur ressentie par le corps en fonction de la tempe\u0301rature de l\u2019air et de l\u2019humidite\u0301.<\/p>\n<p><b>Conseil comportemental et me\u0301dical<\/b><\/p>\n<p>A\u0300 situation nouvelle, comportement nouveau, il est ainsi recommande\u0301 un suivi re\u0301gulier des personnes vulne\u0301rables et souffrant de pathologies chroniques (diabe\u0300te, maladie re\u0301nale, HTA, affections respiratoires, etc.). Ceci est recommande\u0301 surtout dans les localite\u0301s a\u0300 risque. S\u2019ajoutent a\u0300 la liste des personnes vulne\u0301rables, les personnes a\u0302ge\u0301es, personnes handicape\u0301es ou de\u0301pendantes, femmes enceintes, personnes souffrant de maladies chroniques, enfants et nourrissons. Il est par la me\u0302me occasion demande\u0301 a\u0300 toutes personnes d\u2019essayer d\u2019obtenir de l\u2019aide si elle a des vertiges, se sent faible, angoisse\u0301e, ressent une soif intense et des maux de te\u0302te ou des spasmes musculaires douloureux. Il faut aussi se placer dans un endroit frais le plus vite possible et prendre sa tempe\u0301rature. Boire de l\u2019eau pour vous re\u0301hydrater mais surtout un \u00ab avis me\u0301dical est requis si les crampes durent plus d\u2019une heure. \u00ab Consultez un me\u0301decin si vous ressentez des sympto\u0302mes inhabituels ou si les sympto\u0302mes persistent \u00bb.<\/p>\n<p><b>Ces zones touche\u0301es par les fortes tempe\u0301ratures<\/b><\/p>\n<p>Des tempe\u0301ratures e\u0301leve\u0301es sont attendues durant la pe\u0301riode du 13 mars au 19 mars 2024 dans la partie Centre-Ouest, Sud et Sud-Est du Se\u0301ne\u0301gal. Des tempe\u0301ratures e\u0301leve\u0301es de l&rsquo;ordre de 41 a\u0300 42\u00b0C sont pre\u0301vues sur les re\u0301gions Centre (Diourbel, Fatick et Kaolack) et les de\u0301partements de Mbirkilane et Kaffrine au cours de la pe\u0301riode allant du 13 au 19 mars 2024.<\/p>\n<p>Par ailleurs, ces tempe\u0301ratures atteindront des pics de 43 a\u0300 44\u00b0C dans Kolda et Se\u0301dhiou et les de\u0301partements de Tambacounda, Sale\u0301mata et Ke\u0301dougou. Ainsi, un risque mode\u0301re\u0301 d&rsquo;occurrence de vague de chaleur est de mise sur les localite\u0301s susmentionne\u0301es selon le bulletin alerte des deux entite\u0301s.<\/p>\n<p><strong>Pour plus d&rsquo;informations et d&rsquo;analyses sur la <a href=\"https:\/\/www.africa-press.net\/senegal\">Senegal<\/a>, suivez <a href=\"https:\/\/www.africa-press.net\/\">Africa-Press<\/a><\/strong><\/p>\n","protected":false},"excerpt":{"rendered":"<p>Africa-Press &#8211; Senegal. Le ministe\u0300re de la Sante\u0301 et de l\u2019Action sociale (MSAS) et l\u2019Agence nationale de l\u2019aviation civile et de la me\u0301te\u0301orologie (ANACIM) ont produit un bulletin d\u2019alerte sanitaire sur des vagues de chaleur attendues dans le pays et les conse\u0301quences sanitaires qui peuvent en de\u0301couler. Il est mentionne\u0301 dans le document que ce [&hellip;]<\/p>\n","protected":false},"author":82,"featured_media":56824,"comment_status":"open","ping_status":"closed","sticky":false,"template":"","format":"standard","meta":{"footnotes":""},"categories":[21,10],"tags":[43,47,44],"class_list":["post-56825","post","type-post","status-publish","format-standard","has-post-thumbnail","hentry","category-communaute","category-toutes-les-actualites","tag-africa-press-2","tag-africa-press-senegal","tag-senegal-2"],"yoast_head":"<!-- This site is optimized with the Yoast SEO Premium plugin v26.1 (Yoast SEO v27.0) - https:\/\/yoast.com\/product\/yoast-seo-premium-wordpress\/ -->\n<title>Vagues de chaleur dans certaines zones du pays: Le ministe\u0300re de la Sante\u0301 et l\u2019ANACIM entre alertes et conseils - Senegal<\/title>\n<meta name=\"description\" content=\"Le ministe\u0300re de la Sante\u0301 et de l\u2019Action sociale (MSAS) et l\u2019Agence nationale de l\u2019aviation civile et de la me\u0301te\u0301orolo ...\" \/>\n<meta name=\"robots\" content=\"index, follow, max-snippet:-1, max-image-preview:large, max-video-preview:-1\" \/>\n<link rel=\"canonical\" href=\"https:\/\/www.africa-press.net\/senegal\/toutes-les-actualites\/vagues-de-chaleur-dans-certaines-zones-du-pays-le-ministere-de-la-sante-et-lanacim-entre-alertes-et-conseils\" \/>\n<meta property=\"og:locale\" content=\"fr_FR\" \/>\n<meta property=\"og:type\" content=\"article\" \/>\n<meta property=\"og:title\" content=\"Vagues de chaleur dans certaines zones du pays: Le ministe\u0300re de la Sante\u0301 et l\u2019ANACIM entre alertes et conseils\" \/>\n<meta property=\"og:description\" content=\"Le ministe\u0300re de la Sante\u0301 et de l\u2019Action sociale (MSAS) et l\u2019Agence nationale de l\u2019aviation civile et de la me\u0301te\u0301orolo ...\" \/>\n<meta property=\"og:url\" content=\"https:\/\/www.africa-press.net\/senegal\/toutes-les-actualites\/vagues-de-chaleur-dans-certaines-zones-du-pays-le-ministere-de-la-sante-et-lanacim-entre-alertes-et-conseils\" \/>\n<meta property=\"og:site_name\" content=\"Senegal\" \/>\n<meta property=\"article:published_time\" content=\"2024-03-14T23:18:46+00:00\" \/>\n<meta property=\"article:modified_time\" content=\"2024-03-15T01:14:17+00:00\" \/>\n<meta property=\"og:image\" content=\"https:\/\/static.africa-press.net\/senegal\/sites\/13\/2024\/03\/sm_1710449006.484146.jpg\" \/>\n\t<meta property=\"og:image:width\" content=\"1295\" \/>\n\t<meta property=\"og:image:height\" content=\"633\" \/>\n\t<meta property=\"og:image:type\" content=\"image\/jpeg\" \/>\n<meta name=\"author\" content=\"cfeditorfr\" \/>\n<meta name=\"twitter:card\" content=\"summary_large_image\" \/>\n<meta name=\"twitter:label1\" content=\"\u00c9crit par\" \/>\n\t<meta name=\"twitter:data1\" content=\"cfeditorfr\" \/>\n\t<meta name=\"twitter:label2\" content=\"Dur\u00e9e de lecture estim\u00e9e\" \/>\n\t<meta name=\"twitter:data2\" content=\"3 minutes\" \/>\n<script type=\"application\/ld+json\" class=\"yoast-schema-graph\">{\"@context\":\"https:\/\/schema.org\",\"@graph\":[{\"@type\":\"Article\",\"@id\":\"https:\/\/www.africa-press.net\/senegal\/toutes-les-actualites\/vagues-de-chaleur-dans-certaines-zones-du-pays-le-ministere-de-la-sante-et-lanacim-entre-alertes-et-conseils#article\",\"isPartOf\":{\"@id\":\"https:\/\/www.africa-press.net\/senegal\/toutes-les-actualites\/vagues-de-chaleur-dans-certaines-zones-du-pays-le-ministere-de-la-sante-et-lanacim-entre-alertes-et-conseils\"},\"author\":{\"name\":\"cfeditorfr\",\"@id\":\"https:\/\/www.africa-press.net\/senegal\/#\/schema\/person\/2b1cf3cd81a31e3cd26889ca66d677f1\"},\"headline\":\"Vagues de chaleur dans certaines zones du pays: Le ministe\u0300re de la Sante\u0301 et l\u2019ANACIM entre alertes et conseils\",\"datePublished\":\"2024-03-14T23:18:46+00:00\",\"dateModified\":\"2024-03-15T01:14:17+00:00\",\"mainEntityOfPage\":{\"@id\":\"https:\/\/www.africa-press.net\/senegal\/toutes-les-actualites\/vagues-de-chaleur-dans-certaines-zones-du-pays-le-ministere-de-la-sante-et-lanacim-entre-alertes-et-conseils\"},\"wordCount\":541,\"commentCount\":0,\"image\":{\"@id\":\"https:\/\/www.africa-press.net\/senegal\/toutes-les-actualites\/vagues-de-chaleur-dans-certaines-zones-du-pays-le-ministere-de-la-sante-et-lanacim-entre-alertes-et-conseils#primaryimage\"},\"thumbnailUrl\":\"https:\/\/static.africa-press.net\/senegal\/sites\/13\/2024\/03\/sm_1710449006.484146.jpg\",\"keywords\":[\"Africa Press\",\"Africa Press-Senegal\",\"Senegal\"],\"articleSection\":[\"Communaut\u00e9\",\"Toutes les actualit\u00e9s\"],\"inLanguage\":\"fr-FR\",\"potentialAction\":[{\"@type\":\"CommentAction\",\"name\":\"Comment\",\"target\":[\"https:\/\/www.africa-press.net\/senegal\/toutes-les-actualites\/vagues-de-chaleur-dans-certaines-zones-du-pays-le-ministere-de-la-sante-et-lanacim-entre-alertes-et-conseils#respond\"]}]},{\"@type\":\"WebPage\",\"@id\":\"https:\/\/www.africa-press.net\/senegal\/toutes-les-actualites\/vagues-de-chaleur-dans-certaines-zones-du-pays-le-ministere-de-la-sante-et-lanacim-entre-alertes-et-conseils\",\"url\":\"https:\/\/www.africa-press.net\/senegal\/toutes-les-actualites\/vagues-de-chaleur-dans-certaines-zones-du-pays-le-ministere-de-la-sante-et-lanacim-entre-alertes-et-conseils\",\"name\":\"Vagues de chaleur dans certaines zones du pays: Le ministe\u0300re de la Sante\u0301 et l\u2019ANACIM entre alertes et conseils - Senegal\",\"isPartOf\":{\"@id\":\"https:\/\/www.africa-press.net\/senegal\/#website\"},\"primaryImageOfPage\":{\"@id\":\"https:\/\/www.africa-press.net\/senegal\/toutes-les-actualites\/vagues-de-chaleur-dans-certaines-zones-du-pays-le-ministere-de-la-sante-et-lanacim-entre-alertes-et-conseils#primaryimage\"},\"image\":{\"@id\":\"https:\/\/www.africa-press.net\/senegal\/toutes-les-actualites\/vagues-de-chaleur-dans-certaines-zones-du-pays-le-ministere-de-la-sante-et-lanacim-entre-alertes-et-conseils#primaryimage\"},\"thumbnailUrl\":\"https:\/\/static.africa-press.net\/senegal\/sites\/13\/2024\/03\/sm_1710449006.484146.jpg\",\"datePublished\":\"2024-03-14T23:18:46+00:00\",\"dateModified\":\"2024-03-15T01:14:17+00:00\",\"author\":{\"@id\":\"https:\/\/www.africa-press.net\/senegal\/#\/schema\/person\/2b1cf3cd81a31e3cd26889ca66d677f1\"},\"description\":\"Le ministe\u0300re de la Sante\u0301 et de l\u2019Action sociale (MSAS) et l\u2019Agence nationale de l\u2019aviation civile et de la me\u0301te\u0301orolo ...\",\"breadcrumb\":{\"@id\":\"https:\/\/www.africa-press.net\/senegal\/toutes-les-actualites\/vagues-de-chaleur-dans-certaines-zones-du-pays-le-ministere-de-la-sante-et-lanacim-entre-alertes-et-conseils#breadcrumb\"},\"inLanguage\":\"fr-FR\",\"potentialAction\":[{\"@type\":\"ReadAction\",\"target\":[\"https:\/\/www.africa-press.net\/senegal\/toutes-les-actualites\/vagues-de-chaleur-dans-certaines-zones-du-pays-le-ministere-de-la-sante-et-lanacim-entre-alertes-et-conseils\"]}]},{\"@type\":\"ImageObject\",\"inLanguage\":\"fr-FR\",\"@id\":\"https:\/\/www.africa-press.net\/senegal\/toutes-les-actualites\/vagues-de-chaleur-dans-certaines-zones-du-pays-le-ministere-de-la-sante-et-lanacim-entre-alertes-et-conseils#primaryimage\",\"url\":\"https:\/\/static.africa-press.net\/senegal\/sites\/13\/2024\/03\/sm_1710449006.484146.jpg\",\"contentUrl\":\"https:\/\/static.africa-press.net\/senegal\/sites\/13\/2024\/03\/sm_1710449006.484146.jpg\",\"width\":1295,\"height\":633,\"caption\":\"Vagues de chaleur dans certaines zones du pays: Le ministe\u0300re de la Sante\u0301 et l\u2019ANACIM entre alertes et conseils\"},{\"@type\":\"BreadcrumbList\",\"@id\":\"https:\/\/www.africa-press.net\/senegal\/toutes-les-actualites\/vagues-de-chaleur-dans-certaines-zones-du-pays-le-ministere-de-la-sante-et-lanacim-entre-alertes-et-conseils#breadcrumb\",\"itemListElement\":[{\"@type\":\"ListItem\",\"position\":1,\"name\":\"Accueil\",\"item\":\"https:\/\/www.africa-press.net\/senegal\/\"},{\"@type\":\"ListItem\",\"position\":2,\"name\":\"Vagues de chaleur dans certaines zones du pays: Le ministe\u0300re de la Sante\u0301 et l\u2019ANACIM entre alertes et conseils\"}]},{\"@type\":\"WebSite\",\"@id\":\"https:\/\/www.africa-press.net\/senegal\/#website\",\"url\":\"https:\/\/www.africa-press.net\/senegal\/\",\"name\":\"Africa Press | Senegal | Homepage\",\"description\":\"Just another Africa News Agency Sites site\",\"potentialAction\":[{\"@type\":\"SearchAction\",\"target\":{\"@type\":\"EntryPoint\",\"urlTemplate\":\"https:\/\/www.africa-press.net\/senegal\/?s={search_term_string}\"},\"query-input\":{\"@type\":\"PropertyValueSpecification\",\"valueRequired\":true,\"valueName\":\"search_term_string\"}}],\"inLanguage\":\"fr-FR\"},{\"@type\":\"Person\",\"@id\":\"https:\/\/www.africa-press.net\/senegal\/#\/schema\/person\/2b1cf3cd81a31e3cd26889ca66d677f1\",\"name\":\"cfeditorfr\",\"url\":\"https:\/\/www.africa-press.net\/senegal\/author\/cfeditorfr\"}]}<\/script>\n<!-- \/ Yoast SEO Premium plugin. -->","yoast_head_json":{"title":"Vagues de chaleur dans certaines zones du pays: Le ministe\u0300re de la Sante\u0301 et l\u2019ANACIM entre alertes et conseils - Senegal","description":"Le ministe\u0300re de la Sante\u0301 et de l\u2019Action sociale (MSAS) et l\u2019Agence nationale de l\u2019aviation civile et de la me\u0301te\u0301orolo ...","robots":{"index":"index","follow":"follow","max-snippet":"max-snippet:-1","max-image-preview":"max-image-preview:large","max-video-preview":"max-video-preview:-1"},"canonical":"https:\/\/www.africa-press.net\/senegal\/toutes-les-actualites\/vagues-de-chaleur-dans-certaines-zones-du-pays-le-ministere-de-la-sante-et-lanacim-entre-alertes-et-conseils","og_locale":"fr_FR","og_type":"article","og_title":"Vagues de chaleur dans certaines zones du pays: Le ministe\u0300re de la Sante\u0301 et l\u2019ANACIM entre alertes et conseils","og_description":"Le ministe\u0300re de la Sante\u0301 et de l\u2019Action sociale (MSAS) et l\u2019Agence nationale de l\u2019aviation civile et de la me\u0301te\u0301orolo ...","og_url":"https:\/\/www.africa-press.net\/senegal\/toutes-les-actualites\/vagues-de-chaleur-dans-certaines-zones-du-pays-le-ministere-de-la-sante-et-lanacim-entre-alertes-et-conseils","og_site_name":"Senegal","article_published_time":"2024-03-14T23:18:46+00:00","article_modified_time":"2024-03-15T01:14:17+00:00","og_image":[{"width":1295,"height":633,"url":"https:\/\/static.africa-press.net\/senegal\/sites\/13\/2024\/03\/sm_1710449006.484146.jpg","type":"image\/jpeg"}],"author":"cfeditorfr","twitter_card":"summary_large_image","twitter_misc":{"\u00c9crit par":"cfeditorfr","Dur\u00e9e de lecture estim\u00e9e":"3 minutes"},"schema":{"@context":"https:\/\/schema.org","@graph":[{"@type":"Article","@id":"https:\/\/www.africa-press.net\/senegal\/toutes-les-actualites\/vagues-de-chaleur-dans-certaines-zones-du-pays-le-ministere-de-la-sante-et-lanacim-entre-alertes-et-conseils#article","isPartOf":{"@id":"https:\/\/www.africa-press.net\/senegal\/toutes-les-actualites\/vagues-de-chaleur-dans-certaines-zones-du-pays-le-ministere-de-la-sante-et-lanacim-entre-alertes-et-conseils"},"author":{"name":"cfeditorfr","@id":"https:\/\/www.africa-press.net\/senegal\/#\/schema\/person\/2b1cf3cd81a31e3cd26889ca66d677f1"},"headline":"Vagues de chaleur dans certaines zones du pays: Le ministe\u0300re de la Sante\u0301 et l\u2019ANACIM entre alertes et conseils","datePublished":"2024-03-14T23:18:46+00:00","dateModified":"2024-03-15T01:14:17+00:00","mainEntityOfPage":{"@id":"https:\/\/www.africa-press.net\/senegal\/toutes-les-actualites\/vagues-de-chaleur-dans-certaines-zones-du-pays-le-ministere-de-la-sante-et-lanacim-entre-alertes-et-conseils"},"wordCount":541,"commentCount":0,"image":{"@id":"https:\/\/www.africa-press.net\/senegal\/toutes-les-actualites\/vagues-de-chaleur-dans-certaines-zones-du-pays-le-ministere-de-la-sante-et-lanacim-entre-alertes-et-conseils#primaryimage"},"thumbnailUrl":"https:\/\/static.africa-press.net\/senegal\/sites\/13\/2024\/03\/sm_1710449006.484146.jpg","keywords":["Africa Press","Africa Press-Senegal","Senegal"],"articleSection":["Communaut\u00e9","Toutes les actualit\u00e9s"],"inLanguage":"fr-FR","potentialAction":[{"@type":"CommentAction","name":"Comment","target":["https:\/\/www.africa-press.net\/senegal\/toutes-les-actualites\/vagues-de-chaleur-dans-certaines-zones-du-pays-le-ministere-de-la-sante-et-lanacim-entre-alertes-et-conseils#respond"]}]},{"@type":"WebPage","@id":"https:\/\/www.africa-press.net\/senegal\/toutes-les-actualites\/vagues-de-chaleur-dans-certaines-zones-du-pays-le-ministere-de-la-sante-et-lanacim-entre-alertes-et-conseils","url":"https:\/\/www.africa-press.net\/senegal\/toutes-les-actualites\/vagues-de-chaleur-dans-certaines-zones-du-pays-le-ministere-de-la-sante-et-lanacim-entre-alertes-et-conseils","name":"Vagues de chaleur dans certaines zones du pays: Le ministe\u0300re de la Sante\u0301 et l\u2019ANACIM entre alertes et conseils - Senegal","isPartOf":{"@id":"https:\/\/www.africa-press.net\/senegal\/#website"},"primaryImageOfPage":{"@id":"https:\/\/www.africa-press.net\/senegal\/toutes-les-actualites\/vagues-de-chaleur-dans-certaines-zones-du-pays-le-ministere-de-la-sante-et-lanacim-entre-alertes-et-conseils#primaryimage"},"image":{"@id":"https:\/\/www.africa-press.net\/senegal\/toutes-les-actualites\/vagues-de-chaleur-dans-certaines-zones-du-pays-le-ministere-de-la-sante-et-lanacim-entre-alertes-et-conseils#primaryimage"},"thumbnailUrl":"https:\/\/static.africa-press.net\/senegal\/sites\/13\/2024\/03\/sm_1710449006.484146.jpg","datePublished":"2024-03-14T23:18:46+00:00","dateModified":"2024-03-15T01:14:17+00:00","author":{"@id":"https:\/\/www.africa-press.net\/senegal\/#\/schema\/person\/2b1cf3cd81a31e3cd26889ca66d677f1"},"description":"Le ministe\u0300re de la Sante\u0301 et de l\u2019Action sociale (MSAS) et l\u2019Agence nationale de l\u2019aviation civile et de la me\u0301te\u0301orolo ...","breadcrumb":{"@id":"https:\/\/www.africa-press.net\/senegal\/toutes-les-actualites\/vagues-de-chaleur-dans-certaines-zones-du-pays-le-ministere-de-la-sante-et-lanacim-entre-alertes-et-conseils#breadcrumb"},"inLanguage":"fr-FR","potentialAction":[{"@type":"ReadAction","target":["https:\/\/www.africa-press.net\/senegal\/toutes-les-actualites\/vagues-de-chaleur-dans-certaines-zones-du-pays-le-ministere-de-la-sante-et-lanacim-entre-alertes-et-conseils"]}]},{"@type":"ImageObject","inLanguage":"fr-FR","@id":"https:\/\/www.africa-press.net\/senegal\/toutes-les-actualites\/vagues-de-chaleur-dans-certaines-zones-du-pays-le-ministere-de-la-sante-et-lanacim-entre-alertes-et-conseils#primaryimage","url":"https:\/\/static.africa-press.net\/senegal\/sites\/13\/2024\/03\/sm_1710449006.484146.jpg","contentUrl":"https:\/\/static.africa-press.net\/senegal\/sites\/13\/2024\/03\/sm_1710449006.484146.jpg","width":1295,"height":633,"caption":"Vagues de chaleur dans certaines zones du pays: Le ministe\u0300re de la Sante\u0301 et l\u2019ANACIM entre alertes et conseils"},{"@type":"BreadcrumbList","@id":"https:\/\/www.africa-press.net\/senegal\/toutes-les-actualites\/vagues-de-chaleur-dans-certaines-zones-du-pays-le-ministere-de-la-sante-et-lanacim-entre-alertes-et-conseils#breadcrumb","itemListElement":[{"@type":"ListItem","position":1,"name":"Accueil","item":"https:\/\/www.africa-press.net\/senegal\/"},{"@type":"ListItem","position":2,"name":"Vagues de chaleur dans certaines zones du pays: Le ministe\u0300re de la Sante\u0301 et l\u2019ANACIM entre alertes et conseils"}]},{"@type":"WebSite","@id":"https:\/\/www.africa-press.net\/senegal\/#website","url":"https:\/\/www.africa-press.net\/senegal\/","name":"Africa Press | Senegal | Homepage","description":"Just another Africa News Agency Sites site","potentialAction":[{"@type":"SearchAction","target":{"@type":"EntryPoint","urlTemplate":"https:\/\/www.africa-press.net\/senegal\/?s={search_term_string}"},"query-input":{"@type":"PropertyValueSpecification","valueRequired":true,"valueName":"search_term_string"}}],"inLanguage":"fr-FR"},{"@type":"Person","@id":"https:\/\/www.africa-press.net\/senegal\/#\/schema\/person\/2b1cf3cd81a31e3cd26889ca66d677f1","name":"cfeditorfr","url":"https:\/\/www.africa-press.net\/senegal\/author\/cfeditorfr"}]}},"_links":{"self":[{"href":"https:\/\/www.africa-press.net\/senegal\/wp-json\/wp\/v2\/posts\/56825","targetHints":{"allow":["GET"]}}],"collection":[{"href":"https:\/\/www.africa-press.net\/senegal\/wp-json\/wp\/v2\/posts"}],"about":[{"href":"https:\/\/www.africa-press.net\/senegal\/wp-json\/wp\/v2\/types\/post"}],"author":[{"embeddable":true,"href":"https:\/\/www.africa-press.net\/senegal\/wp-json\/wp\/v2\/users\/82"}],"replies":[{"embeddable":true,"href":"https:\/\/www.africa-press.net\/senegal\/wp-json\/wp\/v2\/comments?post=56825"}],"version-history":[{"count":0,"href":"https:\/\/www.africa-press.net\/senegal\/wp-json\/wp\/v2\/posts\/56825\/revisions"}],"wp:featuredmedia":[{"embeddable":true,"href":"https:\/\/www.africa-press.net\/senegal\/wp-json\/wp\/v2\/media\/56824"}],"wp:attachment":[{"href":"https:\/\/www.africa-press.net\/senegal\/wp-json\/wp\/v2\/media?parent=56825"}],"wp:term":[{"taxonomy":"category","embeddable":true,"href":"https:\/\/www.africa-press.net\/senegal\/wp-json\/wp\/v2\/categories?post=56825"},{"taxonomy":"post_tag","embeddable":true,"href":"https:\/\/www.africa-press.net\/senegal\/wp-json\/wp\/v2\/tags?post=56825"}],"curies":[{"name":"wp","href":"https:\/\/api.w.org\/{rel}","templated":true}]}}