{"id":56840,"date":"2024-03-14T23:36:32","date_gmt":"2024-03-14T23:36:32","guid":{"rendered":"https:\/\/www.africa-press.net\/senegal\/politique\/kaffrine-les-militants-danta-babacar-ngom-demarrent-leur-campagne-par-une-caravane"},"modified":"2024-03-15T01:17:12","modified_gmt":"2024-03-15T01:17:12","slug":"kaffrine-les-militants-danta-babacar-ngom-demarrent-leur-campagne-par-une-caravane","status":"publish","type":"post","link":"https:\/\/www.africa-press.net\/senegal\/politique\/kaffrine-les-militants-danta-babacar-ngom-demarrent-leur-campagne-par-une-caravane","title":{"rendered":"Kaffrine: Les militants d\u2019Anta Babacar Ngom de\u0301marrent leur campagne par une caravane"},"content":{"rendered":"<p><span style=\"color: #ff6600\"><strong>Africa-Press &#8211; Senegal. <\/strong><\/span>Les militants de la coalition \u201cAlternative pour la rele\u0300ve citoyenne\u201d ont initie\u0301 une caravane a\u0300 Kaffrine, pour leur entre\u0301e en matie\u0300re dans la campagne pre\u0301sidentielle.<\/p>\n<p>Pour ce troisie\u0300me jour de campagne, les militants de la seule candidate femme a\u0300 l\u2019e\u0301lection pre\u0301sidentielle de 2024, ont sillonne\u0301 depuis le marche\u0301 de Kaffrine quelques quartiers de la commune.<\/p>\n<p>D\u2019apre\u0300s Mouhamed Gue\u0300ye, le coordonnateur re\u0301gional de la coalition Arc a\u0300 Kaffrine, Anta Babacar Ngom est le meilleur choix car \u201celle repre\u0301sente la jeunesse et la figure fe\u0301minine combattante\u201d.<\/p>\n<p>Le repre\u0301sentant de la pre\u0301sidente de la coalition \u00ab La Rele\u0300ve ak Anta Babacar \u00bb, Anta Babacar Ngom, conside\u0300re qu&rsquo;il est temps de donner la chance aux femmes pour pre\u0301sider les destine\u0301es du Se\u0301ne\u0301gal.<\/p>\n\r\n                <style type=\"text\/css\">\r\n                    \r\n                    #td_uid_1_69f06699ed849  .td-doubleSlider-2 .td-item1 {\r\n                        background: url(https:\/\/static.africa-press.net\/senegal\/sites\/13\/2024\/03\/sm_1710449136.734481-80x60.jpg) 0 0 no-repeat;\r\n                    }\r\n                    #td_uid_1_69f06699ed849  .td-doubleSlider-2 .td-item2 {\r\n                        background: url(https:\/\/static.africa-press.net\/senegal\/sites\/13\/2024\/03\/sm_1710449151.137337-80x60.jpg) 0 0 no-repeat;\r\n                    }\r\n                    #td_uid_1_69f06699ed849  .td-doubleSlider-2 .td-item3 {\r\n                        background: url(https:\/\/static.africa-press.net\/senegal\/sites\/13\/2024\/03\/sm_1710449165.630898-80x60.jpg) 0 0 no-repeat;\r\n                    }\r\n                <\/style>\r\n\r\n                <div id=\"td_uid_1_69f06699ed849\" class=\"td-gallery td-slide-on-2-columns\">\r\n                    <div class=\"post_td_gallery\">\r\n                        <div class=\"td-gallery-slide-top\">\r\n                           <div class=\"td-gallery-title\"><\/div>\r\n\r\n                            <div class=\"td-gallery-controls-wrapper\">\r\n                                <div class=\"td-gallery-slide-count\"><span class=\"td-gallery-slide-item-focus\">1<\/span> de 3<\/div>\r\n                                <div class=\"td-gallery-slide-prev-next-but\">\r\n                                    <i class = \"td-icon-left doubleSliderPrevButton\"><\/i>\r\n                                    <i class = \"td-icon-right doubleSliderNextButton\"><\/i>\r\n                                <\/div>\r\n                            <\/div>\r\n                        <\/div>\r\n\r\n                        <div class = \"td-doubleSlider-1 \">\r\n                            <div class = \"td-slider\">\r\n                                \r\n                    <div class = \"td-slide-item td-item1\">\r\n                        <figure class=\"td-slide-galery-figure td-slide-popup-gallery\">\r\n                            <a class=\"slide-gallery-image-link\" href=\"https:\/\/static.africa-press.net\/senegal\/sites\/13\/2024\/03\/sm_1710449136.734481.jpg\" title=\"sm_1710449136.734481\"  data-caption=\"\"  data-description=\"\">\r\n                                <img decoding=\"async\" src=\"https:\/\/static.africa-press.net\/senegal\/sites\/13\/2024\/03\/sm_1710449136.734481.jpg\" srcset=\"https:\/\/static.africa-press.net\/senegal\/sites\/13\/2024\/03\/sm_1710449136.734481.jpg 1536w, https:\/\/static.africa-press.net\/senegal\/sites\/13\/2024\/03\/sm_1710449136.734481-300x225.jpg 300w, https:\/\/static.africa-press.net\/senegal\/sites\/13\/2024\/03\/sm_1710449136.734481-1024x768.jpg 1024w, https:\/\/static.africa-press.net\/senegal\/sites\/13\/2024\/03\/sm_1710449136.734481-768x576.jpg 768w, https:\/\/static.africa-press.net\/senegal\/sites\/13\/2024\/03\/sm_1710449136.734481-80x60.jpg 80w\" sizes=\"(max-width: 1536px) 100vw, 1536px\" alt=\"\">\r\n                            <\/a>\r\n                            \r\n                        <\/figure>\r\n                    <\/div>\r\n                    <div class = \"td-slide-item td-item2\">\r\n                        <figure class=\"td-slide-galery-figure td-slide-popup-gallery\">\r\n                            <a class=\"slide-gallery-image-link\" href=\"https:\/\/static.africa-press.net\/senegal\/sites\/13\/2024\/03\/sm_1710449151.137337.jpg\" title=\"sm_1710449151.137337\"  data-caption=\"\"  data-description=\"\">\r\n                                <img decoding=\"async\" src=\"https:\/\/static.africa-press.net\/senegal\/sites\/13\/2024\/03\/sm_1710449151.137337.jpg\" srcset=\"https:\/\/static.africa-press.net\/senegal\/sites\/13\/2024\/03\/sm_1710449151.137337.jpg 1080w, https:\/\/static.africa-press.net\/senegal\/sites\/13\/2024\/03\/sm_1710449151.137337-300x225.jpg 300w, https:\/\/static.africa-press.net\/senegal\/sites\/13\/2024\/03\/sm_1710449151.137337-1024x768.jpg 1024w, https:\/\/static.africa-press.net\/senegal\/sites\/13\/2024\/03\/sm_1710449151.137337-768x576.jpg 768w, https:\/\/static.africa-press.net\/senegal\/sites\/13\/2024\/03\/sm_1710449151.137337-80x60.jpg 80w\" sizes=\"(max-width: 1080px) 100vw, 1080px\" alt=\"\">\r\n                            <\/a>\r\n                            \r\n                        <\/figure>\r\n                    <\/div>\r\n                    <div class = \"td-slide-item td-item3\">\r\n                        <figure class=\"td-slide-galery-figure td-slide-popup-gallery\">\r\n                            <a class=\"slide-gallery-image-link\" href=\"https:\/\/static.africa-press.net\/senegal\/sites\/13\/2024\/03\/sm_1710449165.630898.jpg\" title=\"sm_1710449165.630898\"  data-caption=\"\"  data-description=\"\">\r\n                                <img decoding=\"async\" src=\"https:\/\/static.africa-press.net\/senegal\/sites\/13\/2024\/03\/sm_1710449165.630898.jpg\" srcset=\"https:\/\/static.africa-press.net\/senegal\/sites\/13\/2024\/03\/sm_1710449165.630898.jpg 612w, https:\/\/static.africa-press.net\/senegal\/sites\/13\/2024\/03\/sm_1710449165.630898-300x146.jpg 300w, https:\/\/static.africa-press.net\/senegal\/sites\/13\/2024\/03\/sm_1710449165.630898-533x261.jpg 533w\" sizes=\"(max-width: 612px) 100vw, 612px\" alt=\"\">\r\n                            <\/a>\r\n                            \r\n                        <\/figure>\r\n                    <\/div>\r\n                            <\/div>\r\n                        <\/div>\r\n\r\n                        <div class = \"td-doubleSlider-2\">\r\n                            <div class = \"td-slider\">\r\n                                \r\n                    <div class = \"td-button td-item1\">\r\n                        <div class = \"td-border\"><\/div>\r\n                    <\/div>\r\n                    <div class = \"td-button td-item2\">\r\n                        <div class = \"td-border\"><\/div>\r\n                    <\/div>\r\n                    <div class = \"td-button td-item3\">\r\n                        <div class = \"td-border\"><\/div>\r\n                    <\/div>\r\n                            <\/div>\r\n                        <\/div>\r\n\r\n                    <\/div>\r\n\r\n                <\/div>\r\n                \n<p><strong>Pour plus d&rsquo;informations et d&rsquo;analyses sur la <a href=\"https:\/\/www.africa-press.net\/senegal\">Senegal<\/a>, suivez <a href=\"https:\/\/www.africa-press.net\/\">Africa-Press<\/a><\/strong><\/p>\n","protected":false},"excerpt":{"rendered":"<p>Africa-Press &#8211; Senegal. Les militants de la coalition \u201cAlternative pour la rele\u0300ve citoyenne\u201d ont initie\u0301 une caravane a\u0300 Kaffrine, pour leur entre\u0301e en matie\u0300re dans la campagne pre\u0301sidentielle. Pour ce troisie\u0300me jour de campagne, les militants de la seule candidate femme a\u0300 l\u2019e\u0301lection pre\u0301sidentielle de 2024, ont sillonne\u0301 depuis le marche\u0301 de Kaffrine quelques quartiers [&hellip;]<\/p>\n","protected":false},"author":82,"featured_media":56838,"comment_status":"open","ping_status":"closed","sticky":false,"template":"","format":"standard","meta":{"footnotes":""},"categories":[2,10],"tags":[43,47,44],"class_list":["post-56840","post","type-post","status-publish","format-standard","has-post-thumbnail","hentry","category-politique","category-toutes-les-actualites","tag-africa-press-2","tag-africa-press-senegal","tag-senegal-2"],"yoast_head":"<!-- This site is optimized with the Yoast SEO Premium plugin v26.1 (Yoast SEO v27.0) - https:\/\/yoast.com\/product\/yoast-seo-premium-wordpress\/ -->\n<title>Kaffrine: Les militants d\u2019Anta Babacar Ngom de\u0301marrent leur campagne par une caravane - Senegal<\/title>\n<meta name=\"description\" content=\"Les militants de la coalition \u201cAlternative pour la rele\u0300ve citoyenne\u201d ont initie\u0301 une caravane a\u0300 Kaffrine, pour leur en ...\" \/>\n<meta name=\"robots\" content=\"index, follow, max-snippet:-1, max-image-preview:large, max-video-preview:-1\" \/>\n<link rel=\"canonical\" href=\"https:\/\/www.africa-press.net\/senegal\/politique\/kaffrine-les-militants-danta-babacar-ngom-demarrent-leur-campagne-par-une-caravane\" \/>\n<meta property=\"og:locale\" content=\"fr_FR\" \/>\n<meta property=\"og:type\" content=\"article\" \/>\n<meta property=\"og:title\" content=\"Kaffrine: Les militants d\u2019Anta Babacar Ngom de\u0301marrent leur campagne par une caravane\" \/>\n<meta property=\"og:description\" content=\"Les militants de la coalition \u201cAlternative pour la rele\u0300ve citoyenne\u201d ont initie\u0301 une caravane a\u0300 Kaffrine, pour leur en ...\" \/>\n<meta property=\"og:url\" content=\"https:\/\/www.africa-press.net\/senegal\/politique\/kaffrine-les-militants-danta-babacar-ngom-demarrent-leur-campagne-par-une-caravane\" \/>\n<meta property=\"og:site_name\" content=\"Senegal\" \/>\n<meta property=\"article:published_time\" content=\"2024-03-14T23:36:32+00:00\" \/>\n<meta property=\"article:modified_time\" content=\"2024-03-15T01:17:12+00:00\" \/>\n<meta property=\"og:image\" content=\"https:\/\/static.africa-press.net\/senegal\/sites\/13\/2024\/03\/sm_1710449171.554893.jpg\" \/>\n\t<meta property=\"og:image:width\" content=\"1536\" \/>\n\t<meta property=\"og:image:height\" content=\"1152\" \/>\n\t<meta property=\"og:image:type\" content=\"image\/jpeg\" \/>\n<meta name=\"author\" content=\"cfeditorfr\" \/>\n<meta name=\"twitter:card\" content=\"summary_large_image\" \/>\n<meta name=\"twitter:label1\" content=\"\u00c9crit par\" \/>\n\t<meta name=\"twitter:data1\" content=\"cfeditorfr\" \/>\n\t<meta name=\"twitter:label2\" content=\"Dur\u00e9e de lecture estim\u00e9e\" \/>\n\t<meta name=\"twitter:data2\" content=\"1 minute\" \/>\n<script type=\"application\/ld+json\" class=\"yoast-schema-graph\">{\"@context\":\"https:\/\/schema.org\",\"@graph\":[{\"@type\":\"Article\",\"@id\":\"https:\/\/www.africa-press.net\/senegal\/politique\/kaffrine-les-militants-danta-babacar-ngom-demarrent-leur-campagne-par-une-caravane#article\",\"isPartOf\":{\"@id\":\"https:\/\/www.africa-press.net\/senegal\/politique\/kaffrine-les-militants-danta-babacar-ngom-demarrent-leur-campagne-par-une-caravane\"},\"author\":{\"name\":\"cfeditorfr\",\"@id\":\"https:\/\/www.africa-press.net\/senegal\/#\/schema\/person\/2b1cf3cd81a31e3cd26889ca66d677f1\"},\"headline\":\"Kaffrine: Les militants d\u2019Anta Babacar Ngom de\u0301marrent leur campagne par une caravane\",\"datePublished\":\"2024-03-14T23:36:32+00:00\",\"dateModified\":\"2024-03-15T01:17:12+00:00\",\"mainEntityOfPage\":{\"@id\":\"https:\/\/www.africa-press.net\/senegal\/politique\/kaffrine-les-militants-danta-babacar-ngom-demarrent-leur-campagne-par-une-caravane\"},\"wordCount\":177,\"commentCount\":0,\"image\":{\"@id\":\"https:\/\/www.africa-press.net\/senegal\/politique\/kaffrine-les-militants-danta-babacar-ngom-demarrent-leur-campagne-par-une-caravane#primaryimage\"},\"thumbnailUrl\":\"https:\/\/static.africa-press.net\/senegal\/sites\/13\/2024\/03\/sm_1710449171.554893.jpg\",\"keywords\":[\"Africa Press\",\"Africa Press-Senegal\",\"Senegal\"],\"articleSection\":[\"Politique\",\"Toutes les actualit\u00e9s\"],\"inLanguage\":\"fr-FR\",\"potentialAction\":[{\"@type\":\"CommentAction\",\"name\":\"Comment\",\"target\":[\"https:\/\/www.africa-press.net\/senegal\/politique\/kaffrine-les-militants-danta-babacar-ngom-demarrent-leur-campagne-par-une-caravane#respond\"]}]},{\"@type\":\"WebPage\",\"@id\":\"https:\/\/www.africa-press.net\/senegal\/politique\/kaffrine-les-militants-danta-babacar-ngom-demarrent-leur-campagne-par-une-caravane\",\"url\":\"https:\/\/www.africa-press.net\/senegal\/politique\/kaffrine-les-militants-danta-babacar-ngom-demarrent-leur-campagne-par-une-caravane\",\"name\":\"Kaffrine: Les militants d\u2019Anta Babacar Ngom de\u0301marrent leur campagne par une caravane - Senegal\",\"isPartOf\":{\"@id\":\"https:\/\/www.africa-press.net\/senegal\/#website\"},\"primaryImageOfPage\":{\"@id\":\"https:\/\/www.africa-press.net\/senegal\/politique\/kaffrine-les-militants-danta-babacar-ngom-demarrent-leur-campagne-par-une-caravane#primaryimage\"},\"image\":{\"@id\":\"https:\/\/www.africa-press.net\/senegal\/politique\/kaffrine-les-militants-danta-babacar-ngom-demarrent-leur-campagne-par-une-caravane#primaryimage\"},\"thumbnailUrl\":\"https:\/\/static.africa-press.net\/senegal\/sites\/13\/2024\/03\/sm_1710449171.554893.jpg\",\"datePublished\":\"2024-03-14T23:36:32+00:00\",\"dateModified\":\"2024-03-15T01:17:12+00:00\",\"author\":{\"@id\":\"https:\/\/www.africa-press.net\/senegal\/#\/schema\/person\/2b1cf3cd81a31e3cd26889ca66d677f1\"},\"description\":\"Les militants de la coalition \u201cAlternative pour la rele\u0300ve citoyenne\u201d ont initie\u0301 une caravane a\u0300 Kaffrine, pour leur en ...\",\"breadcrumb\":{\"@id\":\"https:\/\/www.africa-press.net\/senegal\/politique\/kaffrine-les-militants-danta-babacar-ngom-demarrent-leur-campagne-par-une-caravane#breadcrumb\"},\"inLanguage\":\"fr-FR\",\"potentialAction\":[{\"@type\":\"ReadAction\",\"target\":[\"https:\/\/www.africa-press.net\/senegal\/politique\/kaffrine-les-militants-danta-babacar-ngom-demarrent-leur-campagne-par-une-caravane\"]}]},{\"@type\":\"ImageObject\",\"inLanguage\":\"fr-FR\",\"@id\":\"https:\/\/www.africa-press.net\/senegal\/politique\/kaffrine-les-militants-danta-babacar-ngom-demarrent-leur-campagne-par-une-caravane#primaryimage\",\"url\":\"https:\/\/static.africa-press.net\/senegal\/sites\/13\/2024\/03\/sm_1710449171.554893.jpg\",\"contentUrl\":\"https:\/\/static.africa-press.net\/senegal\/sites\/13\/2024\/03\/sm_1710449171.554893.jpg\",\"width\":1536,\"height\":1152,\"caption\":\"Kaffrine: Les militants d\u2019Anta Babacar Ngom de\u0301marrent leur campagne par une caravane\"},{\"@type\":\"BreadcrumbList\",\"@id\":\"https:\/\/www.africa-press.net\/senegal\/politique\/kaffrine-les-militants-danta-babacar-ngom-demarrent-leur-campagne-par-une-caravane#breadcrumb\",\"itemListElement\":[{\"@type\":\"ListItem\",\"position\":1,\"name\":\"Accueil\",\"item\":\"https:\/\/www.africa-press.net\/senegal\/\"},{\"@type\":\"ListItem\",\"position\":2,\"name\":\"Kaffrine: Les militants d\u2019Anta Babacar Ngom de\u0301marrent leur campagne par une caravane\"}]},{\"@type\":\"WebSite\",\"@id\":\"https:\/\/www.africa-press.net\/senegal\/#website\",\"url\":\"https:\/\/www.africa-press.net\/senegal\/\",\"name\":\"Africa Press | Senegal | Homepage\",\"description\":\"Just another Africa News Agency Sites site\",\"potentialAction\":[{\"@type\":\"SearchAction\",\"target\":{\"@type\":\"EntryPoint\",\"urlTemplate\":\"https:\/\/www.africa-press.net\/senegal\/?s={search_term_string}\"},\"query-input\":{\"@type\":\"PropertyValueSpecification\",\"valueRequired\":true,\"valueName\":\"search_term_string\"}}],\"inLanguage\":\"fr-FR\"},{\"@type\":\"Person\",\"@id\":\"https:\/\/www.africa-press.net\/senegal\/#\/schema\/person\/2b1cf3cd81a31e3cd26889ca66d677f1\",\"name\":\"cfeditorfr\",\"url\":\"https:\/\/www.africa-press.net\/senegal\/author\/cfeditorfr\"}]}<\/script>\n<!-- \/ Yoast SEO Premium plugin. -->","yoast_head_json":{"title":"Kaffrine: Les militants d\u2019Anta Babacar Ngom de\u0301marrent leur campagne par une caravane - Senegal","description":"Les militants de la coalition \u201cAlternative pour la rele\u0300ve citoyenne\u201d ont initie\u0301 une caravane a\u0300 Kaffrine, pour leur en ...","robots":{"index":"index","follow":"follow","max-snippet":"max-snippet:-1","max-image-preview":"max-image-preview:large","max-video-preview":"max-video-preview:-1"},"canonical":"https:\/\/www.africa-press.net\/senegal\/politique\/kaffrine-les-militants-danta-babacar-ngom-demarrent-leur-campagne-par-une-caravane","og_locale":"fr_FR","og_type":"article","og_title":"Kaffrine: Les militants d\u2019Anta Babacar Ngom de\u0301marrent leur campagne par une caravane","og_description":"Les militants de la coalition \u201cAlternative pour la rele\u0300ve citoyenne\u201d ont initie\u0301 une caravane a\u0300 Kaffrine, pour leur en ...","og_url":"https:\/\/www.africa-press.net\/senegal\/politique\/kaffrine-les-militants-danta-babacar-ngom-demarrent-leur-campagne-par-une-caravane","og_site_name":"Senegal","article_published_time":"2024-03-14T23:36:32+00:00","article_modified_time":"2024-03-15T01:17:12+00:00","og_image":[{"width":1536,"height":1152,"url":"https:\/\/static.africa-press.net\/senegal\/sites\/13\/2024\/03\/sm_1710449171.554893.jpg","type":"image\/jpeg"}],"author":"cfeditorfr","twitter_card":"summary_large_image","twitter_misc":{"\u00c9crit par":"cfeditorfr","Dur\u00e9e de lecture estim\u00e9e":"1 minute"},"schema":{"@context":"https:\/\/schema.org","@graph":[{"@type":"Article","@id":"https:\/\/www.africa-press.net\/senegal\/politique\/kaffrine-les-militants-danta-babacar-ngom-demarrent-leur-campagne-par-une-caravane#article","isPartOf":{"@id":"https:\/\/www.africa-press.net\/senegal\/politique\/kaffrine-les-militants-danta-babacar-ngom-demarrent-leur-campagne-par-une-caravane"},"author":{"name":"cfeditorfr","@id":"https:\/\/www.africa-press.net\/senegal\/#\/schema\/person\/2b1cf3cd81a31e3cd26889ca66d677f1"},"headline":"Kaffrine: Les militants d\u2019Anta Babacar Ngom de\u0301marrent leur campagne par une caravane","datePublished":"2024-03-14T23:36:32+00:00","dateModified":"2024-03-15T01:17:12+00:00","mainEntityOfPage":{"@id":"https:\/\/www.africa-press.net\/senegal\/politique\/kaffrine-les-militants-danta-babacar-ngom-demarrent-leur-campagne-par-une-caravane"},"wordCount":177,"commentCount":0,"image":{"@id":"https:\/\/www.africa-press.net\/senegal\/politique\/kaffrine-les-militants-danta-babacar-ngom-demarrent-leur-campagne-par-une-caravane#primaryimage"},"thumbnailUrl":"https:\/\/static.africa-press.net\/senegal\/sites\/13\/2024\/03\/sm_1710449171.554893.jpg","keywords":["Africa Press","Africa Press-Senegal","Senegal"],"articleSection":["Politique","Toutes les actualit\u00e9s"],"inLanguage":"fr-FR","potentialAction":[{"@type":"CommentAction","name":"Comment","target":["https:\/\/www.africa-press.net\/senegal\/politique\/kaffrine-les-militants-danta-babacar-ngom-demarrent-leur-campagne-par-une-caravane#respond"]}]},{"@type":"WebPage","@id":"https:\/\/www.africa-press.net\/senegal\/politique\/kaffrine-les-militants-danta-babacar-ngom-demarrent-leur-campagne-par-une-caravane","url":"https:\/\/www.africa-press.net\/senegal\/politique\/kaffrine-les-militants-danta-babacar-ngom-demarrent-leur-campagne-par-une-caravane","name":"Kaffrine: Les militants d\u2019Anta Babacar Ngom de\u0301marrent leur campagne par une caravane - Senegal","isPartOf":{"@id":"https:\/\/www.africa-press.net\/senegal\/#website"},"primaryImageOfPage":{"@id":"https:\/\/www.africa-press.net\/senegal\/politique\/kaffrine-les-militants-danta-babacar-ngom-demarrent-leur-campagne-par-une-caravane#primaryimage"},"image":{"@id":"https:\/\/www.africa-press.net\/senegal\/politique\/kaffrine-les-militants-danta-babacar-ngom-demarrent-leur-campagne-par-une-caravane#primaryimage"},"thumbnailUrl":"https:\/\/static.africa-press.net\/senegal\/sites\/13\/2024\/03\/sm_1710449171.554893.jpg","datePublished":"2024-03-14T23:36:32+00:00","dateModified":"2024-03-15T01:17:12+00:00","author":{"@id":"https:\/\/www.africa-press.net\/senegal\/#\/schema\/person\/2b1cf3cd81a31e3cd26889ca66d677f1"},"description":"Les militants de la coalition \u201cAlternative pour la rele\u0300ve citoyenne\u201d ont initie\u0301 une caravane a\u0300 Kaffrine, pour leur en ...","breadcrumb":{"@id":"https:\/\/www.africa-press.net\/senegal\/politique\/kaffrine-les-militants-danta-babacar-ngom-demarrent-leur-campagne-par-une-caravane#breadcrumb"},"inLanguage":"fr-FR","potentialAction":[{"@type":"ReadAction","target":["https:\/\/www.africa-press.net\/senegal\/politique\/kaffrine-les-militants-danta-babacar-ngom-demarrent-leur-campagne-par-une-caravane"]}]},{"@type":"ImageObject","inLanguage":"fr-FR","@id":"https:\/\/www.africa-press.net\/senegal\/politique\/kaffrine-les-militants-danta-babacar-ngom-demarrent-leur-campagne-par-une-caravane#primaryimage","url":"https:\/\/static.africa-press.net\/senegal\/sites\/13\/2024\/03\/sm_1710449171.554893.jpg","contentUrl":"https:\/\/static.africa-press.net\/senegal\/sites\/13\/2024\/03\/sm_1710449171.554893.jpg","width":1536,"height":1152,"caption":"Kaffrine: Les militants d\u2019Anta Babacar Ngom de\u0301marrent leur campagne par une caravane"},{"@type":"BreadcrumbList","@id":"https:\/\/www.africa-press.net\/senegal\/politique\/kaffrine-les-militants-danta-babacar-ngom-demarrent-leur-campagne-par-une-caravane#breadcrumb","itemListElement":[{"@type":"ListItem","position":1,"name":"Accueil","item":"https:\/\/www.africa-press.net\/senegal\/"},{"@type":"ListItem","position":2,"name":"Kaffrine: Les militants d\u2019Anta Babacar Ngom de\u0301marrent leur campagne par une caravane"}]},{"@type":"WebSite","@id":"https:\/\/www.africa-press.net\/senegal\/#website","url":"https:\/\/www.africa-press.net\/senegal\/","name":"Africa Press | Senegal | Homepage","description":"Just another Africa News Agency Sites site","potentialAction":[{"@type":"SearchAction","target":{"@type":"EntryPoint","urlTemplate":"https:\/\/www.africa-press.net\/senegal\/?s={search_term_string}"},"query-input":{"@type":"PropertyValueSpecification","valueRequired":true,"valueName":"search_term_string"}}],"inLanguage":"fr-FR"},{"@type":"Person","@id":"https:\/\/www.africa-press.net\/senegal\/#\/schema\/person\/2b1cf3cd81a31e3cd26889ca66d677f1","name":"cfeditorfr","url":"https:\/\/www.africa-press.net\/senegal\/author\/cfeditorfr"}]}},"_links":{"self":[{"href":"https:\/\/www.africa-press.net\/senegal\/wp-json\/wp\/v2\/posts\/56840","targetHints":{"allow":["GET"]}}],"collection":[{"href":"https:\/\/www.africa-press.net\/senegal\/wp-json\/wp\/v2\/posts"}],"about":[{"href":"https:\/\/www.africa-press.net\/senegal\/wp-json\/wp\/v2\/types\/post"}],"author":[{"embeddable":true,"href":"https:\/\/www.africa-press.net\/senegal\/wp-json\/wp\/v2\/users\/82"}],"replies":[{"embeddable":true,"href":"https:\/\/www.africa-press.net\/senegal\/wp-json\/wp\/v2\/comments?post=56840"}],"version-history":[{"count":0,"href":"https:\/\/www.africa-press.net\/senegal\/wp-json\/wp\/v2\/posts\/56840\/revisions"}],"wp:featuredmedia":[{"embeddable":true,"href":"https:\/\/www.africa-press.net\/senegal\/wp-json\/wp\/v2\/media\/56838"}],"wp:attachment":[{"href":"https:\/\/www.africa-press.net\/senegal\/wp-json\/wp\/v2\/media?parent=56840"}],"wp:term":[{"taxonomy":"category","embeddable":true,"href":"https:\/\/www.africa-press.net\/senegal\/wp-json\/wp\/v2\/categories?post=56840"},{"taxonomy":"post_tag","embeddable":true,"href":"https:\/\/www.africa-press.net\/senegal\/wp-json\/wp\/v2\/tags?post=56840"}],"curies":[{"name":"wp","href":"https:\/\/api.w.org\/{rel}","templated":true}]}}