{"id":56845,"date":"2024-03-14T23:40:14","date_gmt":"2024-03-14T23:40:14","guid":{"rendered":"https:\/\/www.africa-press.net\/senegal\/politique\/mamadou-lamine-diallo-a-kolda-nous-restons-vigilants-pour-que-lelection-se-deroule-le-24-mars-prochain"},"modified":"2024-03-15T01:18:32","modified_gmt":"2024-03-15T01:18:32","slug":"mamadou-lamine-diallo-a-kolda-nous-restons-vigilants-pour-que-lelection-se-deroule-le-24-mars-prochain","status":"publish","type":"post","link":"https:\/\/www.africa-press.net\/senegal\/politique\/mamadou-lamine-diallo-a-kolda-nous-restons-vigilants-pour-que-lelection-se-deroule-le-24-mars-prochain","title":{"rendered":"Mamadou Lamine Diallo a\u0300 Kolda: \u00ab\u00a0Nous restons vigilants pour que l&rsquo;e\u0301lection se de\u0301roule le 24 mars prochain\u00a0\u00bb"},"content":{"rendered":"<p><span style=\"color: #ff6600\"><strong>Africa-Press &#8211; Senegal. <\/strong><\/span>En campagne pour la Pre\u0301sidentielle du 24 mars 2024, Mamadou Lamine Diallo a foule\u0301 le sol du Fouladou. Apre\u0300s Tambacounda, le pre\u0301sident du mouvement Tekki est venu pre\u0301senter son programme a\u0300 la population du Fouladou. Occasion saisie par Mamadou Lamine Diallo pour exiger la tenue de cette e\u0301lection a\u0300 la date du 24 mars prochain.<\/p>\n<p>Pour le patron du mouvement Tekki, il n&rsquo;est pas question que cette e\u0301lection soit reporte\u0301e a\u0300 cause du recours engage\u0301 par le PDS. \u00ab\u00a0Les alle\u0301gations porte\u0301es contre le Conseil constitutionnel par le PDS ne sont pas encore de\u0301montre\u0301es. Par conse\u0301quent, on ne peut pas refuser ce que le Conseil constitutionnel a de\u0301cide\u0301 et qui est conforme a\u0300 notre Constitution\u00a0\u00bb, a-t-il de\u0301clare\u0301. Avant d&rsquo;appeler le peuple a\u0300 rester vigilant.<\/p>\n<p>A\u0300 en croire M. L. Diallo, le mode\u0300le de\u0301mocratique se\u0301ne\u0301galais doit e\u0302tre de\u0301fendu, car c&rsquo;est notre boussole. Concernant le bon de\u0301roulement du scrutin, le candidat Diallo dit prendre le ministre de l&rsquo;Inte\u0301rieur au mot, lui qui a tenu a\u0300 rassurer le peuple. \u00ab\u00a0On a e\u0301te\u0301 vigilant le 3 fe\u0301vrier, donc continuons a\u0300 rester vigilants pour qu&rsquo;il y ait e\u0301lection le 24 mars\u00a0\u00bb, a martele\u0301 Mamadou Lamine Diallo.<\/p>\n<p><strong>Pour plus d&rsquo;informations et d&rsquo;analyses sur la <a href=\"https:\/\/www.africa-press.net\/senegal\">Senegal<\/a>, suivez <a href=\"https:\/\/www.africa-press.net\/\">Africa-Press<\/a><\/strong><\/p>\n","protected":false},"excerpt":{"rendered":"<p>Africa-Press &#8211; Senegal. En campagne pour la Pre\u0301sidentielle du 24 mars 2024, Mamadou Lamine Diallo a foule\u0301 le sol du Fouladou. Apre\u0300s Tambacounda, le pre\u0301sident du mouvement Tekki est venu pre\u0301senter son programme a\u0300 la population du Fouladou. Occasion saisie par Mamadou Lamine Diallo pour exiger la tenue de cette e\u0301lection a\u0300 la date du [&hellip;]<\/p>\n","protected":false},"author":82,"featured_media":56844,"comment_status":"open","ping_status":"closed","sticky":false,"template":"","format":"standard","meta":{"footnotes":""},"categories":[2,10],"tags":[43,47,44],"class_list":["post-56845","post","type-post","status-publish","format-standard","has-post-thumbnail","hentry","category-politique","category-toutes-les-actualites","tag-africa-press-2","tag-africa-press-senegal","tag-senegal-2"],"yoast_head":"<!-- This site is optimized with the Yoast SEO Premium plugin v26.1 (Yoast SEO v27.0) - https:\/\/yoast.com\/product\/yoast-seo-premium-wordpress\/ -->\n<title>Mamadou Lamine Diallo a\u0300 Kolda: &quot;Nous restons vigilants pour que l&#039;e\u0301lection se de\u0301roule le 24 mars prochain&quot; - Senegal<\/title>\n<meta name=\"description\" content=\"En campagne pour la Pre\u0301sidentielle du 24 mars 2024, Mamadou Lamine Diallo a foule\u0301 le sol du Fouladou. Apre\u0300s Tambacoun ...\" \/>\n<meta name=\"robots\" content=\"index, follow, max-snippet:-1, max-image-preview:large, max-video-preview:-1\" \/>\n<link rel=\"canonical\" href=\"https:\/\/www.africa-press.net\/senegal\/politique\/mamadou-lamine-diallo-a-kolda-nous-restons-vigilants-pour-que-lelection-se-deroule-le-24-mars-prochain\" \/>\n<meta property=\"og:locale\" content=\"fr_FR\" \/>\n<meta property=\"og:type\" content=\"article\" \/>\n<meta property=\"og:title\" content=\"Mamadou Lamine Diallo a\u0300 Kolda: &quot;Nous restons vigilants pour que l&#039;e\u0301lection se de\u0301roule le 24 mars prochain&quot;\" \/>\n<meta property=\"og:description\" content=\"En campagne pour la Pre\u0301sidentielle du 24 mars 2024, Mamadou Lamine Diallo a foule\u0301 le sol du Fouladou. Apre\u0300s Tambacoun ...\" \/>\n<meta property=\"og:url\" content=\"https:\/\/www.africa-press.net\/senegal\/politique\/mamadou-lamine-diallo-a-kolda-nous-restons-vigilants-pour-que-lelection-se-deroule-le-24-mars-prochain\" \/>\n<meta property=\"og:site_name\" content=\"Senegal\" \/>\n<meta property=\"article:published_time\" content=\"2024-03-14T23:40:14+00:00\" \/>\n<meta property=\"article:modified_time\" content=\"2024-03-15T01:18:32+00:00\" \/>\n<meta property=\"og:image\" content=\"https:\/\/static.africa-press.net\/senegal\/sites\/13\/2024\/03\/sm_1710449233.879414.jpg\" \/>\n\t<meta property=\"og:image:width\" content=\"1300\" \/>\n\t<meta property=\"og:image:height\" content=\"632\" \/>\n\t<meta property=\"og:image:type\" content=\"image\/jpeg\" \/>\n<meta name=\"author\" content=\"cfeditorfr\" \/>\n<meta name=\"twitter:card\" content=\"summary_large_image\" \/>\n<meta name=\"twitter:label1\" content=\"\u00c9crit par\" \/>\n\t<meta name=\"twitter:data1\" content=\"cfeditorfr\" \/>\n\t<meta name=\"twitter:label2\" content=\"Dur\u00e9e de lecture estim\u00e9e\" \/>\n\t<meta name=\"twitter:data2\" content=\"1 minute\" \/>\n<script type=\"application\/ld+json\" class=\"yoast-schema-graph\">{\"@context\":\"https:\/\/schema.org\",\"@graph\":[{\"@type\":\"Article\",\"@id\":\"https:\/\/www.africa-press.net\/senegal\/politique\/mamadou-lamine-diallo-a-kolda-nous-restons-vigilants-pour-que-lelection-se-deroule-le-24-mars-prochain#article\",\"isPartOf\":{\"@id\":\"https:\/\/www.africa-press.net\/senegal\/politique\/mamadou-lamine-diallo-a-kolda-nous-restons-vigilants-pour-que-lelection-se-deroule-le-24-mars-prochain\"},\"author\":{\"name\":\"cfeditorfr\",\"@id\":\"https:\/\/www.africa-press.net\/senegal\/#\/schema\/person\/2b1cf3cd81a31e3cd26889ca66d677f1\"},\"headline\":\"Mamadou Lamine Diallo a\u0300 Kolda: \u00ab\u00a0Nous restons vigilants pour que l&rsquo;e\u0301lection se de\u0301roule le 24 mars prochain\u00a0\u00bb\",\"datePublished\":\"2024-03-14T23:40:14+00:00\",\"dateModified\":\"2024-03-15T01:18:32+00:00\",\"mainEntityOfPage\":{\"@id\":\"https:\/\/www.africa-press.net\/senegal\/politique\/mamadou-lamine-diallo-a-kolda-nous-restons-vigilants-pour-que-lelection-se-deroule-le-24-mars-prochain\"},\"wordCount\":249,\"commentCount\":0,\"image\":{\"@id\":\"https:\/\/www.africa-press.net\/senegal\/politique\/mamadou-lamine-diallo-a-kolda-nous-restons-vigilants-pour-que-lelection-se-deroule-le-24-mars-prochain#primaryimage\"},\"thumbnailUrl\":\"https:\/\/static.africa-press.net\/senegal\/sites\/13\/2024\/03\/sm_1710449233.879414.jpg\",\"keywords\":[\"Africa Press\",\"Africa Press-Senegal\",\"Senegal\"],\"articleSection\":[\"Politique\",\"Toutes les actualit\u00e9s\"],\"inLanguage\":\"fr-FR\",\"potentialAction\":[{\"@type\":\"CommentAction\",\"name\":\"Comment\",\"target\":[\"https:\/\/www.africa-press.net\/senegal\/politique\/mamadou-lamine-diallo-a-kolda-nous-restons-vigilants-pour-que-lelection-se-deroule-le-24-mars-prochain#respond\"]}]},{\"@type\":\"WebPage\",\"@id\":\"https:\/\/www.africa-press.net\/senegal\/politique\/mamadou-lamine-diallo-a-kolda-nous-restons-vigilants-pour-que-lelection-se-deroule-le-24-mars-prochain\",\"url\":\"https:\/\/www.africa-press.net\/senegal\/politique\/mamadou-lamine-diallo-a-kolda-nous-restons-vigilants-pour-que-lelection-se-deroule-le-24-mars-prochain\",\"name\":\"Mamadou Lamine Diallo a\u0300 Kolda: \\\"Nous restons vigilants pour que l'e\u0301lection se de\u0301roule le 24 mars prochain\\\" - Senegal\",\"isPartOf\":{\"@id\":\"https:\/\/www.africa-press.net\/senegal\/#website\"},\"primaryImageOfPage\":{\"@id\":\"https:\/\/www.africa-press.net\/senegal\/politique\/mamadou-lamine-diallo-a-kolda-nous-restons-vigilants-pour-que-lelection-se-deroule-le-24-mars-prochain#primaryimage\"},\"image\":{\"@id\":\"https:\/\/www.africa-press.net\/senegal\/politique\/mamadou-lamine-diallo-a-kolda-nous-restons-vigilants-pour-que-lelection-se-deroule-le-24-mars-prochain#primaryimage\"},\"thumbnailUrl\":\"https:\/\/static.africa-press.net\/senegal\/sites\/13\/2024\/03\/sm_1710449233.879414.jpg\",\"datePublished\":\"2024-03-14T23:40:14+00:00\",\"dateModified\":\"2024-03-15T01:18:32+00:00\",\"author\":{\"@id\":\"https:\/\/www.africa-press.net\/senegal\/#\/schema\/person\/2b1cf3cd81a31e3cd26889ca66d677f1\"},\"description\":\"En campagne pour la Pre\u0301sidentielle du 24 mars 2024, Mamadou Lamine Diallo a foule\u0301 le sol du Fouladou. Apre\u0300s Tambacoun ...\",\"breadcrumb\":{\"@id\":\"https:\/\/www.africa-press.net\/senegal\/politique\/mamadou-lamine-diallo-a-kolda-nous-restons-vigilants-pour-que-lelection-se-deroule-le-24-mars-prochain#breadcrumb\"},\"inLanguage\":\"fr-FR\",\"potentialAction\":[{\"@type\":\"ReadAction\",\"target\":[\"https:\/\/www.africa-press.net\/senegal\/politique\/mamadou-lamine-diallo-a-kolda-nous-restons-vigilants-pour-que-lelection-se-deroule-le-24-mars-prochain\"]}]},{\"@type\":\"ImageObject\",\"inLanguage\":\"fr-FR\",\"@id\":\"https:\/\/www.africa-press.net\/senegal\/politique\/mamadou-lamine-diallo-a-kolda-nous-restons-vigilants-pour-que-lelection-se-deroule-le-24-mars-prochain#primaryimage\",\"url\":\"https:\/\/static.africa-press.net\/senegal\/sites\/13\/2024\/03\/sm_1710449233.879414.jpg\",\"contentUrl\":\"https:\/\/static.africa-press.net\/senegal\/sites\/13\/2024\/03\/sm_1710449233.879414.jpg\",\"width\":1300,\"height\":632,\"caption\":\"Mamadou Lamine Diallo a\u0300 Kolda: \\\"Nous restons vigilants pour que l'e\u0301lection se de\u0301roule le 24 mars prochain\\\"\"},{\"@type\":\"BreadcrumbList\",\"@id\":\"https:\/\/www.africa-press.net\/senegal\/politique\/mamadou-lamine-diallo-a-kolda-nous-restons-vigilants-pour-que-lelection-se-deroule-le-24-mars-prochain#breadcrumb\",\"itemListElement\":[{\"@type\":\"ListItem\",\"position\":1,\"name\":\"Accueil\",\"item\":\"https:\/\/www.africa-press.net\/senegal\/\"},{\"@type\":\"ListItem\",\"position\":2,\"name\":\"Mamadou Lamine Diallo a\u0300 Kolda: &#8220;Nous restons vigilants pour que l&#8217;e\u0301lection se de\u0301roule le 24 mars prochain&#8221;\"}]},{\"@type\":\"WebSite\",\"@id\":\"https:\/\/www.africa-press.net\/senegal\/#website\",\"url\":\"https:\/\/www.africa-press.net\/senegal\/\",\"name\":\"Africa Press | Senegal | Homepage\",\"description\":\"Just another Africa News Agency Sites site\",\"potentialAction\":[{\"@type\":\"SearchAction\",\"target\":{\"@type\":\"EntryPoint\",\"urlTemplate\":\"https:\/\/www.africa-press.net\/senegal\/?s={search_term_string}\"},\"query-input\":{\"@type\":\"PropertyValueSpecification\",\"valueRequired\":true,\"valueName\":\"search_term_string\"}}],\"inLanguage\":\"fr-FR\"},{\"@type\":\"Person\",\"@id\":\"https:\/\/www.africa-press.net\/senegal\/#\/schema\/person\/2b1cf3cd81a31e3cd26889ca66d677f1\",\"name\":\"cfeditorfr\",\"url\":\"https:\/\/www.africa-press.net\/senegal\/author\/cfeditorfr\"}]}<\/script>\n<!-- \/ Yoast SEO Premium plugin. -->","yoast_head_json":{"title":"Mamadou Lamine Diallo a\u0300 Kolda: \"Nous restons vigilants pour que l'e\u0301lection se de\u0301roule le 24 mars prochain\" - Senegal","description":"En campagne pour la Pre\u0301sidentielle du 24 mars 2024, Mamadou Lamine Diallo a foule\u0301 le sol du Fouladou. Apre\u0300s Tambacoun ...","robots":{"index":"index","follow":"follow","max-snippet":"max-snippet:-1","max-image-preview":"max-image-preview:large","max-video-preview":"max-video-preview:-1"},"canonical":"https:\/\/www.africa-press.net\/senegal\/politique\/mamadou-lamine-diallo-a-kolda-nous-restons-vigilants-pour-que-lelection-se-deroule-le-24-mars-prochain","og_locale":"fr_FR","og_type":"article","og_title":"Mamadou Lamine Diallo a\u0300 Kolda: \"Nous restons vigilants pour que l'e\u0301lection se de\u0301roule le 24 mars prochain\"","og_description":"En campagne pour la Pre\u0301sidentielle du 24 mars 2024, Mamadou Lamine Diallo a foule\u0301 le sol du Fouladou. Apre\u0300s Tambacoun ...","og_url":"https:\/\/www.africa-press.net\/senegal\/politique\/mamadou-lamine-diallo-a-kolda-nous-restons-vigilants-pour-que-lelection-se-deroule-le-24-mars-prochain","og_site_name":"Senegal","article_published_time":"2024-03-14T23:40:14+00:00","article_modified_time":"2024-03-15T01:18:32+00:00","og_image":[{"width":1300,"height":632,"url":"https:\/\/static.africa-press.net\/senegal\/sites\/13\/2024\/03\/sm_1710449233.879414.jpg","type":"image\/jpeg"}],"author":"cfeditorfr","twitter_card":"summary_large_image","twitter_misc":{"\u00c9crit par":"cfeditorfr","Dur\u00e9e de lecture estim\u00e9e":"1 minute"},"schema":{"@context":"https:\/\/schema.org","@graph":[{"@type":"Article","@id":"https:\/\/www.africa-press.net\/senegal\/politique\/mamadou-lamine-diallo-a-kolda-nous-restons-vigilants-pour-que-lelection-se-deroule-le-24-mars-prochain#article","isPartOf":{"@id":"https:\/\/www.africa-press.net\/senegal\/politique\/mamadou-lamine-diallo-a-kolda-nous-restons-vigilants-pour-que-lelection-se-deroule-le-24-mars-prochain"},"author":{"name":"cfeditorfr","@id":"https:\/\/www.africa-press.net\/senegal\/#\/schema\/person\/2b1cf3cd81a31e3cd26889ca66d677f1"},"headline":"Mamadou Lamine Diallo a\u0300 Kolda: \u00ab\u00a0Nous restons vigilants pour que l&rsquo;e\u0301lection se de\u0301roule le 24 mars prochain\u00a0\u00bb","datePublished":"2024-03-14T23:40:14+00:00","dateModified":"2024-03-15T01:18:32+00:00","mainEntityOfPage":{"@id":"https:\/\/www.africa-press.net\/senegal\/politique\/mamadou-lamine-diallo-a-kolda-nous-restons-vigilants-pour-que-lelection-se-deroule-le-24-mars-prochain"},"wordCount":249,"commentCount":0,"image":{"@id":"https:\/\/www.africa-press.net\/senegal\/politique\/mamadou-lamine-diallo-a-kolda-nous-restons-vigilants-pour-que-lelection-se-deroule-le-24-mars-prochain#primaryimage"},"thumbnailUrl":"https:\/\/static.africa-press.net\/senegal\/sites\/13\/2024\/03\/sm_1710449233.879414.jpg","keywords":["Africa Press","Africa Press-Senegal","Senegal"],"articleSection":["Politique","Toutes les actualit\u00e9s"],"inLanguage":"fr-FR","potentialAction":[{"@type":"CommentAction","name":"Comment","target":["https:\/\/www.africa-press.net\/senegal\/politique\/mamadou-lamine-diallo-a-kolda-nous-restons-vigilants-pour-que-lelection-se-deroule-le-24-mars-prochain#respond"]}]},{"@type":"WebPage","@id":"https:\/\/www.africa-press.net\/senegal\/politique\/mamadou-lamine-diallo-a-kolda-nous-restons-vigilants-pour-que-lelection-se-deroule-le-24-mars-prochain","url":"https:\/\/www.africa-press.net\/senegal\/politique\/mamadou-lamine-diallo-a-kolda-nous-restons-vigilants-pour-que-lelection-se-deroule-le-24-mars-prochain","name":"Mamadou Lamine Diallo a\u0300 Kolda: \"Nous restons vigilants pour que l'e\u0301lection se de\u0301roule le 24 mars prochain\" - Senegal","isPartOf":{"@id":"https:\/\/www.africa-press.net\/senegal\/#website"},"primaryImageOfPage":{"@id":"https:\/\/www.africa-press.net\/senegal\/politique\/mamadou-lamine-diallo-a-kolda-nous-restons-vigilants-pour-que-lelection-se-deroule-le-24-mars-prochain#primaryimage"},"image":{"@id":"https:\/\/www.africa-press.net\/senegal\/politique\/mamadou-lamine-diallo-a-kolda-nous-restons-vigilants-pour-que-lelection-se-deroule-le-24-mars-prochain#primaryimage"},"thumbnailUrl":"https:\/\/static.africa-press.net\/senegal\/sites\/13\/2024\/03\/sm_1710449233.879414.jpg","datePublished":"2024-03-14T23:40:14+00:00","dateModified":"2024-03-15T01:18:32+00:00","author":{"@id":"https:\/\/www.africa-press.net\/senegal\/#\/schema\/person\/2b1cf3cd81a31e3cd26889ca66d677f1"},"description":"En campagne pour la Pre\u0301sidentielle du 24 mars 2024, Mamadou Lamine Diallo a foule\u0301 le sol du Fouladou. Apre\u0300s Tambacoun ...","breadcrumb":{"@id":"https:\/\/www.africa-press.net\/senegal\/politique\/mamadou-lamine-diallo-a-kolda-nous-restons-vigilants-pour-que-lelection-se-deroule-le-24-mars-prochain#breadcrumb"},"inLanguage":"fr-FR","potentialAction":[{"@type":"ReadAction","target":["https:\/\/www.africa-press.net\/senegal\/politique\/mamadou-lamine-diallo-a-kolda-nous-restons-vigilants-pour-que-lelection-se-deroule-le-24-mars-prochain"]}]},{"@type":"ImageObject","inLanguage":"fr-FR","@id":"https:\/\/www.africa-press.net\/senegal\/politique\/mamadou-lamine-diallo-a-kolda-nous-restons-vigilants-pour-que-lelection-se-deroule-le-24-mars-prochain#primaryimage","url":"https:\/\/static.africa-press.net\/senegal\/sites\/13\/2024\/03\/sm_1710449233.879414.jpg","contentUrl":"https:\/\/static.africa-press.net\/senegal\/sites\/13\/2024\/03\/sm_1710449233.879414.jpg","width":1300,"height":632,"caption":"Mamadou Lamine Diallo a\u0300 Kolda: \"Nous restons vigilants pour que l'e\u0301lection se de\u0301roule le 24 mars prochain\""},{"@type":"BreadcrumbList","@id":"https:\/\/www.africa-press.net\/senegal\/politique\/mamadou-lamine-diallo-a-kolda-nous-restons-vigilants-pour-que-lelection-se-deroule-le-24-mars-prochain#breadcrumb","itemListElement":[{"@type":"ListItem","position":1,"name":"Accueil","item":"https:\/\/www.africa-press.net\/senegal\/"},{"@type":"ListItem","position":2,"name":"Mamadou Lamine Diallo a\u0300 Kolda: &#8220;Nous restons vigilants pour que l&#8217;e\u0301lection se de\u0301roule le 24 mars prochain&#8221;"}]},{"@type":"WebSite","@id":"https:\/\/www.africa-press.net\/senegal\/#website","url":"https:\/\/www.africa-press.net\/senegal\/","name":"Africa Press | Senegal | Homepage","description":"Just another Africa News Agency Sites site","potentialAction":[{"@type":"SearchAction","target":{"@type":"EntryPoint","urlTemplate":"https:\/\/www.africa-press.net\/senegal\/?s={search_term_string}"},"query-input":{"@type":"PropertyValueSpecification","valueRequired":true,"valueName":"search_term_string"}}],"inLanguage":"fr-FR"},{"@type":"Person","@id":"https:\/\/www.africa-press.net\/senegal\/#\/schema\/person\/2b1cf3cd81a31e3cd26889ca66d677f1","name":"cfeditorfr","url":"https:\/\/www.africa-press.net\/senegal\/author\/cfeditorfr"}]}},"_links":{"self":[{"href":"https:\/\/www.africa-press.net\/senegal\/wp-json\/wp\/v2\/posts\/56845","targetHints":{"allow":["GET"]}}],"collection":[{"href":"https:\/\/www.africa-press.net\/senegal\/wp-json\/wp\/v2\/posts"}],"about":[{"href":"https:\/\/www.africa-press.net\/senegal\/wp-json\/wp\/v2\/types\/post"}],"author":[{"embeddable":true,"href":"https:\/\/www.africa-press.net\/senegal\/wp-json\/wp\/v2\/users\/82"}],"replies":[{"embeddable":true,"href":"https:\/\/www.africa-press.net\/senegal\/wp-json\/wp\/v2\/comments?post=56845"}],"version-history":[{"count":0,"href":"https:\/\/www.africa-press.net\/senegal\/wp-json\/wp\/v2\/posts\/56845\/revisions"}],"wp:featuredmedia":[{"embeddable":true,"href":"https:\/\/www.africa-press.net\/senegal\/wp-json\/wp\/v2\/media\/56844"}],"wp:attachment":[{"href":"https:\/\/www.africa-press.net\/senegal\/wp-json\/wp\/v2\/media?parent=56845"}],"wp:term":[{"taxonomy":"category","embeddable":true,"href":"https:\/\/www.africa-press.net\/senegal\/wp-json\/wp\/v2\/categories?post=56845"},{"taxonomy":"post_tag","embeddable":true,"href":"https:\/\/www.africa-press.net\/senegal\/wp-json\/wp\/v2\/tags?post=56845"}],"curies":[{"name":"wp","href":"https:\/\/api.w.org\/{rel}","templated":true}]}}