{"id":56848,"date":"2024-03-14T23:42:29","date_gmt":"2024-03-14T23:42:29","guid":{"rendered":"https:\/\/www.africa-press.net\/senegal\/politique\/dahra-djoloff-thierno-alassane-sall-invite-la-cour-supreme-a-continuer-le-processus-electoral"},"modified":"2024-03-15T01:18:56","modified_gmt":"2024-03-15T01:18:56","slug":"dahra-djoloff-thierno-alassane-sall-invite-la-cour-supreme-a-continuer-le-processus-electoral","status":"publish","type":"post","link":"https:\/\/www.africa-press.net\/senegal\/politique\/dahra-djoloff-thierno-alassane-sall-invite-la-cour-supreme-a-continuer-le-processus-electoral","title":{"rendered":"Dahra Djoloff: Thierno Alassane Sall invite la Cour supre\u0302me a\u0300 continuer le processus e\u0301lectoral"},"content":{"rendered":"<p><span style=\"color: #ff6600\"><strong>Africa-Press &#8211; Senegal. <\/strong><\/span>Le candidat de la coalition ThiernoAlassaneSall2024 poursuit sa campagne e\u0301lectorale a\u0300 l\u2019inte\u0301rieur du pays.<\/p>\n<p>Apre\u0300s Touba, TAS a initie\u0301 ce jeudi apre\u0300s-midi une caravane dans les rues de Dahra pour parler a\u0300 ses militants venus nombreux l\u2019accueillir.<\/p>\n<p>Il a profite\u0301 de l&rsquo;occasion pour inviter la Cour supre\u0302me a\u0300 arbitrer en tenant compte des de\u0301cisions du Conseil constitutionnel. \u00ab Je m\u2019oppose a\u0300 toute forme de report, car j\u2019estime que le processus e\u0301lectoral doit continuer pour e\u0301viter de verser le pays dans le chaos \u00bb, avertit le candidat du parti de la Re\u0301publique des valeurs.<\/p>\n<p>Il demande a\u0300 la Cour supre\u0302me de ne pas suivre ceux-la\u0300 qui veulent saboter le processus e\u0301lectoral. \u00ab Ceux qui portent la reque\u0302te, leur souci, ce n\u2019est pas le respect de la loi ni de la Constitution, ni le bon agencement des e\u0301lections. Leur souci, c\u2019est de saboter les e\u0301lections pour que leur candidat puisse participer aux e\u0301lections \u00bb, a indique\u0301 Thierno Alassane Sall.<\/p>\n<p>Il appelle tous les candidats en lice a\u0300 se mobiliser pour barrer la route a\u0300 ceux-la\u0300 qui veulent perturber la quie\u0301tude la paix et la stabilite\u0301 dans le pays.<\/p>\n<p>En sillonnant les rues de Dahra, TAS s\u2019est arre\u0302te\u0301 un moment au foirail de Dahra pour de\u0301noncer la cherte\u0301 de la vie, le cou\u0302t tre\u0300s e\u0301leve\u0301 des denre\u0301es alimentaires, la gestion ne\u0301buleuse des deniers publics, le cliente\u0301lisme et la gabegie qui d\u2019apre\u0300s lui ont fini de mettre le pays a\u0300 terre.<\/p>\n<p>Apre\u0300s l\u2019e\u0301tape de Dahra, TAS et sa de\u0301le\u0301gation se sont rendus a\u0300 Rane\u0301rou pour poursuivre sa campagne.<\/p>\n<p><strong>Pour plus d&rsquo;informations et d&rsquo;analyses sur la <a href=\"https:\/\/www.africa-press.net\/senegal\">Senegal<\/a>, suivez <a href=\"https:\/\/www.africa-press.net\/\">Africa-Press<\/a><\/strong><\/p>\n","protected":false},"excerpt":{"rendered":"<p>Africa-Press &#8211; Senegal. Le candidat de la coalition ThiernoAlassaneSall2024 poursuit sa campagne e\u0301lectorale a\u0300 l\u2019inte\u0301rieur du pays. Apre\u0300s Touba, TAS a initie\u0301 ce jeudi apre\u0300s-midi une caravane dans les rues de Dahra pour parler a\u0300 ses militants venus nombreux l\u2019accueillir. Il a profite\u0301 de l&rsquo;occasion pour inviter la Cour supre\u0302me a\u0300 arbitrer en tenant compte [&hellip;]<\/p>\n","protected":false},"author":82,"featured_media":56846,"comment_status":"open","ping_status":"closed","sticky":false,"template":"","format":"standard","meta":{"footnotes":""},"categories":[2,10],"tags":[43,47,44],"class_list":["post-56848","post","type-post","status-publish","format-standard","has-post-thumbnail","hentry","category-politique","category-toutes-les-actualites","tag-africa-press-2","tag-africa-press-senegal","tag-senegal-2"],"yoast_head":"<!-- This site is optimized with the Yoast SEO Premium plugin v26.1 (Yoast SEO v27.0) - https:\/\/yoast.com\/product\/yoast-seo-premium-wordpress\/ -->\n<title>Dahra Djoloff: Thierno Alassane Sall invite la Cour supre\u0302me a\u0300 continuer le processus e\u0301lectoral - Senegal<\/title>\n<meta name=\"description\" content=\"Le candidat de la coalition ThiernoAlassaneSall2024 poursuit sa campagne e\u0301lectorale a\u0300 l\u2019inte\u0301rieur du pays. Apre\u0300s To ...\" \/>\n<meta name=\"robots\" content=\"index, follow, max-snippet:-1, max-image-preview:large, max-video-preview:-1\" \/>\n<link rel=\"canonical\" href=\"https:\/\/www.africa-press.net\/senegal\/politique\/dahra-djoloff-thierno-alassane-sall-invite-la-cour-supreme-a-continuer-le-processus-electoral\" \/>\n<meta property=\"og:locale\" content=\"fr_FR\" \/>\n<meta property=\"og:type\" content=\"article\" \/>\n<meta property=\"og:title\" content=\"Dahra Djoloff: Thierno Alassane Sall invite la Cour supre\u0302me a\u0300 continuer le processus e\u0301lectoral\" \/>\n<meta property=\"og:description\" content=\"Le candidat de la coalition ThiernoAlassaneSall2024 poursuit sa campagne e\u0301lectorale a\u0300 l\u2019inte\u0301rieur du pays. Apre\u0300s To ...\" \/>\n<meta property=\"og:url\" content=\"https:\/\/www.africa-press.net\/senegal\/politique\/dahra-djoloff-thierno-alassane-sall-invite-la-cour-supreme-a-continuer-le-processus-electoral\" \/>\n<meta property=\"og:site_name\" content=\"Senegal\" \/>\n<meta property=\"article:published_time\" content=\"2024-03-14T23:42:29+00:00\" \/>\n<meta property=\"article:modified_time\" content=\"2024-03-15T01:18:56+00:00\" \/>\n<meta property=\"og:image\" content=\"https:\/\/static.africa-press.net\/senegal\/sites\/13\/2024\/03\/sm_1710449264.501078.jpg\" \/>\n\t<meta property=\"og:image:width\" content=\"1302\" \/>\n\t<meta property=\"og:image:height\" content=\"632\" \/>\n\t<meta property=\"og:image:type\" content=\"image\/jpeg\" \/>\n<meta name=\"author\" content=\"cfeditorfr\" \/>\n<meta name=\"twitter:card\" content=\"summary_large_image\" \/>\n<meta name=\"twitter:label1\" content=\"\u00c9crit par\" \/>\n\t<meta name=\"twitter:data1\" content=\"cfeditorfr\" \/>\n\t<meta name=\"twitter:label2\" content=\"Dur\u00e9e de lecture estim\u00e9e\" \/>\n\t<meta name=\"twitter:data2\" content=\"2 minutes\" \/>\n<script type=\"application\/ld+json\" class=\"yoast-schema-graph\">{\"@context\":\"https:\/\/schema.org\",\"@graph\":[{\"@type\":\"Article\",\"@id\":\"https:\/\/www.africa-press.net\/senegal\/politique\/dahra-djoloff-thierno-alassane-sall-invite-la-cour-supreme-a-continuer-le-processus-electoral#article\",\"isPartOf\":{\"@id\":\"https:\/\/www.africa-press.net\/senegal\/politique\/dahra-djoloff-thierno-alassane-sall-invite-la-cour-supreme-a-continuer-le-processus-electoral\"},\"author\":{\"name\":\"cfeditorfr\",\"@id\":\"https:\/\/www.africa-press.net\/senegal\/#\/schema\/person\/2b1cf3cd81a31e3cd26889ca66d677f1\"},\"headline\":\"Dahra Djoloff: Thierno Alassane Sall invite la Cour supre\u0302me a\u0300 continuer le processus e\u0301lectoral\",\"datePublished\":\"2024-03-14T23:42:29+00:00\",\"dateModified\":\"2024-03-15T01:18:56+00:00\",\"mainEntityOfPage\":{\"@id\":\"https:\/\/www.africa-press.net\/senegal\/politique\/dahra-djoloff-thierno-alassane-sall-invite-la-cour-supreme-a-continuer-le-processus-electoral\"},\"wordCount\":321,\"commentCount\":0,\"image\":{\"@id\":\"https:\/\/www.africa-press.net\/senegal\/politique\/dahra-djoloff-thierno-alassane-sall-invite-la-cour-supreme-a-continuer-le-processus-electoral#primaryimage\"},\"thumbnailUrl\":\"https:\/\/static.africa-press.net\/senegal\/sites\/13\/2024\/03\/sm_1710449264.501078.jpg\",\"keywords\":[\"Africa Press\",\"Africa Press-Senegal\",\"Senegal\"],\"articleSection\":[\"Politique\",\"Toutes les actualit\u00e9s\"],\"inLanguage\":\"fr-FR\",\"potentialAction\":[{\"@type\":\"CommentAction\",\"name\":\"Comment\",\"target\":[\"https:\/\/www.africa-press.net\/senegal\/politique\/dahra-djoloff-thierno-alassane-sall-invite-la-cour-supreme-a-continuer-le-processus-electoral#respond\"]}]},{\"@type\":\"WebPage\",\"@id\":\"https:\/\/www.africa-press.net\/senegal\/politique\/dahra-djoloff-thierno-alassane-sall-invite-la-cour-supreme-a-continuer-le-processus-electoral\",\"url\":\"https:\/\/www.africa-press.net\/senegal\/politique\/dahra-djoloff-thierno-alassane-sall-invite-la-cour-supreme-a-continuer-le-processus-electoral\",\"name\":\"Dahra Djoloff: Thierno Alassane Sall invite la Cour supre\u0302me a\u0300 continuer le processus e\u0301lectoral - Senegal\",\"isPartOf\":{\"@id\":\"https:\/\/www.africa-press.net\/senegal\/#website\"},\"primaryImageOfPage\":{\"@id\":\"https:\/\/www.africa-press.net\/senegal\/politique\/dahra-djoloff-thierno-alassane-sall-invite-la-cour-supreme-a-continuer-le-processus-electoral#primaryimage\"},\"image\":{\"@id\":\"https:\/\/www.africa-press.net\/senegal\/politique\/dahra-djoloff-thierno-alassane-sall-invite-la-cour-supreme-a-continuer-le-processus-electoral#primaryimage\"},\"thumbnailUrl\":\"https:\/\/static.africa-press.net\/senegal\/sites\/13\/2024\/03\/sm_1710449264.501078.jpg\",\"datePublished\":\"2024-03-14T23:42:29+00:00\",\"dateModified\":\"2024-03-15T01:18:56+00:00\",\"author\":{\"@id\":\"https:\/\/www.africa-press.net\/senegal\/#\/schema\/person\/2b1cf3cd81a31e3cd26889ca66d677f1\"},\"description\":\"Le candidat de la coalition ThiernoAlassaneSall2024 poursuit sa campagne e\u0301lectorale a\u0300 l\u2019inte\u0301rieur du pays. Apre\u0300s To ...\",\"breadcrumb\":{\"@id\":\"https:\/\/www.africa-press.net\/senegal\/politique\/dahra-djoloff-thierno-alassane-sall-invite-la-cour-supreme-a-continuer-le-processus-electoral#breadcrumb\"},\"inLanguage\":\"fr-FR\",\"potentialAction\":[{\"@type\":\"ReadAction\",\"target\":[\"https:\/\/www.africa-press.net\/senegal\/politique\/dahra-djoloff-thierno-alassane-sall-invite-la-cour-supreme-a-continuer-le-processus-electoral\"]}]},{\"@type\":\"ImageObject\",\"inLanguage\":\"fr-FR\",\"@id\":\"https:\/\/www.africa-press.net\/senegal\/politique\/dahra-djoloff-thierno-alassane-sall-invite-la-cour-supreme-a-continuer-le-processus-electoral#primaryimage\",\"url\":\"https:\/\/static.africa-press.net\/senegal\/sites\/13\/2024\/03\/sm_1710449264.501078.jpg\",\"contentUrl\":\"https:\/\/static.africa-press.net\/senegal\/sites\/13\/2024\/03\/sm_1710449264.501078.jpg\",\"width\":1302,\"height\":632,\"caption\":\"Dahra Djoloff: Thierno Alassane Sall invite la Cour supre\u0302me a\u0300 continuer le processus e\u0301lectoral\"},{\"@type\":\"BreadcrumbList\",\"@id\":\"https:\/\/www.africa-press.net\/senegal\/politique\/dahra-djoloff-thierno-alassane-sall-invite-la-cour-supreme-a-continuer-le-processus-electoral#breadcrumb\",\"itemListElement\":[{\"@type\":\"ListItem\",\"position\":1,\"name\":\"Accueil\",\"item\":\"https:\/\/www.africa-press.net\/senegal\/\"},{\"@type\":\"ListItem\",\"position\":2,\"name\":\"Dahra Djoloff: Thierno Alassane Sall invite la Cour supre\u0302me a\u0300 continuer le processus e\u0301lectoral\"}]},{\"@type\":\"WebSite\",\"@id\":\"https:\/\/www.africa-press.net\/senegal\/#website\",\"url\":\"https:\/\/www.africa-press.net\/senegal\/\",\"name\":\"Africa Press | Senegal | Homepage\",\"description\":\"Just another Africa News Agency Sites site\",\"potentialAction\":[{\"@type\":\"SearchAction\",\"target\":{\"@type\":\"EntryPoint\",\"urlTemplate\":\"https:\/\/www.africa-press.net\/senegal\/?s={search_term_string}\"},\"query-input\":{\"@type\":\"PropertyValueSpecification\",\"valueRequired\":true,\"valueName\":\"search_term_string\"}}],\"inLanguage\":\"fr-FR\"},{\"@type\":\"Person\",\"@id\":\"https:\/\/www.africa-press.net\/senegal\/#\/schema\/person\/2b1cf3cd81a31e3cd26889ca66d677f1\",\"name\":\"cfeditorfr\",\"url\":\"https:\/\/www.africa-press.net\/senegal\/author\/cfeditorfr\"}]}<\/script>\n<!-- \/ Yoast SEO Premium plugin. -->","yoast_head_json":{"title":"Dahra Djoloff: Thierno Alassane Sall invite la Cour supre\u0302me a\u0300 continuer le processus e\u0301lectoral - Senegal","description":"Le candidat de la coalition ThiernoAlassaneSall2024 poursuit sa campagne e\u0301lectorale a\u0300 l\u2019inte\u0301rieur du pays. Apre\u0300s To ...","robots":{"index":"index","follow":"follow","max-snippet":"max-snippet:-1","max-image-preview":"max-image-preview:large","max-video-preview":"max-video-preview:-1"},"canonical":"https:\/\/www.africa-press.net\/senegal\/politique\/dahra-djoloff-thierno-alassane-sall-invite-la-cour-supreme-a-continuer-le-processus-electoral","og_locale":"fr_FR","og_type":"article","og_title":"Dahra Djoloff: Thierno Alassane Sall invite la Cour supre\u0302me a\u0300 continuer le processus e\u0301lectoral","og_description":"Le candidat de la coalition ThiernoAlassaneSall2024 poursuit sa campagne e\u0301lectorale a\u0300 l\u2019inte\u0301rieur du pays. Apre\u0300s To ...","og_url":"https:\/\/www.africa-press.net\/senegal\/politique\/dahra-djoloff-thierno-alassane-sall-invite-la-cour-supreme-a-continuer-le-processus-electoral","og_site_name":"Senegal","article_published_time":"2024-03-14T23:42:29+00:00","article_modified_time":"2024-03-15T01:18:56+00:00","og_image":[{"width":1302,"height":632,"url":"https:\/\/static.africa-press.net\/senegal\/sites\/13\/2024\/03\/sm_1710449264.501078.jpg","type":"image\/jpeg"}],"author":"cfeditorfr","twitter_card":"summary_large_image","twitter_misc":{"\u00c9crit par":"cfeditorfr","Dur\u00e9e de lecture estim\u00e9e":"2 minutes"},"schema":{"@context":"https:\/\/schema.org","@graph":[{"@type":"Article","@id":"https:\/\/www.africa-press.net\/senegal\/politique\/dahra-djoloff-thierno-alassane-sall-invite-la-cour-supreme-a-continuer-le-processus-electoral#article","isPartOf":{"@id":"https:\/\/www.africa-press.net\/senegal\/politique\/dahra-djoloff-thierno-alassane-sall-invite-la-cour-supreme-a-continuer-le-processus-electoral"},"author":{"name":"cfeditorfr","@id":"https:\/\/www.africa-press.net\/senegal\/#\/schema\/person\/2b1cf3cd81a31e3cd26889ca66d677f1"},"headline":"Dahra Djoloff: Thierno Alassane Sall invite la Cour supre\u0302me a\u0300 continuer le processus e\u0301lectoral","datePublished":"2024-03-14T23:42:29+00:00","dateModified":"2024-03-15T01:18:56+00:00","mainEntityOfPage":{"@id":"https:\/\/www.africa-press.net\/senegal\/politique\/dahra-djoloff-thierno-alassane-sall-invite-la-cour-supreme-a-continuer-le-processus-electoral"},"wordCount":321,"commentCount":0,"image":{"@id":"https:\/\/www.africa-press.net\/senegal\/politique\/dahra-djoloff-thierno-alassane-sall-invite-la-cour-supreme-a-continuer-le-processus-electoral#primaryimage"},"thumbnailUrl":"https:\/\/static.africa-press.net\/senegal\/sites\/13\/2024\/03\/sm_1710449264.501078.jpg","keywords":["Africa Press","Africa Press-Senegal","Senegal"],"articleSection":["Politique","Toutes les actualit\u00e9s"],"inLanguage":"fr-FR","potentialAction":[{"@type":"CommentAction","name":"Comment","target":["https:\/\/www.africa-press.net\/senegal\/politique\/dahra-djoloff-thierno-alassane-sall-invite-la-cour-supreme-a-continuer-le-processus-electoral#respond"]}]},{"@type":"WebPage","@id":"https:\/\/www.africa-press.net\/senegal\/politique\/dahra-djoloff-thierno-alassane-sall-invite-la-cour-supreme-a-continuer-le-processus-electoral","url":"https:\/\/www.africa-press.net\/senegal\/politique\/dahra-djoloff-thierno-alassane-sall-invite-la-cour-supreme-a-continuer-le-processus-electoral","name":"Dahra Djoloff: Thierno Alassane Sall invite la Cour supre\u0302me a\u0300 continuer le processus e\u0301lectoral - Senegal","isPartOf":{"@id":"https:\/\/www.africa-press.net\/senegal\/#website"},"primaryImageOfPage":{"@id":"https:\/\/www.africa-press.net\/senegal\/politique\/dahra-djoloff-thierno-alassane-sall-invite-la-cour-supreme-a-continuer-le-processus-electoral#primaryimage"},"image":{"@id":"https:\/\/www.africa-press.net\/senegal\/politique\/dahra-djoloff-thierno-alassane-sall-invite-la-cour-supreme-a-continuer-le-processus-electoral#primaryimage"},"thumbnailUrl":"https:\/\/static.africa-press.net\/senegal\/sites\/13\/2024\/03\/sm_1710449264.501078.jpg","datePublished":"2024-03-14T23:42:29+00:00","dateModified":"2024-03-15T01:18:56+00:00","author":{"@id":"https:\/\/www.africa-press.net\/senegal\/#\/schema\/person\/2b1cf3cd81a31e3cd26889ca66d677f1"},"description":"Le candidat de la coalition ThiernoAlassaneSall2024 poursuit sa campagne e\u0301lectorale a\u0300 l\u2019inte\u0301rieur du pays. Apre\u0300s To ...","breadcrumb":{"@id":"https:\/\/www.africa-press.net\/senegal\/politique\/dahra-djoloff-thierno-alassane-sall-invite-la-cour-supreme-a-continuer-le-processus-electoral#breadcrumb"},"inLanguage":"fr-FR","potentialAction":[{"@type":"ReadAction","target":["https:\/\/www.africa-press.net\/senegal\/politique\/dahra-djoloff-thierno-alassane-sall-invite-la-cour-supreme-a-continuer-le-processus-electoral"]}]},{"@type":"ImageObject","inLanguage":"fr-FR","@id":"https:\/\/www.africa-press.net\/senegal\/politique\/dahra-djoloff-thierno-alassane-sall-invite-la-cour-supreme-a-continuer-le-processus-electoral#primaryimage","url":"https:\/\/static.africa-press.net\/senegal\/sites\/13\/2024\/03\/sm_1710449264.501078.jpg","contentUrl":"https:\/\/static.africa-press.net\/senegal\/sites\/13\/2024\/03\/sm_1710449264.501078.jpg","width":1302,"height":632,"caption":"Dahra Djoloff: Thierno Alassane Sall invite la Cour supre\u0302me a\u0300 continuer le processus e\u0301lectoral"},{"@type":"BreadcrumbList","@id":"https:\/\/www.africa-press.net\/senegal\/politique\/dahra-djoloff-thierno-alassane-sall-invite-la-cour-supreme-a-continuer-le-processus-electoral#breadcrumb","itemListElement":[{"@type":"ListItem","position":1,"name":"Accueil","item":"https:\/\/www.africa-press.net\/senegal\/"},{"@type":"ListItem","position":2,"name":"Dahra Djoloff: Thierno Alassane Sall invite la Cour supre\u0302me a\u0300 continuer le processus e\u0301lectoral"}]},{"@type":"WebSite","@id":"https:\/\/www.africa-press.net\/senegal\/#website","url":"https:\/\/www.africa-press.net\/senegal\/","name":"Africa Press | Senegal | Homepage","description":"Just another Africa News Agency Sites site","potentialAction":[{"@type":"SearchAction","target":{"@type":"EntryPoint","urlTemplate":"https:\/\/www.africa-press.net\/senegal\/?s={search_term_string}"},"query-input":{"@type":"PropertyValueSpecification","valueRequired":true,"valueName":"search_term_string"}}],"inLanguage":"fr-FR"},{"@type":"Person","@id":"https:\/\/www.africa-press.net\/senegal\/#\/schema\/person\/2b1cf3cd81a31e3cd26889ca66d677f1","name":"cfeditorfr","url":"https:\/\/www.africa-press.net\/senegal\/author\/cfeditorfr"}]}},"_links":{"self":[{"href":"https:\/\/www.africa-press.net\/senegal\/wp-json\/wp\/v2\/posts\/56848","targetHints":{"allow":["GET"]}}],"collection":[{"href":"https:\/\/www.africa-press.net\/senegal\/wp-json\/wp\/v2\/posts"}],"about":[{"href":"https:\/\/www.africa-press.net\/senegal\/wp-json\/wp\/v2\/types\/post"}],"author":[{"embeddable":true,"href":"https:\/\/www.africa-press.net\/senegal\/wp-json\/wp\/v2\/users\/82"}],"replies":[{"embeddable":true,"href":"https:\/\/www.africa-press.net\/senegal\/wp-json\/wp\/v2\/comments?post=56848"}],"version-history":[{"count":0,"href":"https:\/\/www.africa-press.net\/senegal\/wp-json\/wp\/v2\/posts\/56848\/revisions"}],"wp:featuredmedia":[{"embeddable":true,"href":"https:\/\/www.africa-press.net\/senegal\/wp-json\/wp\/v2\/media\/56846"}],"wp:attachment":[{"href":"https:\/\/www.africa-press.net\/senegal\/wp-json\/wp\/v2\/media?parent=56848"}],"wp:term":[{"taxonomy":"category","embeddable":true,"href":"https:\/\/www.africa-press.net\/senegal\/wp-json\/wp\/v2\/categories?post=56848"},{"taxonomy":"post_tag","embeddable":true,"href":"https:\/\/www.africa-press.net\/senegal\/wp-json\/wp\/v2\/tags?post=56848"}],"curies":[{"name":"wp","href":"https:\/\/api.w.org\/{rel}","templated":true}]}}