{"id":56851,"date":"2024-03-14T23:44:42","date_gmt":"2024-03-14T23:44:42","guid":{"rendered":"https:\/\/www.africa-press.net\/senegal\/politique\/campagne-electorale-idrissa-seck-promet-de-changer-le-visage-de-mbour"},"modified":"2024-03-15T01:19:21","modified_gmt":"2024-03-15T01:19:21","slug":"campagne-electorale-idrissa-seck-promet-de-changer-le-visage-de-mbour","status":"publish","type":"post","link":"https:\/\/www.africa-press.net\/senegal\/politique\/campagne-electorale-idrissa-seck-promet-de-changer-le-visage-de-mbour","title":{"rendered":"Campagne e\u0301lectorale: Idrissa Seck promet de changer le visage de Mbour"},"content":{"rendered":"<p><span style=\"color: #ff6600\"><strong>Africa-Press &#8211; Senegal. <\/strong><\/span>Le leader du parti Rewmi e\u0301tait a\u0300 Mbour, dans le cadre de la campagne e\u0301lectorale. Le candidat a\u0300 l\u2019e\u0301lection pre\u0301sidentielle du 24 mars 2024, Idrissa Seck, s\u2019engage, une fois a\u0300 la te\u0302te du pays, a\u0300 changer e\u0301conomiquement le visage de la Petite Co\u0302te.<\/p>\n<p>\u00ab\u00a0Mbour est un de\u0301partement e\u0301conomiquement extre\u0302mement important. Il s&rsquo;agira de de\u0301velopper une matrice d&rsquo;actions prioritaires de\u0301die\u0301e au de\u0301partement en termes d&rsquo;infrastructures. Nous ferons une grappe de convergences pour changer le visage de Mbour dans les premiers mois de notre installation a\u0300 la te\u0302te de l&rsquo;E\u0301tat\u00a0\u00bb, promet le candidat Idrissa Seck.<\/p>\n<p>Auparavant, il s&rsquo;est re\u0301joui de la ferveur qui se de\u0301gageait de ses militants a\u0300 qui il a tenu a\u0300 rendre un vibrant hommage. \u00ab\u00a0Malgre\u0301 le format choisi, nous avons constate\u0301 derrie\u0300re le fre\u0300re El Hadj Gue\u0300ye une mobilisation exceptionnelle de l&rsquo;ensemble des responsables et des militants a\u0300 Mbour a\u0300 qui je souhaite rendre un vibrant hommage. Cette campagne e\u0301lectorale se situe dans un contexte difficile de mois de ramadan ou\u0300 les occupations sont tre\u0300s nombreuses. Mais malgre\u0301 cela, vous avez constate\u0301 l&rsquo;accueil chaleureux et la mobilisation sous la chaleur de l&rsquo;ensemble des responsables et des militants. C&rsquo;est a\u0300 eux que je souhaite rendre hommage\u00a0\u00bb, dit-il.<\/p>\n<p><strong>Pour plus d&rsquo;informations et d&rsquo;analyses sur la <a href=\"https:\/\/www.africa-press.net\/senegal\">Senegal<\/a>, suivez <a href=\"https:\/\/www.africa-press.net\/\">Africa-Press<\/a><\/strong><\/p>\n","protected":false},"excerpt":{"rendered":"<p>Africa-Press &#8211; Senegal. Le leader du parti Rewmi e\u0301tait a\u0300 Mbour, dans le cadre de la campagne e\u0301lectorale. Le candidat a\u0300 l\u2019e\u0301lection pre\u0301sidentielle du 24 mars 2024, Idrissa Seck, s\u2019engage, une fois a\u0300 la te\u0302te du pays, a\u0300 changer e\u0301conomiquement le visage de la Petite Co\u0302te. \u00ab\u00a0Mbour est un de\u0301partement e\u0301conomiquement extre\u0302mement important. Il s&rsquo;agira [&hellip;]<\/p>\n","protected":false},"author":82,"featured_media":56850,"comment_status":"open","ping_status":"closed","sticky":false,"template":"","format":"standard","meta":{"footnotes":""},"categories":[2,10],"tags":[43,47,44],"class_list":["post-56851","post","type-post","status-publish","format-standard","has-post-thumbnail","hentry","category-politique","category-toutes-les-actualites","tag-africa-press-2","tag-africa-press-senegal","tag-senegal-2"],"yoast_head":"<!-- This site is optimized with the Yoast SEO Premium plugin v26.1 (Yoast SEO v27.0) - https:\/\/yoast.com\/product\/yoast-seo-premium-wordpress\/ -->\n<title>Campagne e\u0301lectorale: Idrissa Seck promet de changer le visage de Mbour - Senegal<\/title>\n<meta name=\"description\" content=\"Le leader du parti Rewmi e\u0301tait a\u0300 Mbour, dans le cadre de la campagne e\u0301lectorale. Le candidat a\u0300 l\u2019e\u0301lection pre\u0301siden ...\" \/>\n<meta name=\"robots\" content=\"index, follow, max-snippet:-1, max-image-preview:large, max-video-preview:-1\" \/>\n<link rel=\"canonical\" href=\"https:\/\/www.africa-press.net\/senegal\/politique\/campagne-electorale-idrissa-seck-promet-de-changer-le-visage-de-mbour\" \/>\n<meta property=\"og:locale\" content=\"fr_FR\" \/>\n<meta property=\"og:type\" content=\"article\" \/>\n<meta property=\"og:title\" content=\"Campagne e\u0301lectorale: Idrissa Seck promet de changer le visage de Mbour\" \/>\n<meta property=\"og:description\" content=\"Le leader du parti Rewmi e\u0301tait a\u0300 Mbour, dans le cadre de la campagne e\u0301lectorale. Le candidat a\u0300 l\u2019e\u0301lection pre\u0301siden ...\" \/>\n<meta property=\"og:url\" content=\"https:\/\/www.africa-press.net\/senegal\/politique\/campagne-electorale-idrissa-seck-promet-de-changer-le-visage-de-mbour\" \/>\n<meta property=\"og:site_name\" content=\"Senegal\" \/>\n<meta property=\"article:published_time\" content=\"2024-03-14T23:44:42+00:00\" \/>\n<meta property=\"article:modified_time\" content=\"2024-03-15T01:19:21+00:00\" \/>\n<meta property=\"og:image\" content=\"https:\/\/static.africa-press.net\/senegal\/sites\/13\/2024\/03\/sm_1710449311.127904.jpg\" \/>\n\t<meta property=\"og:image:width\" content=\"1298\" \/>\n\t<meta property=\"og:image:height\" content=\"638\" \/>\n\t<meta property=\"og:image:type\" content=\"image\/jpeg\" \/>\n<meta name=\"author\" content=\"cfeditorfr\" \/>\n<meta name=\"twitter:card\" content=\"summary_large_image\" \/>\n<meta name=\"twitter:label1\" content=\"\u00c9crit par\" \/>\n\t<meta name=\"twitter:data1\" content=\"cfeditorfr\" \/>\n\t<meta name=\"twitter:label2\" content=\"Dur\u00e9e de lecture estim\u00e9e\" \/>\n\t<meta name=\"twitter:data2\" content=\"1 minute\" \/>\n<script type=\"application\/ld+json\" class=\"yoast-schema-graph\">{\"@context\":\"https:\/\/schema.org\",\"@graph\":[{\"@type\":\"Article\",\"@id\":\"https:\/\/www.africa-press.net\/senegal\/politique\/campagne-electorale-idrissa-seck-promet-de-changer-le-visage-de-mbour#article\",\"isPartOf\":{\"@id\":\"https:\/\/www.africa-press.net\/senegal\/politique\/campagne-electorale-idrissa-seck-promet-de-changer-le-visage-de-mbour\"},\"author\":{\"name\":\"cfeditorfr\",\"@id\":\"https:\/\/www.africa-press.net\/senegal\/#\/schema\/person\/2b1cf3cd81a31e3cd26889ca66d677f1\"},\"headline\":\"Campagne e\u0301lectorale: Idrissa Seck promet de changer le visage de Mbour\",\"datePublished\":\"2024-03-14T23:44:42+00:00\",\"dateModified\":\"2024-03-15T01:19:21+00:00\",\"mainEntityOfPage\":{\"@id\":\"https:\/\/www.africa-press.net\/senegal\/politique\/campagne-electorale-idrissa-seck-promet-de-changer-le-visage-de-mbour\"},\"wordCount\":257,\"commentCount\":0,\"image\":{\"@id\":\"https:\/\/www.africa-press.net\/senegal\/politique\/campagne-electorale-idrissa-seck-promet-de-changer-le-visage-de-mbour#primaryimage\"},\"thumbnailUrl\":\"https:\/\/static.africa-press.net\/senegal\/sites\/13\/2024\/03\/sm_1710449311.127904.jpg\",\"keywords\":[\"Africa Press\",\"Africa Press-Senegal\",\"Senegal\"],\"articleSection\":[\"Politique\",\"Toutes les actualit\u00e9s\"],\"inLanguage\":\"fr-FR\",\"potentialAction\":[{\"@type\":\"CommentAction\",\"name\":\"Comment\",\"target\":[\"https:\/\/www.africa-press.net\/senegal\/politique\/campagne-electorale-idrissa-seck-promet-de-changer-le-visage-de-mbour#respond\"]}]},{\"@type\":\"WebPage\",\"@id\":\"https:\/\/www.africa-press.net\/senegal\/politique\/campagne-electorale-idrissa-seck-promet-de-changer-le-visage-de-mbour\",\"url\":\"https:\/\/www.africa-press.net\/senegal\/politique\/campagne-electorale-idrissa-seck-promet-de-changer-le-visage-de-mbour\",\"name\":\"Campagne e\u0301lectorale: Idrissa Seck promet de changer le visage de Mbour - Senegal\",\"isPartOf\":{\"@id\":\"https:\/\/www.africa-press.net\/senegal\/#website\"},\"primaryImageOfPage\":{\"@id\":\"https:\/\/www.africa-press.net\/senegal\/politique\/campagne-electorale-idrissa-seck-promet-de-changer-le-visage-de-mbour#primaryimage\"},\"image\":{\"@id\":\"https:\/\/www.africa-press.net\/senegal\/politique\/campagne-electorale-idrissa-seck-promet-de-changer-le-visage-de-mbour#primaryimage\"},\"thumbnailUrl\":\"https:\/\/static.africa-press.net\/senegal\/sites\/13\/2024\/03\/sm_1710449311.127904.jpg\",\"datePublished\":\"2024-03-14T23:44:42+00:00\",\"dateModified\":\"2024-03-15T01:19:21+00:00\",\"author\":{\"@id\":\"https:\/\/www.africa-press.net\/senegal\/#\/schema\/person\/2b1cf3cd81a31e3cd26889ca66d677f1\"},\"description\":\"Le leader du parti Rewmi e\u0301tait a\u0300 Mbour, dans le cadre de la campagne e\u0301lectorale. Le candidat a\u0300 l\u2019e\u0301lection pre\u0301siden ...\",\"breadcrumb\":{\"@id\":\"https:\/\/www.africa-press.net\/senegal\/politique\/campagne-electorale-idrissa-seck-promet-de-changer-le-visage-de-mbour#breadcrumb\"},\"inLanguage\":\"fr-FR\",\"potentialAction\":[{\"@type\":\"ReadAction\",\"target\":[\"https:\/\/www.africa-press.net\/senegal\/politique\/campagne-electorale-idrissa-seck-promet-de-changer-le-visage-de-mbour\"]}]},{\"@type\":\"ImageObject\",\"inLanguage\":\"fr-FR\",\"@id\":\"https:\/\/www.africa-press.net\/senegal\/politique\/campagne-electorale-idrissa-seck-promet-de-changer-le-visage-de-mbour#primaryimage\",\"url\":\"https:\/\/static.africa-press.net\/senegal\/sites\/13\/2024\/03\/sm_1710449311.127904.jpg\",\"contentUrl\":\"https:\/\/static.africa-press.net\/senegal\/sites\/13\/2024\/03\/sm_1710449311.127904.jpg\",\"width\":1298,\"height\":638,\"caption\":\"Campagne e\u0301lectorale: Idrissa Seck promet de changer le visage de Mbour\"},{\"@type\":\"BreadcrumbList\",\"@id\":\"https:\/\/www.africa-press.net\/senegal\/politique\/campagne-electorale-idrissa-seck-promet-de-changer-le-visage-de-mbour#breadcrumb\",\"itemListElement\":[{\"@type\":\"ListItem\",\"position\":1,\"name\":\"Accueil\",\"item\":\"https:\/\/www.africa-press.net\/senegal\/\"},{\"@type\":\"ListItem\",\"position\":2,\"name\":\"Campagne e\u0301lectorale: Idrissa Seck promet de changer le visage de Mbour\"}]},{\"@type\":\"WebSite\",\"@id\":\"https:\/\/www.africa-press.net\/senegal\/#website\",\"url\":\"https:\/\/www.africa-press.net\/senegal\/\",\"name\":\"Africa Press | Senegal | Homepage\",\"description\":\"Just another Africa News Agency Sites site\",\"potentialAction\":[{\"@type\":\"SearchAction\",\"target\":{\"@type\":\"EntryPoint\",\"urlTemplate\":\"https:\/\/www.africa-press.net\/senegal\/?s={search_term_string}\"},\"query-input\":{\"@type\":\"PropertyValueSpecification\",\"valueRequired\":true,\"valueName\":\"search_term_string\"}}],\"inLanguage\":\"fr-FR\"},{\"@type\":\"Person\",\"@id\":\"https:\/\/www.africa-press.net\/senegal\/#\/schema\/person\/2b1cf3cd81a31e3cd26889ca66d677f1\",\"name\":\"cfeditorfr\",\"url\":\"https:\/\/www.africa-press.net\/senegal\/author\/cfeditorfr\"}]}<\/script>\n<!-- \/ Yoast SEO Premium plugin. -->","yoast_head_json":{"title":"Campagne e\u0301lectorale: Idrissa Seck promet de changer le visage de Mbour - Senegal","description":"Le leader du parti Rewmi e\u0301tait a\u0300 Mbour, dans le cadre de la campagne e\u0301lectorale. Le candidat a\u0300 l\u2019e\u0301lection pre\u0301siden ...","robots":{"index":"index","follow":"follow","max-snippet":"max-snippet:-1","max-image-preview":"max-image-preview:large","max-video-preview":"max-video-preview:-1"},"canonical":"https:\/\/www.africa-press.net\/senegal\/politique\/campagne-electorale-idrissa-seck-promet-de-changer-le-visage-de-mbour","og_locale":"fr_FR","og_type":"article","og_title":"Campagne e\u0301lectorale: Idrissa Seck promet de changer le visage de Mbour","og_description":"Le leader du parti Rewmi e\u0301tait a\u0300 Mbour, dans le cadre de la campagne e\u0301lectorale. Le candidat a\u0300 l\u2019e\u0301lection pre\u0301siden ...","og_url":"https:\/\/www.africa-press.net\/senegal\/politique\/campagne-electorale-idrissa-seck-promet-de-changer-le-visage-de-mbour","og_site_name":"Senegal","article_published_time":"2024-03-14T23:44:42+00:00","article_modified_time":"2024-03-15T01:19:21+00:00","og_image":[{"width":1298,"height":638,"url":"https:\/\/static.africa-press.net\/senegal\/sites\/13\/2024\/03\/sm_1710449311.127904.jpg","type":"image\/jpeg"}],"author":"cfeditorfr","twitter_card":"summary_large_image","twitter_misc":{"\u00c9crit par":"cfeditorfr","Dur\u00e9e de lecture estim\u00e9e":"1 minute"},"schema":{"@context":"https:\/\/schema.org","@graph":[{"@type":"Article","@id":"https:\/\/www.africa-press.net\/senegal\/politique\/campagne-electorale-idrissa-seck-promet-de-changer-le-visage-de-mbour#article","isPartOf":{"@id":"https:\/\/www.africa-press.net\/senegal\/politique\/campagne-electorale-idrissa-seck-promet-de-changer-le-visage-de-mbour"},"author":{"name":"cfeditorfr","@id":"https:\/\/www.africa-press.net\/senegal\/#\/schema\/person\/2b1cf3cd81a31e3cd26889ca66d677f1"},"headline":"Campagne e\u0301lectorale: Idrissa Seck promet de changer le visage de Mbour","datePublished":"2024-03-14T23:44:42+00:00","dateModified":"2024-03-15T01:19:21+00:00","mainEntityOfPage":{"@id":"https:\/\/www.africa-press.net\/senegal\/politique\/campagne-electorale-idrissa-seck-promet-de-changer-le-visage-de-mbour"},"wordCount":257,"commentCount":0,"image":{"@id":"https:\/\/www.africa-press.net\/senegal\/politique\/campagne-electorale-idrissa-seck-promet-de-changer-le-visage-de-mbour#primaryimage"},"thumbnailUrl":"https:\/\/static.africa-press.net\/senegal\/sites\/13\/2024\/03\/sm_1710449311.127904.jpg","keywords":["Africa Press","Africa Press-Senegal","Senegal"],"articleSection":["Politique","Toutes les actualit\u00e9s"],"inLanguage":"fr-FR","potentialAction":[{"@type":"CommentAction","name":"Comment","target":["https:\/\/www.africa-press.net\/senegal\/politique\/campagne-electorale-idrissa-seck-promet-de-changer-le-visage-de-mbour#respond"]}]},{"@type":"WebPage","@id":"https:\/\/www.africa-press.net\/senegal\/politique\/campagne-electorale-idrissa-seck-promet-de-changer-le-visage-de-mbour","url":"https:\/\/www.africa-press.net\/senegal\/politique\/campagne-electorale-idrissa-seck-promet-de-changer-le-visage-de-mbour","name":"Campagne e\u0301lectorale: Idrissa Seck promet de changer le visage de Mbour - Senegal","isPartOf":{"@id":"https:\/\/www.africa-press.net\/senegal\/#website"},"primaryImageOfPage":{"@id":"https:\/\/www.africa-press.net\/senegal\/politique\/campagne-electorale-idrissa-seck-promet-de-changer-le-visage-de-mbour#primaryimage"},"image":{"@id":"https:\/\/www.africa-press.net\/senegal\/politique\/campagne-electorale-idrissa-seck-promet-de-changer-le-visage-de-mbour#primaryimage"},"thumbnailUrl":"https:\/\/static.africa-press.net\/senegal\/sites\/13\/2024\/03\/sm_1710449311.127904.jpg","datePublished":"2024-03-14T23:44:42+00:00","dateModified":"2024-03-15T01:19:21+00:00","author":{"@id":"https:\/\/www.africa-press.net\/senegal\/#\/schema\/person\/2b1cf3cd81a31e3cd26889ca66d677f1"},"description":"Le leader du parti Rewmi e\u0301tait a\u0300 Mbour, dans le cadre de la campagne e\u0301lectorale. Le candidat a\u0300 l\u2019e\u0301lection pre\u0301siden ...","breadcrumb":{"@id":"https:\/\/www.africa-press.net\/senegal\/politique\/campagne-electorale-idrissa-seck-promet-de-changer-le-visage-de-mbour#breadcrumb"},"inLanguage":"fr-FR","potentialAction":[{"@type":"ReadAction","target":["https:\/\/www.africa-press.net\/senegal\/politique\/campagne-electorale-idrissa-seck-promet-de-changer-le-visage-de-mbour"]}]},{"@type":"ImageObject","inLanguage":"fr-FR","@id":"https:\/\/www.africa-press.net\/senegal\/politique\/campagne-electorale-idrissa-seck-promet-de-changer-le-visage-de-mbour#primaryimage","url":"https:\/\/static.africa-press.net\/senegal\/sites\/13\/2024\/03\/sm_1710449311.127904.jpg","contentUrl":"https:\/\/static.africa-press.net\/senegal\/sites\/13\/2024\/03\/sm_1710449311.127904.jpg","width":1298,"height":638,"caption":"Campagne e\u0301lectorale: Idrissa Seck promet de changer le visage de Mbour"},{"@type":"BreadcrumbList","@id":"https:\/\/www.africa-press.net\/senegal\/politique\/campagne-electorale-idrissa-seck-promet-de-changer-le-visage-de-mbour#breadcrumb","itemListElement":[{"@type":"ListItem","position":1,"name":"Accueil","item":"https:\/\/www.africa-press.net\/senegal\/"},{"@type":"ListItem","position":2,"name":"Campagne e\u0301lectorale: Idrissa Seck promet de changer le visage de Mbour"}]},{"@type":"WebSite","@id":"https:\/\/www.africa-press.net\/senegal\/#website","url":"https:\/\/www.africa-press.net\/senegal\/","name":"Africa Press | Senegal | Homepage","description":"Just another Africa News Agency Sites site","potentialAction":[{"@type":"SearchAction","target":{"@type":"EntryPoint","urlTemplate":"https:\/\/www.africa-press.net\/senegal\/?s={search_term_string}"},"query-input":{"@type":"PropertyValueSpecification","valueRequired":true,"valueName":"search_term_string"}}],"inLanguage":"fr-FR"},{"@type":"Person","@id":"https:\/\/www.africa-press.net\/senegal\/#\/schema\/person\/2b1cf3cd81a31e3cd26889ca66d677f1","name":"cfeditorfr","url":"https:\/\/www.africa-press.net\/senegal\/author\/cfeditorfr"}]}},"_links":{"self":[{"href":"https:\/\/www.africa-press.net\/senegal\/wp-json\/wp\/v2\/posts\/56851","targetHints":{"allow":["GET"]}}],"collection":[{"href":"https:\/\/www.africa-press.net\/senegal\/wp-json\/wp\/v2\/posts"}],"about":[{"href":"https:\/\/www.africa-press.net\/senegal\/wp-json\/wp\/v2\/types\/post"}],"author":[{"embeddable":true,"href":"https:\/\/www.africa-press.net\/senegal\/wp-json\/wp\/v2\/users\/82"}],"replies":[{"embeddable":true,"href":"https:\/\/www.africa-press.net\/senegal\/wp-json\/wp\/v2\/comments?post=56851"}],"version-history":[{"count":0,"href":"https:\/\/www.africa-press.net\/senegal\/wp-json\/wp\/v2\/posts\/56851\/revisions"}],"wp:featuredmedia":[{"embeddable":true,"href":"https:\/\/www.africa-press.net\/senegal\/wp-json\/wp\/v2\/media\/56850"}],"wp:attachment":[{"href":"https:\/\/www.africa-press.net\/senegal\/wp-json\/wp\/v2\/media?parent=56851"}],"wp:term":[{"taxonomy":"category","embeddable":true,"href":"https:\/\/www.africa-press.net\/senegal\/wp-json\/wp\/v2\/categories?post=56851"},{"taxonomy":"post_tag","embeddable":true,"href":"https:\/\/www.africa-press.net\/senegal\/wp-json\/wp\/v2\/tags?post=56851"}],"curies":[{"name":"wp","href":"https:\/\/api.w.org\/{rel}","templated":true}]}}