{"id":56854,"date":"2024-03-14T23:46:10","date_gmt":"2024-03-14T23:46:10","guid":{"rendered":"https:\/\/www.africa-press.net\/senegal\/politique\/aly-ngouille-ndiaye-et-serigne-seydina-issa-laye-pronent-la-paix-dans-nos-divergences-politiques"},"modified":"2024-03-15T01:20:01","modified_gmt":"2024-03-15T01:20:01","slug":"aly-ngouille-ndiaye-et-serigne-seydina-issa-laye-pronent-la-paix-dans-nos-divergences-politiques","status":"publish","type":"post","link":"https:\/\/www.africa-press.net\/senegal\/politique\/aly-ngouille-ndiaye-et-serigne-seydina-issa-laye-pronent-la-paix-dans-nos-divergences-politiques","title":{"rendered":"Aly Ngouille Ndiaye et Serigne Seydina Issa Laye pro\u0302nent la paix dans nos divergences politiques"},"content":{"rendered":"<p><span style=\"color: #ff6600\"><strong>Africa-Press &#8211; Senegal. <\/strong><\/span>Le candidat et maire de la commune de Lingue\u0300re a sillonne\u0301 ce jeudi la cite\u0301 religieuse de Cambe\u0301re\u0300ne.<\/p>\n<p>En effet, dans le cadre de la campagne e\u0301lectorale, il a effectue\u0301 une visite de courtoisie a\u0300 Serigne Seydina Issa Laye. Les deux hommes ont a\u0300 cet effet aborde\u0301 plusieurs sujets d\u2019ordre ge\u0301ne\u0301ral notamment la paix et la se\u0301curite\u0301 dans le pays.<\/p>\n<p>Profitant de l\u2019occasion, Aly Ngouille Ndiaye rassure le guide religieux par rapport a\u0300 la mendicite\u0301 des enfants qui bat son plein.<\/p>\n<p>Il promet de re\u0301soudre les proble\u0300mes auxquels sont confronte\u0301s les acteurs de la pe\u0302che dans les plus brefs de\u0301lais une fois qu\u2019il sera e\u0301lu a\u0300 la te\u0302te du Se\u0301ne\u0301gal.<\/p>\n<p>Content de ces engagements pris par le leader de la coalition Aly Ngouille Ndiaye 2024(CAN2024), Serigne Seydina Issa Laye affiche sa satisfaction et remercie l\u2019ancien ministre de l\u2019Inte\u0301rieur pour son engouement pour un Se\u0301ne\u0301gal meilleur.<\/p>\n<p>Ils appellent par ailleurs a\u0300 la paix dans nos divergences politiques.<\/p>\n<p><strong>Pour plus d&rsquo;informations et d&rsquo;analyses sur la <a href=\"https:\/\/www.africa-press.net\/senegal\">Senegal<\/a>, suivez <a href=\"https:\/\/www.africa-press.net\/\">Africa-Press<\/a><\/strong><\/p>\n","protected":false},"excerpt":{"rendered":"<p>Africa-Press &#8211; Senegal. Le candidat et maire de la commune de Lingue\u0300re a sillonne\u0301 ce jeudi la cite\u0301 religieuse de Cambe\u0301re\u0300ne. En effet, dans le cadre de la campagne e\u0301lectorale, il a effectue\u0301 une visite de courtoisie a\u0300 Serigne Seydina Issa Laye. Les deux hommes ont a\u0300 cet effet aborde\u0301 plusieurs sujets d\u2019ordre ge\u0301ne\u0301ral notamment [&hellip;]<\/p>\n","protected":false},"author":82,"featured_media":56853,"comment_status":"open","ping_status":"closed","sticky":false,"template":"","format":"standard","meta":{"footnotes":""},"categories":[2,10],"tags":[43,47,44],"class_list":["post-56854","post","type-post","status-publish","format-standard","has-post-thumbnail","hentry","category-politique","category-toutes-les-actualites","tag-africa-press-2","tag-africa-press-senegal","tag-senegal-2"],"yoast_head":"<!-- This site is optimized with the Yoast SEO Premium plugin v26.1 (Yoast SEO v27.0) - https:\/\/yoast.com\/product\/yoast-seo-premium-wordpress\/ -->\n<title>Aly Ngouille Ndiaye et Serigne Seydina Issa Laye pro\u0302nent la paix dans nos divergences politiques - Senegal<\/title>\n<meta name=\"description\" content=\"Le candidat et maire de la commune de Lingue\u0300re a sillonne\u0301 ce jeudi la cite\u0301 religieuse de Cambe\u0301re\u0300ne. En effet, dans ...\" \/>\n<meta name=\"robots\" content=\"index, follow, max-snippet:-1, max-image-preview:large, max-video-preview:-1\" \/>\n<link rel=\"canonical\" href=\"https:\/\/www.africa-press.net\/senegal\/politique\/aly-ngouille-ndiaye-et-serigne-seydina-issa-laye-pronent-la-paix-dans-nos-divergences-politiques\" \/>\n<meta property=\"og:locale\" content=\"fr_FR\" \/>\n<meta property=\"og:type\" content=\"article\" \/>\n<meta property=\"og:title\" content=\"Aly Ngouille Ndiaye et Serigne Seydina Issa Laye pro\u0302nent la paix dans nos divergences politiques\" \/>\n<meta property=\"og:description\" content=\"Le candidat et maire de la commune de Lingue\u0300re a sillonne\u0301 ce jeudi la cite\u0301 religieuse de Cambe\u0301re\u0300ne. En effet, dans ...\" \/>\n<meta property=\"og:url\" content=\"https:\/\/www.africa-press.net\/senegal\/politique\/aly-ngouille-ndiaye-et-serigne-seydina-issa-laye-pronent-la-paix-dans-nos-divergences-politiques\" \/>\n<meta property=\"og:site_name\" content=\"Senegal\" \/>\n<meta property=\"article:published_time\" content=\"2024-03-14T23:46:10+00:00\" \/>\n<meta property=\"article:modified_time\" content=\"2024-03-15T01:20:01+00:00\" \/>\n<meta property=\"og:image\" content=\"https:\/\/static.africa-press.net\/senegal\/sites\/13\/2024\/03\/sm_1710449335.547815.jpg\" \/>\n\t<meta property=\"og:image:width\" content=\"1285\" \/>\n\t<meta property=\"og:image:height\" content=\"634\" \/>\n\t<meta property=\"og:image:type\" content=\"image\/jpeg\" \/>\n<meta name=\"author\" content=\"cfeditorfr\" \/>\n<meta name=\"twitter:card\" content=\"summary_large_image\" \/>\n<meta name=\"twitter:label1\" content=\"\u00c9crit par\" \/>\n\t<meta name=\"twitter:data1\" content=\"cfeditorfr\" \/>\n\t<meta name=\"twitter:label2\" content=\"Dur\u00e9e de lecture estim\u00e9e\" \/>\n\t<meta name=\"twitter:data2\" content=\"1 minute\" \/>\n<script type=\"application\/ld+json\" class=\"yoast-schema-graph\">{\"@context\":\"https:\/\/schema.org\",\"@graph\":[{\"@type\":\"Article\",\"@id\":\"https:\/\/www.africa-press.net\/senegal\/politique\/aly-ngouille-ndiaye-et-serigne-seydina-issa-laye-pronent-la-paix-dans-nos-divergences-politiques#article\",\"isPartOf\":{\"@id\":\"https:\/\/www.africa-press.net\/senegal\/politique\/aly-ngouille-ndiaye-et-serigne-seydina-issa-laye-pronent-la-paix-dans-nos-divergences-politiques\"},\"author\":{\"name\":\"cfeditorfr\",\"@id\":\"https:\/\/www.africa-press.net\/senegal\/#\/schema\/person\/2b1cf3cd81a31e3cd26889ca66d677f1\"},\"headline\":\"Aly Ngouille Ndiaye et Serigne Seydina Issa Laye pro\u0302nent la paix dans nos divergences politiques\",\"datePublished\":\"2024-03-14T23:46:10+00:00\",\"dateModified\":\"2024-03-15T01:20:01+00:00\",\"mainEntityOfPage\":{\"@id\":\"https:\/\/www.africa-press.net\/senegal\/politique\/aly-ngouille-ndiaye-et-serigne-seydina-issa-laye-pronent-la-paix-dans-nos-divergences-politiques\"},\"wordCount\":211,\"commentCount\":0,\"image\":{\"@id\":\"https:\/\/www.africa-press.net\/senegal\/politique\/aly-ngouille-ndiaye-et-serigne-seydina-issa-laye-pronent-la-paix-dans-nos-divergences-politiques#primaryimage\"},\"thumbnailUrl\":\"https:\/\/static.africa-press.net\/senegal\/sites\/13\/2024\/03\/sm_1710449335.547815.jpg\",\"keywords\":[\"Africa Press\",\"Africa Press-Senegal\",\"Senegal\"],\"articleSection\":[\"Politique\",\"Toutes les actualit\u00e9s\"],\"inLanguage\":\"fr-FR\",\"potentialAction\":[{\"@type\":\"CommentAction\",\"name\":\"Comment\",\"target\":[\"https:\/\/www.africa-press.net\/senegal\/politique\/aly-ngouille-ndiaye-et-serigne-seydina-issa-laye-pronent-la-paix-dans-nos-divergences-politiques#respond\"]}]},{\"@type\":\"WebPage\",\"@id\":\"https:\/\/www.africa-press.net\/senegal\/politique\/aly-ngouille-ndiaye-et-serigne-seydina-issa-laye-pronent-la-paix-dans-nos-divergences-politiques\",\"url\":\"https:\/\/www.africa-press.net\/senegal\/politique\/aly-ngouille-ndiaye-et-serigne-seydina-issa-laye-pronent-la-paix-dans-nos-divergences-politiques\",\"name\":\"Aly Ngouille Ndiaye et Serigne Seydina Issa Laye pro\u0302nent la paix dans nos divergences politiques - Senegal\",\"isPartOf\":{\"@id\":\"https:\/\/www.africa-press.net\/senegal\/#website\"},\"primaryImageOfPage\":{\"@id\":\"https:\/\/www.africa-press.net\/senegal\/politique\/aly-ngouille-ndiaye-et-serigne-seydina-issa-laye-pronent-la-paix-dans-nos-divergences-politiques#primaryimage\"},\"image\":{\"@id\":\"https:\/\/www.africa-press.net\/senegal\/politique\/aly-ngouille-ndiaye-et-serigne-seydina-issa-laye-pronent-la-paix-dans-nos-divergences-politiques#primaryimage\"},\"thumbnailUrl\":\"https:\/\/static.africa-press.net\/senegal\/sites\/13\/2024\/03\/sm_1710449335.547815.jpg\",\"datePublished\":\"2024-03-14T23:46:10+00:00\",\"dateModified\":\"2024-03-15T01:20:01+00:00\",\"author\":{\"@id\":\"https:\/\/www.africa-press.net\/senegal\/#\/schema\/person\/2b1cf3cd81a31e3cd26889ca66d677f1\"},\"description\":\"Le candidat et maire de la commune de Lingue\u0300re a sillonne\u0301 ce jeudi la cite\u0301 religieuse de Cambe\u0301re\u0300ne. En effet, dans ...\",\"breadcrumb\":{\"@id\":\"https:\/\/www.africa-press.net\/senegal\/politique\/aly-ngouille-ndiaye-et-serigne-seydina-issa-laye-pronent-la-paix-dans-nos-divergences-politiques#breadcrumb\"},\"inLanguage\":\"fr-FR\",\"potentialAction\":[{\"@type\":\"ReadAction\",\"target\":[\"https:\/\/www.africa-press.net\/senegal\/politique\/aly-ngouille-ndiaye-et-serigne-seydina-issa-laye-pronent-la-paix-dans-nos-divergences-politiques\"]}]},{\"@type\":\"ImageObject\",\"inLanguage\":\"fr-FR\",\"@id\":\"https:\/\/www.africa-press.net\/senegal\/politique\/aly-ngouille-ndiaye-et-serigne-seydina-issa-laye-pronent-la-paix-dans-nos-divergences-politiques#primaryimage\",\"url\":\"https:\/\/static.africa-press.net\/senegal\/sites\/13\/2024\/03\/sm_1710449335.547815.jpg\",\"contentUrl\":\"https:\/\/static.africa-press.net\/senegal\/sites\/13\/2024\/03\/sm_1710449335.547815.jpg\",\"width\":1285,\"height\":634,\"caption\":\"Aly Ngouille Ndiaye et Serigne Seydina Issa Laye pro\u0302nent la paix dans nos divergences politiques\"},{\"@type\":\"BreadcrumbList\",\"@id\":\"https:\/\/www.africa-press.net\/senegal\/politique\/aly-ngouille-ndiaye-et-serigne-seydina-issa-laye-pronent-la-paix-dans-nos-divergences-politiques#breadcrumb\",\"itemListElement\":[{\"@type\":\"ListItem\",\"position\":1,\"name\":\"Accueil\",\"item\":\"https:\/\/www.africa-press.net\/senegal\/\"},{\"@type\":\"ListItem\",\"position\":2,\"name\":\"Aly Ngouille Ndiaye et Serigne Seydina Issa Laye pro\u0302nent la paix dans nos divergences politiques\"}]},{\"@type\":\"WebSite\",\"@id\":\"https:\/\/www.africa-press.net\/senegal\/#website\",\"url\":\"https:\/\/www.africa-press.net\/senegal\/\",\"name\":\"Africa Press | Senegal | Homepage\",\"description\":\"Just another Africa News Agency Sites site\",\"potentialAction\":[{\"@type\":\"SearchAction\",\"target\":{\"@type\":\"EntryPoint\",\"urlTemplate\":\"https:\/\/www.africa-press.net\/senegal\/?s={search_term_string}\"},\"query-input\":{\"@type\":\"PropertyValueSpecification\",\"valueRequired\":true,\"valueName\":\"search_term_string\"}}],\"inLanguage\":\"fr-FR\"},{\"@type\":\"Person\",\"@id\":\"https:\/\/www.africa-press.net\/senegal\/#\/schema\/person\/2b1cf3cd81a31e3cd26889ca66d677f1\",\"name\":\"cfeditorfr\",\"url\":\"https:\/\/www.africa-press.net\/senegal\/author\/cfeditorfr\"}]}<\/script>\n<!-- \/ Yoast SEO Premium plugin. -->","yoast_head_json":{"title":"Aly Ngouille Ndiaye et Serigne Seydina Issa Laye pro\u0302nent la paix dans nos divergences politiques - Senegal","description":"Le candidat et maire de la commune de Lingue\u0300re a sillonne\u0301 ce jeudi la cite\u0301 religieuse de Cambe\u0301re\u0300ne. En effet, dans ...","robots":{"index":"index","follow":"follow","max-snippet":"max-snippet:-1","max-image-preview":"max-image-preview:large","max-video-preview":"max-video-preview:-1"},"canonical":"https:\/\/www.africa-press.net\/senegal\/politique\/aly-ngouille-ndiaye-et-serigne-seydina-issa-laye-pronent-la-paix-dans-nos-divergences-politiques","og_locale":"fr_FR","og_type":"article","og_title":"Aly Ngouille Ndiaye et Serigne Seydina Issa Laye pro\u0302nent la paix dans nos divergences politiques","og_description":"Le candidat et maire de la commune de Lingue\u0300re a sillonne\u0301 ce jeudi la cite\u0301 religieuse de Cambe\u0301re\u0300ne. En effet, dans ...","og_url":"https:\/\/www.africa-press.net\/senegal\/politique\/aly-ngouille-ndiaye-et-serigne-seydina-issa-laye-pronent-la-paix-dans-nos-divergences-politiques","og_site_name":"Senegal","article_published_time":"2024-03-14T23:46:10+00:00","article_modified_time":"2024-03-15T01:20:01+00:00","og_image":[{"width":1285,"height":634,"url":"https:\/\/static.africa-press.net\/senegal\/sites\/13\/2024\/03\/sm_1710449335.547815.jpg","type":"image\/jpeg"}],"author":"cfeditorfr","twitter_card":"summary_large_image","twitter_misc":{"\u00c9crit par":"cfeditorfr","Dur\u00e9e de lecture estim\u00e9e":"1 minute"},"schema":{"@context":"https:\/\/schema.org","@graph":[{"@type":"Article","@id":"https:\/\/www.africa-press.net\/senegal\/politique\/aly-ngouille-ndiaye-et-serigne-seydina-issa-laye-pronent-la-paix-dans-nos-divergences-politiques#article","isPartOf":{"@id":"https:\/\/www.africa-press.net\/senegal\/politique\/aly-ngouille-ndiaye-et-serigne-seydina-issa-laye-pronent-la-paix-dans-nos-divergences-politiques"},"author":{"name":"cfeditorfr","@id":"https:\/\/www.africa-press.net\/senegal\/#\/schema\/person\/2b1cf3cd81a31e3cd26889ca66d677f1"},"headline":"Aly Ngouille Ndiaye et Serigne Seydina Issa Laye pro\u0302nent la paix dans nos divergences politiques","datePublished":"2024-03-14T23:46:10+00:00","dateModified":"2024-03-15T01:20:01+00:00","mainEntityOfPage":{"@id":"https:\/\/www.africa-press.net\/senegal\/politique\/aly-ngouille-ndiaye-et-serigne-seydina-issa-laye-pronent-la-paix-dans-nos-divergences-politiques"},"wordCount":211,"commentCount":0,"image":{"@id":"https:\/\/www.africa-press.net\/senegal\/politique\/aly-ngouille-ndiaye-et-serigne-seydina-issa-laye-pronent-la-paix-dans-nos-divergences-politiques#primaryimage"},"thumbnailUrl":"https:\/\/static.africa-press.net\/senegal\/sites\/13\/2024\/03\/sm_1710449335.547815.jpg","keywords":["Africa Press","Africa Press-Senegal","Senegal"],"articleSection":["Politique","Toutes les actualit\u00e9s"],"inLanguage":"fr-FR","potentialAction":[{"@type":"CommentAction","name":"Comment","target":["https:\/\/www.africa-press.net\/senegal\/politique\/aly-ngouille-ndiaye-et-serigne-seydina-issa-laye-pronent-la-paix-dans-nos-divergences-politiques#respond"]}]},{"@type":"WebPage","@id":"https:\/\/www.africa-press.net\/senegal\/politique\/aly-ngouille-ndiaye-et-serigne-seydina-issa-laye-pronent-la-paix-dans-nos-divergences-politiques","url":"https:\/\/www.africa-press.net\/senegal\/politique\/aly-ngouille-ndiaye-et-serigne-seydina-issa-laye-pronent-la-paix-dans-nos-divergences-politiques","name":"Aly Ngouille Ndiaye et Serigne Seydina Issa Laye pro\u0302nent la paix dans nos divergences politiques - Senegal","isPartOf":{"@id":"https:\/\/www.africa-press.net\/senegal\/#website"},"primaryImageOfPage":{"@id":"https:\/\/www.africa-press.net\/senegal\/politique\/aly-ngouille-ndiaye-et-serigne-seydina-issa-laye-pronent-la-paix-dans-nos-divergences-politiques#primaryimage"},"image":{"@id":"https:\/\/www.africa-press.net\/senegal\/politique\/aly-ngouille-ndiaye-et-serigne-seydina-issa-laye-pronent-la-paix-dans-nos-divergences-politiques#primaryimage"},"thumbnailUrl":"https:\/\/static.africa-press.net\/senegal\/sites\/13\/2024\/03\/sm_1710449335.547815.jpg","datePublished":"2024-03-14T23:46:10+00:00","dateModified":"2024-03-15T01:20:01+00:00","author":{"@id":"https:\/\/www.africa-press.net\/senegal\/#\/schema\/person\/2b1cf3cd81a31e3cd26889ca66d677f1"},"description":"Le candidat et maire de la commune de Lingue\u0300re a sillonne\u0301 ce jeudi la cite\u0301 religieuse de Cambe\u0301re\u0300ne. En effet, dans ...","breadcrumb":{"@id":"https:\/\/www.africa-press.net\/senegal\/politique\/aly-ngouille-ndiaye-et-serigne-seydina-issa-laye-pronent-la-paix-dans-nos-divergences-politiques#breadcrumb"},"inLanguage":"fr-FR","potentialAction":[{"@type":"ReadAction","target":["https:\/\/www.africa-press.net\/senegal\/politique\/aly-ngouille-ndiaye-et-serigne-seydina-issa-laye-pronent-la-paix-dans-nos-divergences-politiques"]}]},{"@type":"ImageObject","inLanguage":"fr-FR","@id":"https:\/\/www.africa-press.net\/senegal\/politique\/aly-ngouille-ndiaye-et-serigne-seydina-issa-laye-pronent-la-paix-dans-nos-divergences-politiques#primaryimage","url":"https:\/\/static.africa-press.net\/senegal\/sites\/13\/2024\/03\/sm_1710449335.547815.jpg","contentUrl":"https:\/\/static.africa-press.net\/senegal\/sites\/13\/2024\/03\/sm_1710449335.547815.jpg","width":1285,"height":634,"caption":"Aly Ngouille Ndiaye et Serigne Seydina Issa Laye pro\u0302nent la paix dans nos divergences politiques"},{"@type":"BreadcrumbList","@id":"https:\/\/www.africa-press.net\/senegal\/politique\/aly-ngouille-ndiaye-et-serigne-seydina-issa-laye-pronent-la-paix-dans-nos-divergences-politiques#breadcrumb","itemListElement":[{"@type":"ListItem","position":1,"name":"Accueil","item":"https:\/\/www.africa-press.net\/senegal\/"},{"@type":"ListItem","position":2,"name":"Aly Ngouille Ndiaye et Serigne Seydina Issa Laye pro\u0302nent la paix dans nos divergences politiques"}]},{"@type":"WebSite","@id":"https:\/\/www.africa-press.net\/senegal\/#website","url":"https:\/\/www.africa-press.net\/senegal\/","name":"Africa Press | Senegal | Homepage","description":"Just another Africa News Agency Sites site","potentialAction":[{"@type":"SearchAction","target":{"@type":"EntryPoint","urlTemplate":"https:\/\/www.africa-press.net\/senegal\/?s={search_term_string}"},"query-input":{"@type":"PropertyValueSpecification","valueRequired":true,"valueName":"search_term_string"}}],"inLanguage":"fr-FR"},{"@type":"Person","@id":"https:\/\/www.africa-press.net\/senegal\/#\/schema\/person\/2b1cf3cd81a31e3cd26889ca66d677f1","name":"cfeditorfr","url":"https:\/\/www.africa-press.net\/senegal\/author\/cfeditorfr"}]}},"_links":{"self":[{"href":"https:\/\/www.africa-press.net\/senegal\/wp-json\/wp\/v2\/posts\/56854","targetHints":{"allow":["GET"]}}],"collection":[{"href":"https:\/\/www.africa-press.net\/senegal\/wp-json\/wp\/v2\/posts"}],"about":[{"href":"https:\/\/www.africa-press.net\/senegal\/wp-json\/wp\/v2\/types\/post"}],"author":[{"embeddable":true,"href":"https:\/\/www.africa-press.net\/senegal\/wp-json\/wp\/v2\/users\/82"}],"replies":[{"embeddable":true,"href":"https:\/\/www.africa-press.net\/senegal\/wp-json\/wp\/v2\/comments?post=56854"}],"version-history":[{"count":0,"href":"https:\/\/www.africa-press.net\/senegal\/wp-json\/wp\/v2\/posts\/56854\/revisions"}],"wp:featuredmedia":[{"embeddable":true,"href":"https:\/\/www.africa-press.net\/senegal\/wp-json\/wp\/v2\/media\/56853"}],"wp:attachment":[{"href":"https:\/\/www.africa-press.net\/senegal\/wp-json\/wp\/v2\/media?parent=56854"}],"wp:term":[{"taxonomy":"category","embeddable":true,"href":"https:\/\/www.africa-press.net\/senegal\/wp-json\/wp\/v2\/categories?post=56854"},{"taxonomy":"post_tag","embeddable":true,"href":"https:\/\/www.africa-press.net\/senegal\/wp-json\/wp\/v2\/tags?post=56854"}],"curies":[{"name":"wp","href":"https:\/\/api.w.org\/{rel}","templated":true}]}}