{"id":56869,"date":"2024-03-14T23:47:15","date_gmt":"2024-03-14T23:47:15","guid":{"rendered":"https:\/\/www.africa-press.net\/senegal\/politique\/campagne-electorale-a-mbao-abdou-karim-sall-annonce-une-victoire-de-amadou-ba-des-le-1er-tour"},"modified":"2024-03-15T01:22:06","modified_gmt":"2024-03-15T01:22:06","slug":"campagne-electorale-a-mbao-abdou-karim-sall-annonce-une-victoire-de-amadou-ba-des-le-1er-tour","status":"publish","type":"post","link":"https:\/\/www.africa-press.net\/senegal\/politique\/campagne-electorale-a-mbao-abdou-karim-sall-annonce-une-victoire-de-amadou-ba-des-le-1er-tour","title":{"rendered":"Campagne e\u0301lectorale a\u0300 Mbao: Abdou Karim Sall annonce une victoire de Amadou BA de\u0300s le 1er tour"},"content":{"rendered":"<p><span style=\"color: #ff6600\"><strong>Africa-Press &#8211; Senegal. <\/strong><\/span>Apre\u0300s la caravane re\u0301ussie du 2e\u0300me jour de la campagne, suivie de la visite de proximite\u0301 a\u0300 travers les rues et ruelles du quartier traditionnel de Grand Mbao, Abdou Karim Sall et ses inconditionnels, de\u0301ja\u0300 de plain-pied dans la pe\u0301riode active de propagande e\u0301lectorale, ont investi les coins et les recoins de Petit-Mbao ce mercredi 13 mars 2024. En ce 5e\u0300me jour de la campagne e\u0301lectorale pour la pre\u0301sidentielle du 24 mars prochain, la caravane marron beige de BBY Mbao est alle\u0301e a\u0300 la rencontre des populations de cette partie de la commune. Il y e\u0301tait avec ses troupes pour solliciter le suffrage de ces dernie\u0300res au nom du candidat de la coalition au pouvoir en la personne de Amadou Ba.<\/p>\n<p>Partout ou\u0300 il est passe\u0301, le Maire de Mbao et non moins coordonnateur de BBY de la commune a attire\u0301 l\u2019attention de ses administre\u0301s sur l\u2019importance d\u2019une e\u0301lection pre\u0301sidentielle dans un pays. \u00ab On va vers une e\u0301lection pre\u0301sidentielle, et vous le savez, un scrutin du genre n\u2019est pas un jeu d\u2019enfant. C\u2019est l\u2019avenir de toute une nation qui est en jeu \u00bb, insiste le triple \u00ab Barodi \u00bb (lion) de Mbao, Orkadie\u0301re\u0301 et Diaspora.<\/p>\n<p>Ce dernier, tre\u0300s confiant du reste, a demande\u0301 a\u0300 tous les e\u0301lecteurs de Petit-Mbao de voter utile, voter pour la bonne cause, la continuite\u0301 et l\u2019e\u0301mergence. \u00ab Je sollicite vos suffrages parce qu\u2019on doit e\u0301lire de\u0300s le 1er tour notre candidat, Amadou BA, l\u2019unique et le seul de notre grande coalition, 5e\u0300me Pre\u0301sident de la Re\u0301publique du Se\u0301ne\u0301gal \u00bb, a dit M. Abdou Karim Sall. \u00ab Victoire de\u0300s le 1er tour avec 54%, 53 ou me\u0302me 52,5% \u00bb, pre\u0301dit le responsable de l\u2019APR Mbao sous les ovations d\u2019une foule surexcite\u0301e et scandant des cris de \u00ab 1er tour&#8230;, 1er tour&#8230;, 1er tour&#8230; \u00bb.<\/p>\n<p>La sollicitation de Abdou Karim Sall n\u2019est pas entre\u0301e dans l\u2019oreille d\u2019un sourd. Le message du leader politique est bien passe\u0301. \u00ab On est tous derrie\u0300re Amadou Ba\u0302, et comme l\u2019a si bien clame\u0301 haut et fort M. le Maire, on va e\u0301lire notre candidat, candidat de l\u2019espoir de\u0300s le 1er tour \u00bb, rassure un notable, pe\u0302cheur de son e\u0301tat, au niveau de notre premier point de chute a\u0300 Petit-Mbao. Abdou Karim Sall fait partie des gros bonnets de l\u2019APR qui, depuis des mois, mouille le maillot au quotidien pour mate\u0301rialiser le choix fait par le Pre\u0301sident Macky Sall sur la personne de son ancien Premier Ministre Amadou Ba.<\/p>\n<p>Le ple\u0301nipotentiaire de BBY dans l\u2019arrondissement de Thiaroye qui n\u2019a d\u2019yeux maintenant que pour l\u2019e\u0301lection de Amadou Ba appelle a\u0300 l\u2019union sacre\u0301e autour du candidat du Pre\u0301sident, non sans demander aux responsables de la grande coalition pre\u0301sidentielle de tous descendre sur le terrain pour e\u0301clatante victoire au soir du 24 mars prochain. Apre\u0300s les visites de proximite\u0301 a\u0300 Petit-Mbao, la caravane de Abdou Karim Sall s\u2019est e\u0301branle\u0301e vers Sicap Mbao pour la me\u0302me mission, le me\u0302me objectif, le me\u0302me discours de propagande.<\/p>\n<p>Sur place, il a e\u0301te\u0301 accueilli en grande pompe par son camarade de parti ex-maire de cette commune Ndoffe\u0301ne Fall. Ce jeudi, un autre jour de campagne, de nouvelles localite\u0301s pour d\u2019autres visites de proximite\u0301 sur le chemin de la pre\u0301sidentielle a\u0300 venir. Un scrutin qui, selon Abdou Karim Sall, va de\u0301finitivement consacrer l\u2019e\u0301lection de Amadou Ba comme digne successeur du Pre\u0301sident Macky Sall.<\/p>\n\r\n                <style type=\"text\/css\">\r\n                    \r\n                    #td_uid_1_69f0546379674  .td-doubleSlider-2 .td-item1 {\r\n                        background: url(https:\/\/static.africa-press.net\/senegal\/sites\/13\/2024\/03\/sm_1710449357.721353-80x60.jpg) 0 0 no-repeat;\r\n                    }\r\n                    #td_uid_1_69f0546379674  .td-doubleSlider-2 .td-item2 {\r\n                        background: url(https:\/\/static.africa-press.net\/senegal\/sites\/13\/2024\/03\/sm_1710449375.948737-80x60.jpg) 0 0 no-repeat;\r\n                    }\r\n                    #td_uid_1_69f0546379674  .td-doubleSlider-2 .td-item3 {\r\n                        background: url(https:\/\/static.africa-press.net\/senegal\/sites\/13\/2024\/03\/sm_1710449388.008666-80x60.jpg) 0 0 no-repeat;\r\n                    }\r\n                    #td_uid_1_69f0546379674  .td-doubleSlider-2 .td-item4 {\r\n                        background: url(https:\/\/static.africa-press.net\/senegal\/sites\/13\/2024\/03\/sm_1710449404.631941-80x60.jpg) 0 0 no-repeat;\r\n                    }\r\n                    #td_uid_1_69f0546379674  .td-doubleSlider-2 .td-item5 {\r\n                        background: url(https:\/\/static.africa-press.net\/senegal\/sites\/13\/2024\/03\/sm_1710449413.576373-80x60.jpg) 0 0 no-repeat;\r\n                    }\r\n                    #td_uid_1_69f0546379674  .td-doubleSlider-2 .td-item6 {\r\n                        background: url(https:\/\/static.africa-press.net\/senegal\/sites\/13\/2024\/03\/sm_1710449423.374648-80x60.jpg) 0 0 no-repeat;\r\n                    }\r\n                    #td_uid_1_69f0546379674  .td-doubleSlider-2 .td-item7 {\r\n                        background: url(https:\/\/static.africa-press.net\/senegal\/sites\/13\/2024\/03\/sm_1710449433.190833-80x60.jpg) 0 0 no-repeat;\r\n                    }\r\n                    #td_uid_1_69f0546379674  .td-doubleSlider-2 .td-item8 {\r\n                        background: url(https:\/\/static.africa-press.net\/senegal\/sites\/13\/2024\/03\/sm_1710449446.329339-80x60.jpg) 0 0 no-repeat;\r\n                    }\r\n                    #td_uid_1_69f0546379674  .td-doubleSlider-2 .td-item9 {\r\n                        background: url(https:\/\/static.africa-press.net\/senegal\/sites\/13\/2024\/03\/sm_1710449456.719545-80x60.jpg) 0 0 no-repeat;\r\n                    }\r\n                    #td_uid_1_69f0546379674  .td-doubleSlider-2 .td-item10 {\r\n                        background: url(https:\/\/static.africa-press.net\/senegal\/sites\/13\/2024\/03\/sm_1710449470.424339-80x60.jpg) 0 0 no-repeat;\r\n                    }\r\n                    #td_uid_1_69f0546379674  .td-doubleSlider-2 .td-item11 {\r\n                        background: url(https:\/\/static.africa-press.net\/senegal\/sites\/13\/2024\/03\/sm_1710449483.531572-80x60.jpg) 0 0 no-repeat;\r\n                    }\r\n                <\/style>\r\n\r\n                <div id=\"td_uid_1_69f0546379674\" class=\"td-gallery td-slide-on-2-columns\">\r\n                    <div class=\"post_td_gallery\">\r\n                        <div class=\"td-gallery-slide-top\">\r\n                           <div class=\"td-gallery-title\"><\/div>\r\n\r\n                            <div class=\"td-gallery-controls-wrapper\">\r\n                                <div class=\"td-gallery-slide-count\"><span class=\"td-gallery-slide-item-focus\">1<\/span> de 11<\/div>\r\n                                <div class=\"td-gallery-slide-prev-next-but\">\r\n                                    <i class = \"td-icon-left doubleSliderPrevButton\"><\/i>\r\n                                    <i class = \"td-icon-right doubleSliderNextButton\"><\/i>\r\n                                <\/div>\r\n                            <\/div>\r\n                        <\/div>\r\n\r\n                        <div class = \"td-doubleSlider-1 \">\r\n                            <div class = \"td-slider\">\r\n                                \r\n                    <div class = \"td-slide-item td-item1\">\r\n                        <figure class=\"td-slide-galery-figure td-slide-popup-gallery\">\r\n                            <a class=\"slide-gallery-image-link\" href=\"https:\/\/static.africa-press.net\/senegal\/sites\/13\/2024\/03\/sm_1710449357.721353.jpg\" title=\"sm_1710449357.721353\"  data-caption=\"\"  data-description=\"\">\r\n                                <img decoding=\"async\" src=\"https:\/\/static.africa-press.net\/senegal\/sites\/13\/2024\/03\/sm_1710449357.721353.jpg\" srcset=\"https:\/\/static.africa-press.net\/senegal\/sites\/13\/2024\/03\/sm_1710449357.721353.jpg 1080w, https:\/\/static.africa-press.net\/senegal\/sites\/13\/2024\/03\/sm_1710449357.721353-300x225.jpg 300w, https:\/\/static.africa-press.net\/senegal\/sites\/13\/2024\/03\/sm_1710449357.721353-1024x768.jpg 1024w, https:\/\/static.africa-press.net\/senegal\/sites\/13\/2024\/03\/sm_1710449357.721353-768x576.jpg 768w, https:\/\/static.africa-press.net\/senegal\/sites\/13\/2024\/03\/sm_1710449357.721353-80x60.jpg 80w\" sizes=\"(max-width: 1080px) 100vw, 1080px\" alt=\"\">\r\n                            <\/a>\r\n                            \r\n                        <\/figure>\r\n                    <\/div>\r\n                    <div class = \"td-slide-item td-item2\">\r\n                        <figure class=\"td-slide-galery-figure td-slide-popup-gallery\">\r\n                            <a class=\"slide-gallery-image-link\" href=\"https:\/\/static.africa-press.net\/senegal\/sites\/13\/2024\/03\/sm_1710449375.948737.jpg\" title=\"sm_1710449375.948737\"  data-caption=\"\"  data-description=\"\">\r\n                                <img decoding=\"async\" src=\"https:\/\/static.africa-press.net\/senegal\/sites\/13\/2024\/03\/sm_1710449375.948737.jpg\" srcset=\"https:\/\/static.africa-press.net\/senegal\/sites\/13\/2024\/03\/sm_1710449375.948737.jpg 1080w, https:\/\/static.africa-press.net\/senegal\/sites\/13\/2024\/03\/sm_1710449375.948737-300x225.jpg 300w, https:\/\/static.africa-press.net\/senegal\/sites\/13\/2024\/03\/sm_1710449375.948737-1024x768.jpg 1024w, https:\/\/static.africa-press.net\/senegal\/sites\/13\/2024\/03\/sm_1710449375.948737-768x576.jpg 768w, https:\/\/static.africa-press.net\/senegal\/sites\/13\/2024\/03\/sm_1710449375.948737-80x60.jpg 80w\" sizes=\"(max-width: 1080px) 100vw, 1080px\" alt=\"\">\r\n                            <\/a>\r\n                            \r\n                        <\/figure>\r\n                    <\/div>\r\n                    <div class = \"td-slide-item td-item3\">\r\n                        <figure class=\"td-slide-galery-figure td-slide-popup-gallery\">\r\n                            <a class=\"slide-gallery-image-link\" href=\"https:\/\/static.africa-press.net\/senegal\/sites\/13\/2024\/03\/sm_1710449388.008666.jpg\" title=\"sm_1710449388.008666\"  data-caption=\"\"  data-description=\"\">\r\n                                <img decoding=\"async\" src=\"https:\/\/static.africa-press.net\/senegal\/sites\/13\/2024\/03\/sm_1710449388.008666.jpg\" srcset=\"https:\/\/static.africa-press.net\/senegal\/sites\/13\/2024\/03\/sm_1710449388.008666.jpg 1080w, https:\/\/static.africa-press.net\/senegal\/sites\/13\/2024\/03\/sm_1710449388.008666-300x225.jpg 300w, https:\/\/static.africa-press.net\/senegal\/sites\/13\/2024\/03\/sm_1710449388.008666-1024x768.jpg 1024w, https:\/\/static.africa-press.net\/senegal\/sites\/13\/2024\/03\/sm_1710449388.008666-768x576.jpg 768w, https:\/\/static.africa-press.net\/senegal\/sites\/13\/2024\/03\/sm_1710449388.008666-80x60.jpg 80w\" sizes=\"(max-width: 1080px) 100vw, 1080px\" alt=\"\">\r\n                            <\/a>\r\n                            \r\n                        <\/figure>\r\n                    <\/div>\r\n                    <div class = \"td-slide-item td-item4\">\r\n                        <figure class=\"td-slide-galery-figure td-slide-popup-gallery\">\r\n                            <a class=\"slide-gallery-image-link\" href=\"https:\/\/static.africa-press.net\/senegal\/sites\/13\/2024\/03\/sm_1710449404.631941.jpg\" title=\"sm_1710449404.631941\"  data-caption=\"\"  data-description=\"\">\r\n                                <img decoding=\"async\" src=\"https:\/\/static.africa-press.net\/senegal\/sites\/13\/2024\/03\/sm_1710449404.631941.jpg\" srcset=\"https:\/\/static.africa-press.net\/senegal\/sites\/13\/2024\/03\/sm_1710449404.631941.jpg 1080w, https:\/\/static.africa-press.net\/senegal\/sites\/13\/2024\/03\/sm_1710449404.631941-300x225.jpg 300w, https:\/\/static.africa-press.net\/senegal\/sites\/13\/2024\/03\/sm_1710449404.631941-1024x768.jpg 1024w, https:\/\/static.africa-press.net\/senegal\/sites\/13\/2024\/03\/sm_1710449404.631941-768x576.jpg 768w, https:\/\/static.africa-press.net\/senegal\/sites\/13\/2024\/03\/sm_1710449404.631941-80x60.jpg 80w\" sizes=\"(max-width: 1080px) 100vw, 1080px\" alt=\"\">\r\n                            <\/a>\r\n                            \r\n                        <\/figure>\r\n                    <\/div>\r\n                    <div class = \"td-slide-item td-item5\">\r\n                        <figure class=\"td-slide-galery-figure td-slide-popup-gallery\">\r\n                            <a class=\"slide-gallery-image-link\" href=\"https:\/\/static.africa-press.net\/senegal\/sites\/13\/2024\/03\/sm_1710449413.576373.jpg\" title=\"sm_1710449413.576373\"  data-caption=\"\"  data-description=\"\">\r\n                                <img decoding=\"async\" src=\"https:\/\/static.africa-press.net\/senegal\/sites\/13\/2024\/03\/sm_1710449413.576373.jpg\" srcset=\"https:\/\/static.africa-press.net\/senegal\/sites\/13\/2024\/03\/sm_1710449413.576373.jpg 1080w, https:\/\/static.africa-press.net\/senegal\/sites\/13\/2024\/03\/sm_1710449413.576373-300x225.jpg 300w, https:\/\/static.africa-press.net\/senegal\/sites\/13\/2024\/03\/sm_1710449413.576373-1024x768.jpg 1024w, https:\/\/static.africa-press.net\/senegal\/sites\/13\/2024\/03\/sm_1710449413.576373-768x576.jpg 768w, https:\/\/static.africa-press.net\/senegal\/sites\/13\/2024\/03\/sm_1710449413.576373-80x60.jpg 80w\" sizes=\"(max-width: 1080px) 100vw, 1080px\" alt=\"\">\r\n                            <\/a>\r\n                            \r\n                        <\/figure>\r\n                    <\/div>\r\n                    <div class = \"td-slide-item td-item6\">\r\n                        <figure class=\"td-slide-galery-figure td-slide-popup-gallery\">\r\n                            <a class=\"slide-gallery-image-link\" href=\"https:\/\/static.africa-press.net\/senegal\/sites\/13\/2024\/03\/sm_1710449423.374648.jpg\" title=\"sm_1710449423.374648\"  data-caption=\"\"  data-description=\"\">\r\n                                <img decoding=\"async\" src=\"https:\/\/static.africa-press.net\/senegal\/sites\/13\/2024\/03\/sm_1710449423.374648.jpg\" srcset=\"https:\/\/static.africa-press.net\/senegal\/sites\/13\/2024\/03\/sm_1710449423.374648.jpg 1080w, https:\/\/static.africa-press.net\/senegal\/sites\/13\/2024\/03\/sm_1710449423.374648-300x225.jpg 300w, https:\/\/static.africa-press.net\/senegal\/sites\/13\/2024\/03\/sm_1710449423.374648-1024x768.jpg 1024w, https:\/\/static.africa-press.net\/senegal\/sites\/13\/2024\/03\/sm_1710449423.374648-768x576.jpg 768w, https:\/\/static.africa-press.net\/senegal\/sites\/13\/2024\/03\/sm_1710449423.374648-80x60.jpg 80w\" sizes=\"(max-width: 1080px) 100vw, 1080px\" alt=\"\">\r\n                            <\/a>\r\n                            \r\n                        <\/figure>\r\n                    <\/div>\r\n                    <div class = \"td-slide-item td-item7\">\r\n                        <figure class=\"td-slide-galery-figure td-slide-popup-gallery\">\r\n                            <a class=\"slide-gallery-image-link\" href=\"https:\/\/static.africa-press.net\/senegal\/sites\/13\/2024\/03\/sm_1710449433.190833.jpg\" title=\"sm_1710449433.190833\"  data-caption=\"\"  data-description=\"\">\r\n                                <img decoding=\"async\" src=\"https:\/\/static.africa-press.net\/senegal\/sites\/13\/2024\/03\/sm_1710449433.190833.jpg\" srcset=\"https:\/\/static.africa-press.net\/senegal\/sites\/13\/2024\/03\/sm_1710449433.190833.jpg 1080w, https:\/\/static.africa-press.net\/senegal\/sites\/13\/2024\/03\/sm_1710449433.190833-300x253.jpg 300w, https:\/\/static.africa-press.net\/senegal\/sites\/13\/2024\/03\/sm_1710449433.190833-1024x863.jpg 1024w, https:\/\/static.africa-press.net\/senegal\/sites\/13\/2024\/03\/sm_1710449433.190833-768x647.jpg 768w\" sizes=\"(max-width: 1080px) 100vw, 1080px\" alt=\"\">\r\n                            <\/a>\r\n                            \r\n                        <\/figure>\r\n                    <\/div>\r\n                    <div class = \"td-slide-item td-item8\">\r\n                        <figure class=\"td-slide-galery-figure td-slide-popup-gallery\">\r\n                            <a class=\"slide-gallery-image-link\" href=\"https:\/\/static.africa-press.net\/senegal\/sites\/13\/2024\/03\/sm_1710449446.329339.jpg\" title=\"sm_1710449446.329339\"  data-caption=\"\"  data-description=\"\">\r\n                                <img decoding=\"async\" src=\"https:\/\/static.africa-press.net\/senegal\/sites\/13\/2024\/03\/sm_1710449446.329339.jpg\" srcset=\"https:\/\/static.africa-press.net\/senegal\/sites\/13\/2024\/03\/sm_1710449446.329339.jpg 808w, https:\/\/static.africa-press.net\/senegal\/sites\/13\/2024\/03\/sm_1710449446.329339-224x300.jpg 224w, https:\/\/static.africa-press.net\/senegal\/sites\/13\/2024\/03\/sm_1710449446.329339-766x1024.jpg 766w, https:\/\/static.africa-press.net\/senegal\/sites\/13\/2024\/03\/sm_1710449446.329339-768x1027.jpg 768w\" sizes=\"(max-width: 808px) 100vw, 808px\" alt=\"\">\r\n                            <\/a>\r\n                            \r\n                        <\/figure>\r\n                    <\/div>\r\n                    <div class = \"td-slide-item td-item9\">\r\n                        <figure class=\"td-slide-galery-figure td-slide-popup-gallery\">\r\n                            <a class=\"slide-gallery-image-link\" href=\"https:\/\/static.africa-press.net\/senegal\/sites\/13\/2024\/03\/sm_1710449456.719545.jpg\" title=\"sm_1710449456.719545\"  data-caption=\"\"  data-description=\"\">\r\n                                <img decoding=\"async\" src=\"https:\/\/static.africa-press.net\/senegal\/sites\/13\/2024\/03\/sm_1710449456.719545.jpg\" srcset=\"https:\/\/static.africa-press.net\/senegal\/sites\/13\/2024\/03\/sm_1710449456.719545.jpg 1080w, https:\/\/static.africa-press.net\/senegal\/sites\/13\/2024\/03\/sm_1710449456.719545-300x225.jpg 300w, https:\/\/static.africa-press.net\/senegal\/sites\/13\/2024\/03\/sm_1710449456.719545-1024x768.jpg 1024w, https:\/\/static.africa-press.net\/senegal\/sites\/13\/2024\/03\/sm_1710449456.719545-768x576.jpg 768w, https:\/\/static.africa-press.net\/senegal\/sites\/13\/2024\/03\/sm_1710449456.719545-80x60.jpg 80w\" sizes=\"(max-width: 1080px) 100vw, 1080px\" alt=\"\">\r\n                            <\/a>\r\n                            \r\n                        <\/figure>\r\n                    <\/div>\r\n                    <div class = \"td-slide-item td-item10\">\r\n                        <figure class=\"td-slide-galery-figure td-slide-popup-gallery\">\r\n                            <a class=\"slide-gallery-image-link\" href=\"https:\/\/static.africa-press.net\/senegal\/sites\/13\/2024\/03\/sm_1710449470.424339.jpg\" title=\"sm_1710449470.424339\"  data-caption=\"\"  data-description=\"\">\r\n                                <img decoding=\"async\" src=\"https:\/\/static.africa-press.net\/senegal\/sites\/13\/2024\/03\/sm_1710449470.424339.jpg\" srcset=\"https:\/\/static.africa-press.net\/senegal\/sites\/13\/2024\/03\/sm_1710449470.424339.jpg 1080w, https:\/\/static.africa-press.net\/senegal\/sites\/13\/2024\/03\/sm_1710449470.424339-300x225.jpg 300w, https:\/\/static.africa-press.net\/senegal\/sites\/13\/2024\/03\/sm_1710449470.424339-1024x768.jpg 1024w, https:\/\/static.africa-press.net\/senegal\/sites\/13\/2024\/03\/sm_1710449470.424339-768x576.jpg 768w, https:\/\/static.africa-press.net\/senegal\/sites\/13\/2024\/03\/sm_1710449470.424339-80x60.jpg 80w\" sizes=\"(max-width: 1080px) 100vw, 1080px\" alt=\"\">\r\n                            <\/a>\r\n                            \r\n                        <\/figure>\r\n                    <\/div>\r\n                    <div class = \"td-slide-item td-item11\">\r\n                        <figure class=\"td-slide-galery-figure td-slide-popup-gallery\">\r\n                            <a class=\"slide-gallery-image-link\" href=\"https:\/\/static.africa-press.net\/senegal\/sites\/13\/2024\/03\/sm_1710449483.531572.jpg\" title=\"sm_1710449483.531572\"  data-caption=\"\"  data-description=\"\">\r\n                                <img decoding=\"async\" src=\"https:\/\/static.africa-press.net\/senegal\/sites\/13\/2024\/03\/sm_1710449483.531572.jpg\" srcset=\"https:\/\/static.africa-press.net\/senegal\/sites\/13\/2024\/03\/sm_1710449483.531572.jpg 612w, https:\/\/static.africa-press.net\/senegal\/sites\/13\/2024\/03\/sm_1710449483.531572-300x146.jpg 300w, https:\/\/static.africa-press.net\/senegal\/sites\/13\/2024\/03\/sm_1710449483.531572-533x261.jpg 533w\" sizes=\"(max-width: 612px) 100vw, 612px\" alt=\"\">\r\n                            <\/a>\r\n                            \r\n                        <\/figure>\r\n                    <\/div>\r\n                            <\/div>\r\n                        <\/div>\r\n\r\n                        <div class = \"td-doubleSlider-2\">\r\n                            <div class = \"td-slider\">\r\n                                \r\n                    <div class = \"td-button td-item1\">\r\n                        <div class = \"td-border\"><\/div>\r\n                    <\/div>\r\n                    <div class = \"td-button td-item2\">\r\n                        <div class = \"td-border\"><\/div>\r\n                    <\/div>\r\n                    <div class = \"td-button td-item3\">\r\n                        <div class = \"td-border\"><\/div>\r\n                    <\/div>\r\n                    <div class = \"td-button td-item4\">\r\n                        <div class = \"td-border\"><\/div>\r\n                    <\/div>\r\n                    <div class = \"td-button td-item5\">\r\n                        <div class = \"td-border\"><\/div>\r\n                    <\/div>\r\n                    <div class = \"td-button td-item6\">\r\n                        <div class = \"td-border\"><\/div>\r\n                    <\/div>\r\n                    <div class = \"td-button td-item7\">\r\n                        <div class = \"td-border\"><\/div>\r\n                    <\/div>\r\n                    <div class = \"td-button td-item8\">\r\n                        <div class = \"td-border\"><\/div>\r\n                    <\/div>\r\n                    <div class = \"td-button td-item9\">\r\n                        <div class = \"td-border\"><\/div>\r\n                    <\/div>\r\n                    <div class = \"td-button td-item10\">\r\n                        <div class = \"td-border\"><\/div>\r\n                    <\/div>\r\n                    <div class = \"td-button td-item11\">\r\n                        <div class = \"td-border\"><\/div>\r\n                    <\/div>\r\n                            <\/div>\r\n                        <\/div>\r\n\r\n                    <\/div>\r\n\r\n                <\/div>\r\n                \n<p><strong>Pour plus d&rsquo;informations et d&rsquo;analyses sur la <a href=\"https:\/\/www.africa-press.net\/senegal\">Senegal<\/a>, suivez <a href=\"https:\/\/www.africa-press.net\/\">Africa-Press<\/a><\/strong><\/p>\n","protected":false},"excerpt":{"rendered":"<p>Africa-Press &#8211; Senegal. Apre\u0300s la caravane re\u0301ussie du 2e\u0300me jour de la campagne, suivie de la visite de proximite\u0301 a\u0300 travers les rues et ruelles du quartier traditionnel de Grand Mbao, Abdou Karim Sall et ses inconditionnels, de\u0301ja\u0300 de plain-pied dans la pe\u0301riode active de propagande e\u0301lectorale, ont investi les coins et les recoins de [&hellip;]<\/p>\n","protected":false},"author":82,"featured_media":56868,"comment_status":"open","ping_status":"closed","sticky":false,"template":"","format":"standard","meta":{"footnotes":""},"categories":[8,2,10],"tags":[43,47,44],"class_list":["post-56869","post","type-post","status-publish","format-standard","has-post-thumbnail","hentry","category-photo","category-politique","category-toutes-les-actualites","tag-africa-press-2","tag-africa-press-senegal","tag-senegal-2"],"yoast_head":"<!-- This site is optimized with the Yoast SEO Premium plugin v26.1 (Yoast SEO v27.0) - https:\/\/yoast.com\/product\/yoast-seo-premium-wordpress\/ -->\n<title>Campagne e\u0301lectorale a\u0300 Mbao: Abdou Karim Sall annonce une victoire de Amadou BA de\u0300s le 1er tour - Senegal<\/title>\n<meta name=\"description\" content=\"Apre\u0300s la caravane re\u0301ussie du 2e\u0300me jour de la campagne, suivie de la visite de proximite\u0301 a\u0300 travers les rues et ruell ...\" \/>\n<meta name=\"robots\" content=\"index, follow, max-snippet:-1, max-image-preview:large, max-video-preview:-1\" \/>\n<link rel=\"canonical\" href=\"https:\/\/www.africa-press.net\/senegal\/politique\/campagne-electorale-a-mbao-abdou-karim-sall-annonce-une-victoire-de-amadou-ba-des-le-1er-tour\" \/>\n<meta property=\"og:locale\" content=\"fr_FR\" \/>\n<meta property=\"og:type\" content=\"article\" \/>\n<meta property=\"og:title\" content=\"Campagne e\u0301lectorale a\u0300 Mbao: Abdou Karim Sall annonce une victoire de Amadou BA de\u0300s le 1er tour\" \/>\n<meta property=\"og:description\" content=\"Apre\u0300s la caravane re\u0301ussie du 2e\u0300me jour de la campagne, suivie de la visite de proximite\u0301 a\u0300 travers les rues et ruell ...\" \/>\n<meta property=\"og:url\" content=\"https:\/\/www.africa-press.net\/senegal\/politique\/campagne-electorale-a-mbao-abdou-karim-sall-annonce-une-victoire-de-amadou-ba-des-le-1er-tour\" \/>\n<meta property=\"og:site_name\" content=\"Senegal\" \/>\n<meta property=\"article:published_time\" content=\"2024-03-14T23:47:15+00:00\" \/>\n<meta property=\"article:modified_time\" content=\"2024-03-15T01:22:06+00:00\" \/>\n<meta property=\"og:image\" content=\"https:\/\/static.africa-press.net\/senegal\/sites\/13\/2024\/03\/sm_1710449489.994834.jpg\" \/>\n\t<meta property=\"og:image:width\" content=\"1296\" \/>\n\t<meta property=\"og:image:height\" content=\"631\" \/>\n\t<meta property=\"og:image:type\" content=\"image\/jpeg\" \/>\n<meta name=\"author\" content=\"cfeditorfr\" \/>\n<meta name=\"twitter:card\" content=\"summary_large_image\" \/>\n<meta name=\"twitter:label1\" content=\"\u00c9crit par\" \/>\n\t<meta name=\"twitter:data1\" content=\"cfeditorfr\" \/>\n\t<meta name=\"twitter:label2\" content=\"Dur\u00e9e de lecture estim\u00e9e\" \/>\n\t<meta name=\"twitter:data2\" content=\"3 minutes\" \/>\n<script type=\"application\/ld+json\" class=\"yoast-schema-graph\">{\"@context\":\"https:\/\/schema.org\",\"@graph\":[{\"@type\":\"Article\",\"@id\":\"https:\/\/www.africa-press.net\/senegal\/politique\/campagne-electorale-a-mbao-abdou-karim-sall-annonce-une-victoire-de-amadou-ba-des-le-1er-tour#article\",\"isPartOf\":{\"@id\":\"https:\/\/www.africa-press.net\/senegal\/politique\/campagne-electorale-a-mbao-abdou-karim-sall-annonce-une-victoire-de-amadou-ba-des-le-1er-tour\"},\"author\":{\"name\":\"cfeditorfr\",\"@id\":\"https:\/\/www.africa-press.net\/senegal\/#\/schema\/person\/2b1cf3cd81a31e3cd26889ca66d677f1\"},\"headline\":\"Campagne e\u0301lectorale a\u0300 Mbao: Abdou Karim Sall annonce une victoire de Amadou BA de\u0300s le 1er tour\",\"datePublished\":\"2024-03-14T23:47:15+00:00\",\"dateModified\":\"2024-03-15T01:22:06+00:00\",\"mainEntityOfPage\":{\"@id\":\"https:\/\/www.africa-press.net\/senegal\/politique\/campagne-electorale-a-mbao-abdou-karim-sall-annonce-une-victoire-de-amadou-ba-des-le-1er-tour\"},\"wordCount\":664,\"commentCount\":0,\"image\":{\"@id\":\"https:\/\/www.africa-press.net\/senegal\/politique\/campagne-electorale-a-mbao-abdou-karim-sall-annonce-une-victoire-de-amadou-ba-des-le-1er-tour#primaryimage\"},\"thumbnailUrl\":\"https:\/\/static.africa-press.net\/senegal\/sites\/13\/2024\/03\/sm_1710449489.994834.jpg\",\"keywords\":[\"Africa Press\",\"Africa Press-Senegal\",\"Senegal\"],\"articleSection\":[\"Photo\",\"Politique\",\"Toutes les actualit\u00e9s\"],\"inLanguage\":\"fr-FR\",\"potentialAction\":[{\"@type\":\"CommentAction\",\"name\":\"Comment\",\"target\":[\"https:\/\/www.africa-press.net\/senegal\/politique\/campagne-electorale-a-mbao-abdou-karim-sall-annonce-une-victoire-de-amadou-ba-des-le-1er-tour#respond\"]}]},{\"@type\":\"WebPage\",\"@id\":\"https:\/\/www.africa-press.net\/senegal\/politique\/campagne-electorale-a-mbao-abdou-karim-sall-annonce-une-victoire-de-amadou-ba-des-le-1er-tour\",\"url\":\"https:\/\/www.africa-press.net\/senegal\/politique\/campagne-electorale-a-mbao-abdou-karim-sall-annonce-une-victoire-de-amadou-ba-des-le-1er-tour\",\"name\":\"Campagne e\u0301lectorale a\u0300 Mbao: Abdou Karim Sall annonce une victoire de Amadou BA de\u0300s le 1er tour - Senegal\",\"isPartOf\":{\"@id\":\"https:\/\/www.africa-press.net\/senegal\/#website\"},\"primaryImageOfPage\":{\"@id\":\"https:\/\/www.africa-press.net\/senegal\/politique\/campagne-electorale-a-mbao-abdou-karim-sall-annonce-une-victoire-de-amadou-ba-des-le-1er-tour#primaryimage\"},\"image\":{\"@id\":\"https:\/\/www.africa-press.net\/senegal\/politique\/campagne-electorale-a-mbao-abdou-karim-sall-annonce-une-victoire-de-amadou-ba-des-le-1er-tour#primaryimage\"},\"thumbnailUrl\":\"https:\/\/static.africa-press.net\/senegal\/sites\/13\/2024\/03\/sm_1710449489.994834.jpg\",\"datePublished\":\"2024-03-14T23:47:15+00:00\",\"dateModified\":\"2024-03-15T01:22:06+00:00\",\"author\":{\"@id\":\"https:\/\/www.africa-press.net\/senegal\/#\/schema\/person\/2b1cf3cd81a31e3cd26889ca66d677f1\"},\"description\":\"Apre\u0300s la caravane re\u0301ussie du 2e\u0300me jour de la campagne, suivie de la visite de proximite\u0301 a\u0300 travers les rues et ruell ...\",\"breadcrumb\":{\"@id\":\"https:\/\/www.africa-press.net\/senegal\/politique\/campagne-electorale-a-mbao-abdou-karim-sall-annonce-une-victoire-de-amadou-ba-des-le-1er-tour#breadcrumb\"},\"inLanguage\":\"fr-FR\",\"potentialAction\":[{\"@type\":\"ReadAction\",\"target\":[\"https:\/\/www.africa-press.net\/senegal\/politique\/campagne-electorale-a-mbao-abdou-karim-sall-annonce-une-victoire-de-amadou-ba-des-le-1er-tour\"]}]},{\"@type\":\"ImageObject\",\"inLanguage\":\"fr-FR\",\"@id\":\"https:\/\/www.africa-press.net\/senegal\/politique\/campagne-electorale-a-mbao-abdou-karim-sall-annonce-une-victoire-de-amadou-ba-des-le-1er-tour#primaryimage\",\"url\":\"https:\/\/static.africa-press.net\/senegal\/sites\/13\/2024\/03\/sm_1710449489.994834.jpg\",\"contentUrl\":\"https:\/\/static.africa-press.net\/senegal\/sites\/13\/2024\/03\/sm_1710449489.994834.jpg\",\"width\":1296,\"height\":631,\"caption\":\"Campagne e\u0301lectorale a\u0300 Mbao: Abdou Karim Sall annonce une victoire de Amadou BA de\u0300s le 1er tour\"},{\"@type\":\"BreadcrumbList\",\"@id\":\"https:\/\/www.africa-press.net\/senegal\/politique\/campagne-electorale-a-mbao-abdou-karim-sall-annonce-une-victoire-de-amadou-ba-des-le-1er-tour#breadcrumb\",\"itemListElement\":[{\"@type\":\"ListItem\",\"position\":1,\"name\":\"Accueil\",\"item\":\"https:\/\/www.africa-press.net\/senegal\/\"},{\"@type\":\"ListItem\",\"position\":2,\"name\":\"Campagne e\u0301lectorale a\u0300 Mbao: Abdou Karim Sall annonce une victoire de Amadou BA de\u0300s le 1er tour\"}]},{\"@type\":\"WebSite\",\"@id\":\"https:\/\/www.africa-press.net\/senegal\/#website\",\"url\":\"https:\/\/www.africa-press.net\/senegal\/\",\"name\":\"Africa Press | Senegal | Homepage\",\"description\":\"Just another Africa News Agency Sites site\",\"potentialAction\":[{\"@type\":\"SearchAction\",\"target\":{\"@type\":\"EntryPoint\",\"urlTemplate\":\"https:\/\/www.africa-press.net\/senegal\/?s={search_term_string}\"},\"query-input\":{\"@type\":\"PropertyValueSpecification\",\"valueRequired\":true,\"valueName\":\"search_term_string\"}}],\"inLanguage\":\"fr-FR\"},{\"@type\":\"Person\",\"@id\":\"https:\/\/www.africa-press.net\/senegal\/#\/schema\/person\/2b1cf3cd81a31e3cd26889ca66d677f1\",\"name\":\"cfeditorfr\",\"url\":\"https:\/\/www.africa-press.net\/senegal\/author\/cfeditorfr\"}]}<\/script>\n<!-- \/ Yoast SEO Premium plugin. -->","yoast_head_json":{"title":"Campagne e\u0301lectorale a\u0300 Mbao: Abdou Karim Sall annonce une victoire de Amadou BA de\u0300s le 1er tour - Senegal","description":"Apre\u0300s la caravane re\u0301ussie du 2e\u0300me jour de la campagne, suivie de la visite de proximite\u0301 a\u0300 travers les rues et ruell ...","robots":{"index":"index","follow":"follow","max-snippet":"max-snippet:-1","max-image-preview":"max-image-preview:large","max-video-preview":"max-video-preview:-1"},"canonical":"https:\/\/www.africa-press.net\/senegal\/politique\/campagne-electorale-a-mbao-abdou-karim-sall-annonce-une-victoire-de-amadou-ba-des-le-1er-tour","og_locale":"fr_FR","og_type":"article","og_title":"Campagne e\u0301lectorale a\u0300 Mbao: Abdou Karim Sall annonce une victoire de Amadou BA de\u0300s le 1er tour","og_description":"Apre\u0300s la caravane re\u0301ussie du 2e\u0300me jour de la campagne, suivie de la visite de proximite\u0301 a\u0300 travers les rues et ruell ...","og_url":"https:\/\/www.africa-press.net\/senegal\/politique\/campagne-electorale-a-mbao-abdou-karim-sall-annonce-une-victoire-de-amadou-ba-des-le-1er-tour","og_site_name":"Senegal","article_published_time":"2024-03-14T23:47:15+00:00","article_modified_time":"2024-03-15T01:22:06+00:00","og_image":[{"width":1296,"height":631,"url":"https:\/\/static.africa-press.net\/senegal\/sites\/13\/2024\/03\/sm_1710449489.994834.jpg","type":"image\/jpeg"}],"author":"cfeditorfr","twitter_card":"summary_large_image","twitter_misc":{"\u00c9crit par":"cfeditorfr","Dur\u00e9e de lecture estim\u00e9e":"3 minutes"},"schema":{"@context":"https:\/\/schema.org","@graph":[{"@type":"Article","@id":"https:\/\/www.africa-press.net\/senegal\/politique\/campagne-electorale-a-mbao-abdou-karim-sall-annonce-une-victoire-de-amadou-ba-des-le-1er-tour#article","isPartOf":{"@id":"https:\/\/www.africa-press.net\/senegal\/politique\/campagne-electorale-a-mbao-abdou-karim-sall-annonce-une-victoire-de-amadou-ba-des-le-1er-tour"},"author":{"name":"cfeditorfr","@id":"https:\/\/www.africa-press.net\/senegal\/#\/schema\/person\/2b1cf3cd81a31e3cd26889ca66d677f1"},"headline":"Campagne e\u0301lectorale a\u0300 Mbao: Abdou Karim Sall annonce une victoire de Amadou BA de\u0300s le 1er tour","datePublished":"2024-03-14T23:47:15+00:00","dateModified":"2024-03-15T01:22:06+00:00","mainEntityOfPage":{"@id":"https:\/\/www.africa-press.net\/senegal\/politique\/campagne-electorale-a-mbao-abdou-karim-sall-annonce-une-victoire-de-amadou-ba-des-le-1er-tour"},"wordCount":664,"commentCount":0,"image":{"@id":"https:\/\/www.africa-press.net\/senegal\/politique\/campagne-electorale-a-mbao-abdou-karim-sall-annonce-une-victoire-de-amadou-ba-des-le-1er-tour#primaryimage"},"thumbnailUrl":"https:\/\/static.africa-press.net\/senegal\/sites\/13\/2024\/03\/sm_1710449489.994834.jpg","keywords":["Africa Press","Africa Press-Senegal","Senegal"],"articleSection":["Photo","Politique","Toutes les actualit\u00e9s"],"inLanguage":"fr-FR","potentialAction":[{"@type":"CommentAction","name":"Comment","target":["https:\/\/www.africa-press.net\/senegal\/politique\/campagne-electorale-a-mbao-abdou-karim-sall-annonce-une-victoire-de-amadou-ba-des-le-1er-tour#respond"]}]},{"@type":"WebPage","@id":"https:\/\/www.africa-press.net\/senegal\/politique\/campagne-electorale-a-mbao-abdou-karim-sall-annonce-une-victoire-de-amadou-ba-des-le-1er-tour","url":"https:\/\/www.africa-press.net\/senegal\/politique\/campagne-electorale-a-mbao-abdou-karim-sall-annonce-une-victoire-de-amadou-ba-des-le-1er-tour","name":"Campagne e\u0301lectorale a\u0300 Mbao: Abdou Karim Sall annonce une victoire de Amadou BA de\u0300s le 1er tour - Senegal","isPartOf":{"@id":"https:\/\/www.africa-press.net\/senegal\/#website"},"primaryImageOfPage":{"@id":"https:\/\/www.africa-press.net\/senegal\/politique\/campagne-electorale-a-mbao-abdou-karim-sall-annonce-une-victoire-de-amadou-ba-des-le-1er-tour#primaryimage"},"image":{"@id":"https:\/\/www.africa-press.net\/senegal\/politique\/campagne-electorale-a-mbao-abdou-karim-sall-annonce-une-victoire-de-amadou-ba-des-le-1er-tour#primaryimage"},"thumbnailUrl":"https:\/\/static.africa-press.net\/senegal\/sites\/13\/2024\/03\/sm_1710449489.994834.jpg","datePublished":"2024-03-14T23:47:15+00:00","dateModified":"2024-03-15T01:22:06+00:00","author":{"@id":"https:\/\/www.africa-press.net\/senegal\/#\/schema\/person\/2b1cf3cd81a31e3cd26889ca66d677f1"},"description":"Apre\u0300s la caravane re\u0301ussie du 2e\u0300me jour de la campagne, suivie de la visite de proximite\u0301 a\u0300 travers les rues et ruell ...","breadcrumb":{"@id":"https:\/\/www.africa-press.net\/senegal\/politique\/campagne-electorale-a-mbao-abdou-karim-sall-annonce-une-victoire-de-amadou-ba-des-le-1er-tour#breadcrumb"},"inLanguage":"fr-FR","potentialAction":[{"@type":"ReadAction","target":["https:\/\/www.africa-press.net\/senegal\/politique\/campagne-electorale-a-mbao-abdou-karim-sall-annonce-une-victoire-de-amadou-ba-des-le-1er-tour"]}]},{"@type":"ImageObject","inLanguage":"fr-FR","@id":"https:\/\/www.africa-press.net\/senegal\/politique\/campagne-electorale-a-mbao-abdou-karim-sall-annonce-une-victoire-de-amadou-ba-des-le-1er-tour#primaryimage","url":"https:\/\/static.africa-press.net\/senegal\/sites\/13\/2024\/03\/sm_1710449489.994834.jpg","contentUrl":"https:\/\/static.africa-press.net\/senegal\/sites\/13\/2024\/03\/sm_1710449489.994834.jpg","width":1296,"height":631,"caption":"Campagne e\u0301lectorale a\u0300 Mbao: Abdou Karim Sall annonce une victoire de Amadou BA de\u0300s le 1er tour"},{"@type":"BreadcrumbList","@id":"https:\/\/www.africa-press.net\/senegal\/politique\/campagne-electorale-a-mbao-abdou-karim-sall-annonce-une-victoire-de-amadou-ba-des-le-1er-tour#breadcrumb","itemListElement":[{"@type":"ListItem","position":1,"name":"Accueil","item":"https:\/\/www.africa-press.net\/senegal\/"},{"@type":"ListItem","position":2,"name":"Campagne e\u0301lectorale a\u0300 Mbao: Abdou Karim Sall annonce une victoire de Amadou BA de\u0300s le 1er tour"}]},{"@type":"WebSite","@id":"https:\/\/www.africa-press.net\/senegal\/#website","url":"https:\/\/www.africa-press.net\/senegal\/","name":"Africa Press | Senegal | Homepage","description":"Just another Africa News Agency Sites site","potentialAction":[{"@type":"SearchAction","target":{"@type":"EntryPoint","urlTemplate":"https:\/\/www.africa-press.net\/senegal\/?s={search_term_string}"},"query-input":{"@type":"PropertyValueSpecification","valueRequired":true,"valueName":"search_term_string"}}],"inLanguage":"fr-FR"},{"@type":"Person","@id":"https:\/\/www.africa-press.net\/senegal\/#\/schema\/person\/2b1cf3cd81a31e3cd26889ca66d677f1","name":"cfeditorfr","url":"https:\/\/www.africa-press.net\/senegal\/author\/cfeditorfr"}]}},"_links":{"self":[{"href":"https:\/\/www.africa-press.net\/senegal\/wp-json\/wp\/v2\/posts\/56869","targetHints":{"allow":["GET"]}}],"collection":[{"href":"https:\/\/www.africa-press.net\/senegal\/wp-json\/wp\/v2\/posts"}],"about":[{"href":"https:\/\/www.africa-press.net\/senegal\/wp-json\/wp\/v2\/types\/post"}],"author":[{"embeddable":true,"href":"https:\/\/www.africa-press.net\/senegal\/wp-json\/wp\/v2\/users\/82"}],"replies":[{"embeddable":true,"href":"https:\/\/www.africa-press.net\/senegal\/wp-json\/wp\/v2\/comments?post=56869"}],"version-history":[{"count":0,"href":"https:\/\/www.africa-press.net\/senegal\/wp-json\/wp\/v2\/posts\/56869\/revisions"}],"wp:featuredmedia":[{"embeddable":true,"href":"https:\/\/www.africa-press.net\/senegal\/wp-json\/wp\/v2\/media\/56868"}],"wp:attachment":[{"href":"https:\/\/www.africa-press.net\/senegal\/wp-json\/wp\/v2\/media?parent=56869"}],"wp:term":[{"taxonomy":"category","embeddable":true,"href":"https:\/\/www.africa-press.net\/senegal\/wp-json\/wp\/v2\/categories?post=56869"},{"taxonomy":"post_tag","embeddable":true,"href":"https:\/\/www.africa-press.net\/senegal\/wp-json\/wp\/v2\/tags?post=56869"}],"curies":[{"name":"wp","href":"https:\/\/api.w.org\/{rel}","templated":true}]}}