{"id":56871,"date":"2024-03-14T23:50:51","date_gmt":"2024-03-14T23:50:51","guid":{"rendered":"https:\/\/www.africa-press.net\/senegal\/politique\/campagne-electorale-on-sait-pourquoi-diomayepresident-est-bloquee-a-dakar"},"modified":"2024-03-15T01:22:30","modified_gmt":"2024-03-15T01:22:30","slug":"campagne-electorale-on-sait-pourquoi-diomayepresident-est-bloquee-a-dakar","status":"publish","type":"post","link":"https:\/\/www.africa-press.net\/senegal\/politique\/campagne-electorale-on-sait-pourquoi-diomayepresident-est-bloquee-a-dakar","title":{"rendered":"Campagne e\u0301lectorale: on sait pourquoi \u00abDiomayePre\u0301sident\u00bb est bloque\u0301e a\u0300 Dakar"},"content":{"rendered":"<p><span style=\"color: #ff6600\"><strong>Africa-Press &#8211; Senegal. <\/strong><\/span>Depuis le de\u0301but de la campagne e\u0301lectorale, dimanche dernier, la coalition \u00abDiomayePre\u0301sident\u00bb e\u0301volue uniquement a\u0300 Dakar. Dans les autres re\u0301gions, c\u2019est le calme plat. Et en dehors du meeting inaugural des Parcelles Assainies, aucune mobilisation d\u2019envergure n\u2019a e\u0301te\u0301 enregistre\u0301e dans la capitale.<\/p>\n<p>Ce mercredi, les inconditionnels du candidat de Pastef, Bassirou Diomaye Faye, espe\u0301raient pouvoir donner un coup de fouet a\u0300 la campagne de leur coalition. D\u2019apre\u0300s Enque\u0302te, les Patriotes et leurs allie\u0301s devaient sillonner Tivaouane, Ke\u0301be\u0301mer, Louga et Saint-Louis. Mais ils devront repasser.<\/p>\n<p>Le journal renseigne en effet que, \u00abinitialement pre\u0301vu a\u0300 12 heures, le de\u0301part a e\u0301te\u0301 plusieurs fois repousse\u0301. Jusque vers 17 heures, on ne savait pas si on partait ou pas vers le Se\u0301ne\u0301gal des profondeurs. Puis, la nouvelle tombe: [le de\u0301placement est annule\u0301]\u00bb.<\/p>\n<p>Interroge\u0301 par Enque\u0302te, un responsable de la coalition \u00abDiomayePre\u0301sident\u00bb indique qu\u2019avec \u00abla libe\u0301ration annonce\u0301e de Diomaye et Sonko, on est oblige\u0301 de revoir le programme\u00bb. La source du journal poursuit: \u00abNous ne voulions pas avoir a\u0300 aller a\u0300 l\u2019inte\u0301rieur du pays et ensuite revenir a\u0300 Dakar, si Pros [Pre\u0301sident Ousmane Sonko] et Diomaye sont libe\u0301re\u0301s. C\u2019est pourquoi nous avons sursis a\u0300 la sortie vers les re\u0301gions de Thie\u0300s, Louga, Saint-Louis.\u00bb<\/p>\n<p>Selon Madiambal Diagne, Ousmane Sonko et Bassirou Diomaye Faye seront libe\u0301re\u0301s ce jeudi. Le journaliste avait annonce\u0301 leur libe\u0301ration ce mercredi avant de diffe\u0301rer le rendez-vous, invoquant une question de proce\u0301dure.<\/p>\n<p><strong>Pour plus d&rsquo;informations et d&rsquo;analyses sur la <a href=\"https:\/\/www.africa-press.net\/senegal\">Senegal<\/a>, suivez <a href=\"https:\/\/www.africa-press.net\/\">Africa-Press<\/a><\/strong><\/p>\n","protected":false},"excerpt":{"rendered":"<p>Africa-Press &#8211; Senegal. Depuis le de\u0301but de la campagne e\u0301lectorale, dimanche dernier, la coalition \u00abDiomayePre\u0301sident\u00bb e\u0301volue uniquement a\u0300 Dakar. Dans les autres re\u0301gions, c\u2019est le calme plat. Et en dehors du meeting inaugural des Parcelles Assainies, aucune mobilisation d\u2019envergure n\u2019a e\u0301te\u0301 enregistre\u0301e dans la capitale. Ce mercredi, les inconditionnels du candidat de Pastef, Bassirou Diomaye [&hellip;]<\/p>\n","protected":false},"author":82,"featured_media":56870,"comment_status":"open","ping_status":"closed","sticky":false,"template":"","format":"standard","meta":{"footnotes":""},"categories":[2,10],"tags":[43,47,44],"class_list":["post-56871","post","type-post","status-publish","format-standard","has-post-thumbnail","hentry","category-politique","category-toutes-les-actualites","tag-africa-press-2","tag-africa-press-senegal","tag-senegal-2"],"yoast_head":"<!-- This site is optimized with the Yoast SEO Premium plugin v26.1 (Yoast SEO v27.0) - https:\/\/yoast.com\/product\/yoast-seo-premium-wordpress\/ -->\n<title>Campagne e\u0301lectorale: on sait pourquoi \u00abDiomayePre\u0301sident\u00bb est bloque\u0301e a\u0300 Dakar - Senegal<\/title>\n<meta name=\"description\" content=\"Depuis le de\u0301but de la campagne e\u0301lectorale, dimanche dernier, la coalition \u00abDiomayePre\u0301sident\u00bb e\u0301volue uniquement a\u0300 Da ...\" \/>\n<meta name=\"robots\" content=\"index, follow, max-snippet:-1, max-image-preview:large, max-video-preview:-1\" \/>\n<link rel=\"canonical\" href=\"https:\/\/www.africa-press.net\/senegal\/politique\/campagne-electorale-on-sait-pourquoi-diomayepresident-est-bloquee-a-dakar\" \/>\n<meta property=\"og:locale\" content=\"fr_FR\" \/>\n<meta property=\"og:type\" content=\"article\" \/>\n<meta property=\"og:title\" content=\"Campagne e\u0301lectorale: on sait pourquoi \u00abDiomayePre\u0301sident\u00bb est bloque\u0301e a\u0300 Dakar\" \/>\n<meta property=\"og:description\" content=\"Depuis le de\u0301but de la campagne e\u0301lectorale, dimanche dernier, la coalition \u00abDiomayePre\u0301sident\u00bb e\u0301volue uniquement a\u0300 Da ...\" \/>\n<meta property=\"og:url\" content=\"https:\/\/www.africa-press.net\/senegal\/politique\/campagne-electorale-on-sait-pourquoi-diomayepresident-est-bloquee-a-dakar\" \/>\n<meta property=\"og:site_name\" content=\"Senegal\" \/>\n<meta property=\"article:published_time\" content=\"2024-03-14T23:50:51+00:00\" \/>\n<meta property=\"article:modified_time\" content=\"2024-03-15T01:22:30+00:00\" \/>\n<meta property=\"og:image\" content=\"https:\/\/static.africa-press.net\/senegal\/sites\/13\/2024\/03\/sm_1710449508.620173.jpg\" \/>\n\t<meta property=\"og:image:width\" content=\"1301\" \/>\n\t<meta property=\"og:image:height\" content=\"632\" \/>\n\t<meta property=\"og:image:type\" content=\"image\/jpeg\" \/>\n<meta name=\"author\" content=\"cfeditorfr\" \/>\n<meta name=\"twitter:card\" content=\"summary_large_image\" \/>\n<meta name=\"twitter:label1\" content=\"\u00c9crit par\" \/>\n\t<meta name=\"twitter:data1\" content=\"cfeditorfr\" \/>\n\t<meta name=\"twitter:label2\" content=\"Dur\u00e9e de lecture estim\u00e9e\" \/>\n\t<meta name=\"twitter:data2\" content=\"1 minute\" \/>\n<script type=\"application\/ld+json\" class=\"yoast-schema-graph\">{\"@context\":\"https:\/\/schema.org\",\"@graph\":[{\"@type\":\"Article\",\"@id\":\"https:\/\/www.africa-press.net\/senegal\/politique\/campagne-electorale-on-sait-pourquoi-diomayepresident-est-bloquee-a-dakar#article\",\"isPartOf\":{\"@id\":\"https:\/\/www.africa-press.net\/senegal\/politique\/campagne-electorale-on-sait-pourquoi-diomayepresident-est-bloquee-a-dakar\"},\"author\":{\"name\":\"cfeditorfr\",\"@id\":\"https:\/\/www.africa-press.net\/senegal\/#\/schema\/person\/2b1cf3cd81a31e3cd26889ca66d677f1\"},\"headline\":\"Campagne e\u0301lectorale: on sait pourquoi \u00abDiomayePre\u0301sident\u00bb est bloque\u0301e a\u0300 Dakar\",\"datePublished\":\"2024-03-14T23:50:51+00:00\",\"dateModified\":\"2024-03-15T01:22:30+00:00\",\"mainEntityOfPage\":{\"@id\":\"https:\/\/www.africa-press.net\/senegal\/politique\/campagne-electorale-on-sait-pourquoi-diomayepresident-est-bloquee-a-dakar\"},\"wordCount\":296,\"commentCount\":0,\"image\":{\"@id\":\"https:\/\/www.africa-press.net\/senegal\/politique\/campagne-electorale-on-sait-pourquoi-diomayepresident-est-bloquee-a-dakar#primaryimage\"},\"thumbnailUrl\":\"https:\/\/static.africa-press.net\/senegal\/sites\/13\/2024\/03\/sm_1710449508.620173.jpg\",\"keywords\":[\"Africa Press\",\"Africa Press-Senegal\",\"Senegal\"],\"articleSection\":[\"Politique\",\"Toutes les actualit\u00e9s\"],\"inLanguage\":\"fr-FR\",\"potentialAction\":[{\"@type\":\"CommentAction\",\"name\":\"Comment\",\"target\":[\"https:\/\/www.africa-press.net\/senegal\/politique\/campagne-electorale-on-sait-pourquoi-diomayepresident-est-bloquee-a-dakar#respond\"]}]},{\"@type\":\"WebPage\",\"@id\":\"https:\/\/www.africa-press.net\/senegal\/politique\/campagne-electorale-on-sait-pourquoi-diomayepresident-est-bloquee-a-dakar\",\"url\":\"https:\/\/www.africa-press.net\/senegal\/politique\/campagne-electorale-on-sait-pourquoi-diomayepresident-est-bloquee-a-dakar\",\"name\":\"Campagne e\u0301lectorale: on sait pourquoi \u00abDiomayePre\u0301sident\u00bb est bloque\u0301e a\u0300 Dakar - Senegal\",\"isPartOf\":{\"@id\":\"https:\/\/www.africa-press.net\/senegal\/#website\"},\"primaryImageOfPage\":{\"@id\":\"https:\/\/www.africa-press.net\/senegal\/politique\/campagne-electorale-on-sait-pourquoi-diomayepresident-est-bloquee-a-dakar#primaryimage\"},\"image\":{\"@id\":\"https:\/\/www.africa-press.net\/senegal\/politique\/campagne-electorale-on-sait-pourquoi-diomayepresident-est-bloquee-a-dakar#primaryimage\"},\"thumbnailUrl\":\"https:\/\/static.africa-press.net\/senegal\/sites\/13\/2024\/03\/sm_1710449508.620173.jpg\",\"datePublished\":\"2024-03-14T23:50:51+00:00\",\"dateModified\":\"2024-03-15T01:22:30+00:00\",\"author\":{\"@id\":\"https:\/\/www.africa-press.net\/senegal\/#\/schema\/person\/2b1cf3cd81a31e3cd26889ca66d677f1\"},\"description\":\"Depuis le de\u0301but de la campagne e\u0301lectorale, dimanche dernier, la coalition \u00abDiomayePre\u0301sident\u00bb e\u0301volue uniquement a\u0300 Da ...\",\"breadcrumb\":{\"@id\":\"https:\/\/www.africa-press.net\/senegal\/politique\/campagne-electorale-on-sait-pourquoi-diomayepresident-est-bloquee-a-dakar#breadcrumb\"},\"inLanguage\":\"fr-FR\",\"potentialAction\":[{\"@type\":\"ReadAction\",\"target\":[\"https:\/\/www.africa-press.net\/senegal\/politique\/campagne-electorale-on-sait-pourquoi-diomayepresident-est-bloquee-a-dakar\"]}]},{\"@type\":\"ImageObject\",\"inLanguage\":\"fr-FR\",\"@id\":\"https:\/\/www.africa-press.net\/senegal\/politique\/campagne-electorale-on-sait-pourquoi-diomayepresident-est-bloquee-a-dakar#primaryimage\",\"url\":\"https:\/\/static.africa-press.net\/senegal\/sites\/13\/2024\/03\/sm_1710449508.620173.jpg\",\"contentUrl\":\"https:\/\/static.africa-press.net\/senegal\/sites\/13\/2024\/03\/sm_1710449508.620173.jpg\",\"width\":1301,\"height\":632,\"caption\":\"Campagne e\u0301lectorale: on sait pourquoi \u00abDiomayePre\u0301sident\u00bb est bloque\u0301e a\u0300 Dakar\"},{\"@type\":\"BreadcrumbList\",\"@id\":\"https:\/\/www.africa-press.net\/senegal\/politique\/campagne-electorale-on-sait-pourquoi-diomayepresident-est-bloquee-a-dakar#breadcrumb\",\"itemListElement\":[{\"@type\":\"ListItem\",\"position\":1,\"name\":\"Accueil\",\"item\":\"https:\/\/www.africa-press.net\/senegal\/\"},{\"@type\":\"ListItem\",\"position\":2,\"name\":\"Campagne e\u0301lectorale: on sait pourquoi \u00abDiomayePre\u0301sident\u00bb est bloque\u0301e a\u0300 Dakar\"}]},{\"@type\":\"WebSite\",\"@id\":\"https:\/\/www.africa-press.net\/senegal\/#website\",\"url\":\"https:\/\/www.africa-press.net\/senegal\/\",\"name\":\"Africa Press | Senegal | Homepage\",\"description\":\"Just another Africa News Agency Sites site\",\"potentialAction\":[{\"@type\":\"SearchAction\",\"target\":{\"@type\":\"EntryPoint\",\"urlTemplate\":\"https:\/\/www.africa-press.net\/senegal\/?s={search_term_string}\"},\"query-input\":{\"@type\":\"PropertyValueSpecification\",\"valueRequired\":true,\"valueName\":\"search_term_string\"}}],\"inLanguage\":\"fr-FR\"},{\"@type\":\"Person\",\"@id\":\"https:\/\/www.africa-press.net\/senegal\/#\/schema\/person\/2b1cf3cd81a31e3cd26889ca66d677f1\",\"name\":\"cfeditorfr\",\"url\":\"https:\/\/www.africa-press.net\/senegal\/author\/cfeditorfr\"}]}<\/script>\n<!-- \/ Yoast SEO Premium plugin. -->","yoast_head_json":{"title":"Campagne e\u0301lectorale: on sait pourquoi \u00abDiomayePre\u0301sident\u00bb est bloque\u0301e a\u0300 Dakar - Senegal","description":"Depuis le de\u0301but de la campagne e\u0301lectorale, dimanche dernier, la coalition \u00abDiomayePre\u0301sident\u00bb e\u0301volue uniquement a\u0300 Da ...","robots":{"index":"index","follow":"follow","max-snippet":"max-snippet:-1","max-image-preview":"max-image-preview:large","max-video-preview":"max-video-preview:-1"},"canonical":"https:\/\/www.africa-press.net\/senegal\/politique\/campagne-electorale-on-sait-pourquoi-diomayepresident-est-bloquee-a-dakar","og_locale":"fr_FR","og_type":"article","og_title":"Campagne e\u0301lectorale: on sait pourquoi \u00abDiomayePre\u0301sident\u00bb est bloque\u0301e a\u0300 Dakar","og_description":"Depuis le de\u0301but de la campagne e\u0301lectorale, dimanche dernier, la coalition \u00abDiomayePre\u0301sident\u00bb e\u0301volue uniquement a\u0300 Da ...","og_url":"https:\/\/www.africa-press.net\/senegal\/politique\/campagne-electorale-on-sait-pourquoi-diomayepresident-est-bloquee-a-dakar","og_site_name":"Senegal","article_published_time":"2024-03-14T23:50:51+00:00","article_modified_time":"2024-03-15T01:22:30+00:00","og_image":[{"width":1301,"height":632,"url":"https:\/\/static.africa-press.net\/senegal\/sites\/13\/2024\/03\/sm_1710449508.620173.jpg","type":"image\/jpeg"}],"author":"cfeditorfr","twitter_card":"summary_large_image","twitter_misc":{"\u00c9crit par":"cfeditorfr","Dur\u00e9e de lecture estim\u00e9e":"1 minute"},"schema":{"@context":"https:\/\/schema.org","@graph":[{"@type":"Article","@id":"https:\/\/www.africa-press.net\/senegal\/politique\/campagne-electorale-on-sait-pourquoi-diomayepresident-est-bloquee-a-dakar#article","isPartOf":{"@id":"https:\/\/www.africa-press.net\/senegal\/politique\/campagne-electorale-on-sait-pourquoi-diomayepresident-est-bloquee-a-dakar"},"author":{"name":"cfeditorfr","@id":"https:\/\/www.africa-press.net\/senegal\/#\/schema\/person\/2b1cf3cd81a31e3cd26889ca66d677f1"},"headline":"Campagne e\u0301lectorale: on sait pourquoi \u00abDiomayePre\u0301sident\u00bb est bloque\u0301e a\u0300 Dakar","datePublished":"2024-03-14T23:50:51+00:00","dateModified":"2024-03-15T01:22:30+00:00","mainEntityOfPage":{"@id":"https:\/\/www.africa-press.net\/senegal\/politique\/campagne-electorale-on-sait-pourquoi-diomayepresident-est-bloquee-a-dakar"},"wordCount":296,"commentCount":0,"image":{"@id":"https:\/\/www.africa-press.net\/senegal\/politique\/campagne-electorale-on-sait-pourquoi-diomayepresident-est-bloquee-a-dakar#primaryimage"},"thumbnailUrl":"https:\/\/static.africa-press.net\/senegal\/sites\/13\/2024\/03\/sm_1710449508.620173.jpg","keywords":["Africa Press","Africa Press-Senegal","Senegal"],"articleSection":["Politique","Toutes les actualit\u00e9s"],"inLanguage":"fr-FR","potentialAction":[{"@type":"CommentAction","name":"Comment","target":["https:\/\/www.africa-press.net\/senegal\/politique\/campagne-electorale-on-sait-pourquoi-diomayepresident-est-bloquee-a-dakar#respond"]}]},{"@type":"WebPage","@id":"https:\/\/www.africa-press.net\/senegal\/politique\/campagne-electorale-on-sait-pourquoi-diomayepresident-est-bloquee-a-dakar","url":"https:\/\/www.africa-press.net\/senegal\/politique\/campagne-electorale-on-sait-pourquoi-diomayepresident-est-bloquee-a-dakar","name":"Campagne e\u0301lectorale: on sait pourquoi \u00abDiomayePre\u0301sident\u00bb est bloque\u0301e a\u0300 Dakar - Senegal","isPartOf":{"@id":"https:\/\/www.africa-press.net\/senegal\/#website"},"primaryImageOfPage":{"@id":"https:\/\/www.africa-press.net\/senegal\/politique\/campagne-electorale-on-sait-pourquoi-diomayepresident-est-bloquee-a-dakar#primaryimage"},"image":{"@id":"https:\/\/www.africa-press.net\/senegal\/politique\/campagne-electorale-on-sait-pourquoi-diomayepresident-est-bloquee-a-dakar#primaryimage"},"thumbnailUrl":"https:\/\/static.africa-press.net\/senegal\/sites\/13\/2024\/03\/sm_1710449508.620173.jpg","datePublished":"2024-03-14T23:50:51+00:00","dateModified":"2024-03-15T01:22:30+00:00","author":{"@id":"https:\/\/www.africa-press.net\/senegal\/#\/schema\/person\/2b1cf3cd81a31e3cd26889ca66d677f1"},"description":"Depuis le de\u0301but de la campagne e\u0301lectorale, dimanche dernier, la coalition \u00abDiomayePre\u0301sident\u00bb e\u0301volue uniquement a\u0300 Da ...","breadcrumb":{"@id":"https:\/\/www.africa-press.net\/senegal\/politique\/campagne-electorale-on-sait-pourquoi-diomayepresident-est-bloquee-a-dakar#breadcrumb"},"inLanguage":"fr-FR","potentialAction":[{"@type":"ReadAction","target":["https:\/\/www.africa-press.net\/senegal\/politique\/campagne-electorale-on-sait-pourquoi-diomayepresident-est-bloquee-a-dakar"]}]},{"@type":"ImageObject","inLanguage":"fr-FR","@id":"https:\/\/www.africa-press.net\/senegal\/politique\/campagne-electorale-on-sait-pourquoi-diomayepresident-est-bloquee-a-dakar#primaryimage","url":"https:\/\/static.africa-press.net\/senegal\/sites\/13\/2024\/03\/sm_1710449508.620173.jpg","contentUrl":"https:\/\/static.africa-press.net\/senegal\/sites\/13\/2024\/03\/sm_1710449508.620173.jpg","width":1301,"height":632,"caption":"Campagne e\u0301lectorale: on sait pourquoi \u00abDiomayePre\u0301sident\u00bb est bloque\u0301e a\u0300 Dakar"},{"@type":"BreadcrumbList","@id":"https:\/\/www.africa-press.net\/senegal\/politique\/campagne-electorale-on-sait-pourquoi-diomayepresident-est-bloquee-a-dakar#breadcrumb","itemListElement":[{"@type":"ListItem","position":1,"name":"Accueil","item":"https:\/\/www.africa-press.net\/senegal\/"},{"@type":"ListItem","position":2,"name":"Campagne e\u0301lectorale: on sait pourquoi \u00abDiomayePre\u0301sident\u00bb est bloque\u0301e a\u0300 Dakar"}]},{"@type":"WebSite","@id":"https:\/\/www.africa-press.net\/senegal\/#website","url":"https:\/\/www.africa-press.net\/senegal\/","name":"Africa Press | Senegal | Homepage","description":"Just another Africa News Agency Sites site","potentialAction":[{"@type":"SearchAction","target":{"@type":"EntryPoint","urlTemplate":"https:\/\/www.africa-press.net\/senegal\/?s={search_term_string}"},"query-input":{"@type":"PropertyValueSpecification","valueRequired":true,"valueName":"search_term_string"}}],"inLanguage":"fr-FR"},{"@type":"Person","@id":"https:\/\/www.africa-press.net\/senegal\/#\/schema\/person\/2b1cf3cd81a31e3cd26889ca66d677f1","name":"cfeditorfr","url":"https:\/\/www.africa-press.net\/senegal\/author\/cfeditorfr"}]}},"_links":{"self":[{"href":"https:\/\/www.africa-press.net\/senegal\/wp-json\/wp\/v2\/posts\/56871","targetHints":{"allow":["GET"]}}],"collection":[{"href":"https:\/\/www.africa-press.net\/senegal\/wp-json\/wp\/v2\/posts"}],"about":[{"href":"https:\/\/www.africa-press.net\/senegal\/wp-json\/wp\/v2\/types\/post"}],"author":[{"embeddable":true,"href":"https:\/\/www.africa-press.net\/senegal\/wp-json\/wp\/v2\/users\/82"}],"replies":[{"embeddable":true,"href":"https:\/\/www.africa-press.net\/senegal\/wp-json\/wp\/v2\/comments?post=56871"}],"version-history":[{"count":0,"href":"https:\/\/www.africa-press.net\/senegal\/wp-json\/wp\/v2\/posts\/56871\/revisions"}],"wp:featuredmedia":[{"embeddable":true,"href":"https:\/\/www.africa-press.net\/senegal\/wp-json\/wp\/v2\/media\/56870"}],"wp:attachment":[{"href":"https:\/\/www.africa-press.net\/senegal\/wp-json\/wp\/v2\/media?parent=56871"}],"wp:term":[{"taxonomy":"category","embeddable":true,"href":"https:\/\/www.africa-press.net\/senegal\/wp-json\/wp\/v2\/categories?post=56871"},{"taxonomy":"post_tag","embeddable":true,"href":"https:\/\/www.africa-press.net\/senegal\/wp-json\/wp\/v2\/tags?post=56871"}],"curies":[{"name":"wp","href":"https:\/\/api.w.org\/{rel}","templated":true}]}}