{"id":56875,"date":"2024-03-15T00:22:06","date_gmt":"2024-03-15T00:22:06","guid":{"rendered":"https:\/\/www.africa-press.net\/senegal\/politique\/gouvernement-les-lecons-de-macky-sall-aux-entrants"},"modified":"2024-03-15T00:22:06","modified_gmt":"2024-03-15T00:22:06","slug":"gouvernement-les-lecons-de-macky-sall-aux-entrants","status":"publish","type":"post","link":"https:\/\/www.africa-press.net\/senegal\/politique\/gouvernement-les-lecons-de-macky-sall-aux-entrants","title":{"rendered":"Gouvernement: les lec\u0327ons de Macky Sall aux entrants"},"content":{"rendered":"<p><span style=\"color: #ff6600\"><strong>Africa-Press &#8211; Senegal. <\/strong><\/span>A\u0300 chaque mise en place d\u2019un nouvel attelage, le Pre\u0301sident Macky Sall fixe, a\u0300 l\u2019attention surtout des entrants, le cadre et les re\u0300gles de fonctionnement du gouvernement. Celui monte\u0301 le 8 mars ne fait pas exception. \u00abLa nouvelle e\u0301quipe autour du nouveau Premier ministre, Me Sidiki Kaba, a rec\u0327u hier [mercredi] sa lec\u0327on inaugurale pour son premier Conseil des ministres\u00bb, rapporte Le Te\u0301moin de ce jeudi.<\/p>\n<p>A\u0300 la baguette, naturellement, le chef de l\u2019E\u0301tat. Au menu, apre\u0300s les fe\u0301licitations et les encouragements aux nouvelles te\u0302tes, certains principes qui doivent guider l\u2019action gouvernementale. \u00abMacky Sall a rappele\u0301 aux ministres l\u2019importance institutionnelle du gouvernement, son ro\u0302le pre\u0301ponde\u0301rant dans la mise en \u0153uvre de la politique de la Nation qu\u2019il a de\u0301termine\u0301e\u00bb, de\u0301taille le journal.<\/p>\n<p>Le Te\u0301moin de poursuivre: \u00abEn outre, le chef de l\u2019E\u0301tat a rappele\u0301 aux ministres le caracte\u0300re colle\u0301gial et solidaire de l\u2019institution gouvernementale avant de les inviter a\u0300 cultiver, a\u0300 chaque instant, les valeurs de la Re\u0301publique, dont la loyaute\u0301 reste le fondement.\u00bb<\/p>\n<p><strong>Pour plus d&rsquo;informations et d&rsquo;analyses sur la <a href=\"https:\/\/www.africa-press.net\/senegal\">Senegal<\/a>, suivez <a href=\"https:\/\/www.africa-press.net\/\">Africa-Press<\/a><\/strong><\/p>\n","protected":false},"excerpt":{"rendered":"<p>Africa-Press &#8211; Senegal. A\u0300 chaque mise en place d\u2019un nouvel attelage, le Pre\u0301sident Macky Sall fixe, a\u0300 l\u2019attention surtout des entrants, le cadre et les re\u0300gles de fonctionnement du gouvernement. Celui monte\u0301 le 8 mars ne fait pas exception. \u00abLa nouvelle e\u0301quipe autour du nouveau Premier ministre, Me Sidiki Kaba, a rec\u0327u hier [mercredi] sa [&hellip;]<\/p>\n","protected":false},"author":82,"featured_media":56874,"comment_status":"open","ping_status":"closed","sticky":false,"template":"","format":"standard","meta":{"footnotes":""},"categories":[2,10],"tags":[43,47,44],"class_list":["post-56875","post","type-post","status-publish","format-standard","has-post-thumbnail","hentry","category-politique","category-toutes-les-actualites","tag-africa-press-2","tag-africa-press-senegal","tag-senegal-2"],"yoast_head":"<!-- This site is optimized with the Yoast SEO Premium plugin v26.1 (Yoast SEO v27.0) - https:\/\/yoast.com\/product\/yoast-seo-premium-wordpress\/ -->\n<title>Gouvernement: les lec\u0327ons de Macky Sall aux entrants - Senegal<\/title>\n<meta name=\"robots\" content=\"index, follow, max-snippet:-1, max-image-preview:large, max-video-preview:-1\" \/>\n<link rel=\"canonical\" href=\"https:\/\/www.africa-press.net\/senegal\/politique\/gouvernement-les-lecons-de-macky-sall-aux-entrants\" \/>\n<meta property=\"og:locale\" content=\"fr_FR\" \/>\n<meta property=\"og:type\" content=\"article\" \/>\n<meta property=\"og:title\" content=\"Gouvernement: les lec\u0327ons de Macky Sall aux entrants\" \/>\n<meta property=\"og:description\" content=\"Africa-Press &#8211; Senegal. A\u0300 chaque mise en place d\u2019un nouvel attelage, le Pre\u0301sident Macky Sall fixe, a\u0300 l\u2019attention surtout des entrants, le cadre et les re\u0300gles de fonctionnement du gouvernement. Celui monte\u0301 le 8 mars ne fait pas exception. \u00abLa nouvelle e\u0301quipe autour du nouveau Premier ministre, Me Sidiki Kaba, a rec\u0327u hier [mercredi] sa [&hellip;]\" \/>\n<meta property=\"og:url\" content=\"https:\/\/www.africa-press.net\/senegal\/politique\/gouvernement-les-lecons-de-macky-sall-aux-entrants\" \/>\n<meta property=\"og:site_name\" content=\"Senegal\" \/>\n<meta property=\"article:published_time\" content=\"2024-03-15T00:22:06+00:00\" \/>\n<meta name=\"author\" content=\"cfeditorfr\" \/>\n<meta name=\"twitter:card\" content=\"summary_large_image\" \/>\n<meta name=\"twitter:label1\" content=\"\u00c9crit par\" \/>\n\t<meta name=\"twitter:data1\" content=\"cfeditorfr\" \/>\n\t<meta name=\"twitter:label2\" content=\"Dur\u00e9e de lecture estim\u00e9e\" \/>\n\t<meta name=\"twitter:data2\" content=\"1 minute\" \/>\n<script type=\"application\/ld+json\" class=\"yoast-schema-graph\">{\"@context\":\"https:\/\/schema.org\",\"@graph\":[{\"@type\":\"Article\",\"@id\":\"https:\/\/www.africa-press.net\/senegal\/politique\/gouvernement-les-lecons-de-macky-sall-aux-entrants#article\",\"isPartOf\":{\"@id\":\"https:\/\/www.africa-press.net\/senegal\/politique\/gouvernement-les-lecons-de-macky-sall-aux-entrants\"},\"author\":{\"name\":\"cfeditorfr\",\"@id\":\"https:\/\/www.africa-press.net\/senegal\/#\/schema\/person\/2b1cf3cd81a31e3cd26889ca66d677f1\"},\"headline\":\"Gouvernement: les lec\u0327ons de Macky Sall aux entrants\",\"datePublished\":\"2024-03-15T00:22:06+00:00\",\"mainEntityOfPage\":{\"@id\":\"https:\/\/www.africa-press.net\/senegal\/politique\/gouvernement-les-lecons-de-macky-sall-aux-entrants\"},\"wordCount\":216,\"commentCount\":0,\"image\":{\"@id\":\"https:\/\/www.africa-press.net\/senegal\/politique\/gouvernement-les-lecons-de-macky-sall-aux-entrants#primaryimage\"},\"thumbnailUrl\":\"https:\/\/static.africa-press.net\/senegal\/sites\/13\/2024\/03\/sm_1710451898.707085.jpg\",\"keywords\":[\"Africa Press\",\"Africa Press-Senegal\",\"Senegal\"],\"articleSection\":[\"Politique\",\"Toutes les actualit\u00e9s\"],\"inLanguage\":\"fr-FR\",\"potentialAction\":[{\"@type\":\"CommentAction\",\"name\":\"Comment\",\"target\":[\"https:\/\/www.africa-press.net\/senegal\/politique\/gouvernement-les-lecons-de-macky-sall-aux-entrants#respond\"]}]},{\"@type\":\"WebPage\",\"@id\":\"https:\/\/www.africa-press.net\/senegal\/politique\/gouvernement-les-lecons-de-macky-sall-aux-entrants\",\"url\":\"https:\/\/www.africa-press.net\/senegal\/politique\/gouvernement-les-lecons-de-macky-sall-aux-entrants\",\"name\":\"Gouvernement: les lec\u0327ons de Macky Sall aux entrants - Senegal\",\"isPartOf\":{\"@id\":\"https:\/\/www.africa-press.net\/senegal\/#website\"},\"primaryImageOfPage\":{\"@id\":\"https:\/\/www.africa-press.net\/senegal\/politique\/gouvernement-les-lecons-de-macky-sall-aux-entrants#primaryimage\"},\"image\":{\"@id\":\"https:\/\/www.africa-press.net\/senegal\/politique\/gouvernement-les-lecons-de-macky-sall-aux-entrants#primaryimage\"},\"thumbnailUrl\":\"https:\/\/static.africa-press.net\/senegal\/sites\/13\/2024\/03\/sm_1710451898.707085.jpg\",\"datePublished\":\"2024-03-15T00:22:06+00:00\",\"author\":{\"@id\":\"https:\/\/www.africa-press.net\/senegal\/#\/schema\/person\/2b1cf3cd81a31e3cd26889ca66d677f1\"},\"breadcrumb\":{\"@id\":\"https:\/\/www.africa-press.net\/senegal\/politique\/gouvernement-les-lecons-de-macky-sall-aux-entrants#breadcrumb\"},\"inLanguage\":\"fr-FR\",\"potentialAction\":[{\"@type\":\"ReadAction\",\"target\":[\"https:\/\/www.africa-press.net\/senegal\/politique\/gouvernement-les-lecons-de-macky-sall-aux-entrants\"]}]},{\"@type\":\"ImageObject\",\"inLanguage\":\"fr-FR\",\"@id\":\"https:\/\/www.africa-press.net\/senegal\/politique\/gouvernement-les-lecons-de-macky-sall-aux-entrants#primaryimage\",\"url\":\"https:\/\/static.africa-press.net\/senegal\/sites\/13\/2024\/03\/sm_1710451898.707085.jpg\",\"contentUrl\":\"https:\/\/static.africa-press.net\/senegal\/sites\/13\/2024\/03\/sm_1710451898.707085.jpg\",\"width\":1299,\"height\":632,\"caption\":\"Gouvernement: les lec\u0327ons de Macky Sall aux entrants\"},{\"@type\":\"BreadcrumbList\",\"@id\":\"https:\/\/www.africa-press.net\/senegal\/politique\/gouvernement-les-lecons-de-macky-sall-aux-entrants#breadcrumb\",\"itemListElement\":[{\"@type\":\"ListItem\",\"position\":1,\"name\":\"Accueil\",\"item\":\"https:\/\/www.africa-press.net\/senegal\/\"},{\"@type\":\"ListItem\",\"position\":2,\"name\":\"Gouvernement: les lec\u0327ons de Macky Sall aux entrants\"}]},{\"@type\":\"WebSite\",\"@id\":\"https:\/\/www.africa-press.net\/senegal\/#website\",\"url\":\"https:\/\/www.africa-press.net\/senegal\/\",\"name\":\"Africa Press | Senegal | Homepage\",\"description\":\"Just another Africa News Agency Sites site\",\"potentialAction\":[{\"@type\":\"SearchAction\",\"target\":{\"@type\":\"EntryPoint\",\"urlTemplate\":\"https:\/\/www.africa-press.net\/senegal\/?s={search_term_string}\"},\"query-input\":{\"@type\":\"PropertyValueSpecification\",\"valueRequired\":true,\"valueName\":\"search_term_string\"}}],\"inLanguage\":\"fr-FR\"},{\"@type\":\"Person\",\"@id\":\"https:\/\/www.africa-press.net\/senegal\/#\/schema\/person\/2b1cf3cd81a31e3cd26889ca66d677f1\",\"name\":\"cfeditorfr\",\"url\":\"https:\/\/www.africa-press.net\/senegal\/author\/cfeditorfr\"}]}<\/script>\n<!-- \/ Yoast SEO Premium plugin. -->","yoast_head_json":{"title":"Gouvernement: les lec\u0327ons de Macky Sall aux entrants - Senegal","robots":{"index":"index","follow":"follow","max-snippet":"max-snippet:-1","max-image-preview":"max-image-preview:large","max-video-preview":"max-video-preview:-1"},"canonical":"https:\/\/www.africa-press.net\/senegal\/politique\/gouvernement-les-lecons-de-macky-sall-aux-entrants","og_locale":"fr_FR","og_type":"article","og_title":"Gouvernement: les lec\u0327ons de Macky Sall aux entrants","og_description":"Africa-Press &#8211; Senegal. A\u0300 chaque mise en place d\u2019un nouvel attelage, le Pre\u0301sident Macky Sall fixe, a\u0300 l\u2019attention surtout des entrants, le cadre et les re\u0300gles de fonctionnement du gouvernement. Celui monte\u0301 le 8 mars ne fait pas exception. \u00abLa nouvelle e\u0301quipe autour du nouveau Premier ministre, Me Sidiki Kaba, a rec\u0327u hier [mercredi] sa [&hellip;]","og_url":"https:\/\/www.africa-press.net\/senegal\/politique\/gouvernement-les-lecons-de-macky-sall-aux-entrants","og_site_name":"Senegal","article_published_time":"2024-03-15T00:22:06+00:00","author":"cfeditorfr","twitter_card":"summary_large_image","twitter_misc":{"\u00c9crit par":"cfeditorfr","Dur\u00e9e de lecture estim\u00e9e":"1 minute"},"schema":{"@context":"https:\/\/schema.org","@graph":[{"@type":"Article","@id":"https:\/\/www.africa-press.net\/senegal\/politique\/gouvernement-les-lecons-de-macky-sall-aux-entrants#article","isPartOf":{"@id":"https:\/\/www.africa-press.net\/senegal\/politique\/gouvernement-les-lecons-de-macky-sall-aux-entrants"},"author":{"name":"cfeditorfr","@id":"https:\/\/www.africa-press.net\/senegal\/#\/schema\/person\/2b1cf3cd81a31e3cd26889ca66d677f1"},"headline":"Gouvernement: les lec\u0327ons de Macky Sall aux entrants","datePublished":"2024-03-15T00:22:06+00:00","mainEntityOfPage":{"@id":"https:\/\/www.africa-press.net\/senegal\/politique\/gouvernement-les-lecons-de-macky-sall-aux-entrants"},"wordCount":216,"commentCount":0,"image":{"@id":"https:\/\/www.africa-press.net\/senegal\/politique\/gouvernement-les-lecons-de-macky-sall-aux-entrants#primaryimage"},"thumbnailUrl":"https:\/\/static.africa-press.net\/senegal\/sites\/13\/2024\/03\/sm_1710451898.707085.jpg","keywords":["Africa Press","Africa Press-Senegal","Senegal"],"articleSection":["Politique","Toutes les actualit\u00e9s"],"inLanguage":"fr-FR","potentialAction":[{"@type":"CommentAction","name":"Comment","target":["https:\/\/www.africa-press.net\/senegal\/politique\/gouvernement-les-lecons-de-macky-sall-aux-entrants#respond"]}]},{"@type":"WebPage","@id":"https:\/\/www.africa-press.net\/senegal\/politique\/gouvernement-les-lecons-de-macky-sall-aux-entrants","url":"https:\/\/www.africa-press.net\/senegal\/politique\/gouvernement-les-lecons-de-macky-sall-aux-entrants","name":"Gouvernement: les lec\u0327ons de Macky Sall aux entrants - Senegal","isPartOf":{"@id":"https:\/\/www.africa-press.net\/senegal\/#website"},"primaryImageOfPage":{"@id":"https:\/\/www.africa-press.net\/senegal\/politique\/gouvernement-les-lecons-de-macky-sall-aux-entrants#primaryimage"},"image":{"@id":"https:\/\/www.africa-press.net\/senegal\/politique\/gouvernement-les-lecons-de-macky-sall-aux-entrants#primaryimage"},"thumbnailUrl":"https:\/\/static.africa-press.net\/senegal\/sites\/13\/2024\/03\/sm_1710451898.707085.jpg","datePublished":"2024-03-15T00:22:06+00:00","author":{"@id":"https:\/\/www.africa-press.net\/senegal\/#\/schema\/person\/2b1cf3cd81a31e3cd26889ca66d677f1"},"breadcrumb":{"@id":"https:\/\/www.africa-press.net\/senegal\/politique\/gouvernement-les-lecons-de-macky-sall-aux-entrants#breadcrumb"},"inLanguage":"fr-FR","potentialAction":[{"@type":"ReadAction","target":["https:\/\/www.africa-press.net\/senegal\/politique\/gouvernement-les-lecons-de-macky-sall-aux-entrants"]}]},{"@type":"ImageObject","inLanguage":"fr-FR","@id":"https:\/\/www.africa-press.net\/senegal\/politique\/gouvernement-les-lecons-de-macky-sall-aux-entrants#primaryimage","url":"https:\/\/static.africa-press.net\/senegal\/sites\/13\/2024\/03\/sm_1710451898.707085.jpg","contentUrl":"https:\/\/static.africa-press.net\/senegal\/sites\/13\/2024\/03\/sm_1710451898.707085.jpg","width":1299,"height":632,"caption":"Gouvernement: les lec\u0327ons de Macky Sall aux entrants"},{"@type":"BreadcrumbList","@id":"https:\/\/www.africa-press.net\/senegal\/politique\/gouvernement-les-lecons-de-macky-sall-aux-entrants#breadcrumb","itemListElement":[{"@type":"ListItem","position":1,"name":"Accueil","item":"https:\/\/www.africa-press.net\/senegal\/"},{"@type":"ListItem","position":2,"name":"Gouvernement: les lec\u0327ons de Macky Sall aux entrants"}]},{"@type":"WebSite","@id":"https:\/\/www.africa-press.net\/senegal\/#website","url":"https:\/\/www.africa-press.net\/senegal\/","name":"Africa Press | Senegal | Homepage","description":"Just another Africa News Agency Sites site","potentialAction":[{"@type":"SearchAction","target":{"@type":"EntryPoint","urlTemplate":"https:\/\/www.africa-press.net\/senegal\/?s={search_term_string}"},"query-input":{"@type":"PropertyValueSpecification","valueRequired":true,"valueName":"search_term_string"}}],"inLanguage":"fr-FR"},{"@type":"Person","@id":"https:\/\/www.africa-press.net\/senegal\/#\/schema\/person\/2b1cf3cd81a31e3cd26889ca66d677f1","name":"cfeditorfr","url":"https:\/\/www.africa-press.net\/senegal\/author\/cfeditorfr"}]}},"_links":{"self":[{"href":"https:\/\/www.africa-press.net\/senegal\/wp-json\/wp\/v2\/posts\/56875","targetHints":{"allow":["GET"]}}],"collection":[{"href":"https:\/\/www.africa-press.net\/senegal\/wp-json\/wp\/v2\/posts"}],"about":[{"href":"https:\/\/www.africa-press.net\/senegal\/wp-json\/wp\/v2\/types\/post"}],"author":[{"embeddable":true,"href":"https:\/\/www.africa-press.net\/senegal\/wp-json\/wp\/v2\/users\/82"}],"replies":[{"embeddable":true,"href":"https:\/\/www.africa-press.net\/senegal\/wp-json\/wp\/v2\/comments?post=56875"}],"version-history":[{"count":0,"href":"https:\/\/www.africa-press.net\/senegal\/wp-json\/wp\/v2\/posts\/56875\/revisions"}],"wp:featuredmedia":[{"embeddable":true,"href":"https:\/\/www.africa-press.net\/senegal\/wp-json\/wp\/v2\/media\/56874"}],"wp:attachment":[{"href":"https:\/\/www.africa-press.net\/senegal\/wp-json\/wp\/v2\/media?parent=56875"}],"wp:term":[{"taxonomy":"category","embeddable":true,"href":"https:\/\/www.africa-press.net\/senegal\/wp-json\/wp\/v2\/categories?post=56875"},{"taxonomy":"post_tag","embeddable":true,"href":"https:\/\/www.africa-press.net\/senegal\/wp-json\/wp\/v2\/tags?post=56875"}],"curies":[{"name":"wp","href":"https:\/\/api.w.org\/{rel}","templated":true}]}}