{"id":56878,"date":"2024-03-14T20:45:46","date_gmt":"2024-03-14T20:45:46","guid":{"rendered":"https:\/\/www.africa-press.net\/senegal\/politique\/port-a-sec-diversification-des-activites-economiques-dethie-fall-trace-la-voie-de-la-valorisation-des-potentialites-de-tambacounda"},"modified":"2024-03-15T02:05:03","modified_gmt":"2024-03-15T02:05:03","slug":"port-a-sec-diversification-des-activites-economiques-dethie-fall-trace-la-voie-de-la-valorisation-des-potentialites-de-tambacounda","status":"publish","type":"post","link":"https:\/\/www.africa-press.net\/senegal\/economie\/port-a-sec-diversification-des-activites-economiques-dethie-fall-trace-la-voie-de-la-valorisation-des-potentialites-de-tambacounda","title":{"rendered":"Port a\u0300 sec, diversification des activite\u0301s e\u0301conomiques&#8230;: De\u0301thie\u0301 Fall trace la voie de la valorisation des potentialite\u0301s de Tambacounda"},"content":{"rendered":"<p><span style=\"color: #ff6600\"><strong>Africa-Press &#8211; Senegal. <\/strong><\/span>Les ambitions du candidat De\u0301thie\u0301 Fall pour la re\u0301gion de Tambacounda sont grandes. Il compte transformer cette re\u0301gion aux e\u0301normes potentialite\u0301s dans la mise en \u0153uvre du Programme \u2018\u2019 Un Se\u0301ne\u0301gal Bon a\u0300 vivre et beau a\u0300 voir\u2019\u2019. Situe\u0301e a\u0300 l\u2019Est du Se\u0301ne\u0301gal, la re\u0301gion de Tambacounda a un sous-sol tre\u0300s riche mais une frange importante de la population vit sous le seuil de la pauvrete\u0301. Ce paradoxe sera corrige\u0301 une fois que le candidat De\u0301thie\u0301 Fall arrivera au pouvoir. Il s\u2019engage a\u0300 relever les de\u0301fis en adoptant une approche participative axe\u0301e sur le de\u0301veloppement durable et la cre\u0301ation d\u2019emplois locaux.<\/p>\n<p>Figure dans son programme, la cre\u0301ation d\u2019un port sec dans la ville de Tambacounda avec l\u2019ambition de rivaliser le Port d\u2019Abidjan. La construction de ce port aura des effets d\u2019entrai\u0302nement sur l\u2019e\u0301conomie locale et nationale, sans oublier la cre\u0301ation des emplois. Au-dela\u0300 du port, ce sont des investissements strate\u0301giques qui mettront Tambacounda sur les rampes du de\u0301veloppement.<\/p>\n<p>\u00ab\u00a0Je compte booster l&rsquo;e\u0301conomie de Tambacounda en cre\u0301ant un port sec dans la re\u0301gion orientale pour rivaliser avec le port d&rsquo;Abidjan. Je crois fermement que cette initiative stimulera le commerce re\u0301gional et renforcera notre position dans la sous-re\u0301gion \u00bb, a de\u0301cline\u0301 le candidat a\u0300 l\u2019e\u0301lection pre\u0301sidentielle. Il a ajoute\u0301: \u00ab En investissant dans cette infrastructure strate\u0301gique, je m&rsquo;engage a\u0300 cre\u0301er des opportunite\u0301s d&#8217;emplois, a\u0300 encourager les investissements et a\u0300 dynamiser le de\u0301veloppement e\u0301conomique de notre re\u0301gion. Je suis convaincu que ce projet contribuera a\u0300 promouvoir la croissance e\u0301conomique et a\u0300 ame\u0301liorer la qualite\u0301 de vie de nos concitoyens \u00bb.<\/p>\n<p>En plus des promesses pour relancer l&rsquo;e\u0301conomie locale, l&rsquo;ancien soldat accorde une grande importance a\u0300 la se\u0301curite\u0301, un e\u0301le\u0301ment essentiel pour favoriser un environnement propice aux investissements et a\u0300 la croissance durable. Sur ce, il promet de renforcer la se\u0301curite\u0301 a\u0300 l&rsquo;inte\u0301rieur et aux frontie\u0300res de la re\u0301gion afin de garantir la stabilite\u0301.<\/p>\n<p>En outre, De\u0301thie\u0301 Fall est de\u0301termine\u0301 a\u0300 promouvoir le tourisme en valorisant les sites touristiques de Tambacounda et en mettant en lumie\u0300re son riche patrimoine culturel et naturel.<\/p>\n<p>Ainsi cette initiative diversifiera l&rsquo;e\u0301conomie locale. Conscient du potentiel agricole de la re\u0301gion, le leader de la coalition De\u0301thie\u03012024 pre\u0301voit de de\u0301velopper la culture du coton pour re\u0301pondre a\u0300 la demande croissante sur les marche\u0301s nationaux et internationaux. Cette strate\u0301gie de de\u0301veloppement agricole durable ame\u0301liorera les conditions de vie des agriculteurs locaux dans son ensemble.<\/p>\n<p><strong>Pour plus d&rsquo;informations et d&rsquo;analyses sur la <a href=\"https:\/\/www.africa-press.net\/senegal\">Senegal<\/a>, suivez <a href=\"https:\/\/www.africa-press.net\/\">Africa-Press<\/a><\/strong><\/p>\n","protected":false},"excerpt":{"rendered":"<p>Africa-Press &#8211; Senegal. Les ambitions du candidat De\u0301thie\u0301 Fall pour la re\u0301gion de Tambacounda sont grandes. Il compte transformer cette re\u0301gion aux e\u0301normes potentialite\u0301s dans la mise en \u0153uvre du Programme \u2018\u2019 Un Se\u0301ne\u0301gal Bon a\u0300 vivre et beau a\u0300 voir\u2019\u2019. Situe\u0301e a\u0300 l\u2019Est du Se\u0301ne\u0301gal, la re\u0301gion de Tambacounda a un sous-sol tre\u0300s riche [&hellip;]<\/p>\n","protected":false},"author":82,"featured_media":56877,"comment_status":"open","ping_status":"closed","sticky":false,"template":"","format":"standard","meta":{"footnotes":""},"categories":[3,10],"tags":[43,47,44],"class_list":["post-56878","post","type-post","status-publish","format-standard","has-post-thumbnail","hentry","category-economie","category-toutes-les-actualites","tag-africa-press-2","tag-africa-press-senegal","tag-senegal-2"],"yoast_head":"<!-- This site is optimized with the Yoast SEO Premium plugin v26.1 (Yoast SEO v27.0) - https:\/\/yoast.com\/product\/yoast-seo-premium-wordpress\/ -->\n<title>Port a\u0300 sec, diversification des activite\u0301s e\u0301conomiques...: De\u0301thie\u0301 Fall trace la voie de la valorisation des potentialite\u0301s de Tambacounda - Senegal<\/title>\n<meta name=\"description\" content=\"Les ambitions du candidat De\u0301thie\u0301 Fall pour la re\u0301gion de Tambacounda sont grandes. Il compte transformer cette re\u0301gion ...\" \/>\n<meta name=\"robots\" content=\"index, follow, max-snippet:-1, max-image-preview:large, max-video-preview:-1\" \/>\n<link rel=\"canonical\" href=\"https:\/\/www.africa-press.net\/senegal\/economie\/port-a-sec-diversification-des-activites-economiques-dethie-fall-trace-la-voie-de-la-valorisation-des-potentialites-de-tambacounda\" \/>\n<meta property=\"og:locale\" content=\"fr_FR\" \/>\n<meta property=\"og:type\" content=\"article\" \/>\n<meta property=\"og:title\" content=\"Port a\u0300 sec, diversification des activite\u0301s e\u0301conomiques...: De\u0301thie\u0301 Fall trace la voie de la valorisation des potentialite\u0301s de Tambacounda\" \/>\n<meta property=\"og:description\" content=\"Les ambitions du candidat De\u0301thie\u0301 Fall pour la re\u0301gion de Tambacounda sont grandes. Il compte transformer cette re\u0301gion ...\" \/>\n<meta property=\"og:url\" content=\"https:\/\/www.africa-press.net\/senegal\/economie\/port-a-sec-diversification-des-activites-economiques-dethie-fall-trace-la-voie-de-la-valorisation-des-potentialites-de-tambacounda\" \/>\n<meta property=\"og:site_name\" content=\"Senegal\" \/>\n<meta property=\"article:published_time\" content=\"2024-03-14T20:45:46+00:00\" \/>\n<meta property=\"article:modified_time\" content=\"2024-03-15T02:05:03+00:00\" \/>\n<meta property=\"og:image\" content=\"https:\/\/static.africa-press.net\/senegal\/sites\/13\/2024\/03\/sm_1710452033.827336.jpg\" \/>\n\t<meta property=\"og:image:width\" content=\"1301\" \/>\n\t<meta property=\"og:image:height\" content=\"628\" \/>\n\t<meta property=\"og:image:type\" content=\"image\/jpeg\" \/>\n<meta name=\"author\" content=\"cfeditorfr\" \/>\n<meta name=\"twitter:card\" content=\"summary_large_image\" \/>\n<meta name=\"twitter:label1\" content=\"\u00c9crit par\" \/>\n\t<meta name=\"twitter:data1\" content=\"cfeditorfr\" \/>\n\t<meta name=\"twitter:label2\" content=\"Dur\u00e9e de lecture estim\u00e9e\" \/>\n\t<meta name=\"twitter:data2\" content=\"2 minutes\" \/>\n<script type=\"application\/ld+json\" class=\"yoast-schema-graph\">{\"@context\":\"https:\/\/schema.org\",\"@graph\":[{\"@type\":\"Article\",\"@id\":\"https:\/\/www.africa-press.net\/senegal\/economie\/port-a-sec-diversification-des-activites-economiques-dethie-fall-trace-la-voie-de-la-valorisation-des-potentialites-de-tambacounda#article\",\"isPartOf\":{\"@id\":\"https:\/\/www.africa-press.net\/senegal\/economie\/port-a-sec-diversification-des-activites-economiques-dethie-fall-trace-la-voie-de-la-valorisation-des-potentialites-de-tambacounda\"},\"author\":{\"name\":\"cfeditorfr\",\"@id\":\"https:\/\/www.africa-press.net\/senegal\/#\/schema\/person\/2b1cf3cd81a31e3cd26889ca66d677f1\"},\"headline\":\"Port a\u0300 sec, diversification des activite\u0301s e\u0301conomiques&#8230;: De\u0301thie\u0301 Fall trace la voie de la valorisation des potentialite\u0301s de Tambacounda\",\"datePublished\":\"2024-03-14T20:45:46+00:00\",\"dateModified\":\"2024-03-15T02:05:03+00:00\",\"mainEntityOfPage\":{\"@id\":\"https:\/\/www.africa-press.net\/senegal\/economie\/port-a-sec-diversification-des-activites-economiques-dethie-fall-trace-la-voie-de-la-valorisation-des-potentialites-de-tambacounda\"},\"wordCount\":504,\"commentCount\":0,\"image\":{\"@id\":\"https:\/\/www.africa-press.net\/senegal\/economie\/port-a-sec-diversification-des-activites-economiques-dethie-fall-trace-la-voie-de-la-valorisation-des-potentialites-de-tambacounda#primaryimage\"},\"thumbnailUrl\":\"https:\/\/static.africa-press.net\/senegal\/sites\/13\/2024\/03\/sm_1710452033.827336.jpg\",\"keywords\":[\"Africa Press\",\"Africa Press-Senegal\",\"Senegal\"],\"articleSection\":[\"\u00c9conomie\",\"Toutes les actualit\u00e9s\"],\"inLanguage\":\"fr-FR\",\"potentialAction\":[{\"@type\":\"CommentAction\",\"name\":\"Comment\",\"target\":[\"https:\/\/www.africa-press.net\/senegal\/economie\/port-a-sec-diversification-des-activites-economiques-dethie-fall-trace-la-voie-de-la-valorisation-des-potentialites-de-tambacounda#respond\"]}]},{\"@type\":\"WebPage\",\"@id\":\"https:\/\/www.africa-press.net\/senegal\/economie\/port-a-sec-diversification-des-activites-economiques-dethie-fall-trace-la-voie-de-la-valorisation-des-potentialites-de-tambacounda\",\"url\":\"https:\/\/www.africa-press.net\/senegal\/economie\/port-a-sec-diversification-des-activites-economiques-dethie-fall-trace-la-voie-de-la-valorisation-des-potentialites-de-tambacounda\",\"name\":\"Port a\u0300 sec, diversification des activite\u0301s e\u0301conomiques...: De\u0301thie\u0301 Fall trace la voie de la valorisation des potentialite\u0301s de Tambacounda - Senegal\",\"isPartOf\":{\"@id\":\"https:\/\/www.africa-press.net\/senegal\/#website\"},\"primaryImageOfPage\":{\"@id\":\"https:\/\/www.africa-press.net\/senegal\/economie\/port-a-sec-diversification-des-activites-economiques-dethie-fall-trace-la-voie-de-la-valorisation-des-potentialites-de-tambacounda#primaryimage\"},\"image\":{\"@id\":\"https:\/\/www.africa-press.net\/senegal\/economie\/port-a-sec-diversification-des-activites-economiques-dethie-fall-trace-la-voie-de-la-valorisation-des-potentialites-de-tambacounda#primaryimage\"},\"thumbnailUrl\":\"https:\/\/static.africa-press.net\/senegal\/sites\/13\/2024\/03\/sm_1710452033.827336.jpg\",\"datePublished\":\"2024-03-14T20:45:46+00:00\",\"dateModified\":\"2024-03-15T02:05:03+00:00\",\"author\":{\"@id\":\"https:\/\/www.africa-press.net\/senegal\/#\/schema\/person\/2b1cf3cd81a31e3cd26889ca66d677f1\"},\"description\":\"Les ambitions du candidat De\u0301thie\u0301 Fall pour la re\u0301gion de Tambacounda sont grandes. Il compte transformer cette re\u0301gion ...\",\"breadcrumb\":{\"@id\":\"https:\/\/www.africa-press.net\/senegal\/economie\/port-a-sec-diversification-des-activites-economiques-dethie-fall-trace-la-voie-de-la-valorisation-des-potentialites-de-tambacounda#breadcrumb\"},\"inLanguage\":\"fr-FR\",\"potentialAction\":[{\"@type\":\"ReadAction\",\"target\":[\"https:\/\/www.africa-press.net\/senegal\/economie\/port-a-sec-diversification-des-activites-economiques-dethie-fall-trace-la-voie-de-la-valorisation-des-potentialites-de-tambacounda\"]}]},{\"@type\":\"ImageObject\",\"inLanguage\":\"fr-FR\",\"@id\":\"https:\/\/www.africa-press.net\/senegal\/economie\/port-a-sec-diversification-des-activites-economiques-dethie-fall-trace-la-voie-de-la-valorisation-des-potentialites-de-tambacounda#primaryimage\",\"url\":\"https:\/\/static.africa-press.net\/senegal\/sites\/13\/2024\/03\/sm_1710452033.827336.jpg\",\"contentUrl\":\"https:\/\/static.africa-press.net\/senegal\/sites\/13\/2024\/03\/sm_1710452033.827336.jpg\",\"width\":1301,\"height\":628,\"caption\":\"Port a\u0300 sec, diversification des activite\u0301s e\u0301conomiques...: De\u0301thie\u0301 Fall trace la voie de la valorisation des potentialite\u0301s de Tambacounda\"},{\"@type\":\"BreadcrumbList\",\"@id\":\"https:\/\/www.africa-press.net\/senegal\/economie\/port-a-sec-diversification-des-activites-economiques-dethie-fall-trace-la-voie-de-la-valorisation-des-potentialites-de-tambacounda#breadcrumb\",\"itemListElement\":[{\"@type\":\"ListItem\",\"position\":1,\"name\":\"Accueil\",\"item\":\"https:\/\/www.africa-press.net\/senegal\/\"},{\"@type\":\"ListItem\",\"position\":2,\"name\":\"Port a\u0300 sec, diversification des activite\u0301s e\u0301conomiques&#8230;: De\u0301thie\u0301 Fall trace la voie de la valorisation des potentialite\u0301s de Tambacounda\"}]},{\"@type\":\"WebSite\",\"@id\":\"https:\/\/www.africa-press.net\/senegal\/#website\",\"url\":\"https:\/\/www.africa-press.net\/senegal\/\",\"name\":\"Africa Press | Senegal | Homepage\",\"description\":\"Just another Africa News Agency Sites site\",\"potentialAction\":[{\"@type\":\"SearchAction\",\"target\":{\"@type\":\"EntryPoint\",\"urlTemplate\":\"https:\/\/www.africa-press.net\/senegal\/?s={search_term_string}\"},\"query-input\":{\"@type\":\"PropertyValueSpecification\",\"valueRequired\":true,\"valueName\":\"search_term_string\"}}],\"inLanguage\":\"fr-FR\"},{\"@type\":\"Person\",\"@id\":\"https:\/\/www.africa-press.net\/senegal\/#\/schema\/person\/2b1cf3cd81a31e3cd26889ca66d677f1\",\"name\":\"cfeditorfr\",\"url\":\"https:\/\/www.africa-press.net\/senegal\/author\/cfeditorfr\"}]}<\/script>\n<!-- \/ Yoast SEO Premium plugin. -->","yoast_head_json":{"title":"Port a\u0300 sec, diversification des activite\u0301s e\u0301conomiques...: De\u0301thie\u0301 Fall trace la voie de la valorisation des potentialite\u0301s de Tambacounda - Senegal","description":"Les ambitions du candidat De\u0301thie\u0301 Fall pour la re\u0301gion de Tambacounda sont grandes. Il compte transformer cette re\u0301gion ...","robots":{"index":"index","follow":"follow","max-snippet":"max-snippet:-1","max-image-preview":"max-image-preview:large","max-video-preview":"max-video-preview:-1"},"canonical":"https:\/\/www.africa-press.net\/senegal\/economie\/port-a-sec-diversification-des-activites-economiques-dethie-fall-trace-la-voie-de-la-valorisation-des-potentialites-de-tambacounda","og_locale":"fr_FR","og_type":"article","og_title":"Port a\u0300 sec, diversification des activite\u0301s e\u0301conomiques...: De\u0301thie\u0301 Fall trace la voie de la valorisation des potentialite\u0301s de Tambacounda","og_description":"Les ambitions du candidat De\u0301thie\u0301 Fall pour la re\u0301gion de Tambacounda sont grandes. Il compte transformer cette re\u0301gion ...","og_url":"https:\/\/www.africa-press.net\/senegal\/economie\/port-a-sec-diversification-des-activites-economiques-dethie-fall-trace-la-voie-de-la-valorisation-des-potentialites-de-tambacounda","og_site_name":"Senegal","article_published_time":"2024-03-14T20:45:46+00:00","article_modified_time":"2024-03-15T02:05:03+00:00","og_image":[{"width":1301,"height":628,"url":"https:\/\/static.africa-press.net\/senegal\/sites\/13\/2024\/03\/sm_1710452033.827336.jpg","type":"image\/jpeg"}],"author":"cfeditorfr","twitter_card":"summary_large_image","twitter_misc":{"\u00c9crit par":"cfeditorfr","Dur\u00e9e de lecture estim\u00e9e":"2 minutes"},"schema":{"@context":"https:\/\/schema.org","@graph":[{"@type":"Article","@id":"https:\/\/www.africa-press.net\/senegal\/economie\/port-a-sec-diversification-des-activites-economiques-dethie-fall-trace-la-voie-de-la-valorisation-des-potentialites-de-tambacounda#article","isPartOf":{"@id":"https:\/\/www.africa-press.net\/senegal\/economie\/port-a-sec-diversification-des-activites-economiques-dethie-fall-trace-la-voie-de-la-valorisation-des-potentialites-de-tambacounda"},"author":{"name":"cfeditorfr","@id":"https:\/\/www.africa-press.net\/senegal\/#\/schema\/person\/2b1cf3cd81a31e3cd26889ca66d677f1"},"headline":"Port a\u0300 sec, diversification des activite\u0301s e\u0301conomiques&#8230;: De\u0301thie\u0301 Fall trace la voie de la valorisation des potentialite\u0301s de Tambacounda","datePublished":"2024-03-14T20:45:46+00:00","dateModified":"2024-03-15T02:05:03+00:00","mainEntityOfPage":{"@id":"https:\/\/www.africa-press.net\/senegal\/economie\/port-a-sec-diversification-des-activites-economiques-dethie-fall-trace-la-voie-de-la-valorisation-des-potentialites-de-tambacounda"},"wordCount":504,"commentCount":0,"image":{"@id":"https:\/\/www.africa-press.net\/senegal\/economie\/port-a-sec-diversification-des-activites-economiques-dethie-fall-trace-la-voie-de-la-valorisation-des-potentialites-de-tambacounda#primaryimage"},"thumbnailUrl":"https:\/\/static.africa-press.net\/senegal\/sites\/13\/2024\/03\/sm_1710452033.827336.jpg","keywords":["Africa Press","Africa Press-Senegal","Senegal"],"articleSection":["\u00c9conomie","Toutes les actualit\u00e9s"],"inLanguage":"fr-FR","potentialAction":[{"@type":"CommentAction","name":"Comment","target":["https:\/\/www.africa-press.net\/senegal\/economie\/port-a-sec-diversification-des-activites-economiques-dethie-fall-trace-la-voie-de-la-valorisation-des-potentialites-de-tambacounda#respond"]}]},{"@type":"WebPage","@id":"https:\/\/www.africa-press.net\/senegal\/economie\/port-a-sec-diversification-des-activites-economiques-dethie-fall-trace-la-voie-de-la-valorisation-des-potentialites-de-tambacounda","url":"https:\/\/www.africa-press.net\/senegal\/economie\/port-a-sec-diversification-des-activites-economiques-dethie-fall-trace-la-voie-de-la-valorisation-des-potentialites-de-tambacounda","name":"Port a\u0300 sec, diversification des activite\u0301s e\u0301conomiques...: De\u0301thie\u0301 Fall trace la voie de la valorisation des potentialite\u0301s de Tambacounda - Senegal","isPartOf":{"@id":"https:\/\/www.africa-press.net\/senegal\/#website"},"primaryImageOfPage":{"@id":"https:\/\/www.africa-press.net\/senegal\/economie\/port-a-sec-diversification-des-activites-economiques-dethie-fall-trace-la-voie-de-la-valorisation-des-potentialites-de-tambacounda#primaryimage"},"image":{"@id":"https:\/\/www.africa-press.net\/senegal\/economie\/port-a-sec-diversification-des-activites-economiques-dethie-fall-trace-la-voie-de-la-valorisation-des-potentialites-de-tambacounda#primaryimage"},"thumbnailUrl":"https:\/\/static.africa-press.net\/senegal\/sites\/13\/2024\/03\/sm_1710452033.827336.jpg","datePublished":"2024-03-14T20:45:46+00:00","dateModified":"2024-03-15T02:05:03+00:00","author":{"@id":"https:\/\/www.africa-press.net\/senegal\/#\/schema\/person\/2b1cf3cd81a31e3cd26889ca66d677f1"},"description":"Les ambitions du candidat De\u0301thie\u0301 Fall pour la re\u0301gion de Tambacounda sont grandes. Il compte transformer cette re\u0301gion ...","breadcrumb":{"@id":"https:\/\/www.africa-press.net\/senegal\/economie\/port-a-sec-diversification-des-activites-economiques-dethie-fall-trace-la-voie-de-la-valorisation-des-potentialites-de-tambacounda#breadcrumb"},"inLanguage":"fr-FR","potentialAction":[{"@type":"ReadAction","target":["https:\/\/www.africa-press.net\/senegal\/economie\/port-a-sec-diversification-des-activites-economiques-dethie-fall-trace-la-voie-de-la-valorisation-des-potentialites-de-tambacounda"]}]},{"@type":"ImageObject","inLanguage":"fr-FR","@id":"https:\/\/www.africa-press.net\/senegal\/economie\/port-a-sec-diversification-des-activites-economiques-dethie-fall-trace-la-voie-de-la-valorisation-des-potentialites-de-tambacounda#primaryimage","url":"https:\/\/static.africa-press.net\/senegal\/sites\/13\/2024\/03\/sm_1710452033.827336.jpg","contentUrl":"https:\/\/static.africa-press.net\/senegal\/sites\/13\/2024\/03\/sm_1710452033.827336.jpg","width":1301,"height":628,"caption":"Port a\u0300 sec, diversification des activite\u0301s e\u0301conomiques...: De\u0301thie\u0301 Fall trace la voie de la valorisation des potentialite\u0301s de Tambacounda"},{"@type":"BreadcrumbList","@id":"https:\/\/www.africa-press.net\/senegal\/economie\/port-a-sec-diversification-des-activites-economiques-dethie-fall-trace-la-voie-de-la-valorisation-des-potentialites-de-tambacounda#breadcrumb","itemListElement":[{"@type":"ListItem","position":1,"name":"Accueil","item":"https:\/\/www.africa-press.net\/senegal\/"},{"@type":"ListItem","position":2,"name":"Port a\u0300 sec, diversification des activite\u0301s e\u0301conomiques&#8230;: De\u0301thie\u0301 Fall trace la voie de la valorisation des potentialite\u0301s de Tambacounda"}]},{"@type":"WebSite","@id":"https:\/\/www.africa-press.net\/senegal\/#website","url":"https:\/\/www.africa-press.net\/senegal\/","name":"Africa Press | Senegal | Homepage","description":"Just another Africa News Agency Sites site","potentialAction":[{"@type":"SearchAction","target":{"@type":"EntryPoint","urlTemplate":"https:\/\/www.africa-press.net\/senegal\/?s={search_term_string}"},"query-input":{"@type":"PropertyValueSpecification","valueRequired":true,"valueName":"search_term_string"}}],"inLanguage":"fr-FR"},{"@type":"Person","@id":"https:\/\/www.africa-press.net\/senegal\/#\/schema\/person\/2b1cf3cd81a31e3cd26889ca66d677f1","name":"cfeditorfr","url":"https:\/\/www.africa-press.net\/senegal\/author\/cfeditorfr"}]}},"_links":{"self":[{"href":"https:\/\/www.africa-press.net\/senegal\/wp-json\/wp\/v2\/posts\/56878","targetHints":{"allow":["GET"]}}],"collection":[{"href":"https:\/\/www.africa-press.net\/senegal\/wp-json\/wp\/v2\/posts"}],"about":[{"href":"https:\/\/www.africa-press.net\/senegal\/wp-json\/wp\/v2\/types\/post"}],"author":[{"embeddable":true,"href":"https:\/\/www.africa-press.net\/senegal\/wp-json\/wp\/v2\/users\/82"}],"replies":[{"embeddable":true,"href":"https:\/\/www.africa-press.net\/senegal\/wp-json\/wp\/v2\/comments?post=56878"}],"version-history":[{"count":0,"href":"https:\/\/www.africa-press.net\/senegal\/wp-json\/wp\/v2\/posts\/56878\/revisions"}],"wp:featuredmedia":[{"embeddable":true,"href":"https:\/\/www.africa-press.net\/senegal\/wp-json\/wp\/v2\/media\/56877"}],"wp:attachment":[{"href":"https:\/\/www.africa-press.net\/senegal\/wp-json\/wp\/v2\/media?parent=56878"}],"wp:term":[{"taxonomy":"category","embeddable":true,"href":"https:\/\/www.africa-press.net\/senegal\/wp-json\/wp\/v2\/categories?post=56878"},{"taxonomy":"post_tag","embeddable":true,"href":"https:\/\/www.africa-press.net\/senegal\/wp-json\/wp\/v2\/tags?post=56878"}],"curies":[{"name":"wp","href":"https:\/\/api.w.org\/{rel}","templated":true}]}}