{"id":56884,"date":"2024-03-14T20:48:08","date_gmt":"2024-03-14T20:48:08","guid":{"rendered":"https:\/\/www.africa-press.net\/senegal\/politique\/arret-sur-images-khalifa-sall-echange-des-civilites-avec-idrissa-seck-aliou-mamadou-dia-et-boubacar-camara"},"modified":"2024-03-15T02:05:40","modified_gmt":"2024-03-15T02:05:40","slug":"arret-sur-images-khalifa-sall-echange-des-civilites-avec-idrissa-seck-aliou-mamadou-dia-et-boubacar-camara","status":"publish","type":"post","link":"https:\/\/www.africa-press.net\/senegal\/politique\/arret-sur-images-khalifa-sall-echange-des-civilites-avec-idrissa-seck-aliou-mamadou-dia-et-boubacar-camara","title":{"rendered":"Arre\u0302t sur images: Khalifa Sall e\u0301change des civilite\u0301s avec Idrissa Seck, Aliou Mamadou Dia et Boubacar Camara"},"content":{"rendered":"<p><span style=\"color: #ff6600\"><strong>Africa-Press &#8211; Senegal. <\/strong><\/span>Dans un paysage politique souvent marque\u0301 par des e\u0301changes acerbes et des confrontations physiques, de\u0301tonne Khalifa Sall. Lors d&rsquo;une visite de proximite\u0301 a\u0300 Thie\u0300s, il a de\u0301montre\u0301 vision ce que son appelle un \u201cleadership responsable\u201d en rendant une visite de courtoisie a\u0300 son adversaire politique, Idrissa Seck.<\/p>\n<p>Plus tard, alors que les corte\u0300ges des diffe\u0301rents candidats se croisaient, Khalifa Sall a fait un arre\u0302t spontane\u0301 pour e\u0301changer des accolades chaleureuses avec les candidats Boubacar Camara Kamah et Mamadou Aliou Dia du Parti de l&rsquo;Unite\u0301 et du Rassemblement (PUR).<\/p>\n<p>Ce moment, empreint de respect mutuel et de camaraderie politique, contraste fortement avec le climat souvent tendu des campagnes e\u0301lectorales. Cette sce\u0300ne simple mais significative re\u0301ve\u0300le la volonte\u0301 de Khalifa Sall de transcender les divisions partisanes et de promouvoir un dialogue constructif entre les diffe\u0301rents acteurs politiques.<\/p>\n\r\n                <style type=\"text\/css\">\r\n                    \r\n                    #td_uid_1_69f0792a511c7  .td-doubleSlider-2 .td-item1 {\r\n                        background: url(https:\/\/static.africa-press.net\/senegal\/sites\/13\/2024\/03\/sm_1710452050.718469-80x60.jpg) 0 0 no-repeat;\r\n                    }\r\n                    #td_uid_1_69f0792a511c7  .td-doubleSlider-2 .td-item2 {\r\n                        background: url(https:\/\/static.africa-press.net\/senegal\/sites\/13\/2024\/03\/sm_1710452060.696947-80x60.jpg) 0 0 no-repeat;\r\n                    }\r\n                    #td_uid_1_69f0792a511c7  .td-doubleSlider-2 .td-item3 {\r\n                        background: url(https:\/\/static.africa-press.net\/senegal\/sites\/13\/2024\/03\/sm_1710452072.837035-80x60.jpg) 0 0 no-repeat;\r\n                    }\r\n                <\/style>\r\n\r\n                <div id=\"td_uid_1_69f0792a511c7\" class=\"td-gallery td-slide-on-2-columns\">\r\n                    <div class=\"post_td_gallery\">\r\n                        <div class=\"td-gallery-slide-top\">\r\n                           <div class=\"td-gallery-title\"><\/div>\r\n\r\n                            <div class=\"td-gallery-controls-wrapper\">\r\n                                <div class=\"td-gallery-slide-count\"><span class=\"td-gallery-slide-item-focus\">1<\/span> de 3<\/div>\r\n                                <div class=\"td-gallery-slide-prev-next-but\">\r\n                                    <i class = \"td-icon-left doubleSliderPrevButton\"><\/i>\r\n                                    <i class = \"td-icon-right doubleSliderNextButton\"><\/i>\r\n                                <\/div>\r\n                            <\/div>\r\n                        <\/div>\r\n\r\n                        <div class = \"td-doubleSlider-1 \">\r\n                            <div class = \"td-slider\">\r\n                                \r\n                    <div class = \"td-slide-item td-item1\">\r\n                        <figure class=\"td-slide-galery-figure td-slide-popup-gallery\">\r\n                            <a class=\"slide-gallery-image-link\" href=\"https:\/\/static.africa-press.net\/senegal\/sites\/13\/2024\/03\/sm_1710452050.718469.jpg\" title=\"sm_1710452050.718469\"  data-caption=\"\"  data-description=\"\">\r\n                                <img decoding=\"async\" src=\"https:\/\/static.africa-press.net\/senegal\/sites\/13\/2024\/03\/sm_1710452050.718469.jpg\" srcset=\"https:\/\/static.africa-press.net\/senegal\/sites\/13\/2024\/03\/sm_1710452050.718469.jpg 1080w, https:\/\/static.africa-press.net\/senegal\/sites\/13\/2024\/03\/sm_1710452050.718469-300x177.jpg 300w, https:\/\/static.africa-press.net\/senegal\/sites\/13\/2024\/03\/sm_1710452050.718469-1024x604.jpg 1024w, https:\/\/static.africa-press.net\/senegal\/sites\/13\/2024\/03\/sm_1710452050.718469-768x453.jpg 768w\" sizes=\"(max-width: 1080px) 100vw, 1080px\" alt=\"\">\r\n                            <\/a>\r\n                            \r\n                        <\/figure>\r\n                    <\/div>\r\n                    <div class = \"td-slide-item td-item2\">\r\n                        <figure class=\"td-slide-galery-figure td-slide-popup-gallery\">\r\n                            <a class=\"slide-gallery-image-link\" href=\"https:\/\/static.africa-press.net\/senegal\/sites\/13\/2024\/03\/sm_1710452060.696947.jpg\" title=\"sm_1710452060.696947\"  data-caption=\"\"  data-description=\"\">\r\n                                <img decoding=\"async\" src=\"https:\/\/static.africa-press.net\/senegal\/sites\/13\/2024\/03\/sm_1710452060.696947.jpg\" srcset=\"https:\/\/static.africa-press.net\/senegal\/sites\/13\/2024\/03\/sm_1710452060.696947.jpg 1080w, https:\/\/static.africa-press.net\/senegal\/sites\/13\/2024\/03\/sm_1710452060.696947-300x200.jpg 300w, https:\/\/static.africa-press.net\/senegal\/sites\/13\/2024\/03\/sm_1710452060.696947-1024x683.jpg 1024w, https:\/\/static.africa-press.net\/senegal\/sites\/13\/2024\/03\/sm_1710452060.696947-768x512.jpg 768w\" sizes=\"(max-width: 1080px) 100vw, 1080px\" alt=\"\">\r\n                            <\/a>\r\n                            \r\n                        <\/figure>\r\n                    <\/div>\r\n                    <div class = \"td-slide-item td-item3\">\r\n                        <figure class=\"td-slide-galery-figure td-slide-popup-gallery\">\r\n                            <a class=\"slide-gallery-image-link\" href=\"https:\/\/static.africa-press.net\/senegal\/sites\/13\/2024\/03\/sm_1710452072.837035.jpg\" title=\"sm_1710452072.837035\"  data-caption=\"\"  data-description=\"\">\r\n                                <img decoding=\"async\" src=\"https:\/\/static.africa-press.net\/senegal\/sites\/13\/2024\/03\/sm_1710452072.837035.jpg\" srcset=\"https:\/\/static.africa-press.net\/senegal\/sites\/13\/2024\/03\/sm_1710452072.837035.jpg 612w, https:\/\/static.africa-press.net\/senegal\/sites\/13\/2024\/03\/sm_1710452072.837035-300x146.jpg 300w, https:\/\/static.africa-press.net\/senegal\/sites\/13\/2024\/03\/sm_1710452072.837035-533x261.jpg 533w\" sizes=\"(max-width: 612px) 100vw, 612px\" alt=\"\">\r\n                            <\/a>\r\n                            \r\n                        <\/figure>\r\n                    <\/div>\r\n                            <\/div>\r\n                        <\/div>\r\n\r\n                        <div class = \"td-doubleSlider-2\">\r\n                            <div class = \"td-slider\">\r\n                                \r\n                    <div class = \"td-button td-item1\">\r\n                        <div class = \"td-border\"><\/div>\r\n                    <\/div>\r\n                    <div class = \"td-button td-item2\">\r\n                        <div class = \"td-border\"><\/div>\r\n                    <\/div>\r\n                    <div class = \"td-button td-item3\">\r\n                        <div class = \"td-border\"><\/div>\r\n                    <\/div>\r\n                            <\/div>\r\n                        <\/div>\r\n\r\n                    <\/div>\r\n\r\n                <\/div>\r\n                \n<p><strong>Pour plus d&rsquo;informations et d&rsquo;analyses sur la <a href=\"https:\/\/www.africa-press.net\/senegal\">Senegal<\/a>, suivez <a href=\"https:\/\/www.africa-press.net\/\">Africa-Press<\/a><\/strong><\/p>\n","protected":false},"excerpt":{"rendered":"<p>Africa-Press &#8211; Senegal. Dans un paysage politique souvent marque\u0301 par des e\u0301changes acerbes et des confrontations physiques, de\u0301tonne Khalifa Sall. Lors d&rsquo;une visite de proximite\u0301 a\u0300 Thie\u0300s, il a de\u0301montre\u0301 vision ce que son appelle un \u201cleadership responsable\u201d en rendant une visite de courtoisie a\u0300 son adversaire politique, Idrissa Seck. Plus tard, alors que les [&hellip;]<\/p>\n","protected":false},"author":82,"featured_media":56882,"comment_status":"open","ping_status":"closed","sticky":false,"template":"","format":"standard","meta":{"footnotes":""},"categories":[2,10],"tags":[43,47,44],"class_list":["post-56884","post","type-post","status-publish","format-standard","has-post-thumbnail","hentry","category-politique","category-toutes-les-actualites","tag-africa-press-2","tag-africa-press-senegal","tag-senegal-2"],"yoast_head":"<!-- This site is optimized with the Yoast SEO Premium plugin v26.1 (Yoast SEO v27.0) - https:\/\/yoast.com\/product\/yoast-seo-premium-wordpress\/ -->\n<title>Arre\u0302t sur images: Khalifa Sall e\u0301change des civilite\u0301s avec Idrissa Seck, Aliou Mamadou Dia et Boubacar Camara - Senegal<\/title>\n<meta name=\"description\" content=\"Dans un paysage politique souvent marque\u0301 par des e\u0301changes acerbes et des confrontations physiques, de\u0301tonne Khalifa Sa ...\" \/>\n<meta name=\"robots\" content=\"index, follow, max-snippet:-1, max-image-preview:large, max-video-preview:-1\" \/>\n<link rel=\"canonical\" href=\"https:\/\/www.africa-press.net\/senegal\/politique\/arret-sur-images-khalifa-sall-echange-des-civilites-avec-idrissa-seck-aliou-mamadou-dia-et-boubacar-camara\" \/>\n<meta property=\"og:locale\" content=\"fr_FR\" \/>\n<meta property=\"og:type\" content=\"article\" \/>\n<meta property=\"og:title\" content=\"Arre\u0302t sur images: Khalifa Sall e\u0301change des civilite\u0301s avec Idrissa Seck, Aliou Mamadou Dia et Boubacar Camara\" \/>\n<meta property=\"og:description\" content=\"Dans un paysage politique souvent marque\u0301 par des e\u0301changes acerbes et des confrontations physiques, de\u0301tonne Khalifa Sa ...\" \/>\n<meta property=\"og:url\" content=\"https:\/\/www.africa-press.net\/senegal\/politique\/arret-sur-images-khalifa-sall-echange-des-civilites-avec-idrissa-seck-aliou-mamadou-dia-et-boubacar-camara\" \/>\n<meta property=\"og:site_name\" content=\"Senegal\" \/>\n<meta property=\"article:published_time\" content=\"2024-03-14T20:48:08+00:00\" \/>\n<meta property=\"article:modified_time\" content=\"2024-03-15T02:05:40+00:00\" \/>\n<meta property=\"og:image\" content=\"https:\/\/static.africa-press.net\/senegal\/sites\/13\/2024\/03\/sm_1710452084.66076.jpg\" \/>\n\t<meta property=\"og:image:width\" content=\"1301\" \/>\n\t<meta property=\"og:image:height\" content=\"634\" \/>\n\t<meta property=\"og:image:type\" content=\"image\/jpeg\" \/>\n<meta name=\"author\" content=\"cfeditorfr\" \/>\n<meta name=\"twitter:card\" content=\"summary_large_image\" \/>\n<meta name=\"twitter:label1\" content=\"\u00c9crit par\" \/>\n\t<meta name=\"twitter:data1\" content=\"cfeditorfr\" \/>\n\t<meta name=\"twitter:label2\" content=\"Dur\u00e9e de lecture estim\u00e9e\" \/>\n\t<meta name=\"twitter:data2\" content=\"1 minute\" \/>\n<script type=\"application\/ld+json\" class=\"yoast-schema-graph\">{\"@context\":\"https:\/\/schema.org\",\"@graph\":[{\"@type\":\"Article\",\"@id\":\"https:\/\/www.africa-press.net\/senegal\/politique\/arret-sur-images-khalifa-sall-echange-des-civilites-avec-idrissa-seck-aliou-mamadou-dia-et-boubacar-camara#article\",\"isPartOf\":{\"@id\":\"https:\/\/www.africa-press.net\/senegal\/politique\/arret-sur-images-khalifa-sall-echange-des-civilites-avec-idrissa-seck-aliou-mamadou-dia-et-boubacar-camara\"},\"author\":{\"name\":\"cfeditorfr\",\"@id\":\"https:\/\/www.africa-press.net\/senegal\/#\/schema\/person\/2b1cf3cd81a31e3cd26889ca66d677f1\"},\"headline\":\"Arre\u0302t sur images: Khalifa Sall e\u0301change des civilite\u0301s avec Idrissa Seck, Aliou Mamadou Dia et Boubacar Camara\",\"datePublished\":\"2024-03-14T20:48:08+00:00\",\"dateModified\":\"2024-03-15T02:05:40+00:00\",\"mainEntityOfPage\":{\"@id\":\"https:\/\/www.africa-press.net\/senegal\/politique\/arret-sur-images-khalifa-sall-echange-des-civilites-avec-idrissa-seck-aliou-mamadou-dia-et-boubacar-camara\"},\"wordCount\":195,\"commentCount\":0,\"image\":{\"@id\":\"https:\/\/www.africa-press.net\/senegal\/politique\/arret-sur-images-khalifa-sall-echange-des-civilites-avec-idrissa-seck-aliou-mamadou-dia-et-boubacar-camara#primaryimage\"},\"thumbnailUrl\":\"https:\/\/static.africa-press.net\/senegal\/sites\/13\/2024\/03\/sm_1710452084.66076.jpg\",\"keywords\":[\"Africa Press\",\"Africa Press-Senegal\",\"Senegal\"],\"articleSection\":[\"Politique\",\"Toutes les actualit\u00e9s\"],\"inLanguage\":\"fr-FR\",\"potentialAction\":[{\"@type\":\"CommentAction\",\"name\":\"Comment\",\"target\":[\"https:\/\/www.africa-press.net\/senegal\/politique\/arret-sur-images-khalifa-sall-echange-des-civilites-avec-idrissa-seck-aliou-mamadou-dia-et-boubacar-camara#respond\"]}]},{\"@type\":\"WebPage\",\"@id\":\"https:\/\/www.africa-press.net\/senegal\/politique\/arret-sur-images-khalifa-sall-echange-des-civilites-avec-idrissa-seck-aliou-mamadou-dia-et-boubacar-camara\",\"url\":\"https:\/\/www.africa-press.net\/senegal\/politique\/arret-sur-images-khalifa-sall-echange-des-civilites-avec-idrissa-seck-aliou-mamadou-dia-et-boubacar-camara\",\"name\":\"Arre\u0302t sur images: Khalifa Sall e\u0301change des civilite\u0301s avec Idrissa Seck, Aliou Mamadou Dia et Boubacar Camara - Senegal\",\"isPartOf\":{\"@id\":\"https:\/\/www.africa-press.net\/senegal\/#website\"},\"primaryImageOfPage\":{\"@id\":\"https:\/\/www.africa-press.net\/senegal\/politique\/arret-sur-images-khalifa-sall-echange-des-civilites-avec-idrissa-seck-aliou-mamadou-dia-et-boubacar-camara#primaryimage\"},\"image\":{\"@id\":\"https:\/\/www.africa-press.net\/senegal\/politique\/arret-sur-images-khalifa-sall-echange-des-civilites-avec-idrissa-seck-aliou-mamadou-dia-et-boubacar-camara#primaryimage\"},\"thumbnailUrl\":\"https:\/\/static.africa-press.net\/senegal\/sites\/13\/2024\/03\/sm_1710452084.66076.jpg\",\"datePublished\":\"2024-03-14T20:48:08+00:00\",\"dateModified\":\"2024-03-15T02:05:40+00:00\",\"author\":{\"@id\":\"https:\/\/www.africa-press.net\/senegal\/#\/schema\/person\/2b1cf3cd81a31e3cd26889ca66d677f1\"},\"description\":\"Dans un paysage politique souvent marque\u0301 par des e\u0301changes acerbes et des confrontations physiques, de\u0301tonne Khalifa Sa ...\",\"breadcrumb\":{\"@id\":\"https:\/\/www.africa-press.net\/senegal\/politique\/arret-sur-images-khalifa-sall-echange-des-civilites-avec-idrissa-seck-aliou-mamadou-dia-et-boubacar-camara#breadcrumb\"},\"inLanguage\":\"fr-FR\",\"potentialAction\":[{\"@type\":\"ReadAction\",\"target\":[\"https:\/\/www.africa-press.net\/senegal\/politique\/arret-sur-images-khalifa-sall-echange-des-civilites-avec-idrissa-seck-aliou-mamadou-dia-et-boubacar-camara\"]}]},{\"@type\":\"ImageObject\",\"inLanguage\":\"fr-FR\",\"@id\":\"https:\/\/www.africa-press.net\/senegal\/politique\/arret-sur-images-khalifa-sall-echange-des-civilites-avec-idrissa-seck-aliou-mamadou-dia-et-boubacar-camara#primaryimage\",\"url\":\"https:\/\/static.africa-press.net\/senegal\/sites\/13\/2024\/03\/sm_1710452084.66076.jpg\",\"contentUrl\":\"https:\/\/static.africa-press.net\/senegal\/sites\/13\/2024\/03\/sm_1710452084.66076.jpg\",\"width\":1301,\"height\":634,\"caption\":\"Arre\u0302t sur images: Khalifa Sall e\u0301change des civilite\u0301s avec Idrissa Seck, Aliou Mamadou Dia et Boubacar Camara\"},{\"@type\":\"BreadcrumbList\",\"@id\":\"https:\/\/www.africa-press.net\/senegal\/politique\/arret-sur-images-khalifa-sall-echange-des-civilites-avec-idrissa-seck-aliou-mamadou-dia-et-boubacar-camara#breadcrumb\",\"itemListElement\":[{\"@type\":\"ListItem\",\"position\":1,\"name\":\"Accueil\",\"item\":\"https:\/\/www.africa-press.net\/senegal\/\"},{\"@type\":\"ListItem\",\"position\":2,\"name\":\"Arre\u0302t sur images: Khalifa Sall e\u0301change des civilite\u0301s avec Idrissa Seck, Aliou Mamadou Dia et Boubacar Camara\"}]},{\"@type\":\"WebSite\",\"@id\":\"https:\/\/www.africa-press.net\/senegal\/#website\",\"url\":\"https:\/\/www.africa-press.net\/senegal\/\",\"name\":\"Africa Press | Senegal | Homepage\",\"description\":\"Just another Africa News Agency Sites site\",\"potentialAction\":[{\"@type\":\"SearchAction\",\"target\":{\"@type\":\"EntryPoint\",\"urlTemplate\":\"https:\/\/www.africa-press.net\/senegal\/?s={search_term_string}\"},\"query-input\":{\"@type\":\"PropertyValueSpecification\",\"valueRequired\":true,\"valueName\":\"search_term_string\"}}],\"inLanguage\":\"fr-FR\"},{\"@type\":\"Person\",\"@id\":\"https:\/\/www.africa-press.net\/senegal\/#\/schema\/person\/2b1cf3cd81a31e3cd26889ca66d677f1\",\"name\":\"cfeditorfr\",\"url\":\"https:\/\/www.africa-press.net\/senegal\/author\/cfeditorfr\"}]}<\/script>\n<!-- \/ Yoast SEO Premium plugin. -->","yoast_head_json":{"title":"Arre\u0302t sur images: Khalifa Sall e\u0301change des civilite\u0301s avec Idrissa Seck, Aliou Mamadou Dia et Boubacar Camara - Senegal","description":"Dans un paysage politique souvent marque\u0301 par des e\u0301changes acerbes et des confrontations physiques, de\u0301tonne Khalifa Sa ...","robots":{"index":"index","follow":"follow","max-snippet":"max-snippet:-1","max-image-preview":"max-image-preview:large","max-video-preview":"max-video-preview:-1"},"canonical":"https:\/\/www.africa-press.net\/senegal\/politique\/arret-sur-images-khalifa-sall-echange-des-civilites-avec-idrissa-seck-aliou-mamadou-dia-et-boubacar-camara","og_locale":"fr_FR","og_type":"article","og_title":"Arre\u0302t sur images: Khalifa Sall e\u0301change des civilite\u0301s avec Idrissa Seck, Aliou Mamadou Dia et Boubacar Camara","og_description":"Dans un paysage politique souvent marque\u0301 par des e\u0301changes acerbes et des confrontations physiques, de\u0301tonne Khalifa Sa ...","og_url":"https:\/\/www.africa-press.net\/senegal\/politique\/arret-sur-images-khalifa-sall-echange-des-civilites-avec-idrissa-seck-aliou-mamadou-dia-et-boubacar-camara","og_site_name":"Senegal","article_published_time":"2024-03-14T20:48:08+00:00","article_modified_time":"2024-03-15T02:05:40+00:00","og_image":[{"width":1301,"height":634,"url":"https:\/\/static.africa-press.net\/senegal\/sites\/13\/2024\/03\/sm_1710452084.66076.jpg","type":"image\/jpeg"}],"author":"cfeditorfr","twitter_card":"summary_large_image","twitter_misc":{"\u00c9crit par":"cfeditorfr","Dur\u00e9e de lecture estim\u00e9e":"1 minute"},"schema":{"@context":"https:\/\/schema.org","@graph":[{"@type":"Article","@id":"https:\/\/www.africa-press.net\/senegal\/politique\/arret-sur-images-khalifa-sall-echange-des-civilites-avec-idrissa-seck-aliou-mamadou-dia-et-boubacar-camara#article","isPartOf":{"@id":"https:\/\/www.africa-press.net\/senegal\/politique\/arret-sur-images-khalifa-sall-echange-des-civilites-avec-idrissa-seck-aliou-mamadou-dia-et-boubacar-camara"},"author":{"name":"cfeditorfr","@id":"https:\/\/www.africa-press.net\/senegal\/#\/schema\/person\/2b1cf3cd81a31e3cd26889ca66d677f1"},"headline":"Arre\u0302t sur images: Khalifa Sall e\u0301change des civilite\u0301s avec Idrissa Seck, Aliou Mamadou Dia et Boubacar Camara","datePublished":"2024-03-14T20:48:08+00:00","dateModified":"2024-03-15T02:05:40+00:00","mainEntityOfPage":{"@id":"https:\/\/www.africa-press.net\/senegal\/politique\/arret-sur-images-khalifa-sall-echange-des-civilites-avec-idrissa-seck-aliou-mamadou-dia-et-boubacar-camara"},"wordCount":195,"commentCount":0,"image":{"@id":"https:\/\/www.africa-press.net\/senegal\/politique\/arret-sur-images-khalifa-sall-echange-des-civilites-avec-idrissa-seck-aliou-mamadou-dia-et-boubacar-camara#primaryimage"},"thumbnailUrl":"https:\/\/static.africa-press.net\/senegal\/sites\/13\/2024\/03\/sm_1710452084.66076.jpg","keywords":["Africa Press","Africa Press-Senegal","Senegal"],"articleSection":["Politique","Toutes les actualit\u00e9s"],"inLanguage":"fr-FR","potentialAction":[{"@type":"CommentAction","name":"Comment","target":["https:\/\/www.africa-press.net\/senegal\/politique\/arret-sur-images-khalifa-sall-echange-des-civilites-avec-idrissa-seck-aliou-mamadou-dia-et-boubacar-camara#respond"]}]},{"@type":"WebPage","@id":"https:\/\/www.africa-press.net\/senegal\/politique\/arret-sur-images-khalifa-sall-echange-des-civilites-avec-idrissa-seck-aliou-mamadou-dia-et-boubacar-camara","url":"https:\/\/www.africa-press.net\/senegal\/politique\/arret-sur-images-khalifa-sall-echange-des-civilites-avec-idrissa-seck-aliou-mamadou-dia-et-boubacar-camara","name":"Arre\u0302t sur images: Khalifa Sall e\u0301change des civilite\u0301s avec Idrissa Seck, Aliou Mamadou Dia et Boubacar Camara - Senegal","isPartOf":{"@id":"https:\/\/www.africa-press.net\/senegal\/#website"},"primaryImageOfPage":{"@id":"https:\/\/www.africa-press.net\/senegal\/politique\/arret-sur-images-khalifa-sall-echange-des-civilites-avec-idrissa-seck-aliou-mamadou-dia-et-boubacar-camara#primaryimage"},"image":{"@id":"https:\/\/www.africa-press.net\/senegal\/politique\/arret-sur-images-khalifa-sall-echange-des-civilites-avec-idrissa-seck-aliou-mamadou-dia-et-boubacar-camara#primaryimage"},"thumbnailUrl":"https:\/\/static.africa-press.net\/senegal\/sites\/13\/2024\/03\/sm_1710452084.66076.jpg","datePublished":"2024-03-14T20:48:08+00:00","dateModified":"2024-03-15T02:05:40+00:00","author":{"@id":"https:\/\/www.africa-press.net\/senegal\/#\/schema\/person\/2b1cf3cd81a31e3cd26889ca66d677f1"},"description":"Dans un paysage politique souvent marque\u0301 par des e\u0301changes acerbes et des confrontations physiques, de\u0301tonne Khalifa Sa ...","breadcrumb":{"@id":"https:\/\/www.africa-press.net\/senegal\/politique\/arret-sur-images-khalifa-sall-echange-des-civilites-avec-idrissa-seck-aliou-mamadou-dia-et-boubacar-camara#breadcrumb"},"inLanguage":"fr-FR","potentialAction":[{"@type":"ReadAction","target":["https:\/\/www.africa-press.net\/senegal\/politique\/arret-sur-images-khalifa-sall-echange-des-civilites-avec-idrissa-seck-aliou-mamadou-dia-et-boubacar-camara"]}]},{"@type":"ImageObject","inLanguage":"fr-FR","@id":"https:\/\/www.africa-press.net\/senegal\/politique\/arret-sur-images-khalifa-sall-echange-des-civilites-avec-idrissa-seck-aliou-mamadou-dia-et-boubacar-camara#primaryimage","url":"https:\/\/static.africa-press.net\/senegal\/sites\/13\/2024\/03\/sm_1710452084.66076.jpg","contentUrl":"https:\/\/static.africa-press.net\/senegal\/sites\/13\/2024\/03\/sm_1710452084.66076.jpg","width":1301,"height":634,"caption":"Arre\u0302t sur images: Khalifa Sall e\u0301change des civilite\u0301s avec Idrissa Seck, Aliou Mamadou Dia et Boubacar Camara"},{"@type":"BreadcrumbList","@id":"https:\/\/www.africa-press.net\/senegal\/politique\/arret-sur-images-khalifa-sall-echange-des-civilites-avec-idrissa-seck-aliou-mamadou-dia-et-boubacar-camara#breadcrumb","itemListElement":[{"@type":"ListItem","position":1,"name":"Accueil","item":"https:\/\/www.africa-press.net\/senegal\/"},{"@type":"ListItem","position":2,"name":"Arre\u0302t sur images: Khalifa Sall e\u0301change des civilite\u0301s avec Idrissa Seck, Aliou Mamadou Dia et Boubacar Camara"}]},{"@type":"WebSite","@id":"https:\/\/www.africa-press.net\/senegal\/#website","url":"https:\/\/www.africa-press.net\/senegal\/","name":"Africa Press | Senegal | Homepage","description":"Just another Africa News Agency Sites site","potentialAction":[{"@type":"SearchAction","target":{"@type":"EntryPoint","urlTemplate":"https:\/\/www.africa-press.net\/senegal\/?s={search_term_string}"},"query-input":{"@type":"PropertyValueSpecification","valueRequired":true,"valueName":"search_term_string"}}],"inLanguage":"fr-FR"},{"@type":"Person","@id":"https:\/\/www.africa-press.net\/senegal\/#\/schema\/person\/2b1cf3cd81a31e3cd26889ca66d677f1","name":"cfeditorfr","url":"https:\/\/www.africa-press.net\/senegal\/author\/cfeditorfr"}]}},"_links":{"self":[{"href":"https:\/\/www.africa-press.net\/senegal\/wp-json\/wp\/v2\/posts\/56884","targetHints":{"allow":["GET"]}}],"collection":[{"href":"https:\/\/www.africa-press.net\/senegal\/wp-json\/wp\/v2\/posts"}],"about":[{"href":"https:\/\/www.africa-press.net\/senegal\/wp-json\/wp\/v2\/types\/post"}],"author":[{"embeddable":true,"href":"https:\/\/www.africa-press.net\/senegal\/wp-json\/wp\/v2\/users\/82"}],"replies":[{"embeddable":true,"href":"https:\/\/www.africa-press.net\/senegal\/wp-json\/wp\/v2\/comments?post=56884"}],"version-history":[{"count":0,"href":"https:\/\/www.africa-press.net\/senegal\/wp-json\/wp\/v2\/posts\/56884\/revisions"}],"wp:featuredmedia":[{"embeddable":true,"href":"https:\/\/www.africa-press.net\/senegal\/wp-json\/wp\/v2\/media\/56882"}],"wp:attachment":[{"href":"https:\/\/www.africa-press.net\/senegal\/wp-json\/wp\/v2\/media?parent=56884"}],"wp:term":[{"taxonomy":"category","embeddable":true,"href":"https:\/\/www.africa-press.net\/senegal\/wp-json\/wp\/v2\/categories?post=56884"},{"taxonomy":"post_tag","embeddable":true,"href":"https:\/\/www.africa-press.net\/senegal\/wp-json\/wp\/v2\/tags?post=56884"}],"curies":[{"name":"wp","href":"https:\/\/api.w.org\/{rel}","templated":true}]}}