{"id":56889,"date":"2024-03-14T20:50:54","date_gmt":"2024-03-14T20:50:54","guid":{"rendered":"https:\/\/www.africa-press.net\/senegal\/politique\/meeting-du-candidat-amadou-ba-a-louga-lappel-de-mamadou-mamour-diallo"},"modified":"2024-03-15T02:06:41","modified_gmt":"2024-03-15T02:06:41","slug":"meeting-du-candidat-amadou-ba-a-louga-lappel-de-mamadou-mamour-diallo","status":"publish","type":"post","link":"https:\/\/www.africa-press.net\/senegal\/politique\/meeting-du-candidat-amadou-ba-a-louga-lappel-de-mamadou-mamour-diallo","title":{"rendered":"Meeting du candidat Amadou Ba a\u0300 Louga: L\u2019appel de Mamadou Mamour Diallo"},"content":{"rendered":"<p><span style=\"color: #ff6600\"><strong>Africa-Press &#8211; Senegal. <\/strong><\/span>Artisan de la re\u0301ussite du meeting pre\u0301side\u0301 par Amadou Ba, Mamadou Mamour Diallo a appele\u0301 tous les responsables de la mouvance a\u0300 s\u2019unir pour que le pays ne tombe entre les mains des aventuriers.<\/p>\n<p>La place civique de Louga a e\u0301te\u0301 tre\u0300s exigue\u0308 pour accueillir les militants de la coalition Benno Bokk Yakaar(Bby). Ces derniers ont effectue\u0301 en masse le de\u0301placement pour de\u0301rouler le tapis rouge a\u0300 Amadou Ba\u0302, le candidat de la grande coalition pre\u0301sidentielle.<\/p>\n<p>D\u2019ailleurs, ils ont brave\u0301 les rigueurs du ramadan pour communier avec l\u2019ho\u0302te du jour. Le Candidat de la mouvance pre\u0301sidentielle a foule\u0301 le sol de la capitale du Ndiambour au environ de 18 heures. Malgre\u0301 tout, la foule dense et compacte qui l\u2019attendait depuis 15 heures n\u2019a pas manifeste\u0301 des signes de fatigue ou d\u2019impatience.<\/p>\n<p>Ainsi, de\u0300s que le candidat a\u0300 la Pre\u0301sidentielle a fait son apparition sur les lieux, les militants ont commence\u0301 a\u0300 scander son nom et celui de Mamadou Mamour Diallo, l\u2019un des principaux artisans de cette mobilisation grandiose.<\/p>\n<p>Ayant certainement compris le poids e\u0301lectoral de l\u2019actuel directeur de l\u2019Onas, l\u2019ancien Premier ministre lui a te\u0301moigne\u0301 sa reconnaissance: \u00ab Mamour Diallo est toujours reste\u0301 constant. C\u2019est un homme de valeur, fide\u0300le en amitie\u0301.<\/p>\n<p>Je suis se\u0301duit par cette belle mobilisation \u00bb, dira le candidat, lequel avait a\u0300 ses co\u0302te\u0301s, Aminata Mbengue Ndiaye, Amadou Mbe\u0301ry Sylla, l\u2019e\u0301crasante majorite\u0301 des maires du de\u0301partement de Louga. Justement, 13 maires sur les 19 que compte le de\u0301partement ont de\u0301cide\u0301 de soutenir le candidat Amadou Ba.<\/p>\n<p>Tre\u0300s e\u0301merveille\u0301 par cette belle mobilisation qui porte en partie son empreinte, Mamadou Mamour Diallo a appele\u0301 l\u2019ensemble des responsables de l\u2019Apr a\u0300 serrer leur rang pour e\u0301viter que le pays ne tombe entre les mains des aventuriers.<\/p>\n<p>Tre\u0300s acclame\u0301, l\u2019enfant du quartier Montagne, a vivement remercie\u0301 ses militants: \u00ab Le mouvement Dolly est une force incontournable a\u0300 Louga et vous venez de le prouver avec votre belle mobilisation \u00bb a \u2013t-il bombe\u0301 le torse.<\/p>\n\r\n                <style type=\"text\/css\">\r\n                    \r\n                    #td_uid_1_69f077fee77be  .td-doubleSlider-2 .td-item1 {\r\n                        background: url(https:\/\/static.africa-press.net\/senegal\/sites\/13\/2024\/03\/sm_1710452115.944282-80x60.jpg) 0 0 no-repeat;\r\n                    }\r\n                    #td_uid_1_69f077fee77be  .td-doubleSlider-2 .td-item2 {\r\n                        background: url(https:\/\/static.africa-press.net\/senegal\/sites\/13\/2024\/03\/sm_1710452129.066141-80x60.jpg) 0 0 no-repeat;\r\n                    }\r\n                <\/style>\r\n\r\n                <div id=\"td_uid_1_69f077fee77be\" class=\"td-gallery td-slide-on-2-columns\">\r\n                    <div class=\"post_td_gallery\">\r\n                        <div class=\"td-gallery-slide-top\">\r\n                           <div class=\"td-gallery-title\"><\/div>\r\n\r\n                            <div class=\"td-gallery-controls-wrapper\">\r\n                                <div class=\"td-gallery-slide-count\"><span class=\"td-gallery-slide-item-focus\">1<\/span> de 2<\/div>\r\n                                <div class=\"td-gallery-slide-prev-next-but\">\r\n                                    <i class = \"td-icon-left doubleSliderPrevButton\"><\/i>\r\n                                    <i class = \"td-icon-right doubleSliderNextButton\"><\/i>\r\n                                <\/div>\r\n                            <\/div>\r\n                        <\/div>\r\n\r\n                        <div class = \"td-doubleSlider-1 \">\r\n                            <div class = \"td-slider\">\r\n                                \r\n                    <div class = \"td-slide-item td-item1\">\r\n                        <figure class=\"td-slide-galery-figure td-slide-popup-gallery\">\r\n                            <a class=\"slide-gallery-image-link\" href=\"https:\/\/static.africa-press.net\/senegal\/sites\/13\/2024\/03\/sm_1710452115.944282.jpg\" title=\"sm_1710452115.944282\"  data-caption=\"\"  data-description=\"\">\r\n                                <img decoding=\"async\" src=\"https:\/\/static.africa-press.net\/senegal\/sites\/13\/2024\/03\/sm_1710452115.944282.jpg\" srcset=\"https:\/\/static.africa-press.net\/senegal\/sites\/13\/2024\/03\/sm_1710452115.944282.jpg 1280w, https:\/\/static.africa-press.net\/senegal\/sites\/13\/2024\/03\/sm_1710452115.944282-300x200.jpg 300w, https:\/\/static.africa-press.net\/senegal\/sites\/13\/2024\/03\/sm_1710452115.944282-1024x683.jpg 1024w, https:\/\/static.africa-press.net\/senegal\/sites\/13\/2024\/03\/sm_1710452115.944282-768x512.jpg 768w\" sizes=\"(max-width: 1280px) 100vw, 1280px\" alt=\"\">\r\n                            <\/a>\r\n                            \r\n                        <\/figure>\r\n                    <\/div>\r\n                    <div class = \"td-slide-item td-item2\">\r\n                        <figure class=\"td-slide-galery-figure td-slide-popup-gallery\">\r\n                            <a class=\"slide-gallery-image-link\" href=\"https:\/\/static.africa-press.net\/senegal\/sites\/13\/2024\/03\/sm_1710452129.066141.jpg\" title=\"sm_1710452129.066141\"  data-caption=\"\"  data-description=\"\">\r\n                                <img decoding=\"async\" src=\"https:\/\/static.africa-press.net\/senegal\/sites\/13\/2024\/03\/sm_1710452129.066141.jpg\" srcset=\"https:\/\/static.africa-press.net\/senegal\/sites\/13\/2024\/03\/sm_1710452129.066141.jpg 612w, https:\/\/static.africa-press.net\/senegal\/sites\/13\/2024\/03\/sm_1710452129.066141-300x146.jpg 300w, https:\/\/static.africa-press.net\/senegal\/sites\/13\/2024\/03\/sm_1710452129.066141-533x261.jpg 533w\" sizes=\"(max-width: 612px) 100vw, 612px\" alt=\"\">\r\n                            <\/a>\r\n                            \r\n                        <\/figure>\r\n                    <\/div>\r\n                            <\/div>\r\n                        <\/div>\r\n\r\n                        <div class = \"td-doubleSlider-2\">\r\n                            <div class = \"td-slider\">\r\n                                \r\n                    <div class = \"td-button td-item1\">\r\n                        <div class = \"td-border\"><\/div>\r\n                    <\/div>\r\n                    <div class = \"td-button td-item2\">\r\n                        <div class = \"td-border\"><\/div>\r\n                    <\/div>\r\n                            <\/div>\r\n                        <\/div>\r\n\r\n                    <\/div>\r\n\r\n                <\/div>\r\n                \n<p><strong>Pour plus d&rsquo;informations et d&rsquo;analyses sur la <a href=\"https:\/\/www.africa-press.net\/senegal\">Senegal<\/a>, suivez <a href=\"https:\/\/www.africa-press.net\/\">Africa-Press<\/a><\/strong><\/p>\n","protected":false},"excerpt":{"rendered":"<p>Africa-Press &#8211; Senegal. Artisan de la re\u0301ussite du meeting pre\u0301side\u0301 par Amadou Ba, Mamadou Mamour Diallo a appele\u0301 tous les responsables de la mouvance a\u0300 s\u2019unir pour que le pays ne tombe entre les mains des aventuriers. La place civique de Louga a e\u0301te\u0301 tre\u0300s exigue\u0308 pour accueillir les militants de la coalition Benno Bokk [&hellip;]<\/p>\n","protected":false},"author":82,"featured_media":56887,"comment_status":"open","ping_status":"closed","sticky":false,"template":"","format":"standard","meta":{"footnotes":""},"categories":[2,10],"tags":[43,47,44],"class_list":["post-56889","post","type-post","status-publish","format-standard","has-post-thumbnail","hentry","category-politique","category-toutes-les-actualites","tag-africa-press-2","tag-africa-press-senegal","tag-senegal-2"],"yoast_head":"<!-- This site is optimized with the Yoast SEO Premium plugin v26.1 (Yoast SEO v27.0) - https:\/\/yoast.com\/product\/yoast-seo-premium-wordpress\/ -->\n<title>Meeting du candidat Amadou Ba a\u0300 Louga: L\u2019appel de Mamadou Mamour Diallo - Senegal<\/title>\n<meta name=\"description\" content=\"Artisan de la re\u0301ussite du meeting pre\u0301side\u0301 par Amadou Ba, Mamadou Mamour Diallo a appele\u0301 tous les responsables de la ...\" \/>\n<meta name=\"robots\" content=\"index, follow, max-snippet:-1, max-image-preview:large, max-video-preview:-1\" \/>\n<link rel=\"canonical\" href=\"https:\/\/www.africa-press.net\/senegal\/politique\/meeting-du-candidat-amadou-ba-a-louga-lappel-de-mamadou-mamour-diallo\" \/>\n<meta property=\"og:locale\" content=\"fr_FR\" \/>\n<meta property=\"og:type\" content=\"article\" \/>\n<meta property=\"og:title\" content=\"Meeting du candidat Amadou Ba a\u0300 Louga: L\u2019appel de Mamadou Mamour Diallo\" \/>\n<meta property=\"og:description\" content=\"Artisan de la re\u0301ussite du meeting pre\u0301side\u0301 par Amadou Ba, Mamadou Mamour Diallo a appele\u0301 tous les responsables de la ...\" \/>\n<meta property=\"og:url\" content=\"https:\/\/www.africa-press.net\/senegal\/politique\/meeting-du-candidat-amadou-ba-a-louga-lappel-de-mamadou-mamour-diallo\" \/>\n<meta property=\"og:site_name\" content=\"Senegal\" \/>\n<meta property=\"article:published_time\" content=\"2024-03-14T20:50:54+00:00\" \/>\n<meta property=\"article:modified_time\" content=\"2024-03-15T02:06:41+00:00\" \/>\n<meta property=\"og:image\" content=\"https:\/\/static.africa-press.net\/senegal\/sites\/13\/2024\/03\/sm_1710452135.066157.jpg\" \/>\n\t<meta property=\"og:image:width\" content=\"612\" \/>\n\t<meta property=\"og:image:height\" content=\"298\" \/>\n\t<meta property=\"og:image:type\" content=\"image\/jpeg\" \/>\n<meta name=\"author\" content=\"cfeditorfr\" \/>\n<meta name=\"twitter:card\" content=\"summary_large_image\" \/>\n<meta name=\"twitter:label1\" content=\"\u00c9crit par\" \/>\n\t<meta name=\"twitter:data1\" content=\"cfeditorfr\" \/>\n\t<meta name=\"twitter:label2\" content=\"Dur\u00e9e de lecture estim\u00e9e\" \/>\n\t<meta name=\"twitter:data2\" content=\"2 minutes\" \/>\n<script type=\"application\/ld+json\" class=\"yoast-schema-graph\">{\"@context\":\"https:\/\/schema.org\",\"@graph\":[{\"@type\":\"Article\",\"@id\":\"https:\/\/www.africa-press.net\/senegal\/politique\/meeting-du-candidat-amadou-ba-a-louga-lappel-de-mamadou-mamour-diallo#article\",\"isPartOf\":{\"@id\":\"https:\/\/www.africa-press.net\/senegal\/politique\/meeting-du-candidat-amadou-ba-a-louga-lappel-de-mamadou-mamour-diallo\"},\"author\":{\"name\":\"cfeditorfr\",\"@id\":\"https:\/\/www.africa-press.net\/senegal\/#\/schema\/person\/2b1cf3cd81a31e3cd26889ca66d677f1\"},\"headline\":\"Meeting du candidat Amadou Ba a\u0300 Louga: L\u2019appel de Mamadou Mamour Diallo\",\"datePublished\":\"2024-03-14T20:50:54+00:00\",\"dateModified\":\"2024-03-15T02:06:41+00:00\",\"mainEntityOfPage\":{\"@id\":\"https:\/\/www.africa-press.net\/senegal\/politique\/meeting-du-candidat-amadou-ba-a-louga-lappel-de-mamadou-mamour-diallo\"},\"wordCount\":397,\"commentCount\":0,\"image\":{\"@id\":\"https:\/\/www.africa-press.net\/senegal\/politique\/meeting-du-candidat-amadou-ba-a-louga-lappel-de-mamadou-mamour-diallo#primaryimage\"},\"thumbnailUrl\":\"https:\/\/static.africa-press.net\/senegal\/sites\/13\/2024\/03\/sm_1710452135.066157.jpg\",\"keywords\":[\"Africa Press\",\"Africa Press-Senegal\",\"Senegal\"],\"articleSection\":[\"Politique\",\"Toutes les actualit\u00e9s\"],\"inLanguage\":\"fr-FR\",\"potentialAction\":[{\"@type\":\"CommentAction\",\"name\":\"Comment\",\"target\":[\"https:\/\/www.africa-press.net\/senegal\/politique\/meeting-du-candidat-amadou-ba-a-louga-lappel-de-mamadou-mamour-diallo#respond\"]}]},{\"@type\":\"WebPage\",\"@id\":\"https:\/\/www.africa-press.net\/senegal\/politique\/meeting-du-candidat-amadou-ba-a-louga-lappel-de-mamadou-mamour-diallo\",\"url\":\"https:\/\/www.africa-press.net\/senegal\/politique\/meeting-du-candidat-amadou-ba-a-louga-lappel-de-mamadou-mamour-diallo\",\"name\":\"Meeting du candidat Amadou Ba a\u0300 Louga: L\u2019appel de Mamadou Mamour Diallo - Senegal\",\"isPartOf\":{\"@id\":\"https:\/\/www.africa-press.net\/senegal\/#website\"},\"primaryImageOfPage\":{\"@id\":\"https:\/\/www.africa-press.net\/senegal\/politique\/meeting-du-candidat-amadou-ba-a-louga-lappel-de-mamadou-mamour-diallo#primaryimage\"},\"image\":{\"@id\":\"https:\/\/www.africa-press.net\/senegal\/politique\/meeting-du-candidat-amadou-ba-a-louga-lappel-de-mamadou-mamour-diallo#primaryimage\"},\"thumbnailUrl\":\"https:\/\/static.africa-press.net\/senegal\/sites\/13\/2024\/03\/sm_1710452135.066157.jpg\",\"datePublished\":\"2024-03-14T20:50:54+00:00\",\"dateModified\":\"2024-03-15T02:06:41+00:00\",\"author\":{\"@id\":\"https:\/\/www.africa-press.net\/senegal\/#\/schema\/person\/2b1cf3cd81a31e3cd26889ca66d677f1\"},\"description\":\"Artisan de la re\u0301ussite du meeting pre\u0301side\u0301 par Amadou Ba, Mamadou Mamour Diallo a appele\u0301 tous les responsables de la ...\",\"breadcrumb\":{\"@id\":\"https:\/\/www.africa-press.net\/senegal\/politique\/meeting-du-candidat-amadou-ba-a-louga-lappel-de-mamadou-mamour-diallo#breadcrumb\"},\"inLanguage\":\"fr-FR\",\"potentialAction\":[{\"@type\":\"ReadAction\",\"target\":[\"https:\/\/www.africa-press.net\/senegal\/politique\/meeting-du-candidat-amadou-ba-a-louga-lappel-de-mamadou-mamour-diallo\"]}]},{\"@type\":\"ImageObject\",\"inLanguage\":\"fr-FR\",\"@id\":\"https:\/\/www.africa-press.net\/senegal\/politique\/meeting-du-candidat-amadou-ba-a-louga-lappel-de-mamadou-mamour-diallo#primaryimage\",\"url\":\"https:\/\/static.africa-press.net\/senegal\/sites\/13\/2024\/03\/sm_1710452135.066157.jpg\",\"contentUrl\":\"https:\/\/static.africa-press.net\/senegal\/sites\/13\/2024\/03\/sm_1710452135.066157.jpg\",\"width\":612,\"height\":298,\"caption\":\"Meeting du candidat Amadou Ba a\u0300 Louga: L\u2019appel de Mamadou Mamour Diallo\"},{\"@type\":\"BreadcrumbList\",\"@id\":\"https:\/\/www.africa-press.net\/senegal\/politique\/meeting-du-candidat-amadou-ba-a-louga-lappel-de-mamadou-mamour-diallo#breadcrumb\",\"itemListElement\":[{\"@type\":\"ListItem\",\"position\":1,\"name\":\"Accueil\",\"item\":\"https:\/\/www.africa-press.net\/senegal\/\"},{\"@type\":\"ListItem\",\"position\":2,\"name\":\"Meeting du candidat Amadou Ba a\u0300 Louga: L\u2019appel de Mamadou Mamour Diallo\"}]},{\"@type\":\"WebSite\",\"@id\":\"https:\/\/www.africa-press.net\/senegal\/#website\",\"url\":\"https:\/\/www.africa-press.net\/senegal\/\",\"name\":\"Africa Press | Senegal | Homepage\",\"description\":\"Just another Africa News Agency Sites site\",\"potentialAction\":[{\"@type\":\"SearchAction\",\"target\":{\"@type\":\"EntryPoint\",\"urlTemplate\":\"https:\/\/www.africa-press.net\/senegal\/?s={search_term_string}\"},\"query-input\":{\"@type\":\"PropertyValueSpecification\",\"valueRequired\":true,\"valueName\":\"search_term_string\"}}],\"inLanguage\":\"fr-FR\"},{\"@type\":\"Person\",\"@id\":\"https:\/\/www.africa-press.net\/senegal\/#\/schema\/person\/2b1cf3cd81a31e3cd26889ca66d677f1\",\"name\":\"cfeditorfr\",\"url\":\"https:\/\/www.africa-press.net\/senegal\/author\/cfeditorfr\"}]}<\/script>\n<!-- \/ Yoast SEO Premium plugin. -->","yoast_head_json":{"title":"Meeting du candidat Amadou Ba a\u0300 Louga: L\u2019appel de Mamadou Mamour Diallo - Senegal","description":"Artisan de la re\u0301ussite du meeting pre\u0301side\u0301 par Amadou Ba, Mamadou Mamour Diallo a appele\u0301 tous les responsables de la ...","robots":{"index":"index","follow":"follow","max-snippet":"max-snippet:-1","max-image-preview":"max-image-preview:large","max-video-preview":"max-video-preview:-1"},"canonical":"https:\/\/www.africa-press.net\/senegal\/politique\/meeting-du-candidat-amadou-ba-a-louga-lappel-de-mamadou-mamour-diallo","og_locale":"fr_FR","og_type":"article","og_title":"Meeting du candidat Amadou Ba a\u0300 Louga: L\u2019appel de Mamadou Mamour Diallo","og_description":"Artisan de la re\u0301ussite du meeting pre\u0301side\u0301 par Amadou Ba, Mamadou Mamour Diallo a appele\u0301 tous les responsables de la ...","og_url":"https:\/\/www.africa-press.net\/senegal\/politique\/meeting-du-candidat-amadou-ba-a-louga-lappel-de-mamadou-mamour-diallo","og_site_name":"Senegal","article_published_time":"2024-03-14T20:50:54+00:00","article_modified_time":"2024-03-15T02:06:41+00:00","og_image":[{"width":612,"height":298,"url":"https:\/\/static.africa-press.net\/senegal\/sites\/13\/2024\/03\/sm_1710452135.066157.jpg","type":"image\/jpeg"}],"author":"cfeditorfr","twitter_card":"summary_large_image","twitter_misc":{"\u00c9crit par":"cfeditorfr","Dur\u00e9e de lecture estim\u00e9e":"2 minutes"},"schema":{"@context":"https:\/\/schema.org","@graph":[{"@type":"Article","@id":"https:\/\/www.africa-press.net\/senegal\/politique\/meeting-du-candidat-amadou-ba-a-louga-lappel-de-mamadou-mamour-diallo#article","isPartOf":{"@id":"https:\/\/www.africa-press.net\/senegal\/politique\/meeting-du-candidat-amadou-ba-a-louga-lappel-de-mamadou-mamour-diallo"},"author":{"name":"cfeditorfr","@id":"https:\/\/www.africa-press.net\/senegal\/#\/schema\/person\/2b1cf3cd81a31e3cd26889ca66d677f1"},"headline":"Meeting du candidat Amadou Ba a\u0300 Louga: L\u2019appel de Mamadou Mamour Diallo","datePublished":"2024-03-14T20:50:54+00:00","dateModified":"2024-03-15T02:06:41+00:00","mainEntityOfPage":{"@id":"https:\/\/www.africa-press.net\/senegal\/politique\/meeting-du-candidat-amadou-ba-a-louga-lappel-de-mamadou-mamour-diallo"},"wordCount":397,"commentCount":0,"image":{"@id":"https:\/\/www.africa-press.net\/senegal\/politique\/meeting-du-candidat-amadou-ba-a-louga-lappel-de-mamadou-mamour-diallo#primaryimage"},"thumbnailUrl":"https:\/\/static.africa-press.net\/senegal\/sites\/13\/2024\/03\/sm_1710452135.066157.jpg","keywords":["Africa Press","Africa Press-Senegal","Senegal"],"articleSection":["Politique","Toutes les actualit\u00e9s"],"inLanguage":"fr-FR","potentialAction":[{"@type":"CommentAction","name":"Comment","target":["https:\/\/www.africa-press.net\/senegal\/politique\/meeting-du-candidat-amadou-ba-a-louga-lappel-de-mamadou-mamour-diallo#respond"]}]},{"@type":"WebPage","@id":"https:\/\/www.africa-press.net\/senegal\/politique\/meeting-du-candidat-amadou-ba-a-louga-lappel-de-mamadou-mamour-diallo","url":"https:\/\/www.africa-press.net\/senegal\/politique\/meeting-du-candidat-amadou-ba-a-louga-lappel-de-mamadou-mamour-diallo","name":"Meeting du candidat Amadou Ba a\u0300 Louga: L\u2019appel de Mamadou Mamour Diallo - Senegal","isPartOf":{"@id":"https:\/\/www.africa-press.net\/senegal\/#website"},"primaryImageOfPage":{"@id":"https:\/\/www.africa-press.net\/senegal\/politique\/meeting-du-candidat-amadou-ba-a-louga-lappel-de-mamadou-mamour-diallo#primaryimage"},"image":{"@id":"https:\/\/www.africa-press.net\/senegal\/politique\/meeting-du-candidat-amadou-ba-a-louga-lappel-de-mamadou-mamour-diallo#primaryimage"},"thumbnailUrl":"https:\/\/static.africa-press.net\/senegal\/sites\/13\/2024\/03\/sm_1710452135.066157.jpg","datePublished":"2024-03-14T20:50:54+00:00","dateModified":"2024-03-15T02:06:41+00:00","author":{"@id":"https:\/\/www.africa-press.net\/senegal\/#\/schema\/person\/2b1cf3cd81a31e3cd26889ca66d677f1"},"description":"Artisan de la re\u0301ussite du meeting pre\u0301side\u0301 par Amadou Ba, Mamadou Mamour Diallo a appele\u0301 tous les responsables de la ...","breadcrumb":{"@id":"https:\/\/www.africa-press.net\/senegal\/politique\/meeting-du-candidat-amadou-ba-a-louga-lappel-de-mamadou-mamour-diallo#breadcrumb"},"inLanguage":"fr-FR","potentialAction":[{"@type":"ReadAction","target":["https:\/\/www.africa-press.net\/senegal\/politique\/meeting-du-candidat-amadou-ba-a-louga-lappel-de-mamadou-mamour-diallo"]}]},{"@type":"ImageObject","inLanguage":"fr-FR","@id":"https:\/\/www.africa-press.net\/senegal\/politique\/meeting-du-candidat-amadou-ba-a-louga-lappel-de-mamadou-mamour-diallo#primaryimage","url":"https:\/\/static.africa-press.net\/senegal\/sites\/13\/2024\/03\/sm_1710452135.066157.jpg","contentUrl":"https:\/\/static.africa-press.net\/senegal\/sites\/13\/2024\/03\/sm_1710452135.066157.jpg","width":612,"height":298,"caption":"Meeting du candidat Amadou Ba a\u0300 Louga: L\u2019appel de Mamadou Mamour Diallo"},{"@type":"BreadcrumbList","@id":"https:\/\/www.africa-press.net\/senegal\/politique\/meeting-du-candidat-amadou-ba-a-louga-lappel-de-mamadou-mamour-diallo#breadcrumb","itemListElement":[{"@type":"ListItem","position":1,"name":"Accueil","item":"https:\/\/www.africa-press.net\/senegal\/"},{"@type":"ListItem","position":2,"name":"Meeting du candidat Amadou Ba a\u0300 Louga: L\u2019appel de Mamadou Mamour Diallo"}]},{"@type":"WebSite","@id":"https:\/\/www.africa-press.net\/senegal\/#website","url":"https:\/\/www.africa-press.net\/senegal\/","name":"Africa Press | Senegal | Homepage","description":"Just another Africa News Agency Sites site","potentialAction":[{"@type":"SearchAction","target":{"@type":"EntryPoint","urlTemplate":"https:\/\/www.africa-press.net\/senegal\/?s={search_term_string}"},"query-input":{"@type":"PropertyValueSpecification","valueRequired":true,"valueName":"search_term_string"}}],"inLanguage":"fr-FR"},{"@type":"Person","@id":"https:\/\/www.africa-press.net\/senegal\/#\/schema\/person\/2b1cf3cd81a31e3cd26889ca66d677f1","name":"cfeditorfr","url":"https:\/\/www.africa-press.net\/senegal\/author\/cfeditorfr"}]}},"_links":{"self":[{"href":"https:\/\/www.africa-press.net\/senegal\/wp-json\/wp\/v2\/posts\/56889","targetHints":{"allow":["GET"]}}],"collection":[{"href":"https:\/\/www.africa-press.net\/senegal\/wp-json\/wp\/v2\/posts"}],"about":[{"href":"https:\/\/www.africa-press.net\/senegal\/wp-json\/wp\/v2\/types\/post"}],"author":[{"embeddable":true,"href":"https:\/\/www.africa-press.net\/senegal\/wp-json\/wp\/v2\/users\/82"}],"replies":[{"embeddable":true,"href":"https:\/\/www.africa-press.net\/senegal\/wp-json\/wp\/v2\/comments?post=56889"}],"version-history":[{"count":0,"href":"https:\/\/www.africa-press.net\/senegal\/wp-json\/wp\/v2\/posts\/56889\/revisions"}],"wp:featuredmedia":[{"embeddable":true,"href":"https:\/\/www.africa-press.net\/senegal\/wp-json\/wp\/v2\/media\/56887"}],"wp:attachment":[{"href":"https:\/\/www.africa-press.net\/senegal\/wp-json\/wp\/v2\/media?parent=56889"}],"wp:term":[{"taxonomy":"category","embeddable":true,"href":"https:\/\/www.africa-press.net\/senegal\/wp-json\/wp\/v2\/categories?post=56889"},{"taxonomy":"post_tag","embeddable":true,"href":"https:\/\/www.africa-press.net\/senegal\/wp-json\/wp\/v2\/tags?post=56889"}],"curies":[{"name":"wp","href":"https:\/\/api.w.org\/{rel}","templated":true}]}}