{"id":56906,"date":"2024-03-15T06:25:52","date_gmt":"2024-03-15T06:25:52","guid":{"rendered":"https:\/\/www.africa-press.net\/senegal\/politique\/abdou-karim-sall-rendez-vous-le-24-mars-au-soir-pour-feter-notre-victoire"},"modified":"2024-03-15T07:46:12","modified_gmt":"2024-03-15T07:46:12","slug":"abdou-karim-sall-rendez-vous-le-24-mars-au-soir-pour-feter-notre-victoire","status":"publish","type":"post","link":"https:\/\/www.africa-press.net\/senegal\/politique\/abdou-karim-sall-rendez-vous-le-24-mars-au-soir-pour-feter-notre-victoire","title":{"rendered":"Abdou Karim Sall: \u00ab Rendez-vous le 24 mars au soir pour fe\u0302ter notre victoire \u00bb"},"content":{"rendered":"<p><span style=\"color: #ff6600\"><strong>Africa-Press &#8211; Senegal. <\/strong><\/span>Depuis le de\u0301but de la campagne e\u0301lectorale pour la pre\u0301sidentielle de 2024 qui aura lieu dans une dizaine de jours, Abdou Karim Sall a e\u0301lu domicile sur le terrain politique avec un seul objectif, celui d\u2019installer Amadou BA sur le fauteuil de Pre\u0301sident de la Re\u0301publique au soir du 24 mars prochain. Chaque journe\u0301e qui passe ressemble a\u0300 celle qui la pre\u0301ce\u0300de en termes de mobilisation et d\u2019engagement militant.<\/p>\n<p>Au quotidien, \u00ab l\u2019homme aux 3 bases \u00bb, AKS pour ne pas le nommer, s\u2019e\u0301vertue a\u0300 accrocher sur son tableau de \u00ab conque\u0302te \u00bb de nouveaux militants et sympathisants pour le compte de l\u2019APR et BBY. Et ce n\u2019est pas tout, il pose sans cesse de nouveaux jalons pour fide\u0301liser ceux et celles qui e\u0301taient de\u0301ja\u0300 dans l\u2019escarcelle de la grande coalition au pouvoir. Et il re\u0301ussit bien ce challenge politique.<\/p>\n<p>Ce jeudi 14 mars 2024, lors de ses visites de proximite\u0301 en vue de la pre\u0301sidentielle a\u0300 venir, le Maire de Mbao est reste\u0301 fide\u0300le a\u0300 ses de\u0301marches et autres strate\u0301gies politiques. A\u0300 l\u2019entame de ce 6e\u0300me jour de campagne e\u0301lectorale, Abdou Karim Sall s\u2019est adresse\u0301 a\u0300 l\u2019assistance en ces termes: \u00ab Notre objectif est de\u0301ja\u0300 atteint, donnons-nous la main en permanence pour parachever l\u2019excellent travail de terrain qu\u2019on est en train de faire depuis l\u2019annonce de la candidature de Amadou BA par le Pre\u0301sident Macky Sall \u00bb.<\/p>\n<p>Dans la foule\u0301e, le responsable politique de BBY dans le de\u0301partement de Pikine donne rendez-vous a\u0300 ses inconditionnels, au sie\u0300ge de l\u2019APR Mbao, le 24 mars au soir pour fe\u0302ter l\u2019e\u0301lection du Pre\u0301sident Amadou BA. \u00ab Les adversaires que nous avons en face ne font vraiment pas le poids devant la machine e\u0301lectorale a\u0300 gagner que repre\u0301sente la coalition BBY. C\u2019est tous des poids le\u0301gers. La victoire de notre candidat ne fait aucun doute. Du coup, je donne rendez-vous a\u0300 tout le monde le 24 mars au soir, rendez-vous au sie\u0300ge de l\u2019APR Mbao, pour fe\u0302ter comme elle se doit la victoire de notre candidat Amadou BA \u00bb, de\u0301clare Abdou Karim Sall. Et ce dernier d\u2019ajouter que: \u00ab Amadou Ba, 5e\u0300me Pre\u0301sident de la Re\u0301publique du Se\u0301ne\u0301gal, ce n\u2019est qu\u2019une question de jours \u00bb.<\/p>\n<p>Dans toutes les localite\u0301s ou\u0300 il est passe\u0301 avec ses hommes, le Maire de Mbao s\u2019est dit rassure\u0301 par la posture re\u0301publicaine affiche\u0301e par les populations visite\u0301es. Pour lui, ils ont affaire a\u0300 des se\u0301ne\u0301galais tre\u0300s responsables, des pe\u0300res et me\u0300res de famille qui ne mettront jamais notre pays entre les mains d\u2019apprentis politiques aventuriers et manipulateurs, parce que conscients des enjeux de l\u2019heure et surtout de l\u2019avenir d\u2019une nation toute entie\u0300re. L\u2019autre message fort de\u0301livre\u0301 par Abdou Karim Sall a\u0300 l\u2019endroit des populations de sa commune, et notamment des militants et sympathisants de BBY, est d\u2019aller voter to\u0302t le matin du dimanche 24 mars. Mais il ne s\u2019arre\u0302te pas la\u0300.<\/p>\n<p>\u00ab Aller accomplir tranquillement son devoir civique c\u2019est bien, mais le faire d\u2019une manie\u0300re utile c\u2019est encore mieux. Et aujourd\u2019hui, voter utile c\u2019est voter Amadou BA \u00bb, conclut un AKS tre\u0300s confiant au milieu des centaines et des centaines d\u2019inconditionnels qui l\u2019accompagnent a\u0300 chacune de ses sorties politiques depuis de\u0301but de la campagne e\u0301lectorale pour la prochaine pre\u0301sidentielle.<\/p>\n<p><strong>Pour plus d&rsquo;informations et d&rsquo;analyses sur la <a href=\"https:\/\/www.africa-press.net\/senegal\">Senegal<\/a>, suivez <a href=\"https:\/\/www.africa-press.net\/\">Africa-Press<\/a><\/strong><\/p>\n","protected":false},"excerpt":{"rendered":"<p>Africa-Press &#8211; Senegal. Depuis le de\u0301but de la campagne e\u0301lectorale pour la pre\u0301sidentielle de 2024 qui aura lieu dans une dizaine de jours, Abdou Karim Sall a e\u0301lu domicile sur le terrain politique avec un seul objectif, celui d\u2019installer Amadou BA sur le fauteuil de Pre\u0301sident de la Re\u0301publique au soir du 24 mars prochain. [&hellip;]<\/p>\n","protected":false},"author":82,"featured_media":56905,"comment_status":"open","ping_status":"closed","sticky":false,"template":"","format":"standard","meta":{"footnotes":""},"categories":[2,10],"tags":[43,47,44],"class_list":["post-56906","post","type-post","status-publish","format-standard","has-post-thumbnail","hentry","category-politique","category-toutes-les-actualites","tag-africa-press-2","tag-africa-press-senegal","tag-senegal-2"],"yoast_head":"<!-- This site is optimized with the Yoast SEO Premium plugin v26.1 (Yoast SEO v27.0) - https:\/\/yoast.com\/product\/yoast-seo-premium-wordpress\/ -->\n<title>Abdou Karim Sall: \u00ab Rendez-vous le 24 mars au soir pour fe\u0302ter notre victoire \u00bb - Senegal<\/title>\n<meta name=\"description\" content=\"Depuis le de\u0301but de la campagne e\u0301lectorale pour la pre\u0301sidentielle de 2024 qui aura lieu dans une dizaine de jours, Abd ...\" \/>\n<meta name=\"robots\" content=\"index, follow, max-snippet:-1, max-image-preview:large, max-video-preview:-1\" \/>\n<link rel=\"canonical\" href=\"https:\/\/www.africa-press.net\/senegal\/politique\/abdou-karim-sall-rendez-vous-le-24-mars-au-soir-pour-feter-notre-victoire\" \/>\n<meta property=\"og:locale\" content=\"fr_FR\" \/>\n<meta property=\"og:type\" content=\"article\" \/>\n<meta property=\"og:title\" content=\"Abdou Karim Sall: \u00ab Rendez-vous le 24 mars au soir pour fe\u0302ter notre victoire \u00bb\" \/>\n<meta property=\"og:description\" content=\"Depuis le de\u0301but de la campagne e\u0301lectorale pour la pre\u0301sidentielle de 2024 qui aura lieu dans une dizaine de jours, Abd ...\" \/>\n<meta property=\"og:url\" content=\"https:\/\/www.africa-press.net\/senegal\/politique\/abdou-karim-sall-rendez-vous-le-24-mars-au-soir-pour-feter-notre-victoire\" \/>\n<meta property=\"og:site_name\" content=\"Senegal\" \/>\n<meta property=\"article:published_time\" content=\"2024-03-15T06:25:52+00:00\" \/>\n<meta property=\"article:modified_time\" content=\"2024-03-15T07:46:12+00:00\" \/>\n<meta property=\"og:image\" content=\"https:\/\/static.africa-press.net\/senegal\/sites\/13\/2024\/03\/sm_1710472498.529849.jpg\" \/>\n\t<meta property=\"og:image:width\" content=\"1301\" \/>\n\t<meta property=\"og:image:height\" content=\"635\" \/>\n\t<meta property=\"og:image:type\" content=\"image\/jpeg\" \/>\n<meta name=\"author\" content=\"cfeditorfr\" \/>\n<meta name=\"twitter:card\" content=\"summary_large_image\" \/>\n<meta name=\"twitter:label1\" content=\"\u00c9crit par\" \/>\n\t<meta name=\"twitter:data1\" content=\"cfeditorfr\" \/>\n\t<meta name=\"twitter:label2\" content=\"Dur\u00e9e de lecture estim\u00e9e\" \/>\n\t<meta name=\"twitter:data2\" content=\"3 minutes\" \/>\n<script type=\"application\/ld+json\" class=\"yoast-schema-graph\">{\"@context\":\"https:\/\/schema.org\",\"@graph\":[{\"@type\":\"Article\",\"@id\":\"https:\/\/www.africa-press.net\/senegal\/politique\/abdou-karim-sall-rendez-vous-le-24-mars-au-soir-pour-feter-notre-victoire#article\",\"isPartOf\":{\"@id\":\"https:\/\/www.africa-press.net\/senegal\/politique\/abdou-karim-sall-rendez-vous-le-24-mars-au-soir-pour-feter-notre-victoire\"},\"author\":{\"name\":\"cfeditorfr\",\"@id\":\"https:\/\/www.africa-press.net\/senegal\/#\/schema\/person\/2b1cf3cd81a31e3cd26889ca66d677f1\"},\"headline\":\"Abdou Karim Sall: \u00ab Rendez-vous le 24 mars au soir pour fe\u0302ter notre victoire \u00bb\",\"datePublished\":\"2024-03-15T06:25:52+00:00\",\"dateModified\":\"2024-03-15T07:46:12+00:00\",\"mainEntityOfPage\":{\"@id\":\"https:\/\/www.africa-press.net\/senegal\/politique\/abdou-karim-sall-rendez-vous-le-24-mars-au-soir-pour-feter-notre-victoire\"},\"wordCount\":633,\"commentCount\":0,\"image\":{\"@id\":\"https:\/\/www.africa-press.net\/senegal\/politique\/abdou-karim-sall-rendez-vous-le-24-mars-au-soir-pour-feter-notre-victoire#primaryimage\"},\"thumbnailUrl\":\"https:\/\/static.africa-press.net\/senegal\/sites\/13\/2024\/03\/sm_1710472498.529849.jpg\",\"keywords\":[\"Africa Press\",\"Africa Press-Senegal\",\"Senegal\"],\"articleSection\":[\"Politique\",\"Toutes les actualit\u00e9s\"],\"inLanguage\":\"fr-FR\",\"potentialAction\":[{\"@type\":\"CommentAction\",\"name\":\"Comment\",\"target\":[\"https:\/\/www.africa-press.net\/senegal\/politique\/abdou-karim-sall-rendez-vous-le-24-mars-au-soir-pour-feter-notre-victoire#respond\"]}]},{\"@type\":\"WebPage\",\"@id\":\"https:\/\/www.africa-press.net\/senegal\/politique\/abdou-karim-sall-rendez-vous-le-24-mars-au-soir-pour-feter-notre-victoire\",\"url\":\"https:\/\/www.africa-press.net\/senegal\/politique\/abdou-karim-sall-rendez-vous-le-24-mars-au-soir-pour-feter-notre-victoire\",\"name\":\"Abdou Karim Sall: \u00ab Rendez-vous le 24 mars au soir pour fe\u0302ter notre victoire \u00bb - Senegal\",\"isPartOf\":{\"@id\":\"https:\/\/www.africa-press.net\/senegal\/#website\"},\"primaryImageOfPage\":{\"@id\":\"https:\/\/www.africa-press.net\/senegal\/politique\/abdou-karim-sall-rendez-vous-le-24-mars-au-soir-pour-feter-notre-victoire#primaryimage\"},\"image\":{\"@id\":\"https:\/\/www.africa-press.net\/senegal\/politique\/abdou-karim-sall-rendez-vous-le-24-mars-au-soir-pour-feter-notre-victoire#primaryimage\"},\"thumbnailUrl\":\"https:\/\/static.africa-press.net\/senegal\/sites\/13\/2024\/03\/sm_1710472498.529849.jpg\",\"datePublished\":\"2024-03-15T06:25:52+00:00\",\"dateModified\":\"2024-03-15T07:46:12+00:00\",\"author\":{\"@id\":\"https:\/\/www.africa-press.net\/senegal\/#\/schema\/person\/2b1cf3cd81a31e3cd26889ca66d677f1\"},\"description\":\"Depuis le de\u0301but de la campagne e\u0301lectorale pour la pre\u0301sidentielle de 2024 qui aura lieu dans une dizaine de jours, Abd ...\",\"breadcrumb\":{\"@id\":\"https:\/\/www.africa-press.net\/senegal\/politique\/abdou-karim-sall-rendez-vous-le-24-mars-au-soir-pour-feter-notre-victoire#breadcrumb\"},\"inLanguage\":\"fr-FR\",\"potentialAction\":[{\"@type\":\"ReadAction\",\"target\":[\"https:\/\/www.africa-press.net\/senegal\/politique\/abdou-karim-sall-rendez-vous-le-24-mars-au-soir-pour-feter-notre-victoire\"]}]},{\"@type\":\"ImageObject\",\"inLanguage\":\"fr-FR\",\"@id\":\"https:\/\/www.africa-press.net\/senegal\/politique\/abdou-karim-sall-rendez-vous-le-24-mars-au-soir-pour-feter-notre-victoire#primaryimage\",\"url\":\"https:\/\/static.africa-press.net\/senegal\/sites\/13\/2024\/03\/sm_1710472498.529849.jpg\",\"contentUrl\":\"https:\/\/static.africa-press.net\/senegal\/sites\/13\/2024\/03\/sm_1710472498.529849.jpg\",\"width\":1301,\"height\":635,\"caption\":\"Abdou Karim Sall: \u00ab Rendez-vous le 24 mars au soir pour fe\u0302ter notre victoire \u00bb\"},{\"@type\":\"BreadcrumbList\",\"@id\":\"https:\/\/www.africa-press.net\/senegal\/politique\/abdou-karim-sall-rendez-vous-le-24-mars-au-soir-pour-feter-notre-victoire#breadcrumb\",\"itemListElement\":[{\"@type\":\"ListItem\",\"position\":1,\"name\":\"Accueil\",\"item\":\"https:\/\/www.africa-press.net\/senegal\/\"},{\"@type\":\"ListItem\",\"position\":2,\"name\":\"Abdou Karim Sall: \u00ab Rendez-vous le 24 mars au soir pour fe\u0302ter notre victoire \u00bb\"}]},{\"@type\":\"WebSite\",\"@id\":\"https:\/\/www.africa-press.net\/senegal\/#website\",\"url\":\"https:\/\/www.africa-press.net\/senegal\/\",\"name\":\"Africa Press | Senegal | Homepage\",\"description\":\"Just another Africa News Agency Sites site\",\"potentialAction\":[{\"@type\":\"SearchAction\",\"target\":{\"@type\":\"EntryPoint\",\"urlTemplate\":\"https:\/\/www.africa-press.net\/senegal\/?s={search_term_string}\"},\"query-input\":{\"@type\":\"PropertyValueSpecification\",\"valueRequired\":true,\"valueName\":\"search_term_string\"}}],\"inLanguage\":\"fr-FR\"},{\"@type\":\"Person\",\"@id\":\"https:\/\/www.africa-press.net\/senegal\/#\/schema\/person\/2b1cf3cd81a31e3cd26889ca66d677f1\",\"name\":\"cfeditorfr\",\"url\":\"https:\/\/www.africa-press.net\/senegal\/author\/cfeditorfr\"}]}<\/script>\n<!-- \/ Yoast SEO Premium plugin. -->","yoast_head_json":{"title":"Abdou Karim Sall: \u00ab Rendez-vous le 24 mars au soir pour fe\u0302ter notre victoire \u00bb - Senegal","description":"Depuis le de\u0301but de la campagne e\u0301lectorale pour la pre\u0301sidentielle de 2024 qui aura lieu dans une dizaine de jours, Abd ...","robots":{"index":"index","follow":"follow","max-snippet":"max-snippet:-1","max-image-preview":"max-image-preview:large","max-video-preview":"max-video-preview:-1"},"canonical":"https:\/\/www.africa-press.net\/senegal\/politique\/abdou-karim-sall-rendez-vous-le-24-mars-au-soir-pour-feter-notre-victoire","og_locale":"fr_FR","og_type":"article","og_title":"Abdou Karim Sall: \u00ab Rendez-vous le 24 mars au soir pour fe\u0302ter notre victoire \u00bb","og_description":"Depuis le de\u0301but de la campagne e\u0301lectorale pour la pre\u0301sidentielle de 2024 qui aura lieu dans une dizaine de jours, Abd ...","og_url":"https:\/\/www.africa-press.net\/senegal\/politique\/abdou-karim-sall-rendez-vous-le-24-mars-au-soir-pour-feter-notre-victoire","og_site_name":"Senegal","article_published_time":"2024-03-15T06:25:52+00:00","article_modified_time":"2024-03-15T07:46:12+00:00","og_image":[{"width":1301,"height":635,"url":"https:\/\/static.africa-press.net\/senegal\/sites\/13\/2024\/03\/sm_1710472498.529849.jpg","type":"image\/jpeg"}],"author":"cfeditorfr","twitter_card":"summary_large_image","twitter_misc":{"\u00c9crit par":"cfeditorfr","Dur\u00e9e de lecture estim\u00e9e":"3 minutes"},"schema":{"@context":"https:\/\/schema.org","@graph":[{"@type":"Article","@id":"https:\/\/www.africa-press.net\/senegal\/politique\/abdou-karim-sall-rendez-vous-le-24-mars-au-soir-pour-feter-notre-victoire#article","isPartOf":{"@id":"https:\/\/www.africa-press.net\/senegal\/politique\/abdou-karim-sall-rendez-vous-le-24-mars-au-soir-pour-feter-notre-victoire"},"author":{"name":"cfeditorfr","@id":"https:\/\/www.africa-press.net\/senegal\/#\/schema\/person\/2b1cf3cd81a31e3cd26889ca66d677f1"},"headline":"Abdou Karim Sall: \u00ab Rendez-vous le 24 mars au soir pour fe\u0302ter notre victoire \u00bb","datePublished":"2024-03-15T06:25:52+00:00","dateModified":"2024-03-15T07:46:12+00:00","mainEntityOfPage":{"@id":"https:\/\/www.africa-press.net\/senegal\/politique\/abdou-karim-sall-rendez-vous-le-24-mars-au-soir-pour-feter-notre-victoire"},"wordCount":633,"commentCount":0,"image":{"@id":"https:\/\/www.africa-press.net\/senegal\/politique\/abdou-karim-sall-rendez-vous-le-24-mars-au-soir-pour-feter-notre-victoire#primaryimage"},"thumbnailUrl":"https:\/\/static.africa-press.net\/senegal\/sites\/13\/2024\/03\/sm_1710472498.529849.jpg","keywords":["Africa Press","Africa Press-Senegal","Senegal"],"articleSection":["Politique","Toutes les actualit\u00e9s"],"inLanguage":"fr-FR","potentialAction":[{"@type":"CommentAction","name":"Comment","target":["https:\/\/www.africa-press.net\/senegal\/politique\/abdou-karim-sall-rendez-vous-le-24-mars-au-soir-pour-feter-notre-victoire#respond"]}]},{"@type":"WebPage","@id":"https:\/\/www.africa-press.net\/senegal\/politique\/abdou-karim-sall-rendez-vous-le-24-mars-au-soir-pour-feter-notre-victoire","url":"https:\/\/www.africa-press.net\/senegal\/politique\/abdou-karim-sall-rendez-vous-le-24-mars-au-soir-pour-feter-notre-victoire","name":"Abdou Karim Sall: \u00ab Rendez-vous le 24 mars au soir pour fe\u0302ter notre victoire \u00bb - Senegal","isPartOf":{"@id":"https:\/\/www.africa-press.net\/senegal\/#website"},"primaryImageOfPage":{"@id":"https:\/\/www.africa-press.net\/senegal\/politique\/abdou-karim-sall-rendez-vous-le-24-mars-au-soir-pour-feter-notre-victoire#primaryimage"},"image":{"@id":"https:\/\/www.africa-press.net\/senegal\/politique\/abdou-karim-sall-rendez-vous-le-24-mars-au-soir-pour-feter-notre-victoire#primaryimage"},"thumbnailUrl":"https:\/\/static.africa-press.net\/senegal\/sites\/13\/2024\/03\/sm_1710472498.529849.jpg","datePublished":"2024-03-15T06:25:52+00:00","dateModified":"2024-03-15T07:46:12+00:00","author":{"@id":"https:\/\/www.africa-press.net\/senegal\/#\/schema\/person\/2b1cf3cd81a31e3cd26889ca66d677f1"},"description":"Depuis le de\u0301but de la campagne e\u0301lectorale pour la pre\u0301sidentielle de 2024 qui aura lieu dans une dizaine de jours, Abd ...","breadcrumb":{"@id":"https:\/\/www.africa-press.net\/senegal\/politique\/abdou-karim-sall-rendez-vous-le-24-mars-au-soir-pour-feter-notre-victoire#breadcrumb"},"inLanguage":"fr-FR","potentialAction":[{"@type":"ReadAction","target":["https:\/\/www.africa-press.net\/senegal\/politique\/abdou-karim-sall-rendez-vous-le-24-mars-au-soir-pour-feter-notre-victoire"]}]},{"@type":"ImageObject","inLanguage":"fr-FR","@id":"https:\/\/www.africa-press.net\/senegal\/politique\/abdou-karim-sall-rendez-vous-le-24-mars-au-soir-pour-feter-notre-victoire#primaryimage","url":"https:\/\/static.africa-press.net\/senegal\/sites\/13\/2024\/03\/sm_1710472498.529849.jpg","contentUrl":"https:\/\/static.africa-press.net\/senegal\/sites\/13\/2024\/03\/sm_1710472498.529849.jpg","width":1301,"height":635,"caption":"Abdou Karim Sall: \u00ab Rendez-vous le 24 mars au soir pour fe\u0302ter notre victoire \u00bb"},{"@type":"BreadcrumbList","@id":"https:\/\/www.africa-press.net\/senegal\/politique\/abdou-karim-sall-rendez-vous-le-24-mars-au-soir-pour-feter-notre-victoire#breadcrumb","itemListElement":[{"@type":"ListItem","position":1,"name":"Accueil","item":"https:\/\/www.africa-press.net\/senegal\/"},{"@type":"ListItem","position":2,"name":"Abdou Karim Sall: \u00ab Rendez-vous le 24 mars au soir pour fe\u0302ter notre victoire \u00bb"}]},{"@type":"WebSite","@id":"https:\/\/www.africa-press.net\/senegal\/#website","url":"https:\/\/www.africa-press.net\/senegal\/","name":"Africa Press | Senegal | Homepage","description":"Just another Africa News Agency Sites site","potentialAction":[{"@type":"SearchAction","target":{"@type":"EntryPoint","urlTemplate":"https:\/\/www.africa-press.net\/senegal\/?s={search_term_string}"},"query-input":{"@type":"PropertyValueSpecification","valueRequired":true,"valueName":"search_term_string"}}],"inLanguage":"fr-FR"},{"@type":"Person","@id":"https:\/\/www.africa-press.net\/senegal\/#\/schema\/person\/2b1cf3cd81a31e3cd26889ca66d677f1","name":"cfeditorfr","url":"https:\/\/www.africa-press.net\/senegal\/author\/cfeditorfr"}]}},"_links":{"self":[{"href":"https:\/\/www.africa-press.net\/senegal\/wp-json\/wp\/v2\/posts\/56906","targetHints":{"allow":["GET"]}}],"collection":[{"href":"https:\/\/www.africa-press.net\/senegal\/wp-json\/wp\/v2\/posts"}],"about":[{"href":"https:\/\/www.africa-press.net\/senegal\/wp-json\/wp\/v2\/types\/post"}],"author":[{"embeddable":true,"href":"https:\/\/www.africa-press.net\/senegal\/wp-json\/wp\/v2\/users\/82"}],"replies":[{"embeddable":true,"href":"https:\/\/www.africa-press.net\/senegal\/wp-json\/wp\/v2\/comments?post=56906"}],"version-history":[{"count":0,"href":"https:\/\/www.africa-press.net\/senegal\/wp-json\/wp\/v2\/posts\/56906\/revisions"}],"wp:featuredmedia":[{"embeddable":true,"href":"https:\/\/www.africa-press.net\/senegal\/wp-json\/wp\/v2\/media\/56905"}],"wp:attachment":[{"href":"https:\/\/www.africa-press.net\/senegal\/wp-json\/wp\/v2\/media?parent=56906"}],"wp:term":[{"taxonomy":"category","embeddable":true,"href":"https:\/\/www.africa-press.net\/senegal\/wp-json\/wp\/v2\/categories?post=56906"},{"taxonomy":"post_tag","embeddable":true,"href":"https:\/\/www.africa-press.net\/senegal\/wp-json\/wp\/v2\/tags?post=56906"}],"curies":[{"name":"wp","href":"https:\/\/api.w.org\/{rel}","templated":true}]}}