{"id":56927,"date":"2024-03-15T06:29:50","date_gmt":"2024-03-15T06:29:50","guid":{"rendered":"https:\/\/www.africa-press.net\/senegal\/politique\/apres-leur-liberation-ousmane-sonko-et-diomaye-faye-feront-face-a-la-presse-ce-vendredi-pour"},"modified":"2024-03-15T07:48:37","modified_gmt":"2024-03-15T07:48:37","slug":"apres-leur-liberation-ousmane-sonko-et-diomaye-faye-feront-face-a-la-presse-ce-vendredi-pour","status":"publish","type":"post","link":"https:\/\/www.africa-press.net\/senegal\/politique\/apres-leur-liberation-ousmane-sonko-et-diomaye-faye-feront-face-a-la-presse-ce-vendredi-pour","title":{"rendered":"Apre\u0300s leur libe\u0301ration: Ousmane Sonko et Diomaye Faye feront face a\u0300 la presse, ce vendredi pour&#8230;"},"content":{"rendered":"<p><span style=\"color: #ff6600\"><strong>Africa-Press &#8211; Senegal. <\/strong><\/span>C\u2019est l\u2019actualite\u0301 du jour. Ousmane Sonko et Bassirou Diomaye Faye ont hume\u0301 l\u2019air de la liberte\u0301. Ce, a\u0300 dix (10) jours de l\u2019e\u0301lection pre\u0301sidentielle.<\/p>\n<p>Candidat de la coalition Diomaye Pre\u0301sident, le poulain du maire de la Ville de Ziguinchor s\u2019est exprime\u0301 devant une foule surexcite\u0301e, a\u0300 la Cite\u0301 Keur Gorgui.<\/p>\n<p>Ainsi, Bassirou Diomaye Faye a de\u0301clare\u0301 que Ousmane Sonko et lui vont tenir une confe\u0301rence de presse, ce vendredi. Apre\u0300s cela, ils comptent faire le tour du pays pour parler aux Se\u0301ne\u0301galais. \u00abNous allons poursuivre la marche du projet \u00bb, a-t-il annonce\u0301.<\/p>\n<p>Par ailleurs, l\u2019inspecteur des Impo\u0302ts et des Domaines a lance\u0301, juste apre\u0300s sa libe\u0301ration, a\u0300 l\u2019endroit de leurs soutiens: \u00ab Nous sommes convaincus de votre engagement et votre de\u0301termination. Vous avez toujours cru au projet. Ousmane Sonko et moi, nous sommes revenus vous accompagner dans cette lutte que vous n\u2019avez jamais abandonne\u0301e \u00bb.<\/p>\n<p><strong>Pour plus d&rsquo;informations et d&rsquo;analyses sur la <a href=\"https:\/\/www.africa-press.net\/senegal\">Senegal<\/a>, suivez <a href=\"https:\/\/www.africa-press.net\/\">Africa-Press<\/a><\/strong><\/p>\n","protected":false},"excerpt":{"rendered":"<p>Africa-Press &#8211; Senegal. C\u2019est l\u2019actualite\u0301 du jour. Ousmane Sonko et Bassirou Diomaye Faye ont hume\u0301 l\u2019air de la liberte\u0301. Ce, a\u0300 dix (10) jours de l\u2019e\u0301lection pre\u0301sidentielle. Candidat de la coalition Diomaye Pre\u0301sident, le poulain du maire de la Ville de Ziguinchor s\u2019est exprime\u0301 devant une foule surexcite\u0301e, a\u0300 la Cite\u0301 Keur Gorgui. Ainsi, Bassirou [&hellip;]<\/p>\n","protected":false},"author":82,"featured_media":56926,"comment_status":"open","ping_status":"closed","sticky":false,"template":"","format":"standard","meta":{"footnotes":""},"categories":[2,10],"tags":[43,47,44],"class_list":["post-56927","post","type-post","status-publish","format-standard","has-post-thumbnail","hentry","category-politique","category-toutes-les-actualites","tag-africa-press-2","tag-africa-press-senegal","tag-senegal-2"],"yoast_head":"<!-- This site is optimized with the Yoast SEO Premium plugin v26.1 (Yoast SEO v27.0) - https:\/\/yoast.com\/product\/yoast-seo-premium-wordpress\/ -->\n<title>Apre\u0300s leur libe\u0301ration: Ousmane Sonko et Diomaye Faye feront face a\u0300 la presse, ce vendredi pour... - Senegal<\/title>\n<meta name=\"description\" content=\"C\u2019est l\u2019actualite\u0301 du jour. Ousmane Sonko et Bassirou Diomaye Faye ont hume\u0301 l\u2019air de la liberte\u0301. Ce, a\u0300 dix (10) jours ...\" \/>\n<meta name=\"robots\" content=\"index, follow, max-snippet:-1, max-image-preview:large, max-video-preview:-1\" \/>\n<link rel=\"canonical\" href=\"https:\/\/www.africa-press.net\/senegal\/politique\/apres-leur-liberation-ousmane-sonko-et-diomaye-faye-feront-face-a-la-presse-ce-vendredi-pour\" \/>\n<meta property=\"og:locale\" content=\"fr_FR\" \/>\n<meta property=\"og:type\" content=\"article\" \/>\n<meta property=\"og:title\" content=\"Apre\u0300s leur libe\u0301ration: Ousmane Sonko et Diomaye Faye feront face a\u0300 la presse, ce vendredi pour...\" \/>\n<meta property=\"og:description\" content=\"C\u2019est l\u2019actualite\u0301 du jour. Ousmane Sonko et Bassirou Diomaye Faye ont hume\u0301 l\u2019air de la liberte\u0301. Ce, a\u0300 dix (10) jours ...\" \/>\n<meta property=\"og:url\" content=\"https:\/\/www.africa-press.net\/senegal\/politique\/apres-leur-liberation-ousmane-sonko-et-diomaye-faye-feront-face-a-la-presse-ce-vendredi-pour\" \/>\n<meta property=\"og:site_name\" content=\"Senegal\" \/>\n<meta property=\"article:published_time\" content=\"2024-03-15T06:29:50+00:00\" \/>\n<meta property=\"article:modified_time\" content=\"2024-03-15T07:48:37+00:00\" \/>\n<meta property=\"og:image\" content=\"https:\/\/static.africa-press.net\/senegal\/sites\/13\/2024\/03\/sm_1710472675.696421.jpg\" \/>\n\t<meta property=\"og:image:width\" content=\"1301\" \/>\n\t<meta property=\"og:image:height\" content=\"633\" \/>\n\t<meta property=\"og:image:type\" content=\"image\/jpeg\" \/>\n<meta name=\"author\" content=\"cfeditorfr\" \/>\n<meta name=\"twitter:card\" content=\"summary_large_image\" \/>\n<meta name=\"twitter:label1\" content=\"\u00c9crit par\" \/>\n\t<meta name=\"twitter:data1\" content=\"cfeditorfr\" \/>\n\t<meta name=\"twitter:label2\" content=\"Dur\u00e9e de lecture estim\u00e9e\" \/>\n\t<meta name=\"twitter:data2\" content=\"1 minute\" \/>\n<script type=\"application\/ld+json\" class=\"yoast-schema-graph\">{\"@context\":\"https:\/\/schema.org\",\"@graph\":[{\"@type\":\"Article\",\"@id\":\"https:\/\/www.africa-press.net\/senegal\/politique\/apres-leur-liberation-ousmane-sonko-et-diomaye-faye-feront-face-a-la-presse-ce-vendredi-pour#article\",\"isPartOf\":{\"@id\":\"https:\/\/www.africa-press.net\/senegal\/politique\/apres-leur-liberation-ousmane-sonko-et-diomaye-faye-feront-face-a-la-presse-ce-vendredi-pour\"},\"author\":{\"name\":\"cfeditorfr\",\"@id\":\"https:\/\/www.africa-press.net\/senegal\/#\/schema\/person\/2b1cf3cd81a31e3cd26889ca66d677f1\"},\"headline\":\"Apre\u0300s leur libe\u0301ration: Ousmane Sonko et Diomaye Faye feront face a\u0300 la presse, ce vendredi pour&#8230;\",\"datePublished\":\"2024-03-15T06:29:50+00:00\",\"dateModified\":\"2024-03-15T07:48:37+00:00\",\"mainEntityOfPage\":{\"@id\":\"https:\/\/www.africa-press.net\/senegal\/politique\/apres-leur-liberation-ousmane-sonko-et-diomaye-faye-feront-face-a-la-presse-ce-vendredi-pour\"},\"wordCount\":196,\"commentCount\":0,\"image\":{\"@id\":\"https:\/\/www.africa-press.net\/senegal\/politique\/apres-leur-liberation-ousmane-sonko-et-diomaye-faye-feront-face-a-la-presse-ce-vendredi-pour#primaryimage\"},\"thumbnailUrl\":\"https:\/\/static.africa-press.net\/senegal\/sites\/13\/2024\/03\/sm_1710472675.696421.jpg\",\"keywords\":[\"Africa Press\",\"Africa Press-Senegal\",\"Senegal\"],\"articleSection\":[\"Politique\",\"Toutes les actualit\u00e9s\"],\"inLanguage\":\"fr-FR\",\"potentialAction\":[{\"@type\":\"CommentAction\",\"name\":\"Comment\",\"target\":[\"https:\/\/www.africa-press.net\/senegal\/politique\/apres-leur-liberation-ousmane-sonko-et-diomaye-faye-feront-face-a-la-presse-ce-vendredi-pour#respond\"]}]},{\"@type\":\"WebPage\",\"@id\":\"https:\/\/www.africa-press.net\/senegal\/politique\/apres-leur-liberation-ousmane-sonko-et-diomaye-faye-feront-face-a-la-presse-ce-vendredi-pour\",\"url\":\"https:\/\/www.africa-press.net\/senegal\/politique\/apres-leur-liberation-ousmane-sonko-et-diomaye-faye-feront-face-a-la-presse-ce-vendredi-pour\",\"name\":\"Apre\u0300s leur libe\u0301ration: Ousmane Sonko et Diomaye Faye feront face a\u0300 la presse, ce vendredi pour... - Senegal\",\"isPartOf\":{\"@id\":\"https:\/\/www.africa-press.net\/senegal\/#website\"},\"primaryImageOfPage\":{\"@id\":\"https:\/\/www.africa-press.net\/senegal\/politique\/apres-leur-liberation-ousmane-sonko-et-diomaye-faye-feront-face-a-la-presse-ce-vendredi-pour#primaryimage\"},\"image\":{\"@id\":\"https:\/\/www.africa-press.net\/senegal\/politique\/apres-leur-liberation-ousmane-sonko-et-diomaye-faye-feront-face-a-la-presse-ce-vendredi-pour#primaryimage\"},\"thumbnailUrl\":\"https:\/\/static.africa-press.net\/senegal\/sites\/13\/2024\/03\/sm_1710472675.696421.jpg\",\"datePublished\":\"2024-03-15T06:29:50+00:00\",\"dateModified\":\"2024-03-15T07:48:37+00:00\",\"author\":{\"@id\":\"https:\/\/www.africa-press.net\/senegal\/#\/schema\/person\/2b1cf3cd81a31e3cd26889ca66d677f1\"},\"description\":\"C\u2019est l\u2019actualite\u0301 du jour. Ousmane Sonko et Bassirou Diomaye Faye ont hume\u0301 l\u2019air de la liberte\u0301. Ce, a\u0300 dix (10) jours ...\",\"breadcrumb\":{\"@id\":\"https:\/\/www.africa-press.net\/senegal\/politique\/apres-leur-liberation-ousmane-sonko-et-diomaye-faye-feront-face-a-la-presse-ce-vendredi-pour#breadcrumb\"},\"inLanguage\":\"fr-FR\",\"potentialAction\":[{\"@type\":\"ReadAction\",\"target\":[\"https:\/\/www.africa-press.net\/senegal\/politique\/apres-leur-liberation-ousmane-sonko-et-diomaye-faye-feront-face-a-la-presse-ce-vendredi-pour\"]}]},{\"@type\":\"ImageObject\",\"inLanguage\":\"fr-FR\",\"@id\":\"https:\/\/www.africa-press.net\/senegal\/politique\/apres-leur-liberation-ousmane-sonko-et-diomaye-faye-feront-face-a-la-presse-ce-vendredi-pour#primaryimage\",\"url\":\"https:\/\/static.africa-press.net\/senegal\/sites\/13\/2024\/03\/sm_1710472675.696421.jpg\",\"contentUrl\":\"https:\/\/static.africa-press.net\/senegal\/sites\/13\/2024\/03\/sm_1710472675.696421.jpg\",\"width\":1301,\"height\":633,\"caption\":\"Apre\u0300s leur libe\u0301ration: Ousmane Sonko et Diomaye Faye feront face a\u0300 la presse, ce vendredi pour...\"},{\"@type\":\"BreadcrumbList\",\"@id\":\"https:\/\/www.africa-press.net\/senegal\/politique\/apres-leur-liberation-ousmane-sonko-et-diomaye-faye-feront-face-a-la-presse-ce-vendredi-pour#breadcrumb\",\"itemListElement\":[{\"@type\":\"ListItem\",\"position\":1,\"name\":\"Accueil\",\"item\":\"https:\/\/www.africa-press.net\/senegal\/\"},{\"@type\":\"ListItem\",\"position\":2,\"name\":\"Apre\u0300s leur libe\u0301ration: Ousmane Sonko et Diomaye Faye feront face a\u0300 la presse, ce vendredi pour&#8230;\"}]},{\"@type\":\"WebSite\",\"@id\":\"https:\/\/www.africa-press.net\/senegal\/#website\",\"url\":\"https:\/\/www.africa-press.net\/senegal\/\",\"name\":\"Africa Press | Senegal | Homepage\",\"description\":\"Just another Africa News Agency Sites site\",\"potentialAction\":[{\"@type\":\"SearchAction\",\"target\":{\"@type\":\"EntryPoint\",\"urlTemplate\":\"https:\/\/www.africa-press.net\/senegal\/?s={search_term_string}\"},\"query-input\":{\"@type\":\"PropertyValueSpecification\",\"valueRequired\":true,\"valueName\":\"search_term_string\"}}],\"inLanguage\":\"fr-FR\"},{\"@type\":\"Person\",\"@id\":\"https:\/\/www.africa-press.net\/senegal\/#\/schema\/person\/2b1cf3cd81a31e3cd26889ca66d677f1\",\"name\":\"cfeditorfr\",\"url\":\"https:\/\/www.africa-press.net\/senegal\/author\/cfeditorfr\"}]}<\/script>\n<!-- \/ Yoast SEO Premium plugin. -->","yoast_head_json":{"title":"Apre\u0300s leur libe\u0301ration: Ousmane Sonko et Diomaye Faye feront face a\u0300 la presse, ce vendredi pour... - Senegal","description":"C\u2019est l\u2019actualite\u0301 du jour. Ousmane Sonko et Bassirou Diomaye Faye ont hume\u0301 l\u2019air de la liberte\u0301. Ce, a\u0300 dix (10) jours ...","robots":{"index":"index","follow":"follow","max-snippet":"max-snippet:-1","max-image-preview":"max-image-preview:large","max-video-preview":"max-video-preview:-1"},"canonical":"https:\/\/www.africa-press.net\/senegal\/politique\/apres-leur-liberation-ousmane-sonko-et-diomaye-faye-feront-face-a-la-presse-ce-vendredi-pour","og_locale":"fr_FR","og_type":"article","og_title":"Apre\u0300s leur libe\u0301ration: Ousmane Sonko et Diomaye Faye feront face a\u0300 la presse, ce vendredi pour...","og_description":"C\u2019est l\u2019actualite\u0301 du jour. Ousmane Sonko et Bassirou Diomaye Faye ont hume\u0301 l\u2019air de la liberte\u0301. Ce, a\u0300 dix (10) jours ...","og_url":"https:\/\/www.africa-press.net\/senegal\/politique\/apres-leur-liberation-ousmane-sonko-et-diomaye-faye-feront-face-a-la-presse-ce-vendredi-pour","og_site_name":"Senegal","article_published_time":"2024-03-15T06:29:50+00:00","article_modified_time":"2024-03-15T07:48:37+00:00","og_image":[{"width":1301,"height":633,"url":"https:\/\/static.africa-press.net\/senegal\/sites\/13\/2024\/03\/sm_1710472675.696421.jpg","type":"image\/jpeg"}],"author":"cfeditorfr","twitter_card":"summary_large_image","twitter_misc":{"\u00c9crit par":"cfeditorfr","Dur\u00e9e de lecture estim\u00e9e":"1 minute"},"schema":{"@context":"https:\/\/schema.org","@graph":[{"@type":"Article","@id":"https:\/\/www.africa-press.net\/senegal\/politique\/apres-leur-liberation-ousmane-sonko-et-diomaye-faye-feront-face-a-la-presse-ce-vendredi-pour#article","isPartOf":{"@id":"https:\/\/www.africa-press.net\/senegal\/politique\/apres-leur-liberation-ousmane-sonko-et-diomaye-faye-feront-face-a-la-presse-ce-vendredi-pour"},"author":{"name":"cfeditorfr","@id":"https:\/\/www.africa-press.net\/senegal\/#\/schema\/person\/2b1cf3cd81a31e3cd26889ca66d677f1"},"headline":"Apre\u0300s leur libe\u0301ration: Ousmane Sonko et Diomaye Faye feront face a\u0300 la presse, ce vendredi pour&#8230;","datePublished":"2024-03-15T06:29:50+00:00","dateModified":"2024-03-15T07:48:37+00:00","mainEntityOfPage":{"@id":"https:\/\/www.africa-press.net\/senegal\/politique\/apres-leur-liberation-ousmane-sonko-et-diomaye-faye-feront-face-a-la-presse-ce-vendredi-pour"},"wordCount":196,"commentCount":0,"image":{"@id":"https:\/\/www.africa-press.net\/senegal\/politique\/apres-leur-liberation-ousmane-sonko-et-diomaye-faye-feront-face-a-la-presse-ce-vendredi-pour#primaryimage"},"thumbnailUrl":"https:\/\/static.africa-press.net\/senegal\/sites\/13\/2024\/03\/sm_1710472675.696421.jpg","keywords":["Africa Press","Africa Press-Senegal","Senegal"],"articleSection":["Politique","Toutes les actualit\u00e9s"],"inLanguage":"fr-FR","potentialAction":[{"@type":"CommentAction","name":"Comment","target":["https:\/\/www.africa-press.net\/senegal\/politique\/apres-leur-liberation-ousmane-sonko-et-diomaye-faye-feront-face-a-la-presse-ce-vendredi-pour#respond"]}]},{"@type":"WebPage","@id":"https:\/\/www.africa-press.net\/senegal\/politique\/apres-leur-liberation-ousmane-sonko-et-diomaye-faye-feront-face-a-la-presse-ce-vendredi-pour","url":"https:\/\/www.africa-press.net\/senegal\/politique\/apres-leur-liberation-ousmane-sonko-et-diomaye-faye-feront-face-a-la-presse-ce-vendredi-pour","name":"Apre\u0300s leur libe\u0301ration: Ousmane Sonko et Diomaye Faye feront face a\u0300 la presse, ce vendredi pour... - Senegal","isPartOf":{"@id":"https:\/\/www.africa-press.net\/senegal\/#website"},"primaryImageOfPage":{"@id":"https:\/\/www.africa-press.net\/senegal\/politique\/apres-leur-liberation-ousmane-sonko-et-diomaye-faye-feront-face-a-la-presse-ce-vendredi-pour#primaryimage"},"image":{"@id":"https:\/\/www.africa-press.net\/senegal\/politique\/apres-leur-liberation-ousmane-sonko-et-diomaye-faye-feront-face-a-la-presse-ce-vendredi-pour#primaryimage"},"thumbnailUrl":"https:\/\/static.africa-press.net\/senegal\/sites\/13\/2024\/03\/sm_1710472675.696421.jpg","datePublished":"2024-03-15T06:29:50+00:00","dateModified":"2024-03-15T07:48:37+00:00","author":{"@id":"https:\/\/www.africa-press.net\/senegal\/#\/schema\/person\/2b1cf3cd81a31e3cd26889ca66d677f1"},"description":"C\u2019est l\u2019actualite\u0301 du jour. Ousmane Sonko et Bassirou Diomaye Faye ont hume\u0301 l\u2019air de la liberte\u0301. Ce, a\u0300 dix (10) jours ...","breadcrumb":{"@id":"https:\/\/www.africa-press.net\/senegal\/politique\/apres-leur-liberation-ousmane-sonko-et-diomaye-faye-feront-face-a-la-presse-ce-vendredi-pour#breadcrumb"},"inLanguage":"fr-FR","potentialAction":[{"@type":"ReadAction","target":["https:\/\/www.africa-press.net\/senegal\/politique\/apres-leur-liberation-ousmane-sonko-et-diomaye-faye-feront-face-a-la-presse-ce-vendredi-pour"]}]},{"@type":"ImageObject","inLanguage":"fr-FR","@id":"https:\/\/www.africa-press.net\/senegal\/politique\/apres-leur-liberation-ousmane-sonko-et-diomaye-faye-feront-face-a-la-presse-ce-vendredi-pour#primaryimage","url":"https:\/\/static.africa-press.net\/senegal\/sites\/13\/2024\/03\/sm_1710472675.696421.jpg","contentUrl":"https:\/\/static.africa-press.net\/senegal\/sites\/13\/2024\/03\/sm_1710472675.696421.jpg","width":1301,"height":633,"caption":"Apre\u0300s leur libe\u0301ration: Ousmane Sonko et Diomaye Faye feront face a\u0300 la presse, ce vendredi pour..."},{"@type":"BreadcrumbList","@id":"https:\/\/www.africa-press.net\/senegal\/politique\/apres-leur-liberation-ousmane-sonko-et-diomaye-faye-feront-face-a-la-presse-ce-vendredi-pour#breadcrumb","itemListElement":[{"@type":"ListItem","position":1,"name":"Accueil","item":"https:\/\/www.africa-press.net\/senegal\/"},{"@type":"ListItem","position":2,"name":"Apre\u0300s leur libe\u0301ration: Ousmane Sonko et Diomaye Faye feront face a\u0300 la presse, ce vendredi pour&#8230;"}]},{"@type":"WebSite","@id":"https:\/\/www.africa-press.net\/senegal\/#website","url":"https:\/\/www.africa-press.net\/senegal\/","name":"Africa Press | Senegal | Homepage","description":"Just another Africa News Agency Sites site","potentialAction":[{"@type":"SearchAction","target":{"@type":"EntryPoint","urlTemplate":"https:\/\/www.africa-press.net\/senegal\/?s={search_term_string}"},"query-input":{"@type":"PropertyValueSpecification","valueRequired":true,"valueName":"search_term_string"}}],"inLanguage":"fr-FR"},{"@type":"Person","@id":"https:\/\/www.africa-press.net\/senegal\/#\/schema\/person\/2b1cf3cd81a31e3cd26889ca66d677f1","name":"cfeditorfr","url":"https:\/\/www.africa-press.net\/senegal\/author\/cfeditorfr"}]}},"_links":{"self":[{"href":"https:\/\/www.africa-press.net\/senegal\/wp-json\/wp\/v2\/posts\/56927","targetHints":{"allow":["GET"]}}],"collection":[{"href":"https:\/\/www.africa-press.net\/senegal\/wp-json\/wp\/v2\/posts"}],"about":[{"href":"https:\/\/www.africa-press.net\/senegal\/wp-json\/wp\/v2\/types\/post"}],"author":[{"embeddable":true,"href":"https:\/\/www.africa-press.net\/senegal\/wp-json\/wp\/v2\/users\/82"}],"replies":[{"embeddable":true,"href":"https:\/\/www.africa-press.net\/senegal\/wp-json\/wp\/v2\/comments?post=56927"}],"version-history":[{"count":0,"href":"https:\/\/www.africa-press.net\/senegal\/wp-json\/wp\/v2\/posts\/56927\/revisions"}],"wp:featuredmedia":[{"embeddable":true,"href":"https:\/\/www.africa-press.net\/senegal\/wp-json\/wp\/v2\/media\/56926"}],"wp:attachment":[{"href":"https:\/\/www.africa-press.net\/senegal\/wp-json\/wp\/v2\/media?parent=56927"}],"wp:term":[{"taxonomy":"category","embeddable":true,"href":"https:\/\/www.africa-press.net\/senegal\/wp-json\/wp\/v2\/categories?post=56927"},{"taxonomy":"post_tag","embeddable":true,"href":"https:\/\/www.africa-press.net\/senegal\/wp-json\/wp\/v2\/tags?post=56927"}],"curies":[{"name":"wp","href":"https:\/\/api.w.org\/{rel}","templated":true}]}}