{"id":56965,"date":"2024-03-15T14:45:28","date_gmt":"2024-03-15T14:45:28","guid":{"rendered":"https:\/\/www.africa-press.net\/senegal\/politique\/macky-sall-ousmane-sonko-la-mediation-dousmane-yara-porte-ses-fruits"},"modified":"2024-03-16T03:11:38","modified_gmt":"2024-03-16T03:11:38","slug":"macky-sall-ousmane-sonko-la-mediation-dousmane-yara-porte-ses-fruits","status":"publish","type":"post","link":"https:\/\/www.africa-press.net\/senegal\/dossiers\/macky-sall-ousmane-sonko-la-mediation-dousmane-yara-porte-ses-fruits","title":{"rendered":"Macky Sall-Ousmane Sonko : La m\u00e9diation d\u2019Ousmane Yara porte ses fruits"},"content":{"rendered":"<p><b>Amadou Diarra<\/b><\/p>\n<p><span style=\"color: #ff6600\"><strong>Africa-Press &#8211; Senegal. <\/strong><\/span>Les conseils du pre\u0301sident ivoirien, Alassane Dramane Ouattara, et le ballet de me\u0301diateurs dans la crise politique au Se\u0301ne\u0301gal dont notre compatriote Ousmane Yara, ont convaincu le pre\u0301sident se\u0301ne\u0301galais Macky Sall d\u2019organiser rapidement le scrutin pre\u0301sidentiel et en me\u0302me temps de pacifier l\u2019are\u0300ne politique se\u0301ne\u0301galaise par la libe\u0301ration et la re\u0301habilitation de de\u0301tenus politiques dont l\u2019opposant se\u0301ne\u0301galais Ousmane Sonko et son lieutenant du parti Pastef dissous, Bassirou Diomaye Faye dont la candidature a e\u0301te\u0301 valide\u0301e par le Conseil constitutionnel pendant qu\u2019il e\u0301tait en de\u0301tention.<\/p>\n<p>Incarce\u0301re\u0301 depuis juillet 2023, le leader de l\u2019opposition se\u0301ne\u0301galaise, Ousmane Sonko, retrouve la ple\u0301nitude de ses droits civiques. En d\u2019autres termes, il redevient e\u0301lecteur et e\u0301ligible. Cela fait suite a\u0300 la de\u0301cision de l\u2019Etat du Se\u0301ne\u0301gal de de\u0301sister de son pourvoi en cassation contre l\u2019ordonnance nume\u0301ro 01 du 14 de\u0301cembre 2023 rendue par le pre\u0301sident du tribunal d\u2019instance hors classe de Dakar et qui visait la re\u0301habilitation du maire de Ziguinchor (sud du Se\u0301ne\u0301gal) sur les listes e\u0301lectorales. Ainsi, dans une note adresse\u0301e au pre\u0301sident de la chambre administrative de la Cour supre\u0302me, l\u2019agent judiciaire de l\u2019Etat, Yoro Moussa Diallo, confirme le de\u0301sistement de l\u2019Etat du Se\u0301ne\u0301gal. Ce qui permet donc a\u0300 Ousmane Sonko d\u2019e\u0302tre e\u0301lecteur.<\/p>\n<p>Mais pour e\u0302tre e\u0301ligible, il fallait plus puisque d\u2019autres dossiers judiciaires disqualifiaient la candidature d\u2019Ousmane Sonko. Il s\u2019agit, d\u2019abord, de sa condamnation par contumace pour \u201ccorruption de la jeunesse\u201d. Une peine prononce\u0301e par la chambre criminelle de Dakar, en juin 2023, dans l\u2019affaire de la tristement ce\u0301le\u0300bre Adji Sarr, une ex-employe\u0301e d\u2019un salon de massage qui accusait l\u2019opposant se\u0301ne\u0301galais de viols et menaces de mort. Pour Ousmane Sonko, cette de\u0301cision avait comme principale conse\u0301quence politique la perte de son e\u0301ligibilite\u0301 en ge\u0301ne\u0301ral et particulie\u0300rement son droit de se pre\u0301senter a\u0300 la pre\u0301sidentielle de 2024 finalement fixe\u0301e au 24 mars, apre\u0300s deux tentatives de report de plusieurs mois tente\u0301s par Macky. Le Pre\u0301sident se\u0301ne\u0301galais s\u2019est heurte\u0301 au ve\u0301to du Conseil constitutionnel du Se\u0301ne\u0301gal.<\/p>\n<p>Rappelons aussi qu\u2019en juillet 2023, soit un mois apre\u0300s sa condamnation par contumace, Ousmane Sonko e\u0301tait arre\u0302te\u0301 pour \u201cvol de te\u0301le\u0301phone portable\u201d. Il lui e\u0301tait reproche\u0301 d\u2019avoir subtilise\u0301 le te\u0301le\u0301phone d\u2019une femme gendarme pour l\u2019utiliser comme moyen de communication avec ses troupes. Suite a\u0300 l\u2019exploitation des donne\u0301es du te\u0301le\u0301phone, signalait-on, le procureur de la Re\u0301publique du Tribunal hors classe de Dakar avait alourdi le dossier judiciaire du leader de Pastef en le chargeant avec plusieurs chefs d\u2019inculpation criminels: \u201cAppel a\u0300 l\u2019insurrection\u201d, \u201cassociation de malfaiteurs\u201d, \u201catteinte a\u0300 la su\u0302rete\u0301 de l\u2019Etat\u201d, \u201cassociation de malfaiteurs en lien avec une entreprise terroriste\u201d, \u201ccomplot contre l\u2019autorite\u0301 de l\u2019Etat\u201d, \u201cactes visant a\u0300 compromettre la se\u0301curite\u0301 publique et a\u0300 cre\u0301er des troubles politiques graves\u201d et \u201cvol\u201d. Des faits commis entre mars 2021 et juin 2023. En prison, Ousmane Sonko avait fait acte de non acquiescement a\u0300 son jugement par contumace contre Adji Sarr. Mais les avocats de l\u2019Etat et l\u2019ex-ministre de la Justice soutenaient que le leader du parti appele\u0301 Pastef \u2013 et maire de Ziguinchor au sud du Se\u0301ne\u0301gal- e\u0301tait arre\u0302te\u0301 pour d\u2019autres incriminations qui ne remettaient pas en cause sa condamnation par contumace et la perte de son e\u0301ligibilite\u0301.<\/p>\n<p>Apre\u0300s un pourvoi en cassation de l\u2019Agent judiciaire de l\u2019Etat, la Cour supre\u0302me avait casse\u0301 le jugement rendu par le tribunal de Ziguinchor qui ordonnait la re\u0301inscription de Sonko sur les listes e\u0301lectorales. Le dossier fut ensuite refile\u0301 au tribunal d\u2019instance hors classe de Dakar qui a statue\u0301. Dans son ordonnance, le juge Ousmane Racine Thione a argumente\u0301 \u201cqu\u2019il n\u2019est pas discute\u0301 que le sieur (Ousmane) Sonko est arre\u0302te\u0301 et de\u0301tenu\u201d et \u201cque me\u0302me a\u0300 supposer comme le pre\u0301tend l\u2019Etat du Se\u0301ne\u0301gal, qu\u2019il s\u2019agit d\u2019une arrestation pour autre cause, de\u0300s lors que le contumax fait connai\u0302tre de fac\u0327on expresse lors de son arrestation son e\u0301tat de contumax et de\u0301clare qu\u2019il n\u2019acquiesce pas au jugement, l\u2019article 307 du Code pe\u0301nal doit trouver application\u201d.<\/p>\n<p>A tout ceci il faut ajouter l\u2019ine\u0301ligibilite\u0301 de Sonko ne\u0301e de sa condamnation pour diffamation sur plainte de l\u2019ancien ministre Mame Mbaye Niang. Le leader de Pastef l\u2019avait accuse\u0301 de de\u0301tournement de plusieurs milliards, mais n\u2019avait pu en rapporter les preuves devant la justice. Et c\u2019est ce dossier contre le ministre Mame Mbaye Niang que le Conseil constitutionnel va e\u0301voquer, notamment avec la condamnation de\u0301finitive de Sonko par la Cour supre\u0302me, pour rejeter sa candidature a\u0300 la pre\u0301sidentielle en cours. Le leader de l\u2019opposition se\u0301ne\u0301galaise et maire de Ziguinchor est de\u0301tenu a\u0300 la maison d\u2019arre\u0302t du Cap Manuel de Dakar ou\u0300 a eu lieu un ballet de me\u0301diateurs faisant la navette entre cette prison et le palais pre\u0301sidentiel. C\u2019est le cas de notre concitoyen, l\u2019homme d\u2019affaires Ousmane Yara, cite\u0301 parmi les ne\u0301gociateurs.<\/p>\n<p>Signalons que l\u2019Assemble\u0301e nationale du Se\u0301ne\u0301gal a adopte\u0301, le mercredi 6 mars 2024, une loi d\u2019amnistie effac\u0327ant les infractions criminelles et correctionnelles commises dans le cadre des manifestations politiques qui ont eu lieu entre mars 2021 et fe\u0301vrier 2024. Le projet de loi de\u0301pose\u0301 sur la table des de\u0301pute\u0301s le 06 mars dernier, a\u0300 l\u2019initiative de Macky Sall qui l\u2019avait annonce\u0301 a\u0300 l\u2019ouverture du Dialogue national suite a\u0300 sa de\u0301cision de report de la Pre\u0301sidentielle, pre\u0301cisait en son article 2: \u201cL\u2019amnistie entrai\u0302ne sans qu\u2019elle ne puisse jamais donner lieu a\u0300 restitution, la remise totale de toutes les peines principales, accessoires et comple\u0301mentaires, ainsi que la disparition de toutes les de\u0301che\u0301ances, exclusions, incapacite\u0301s et privations de droits attache\u0301s a\u0300 la peine\u201d. Cette disposition de la Loi d\u2019Amnistie permet a\u0300 Sonko d\u2019e\u0302tre de nouveau e\u0301ligible, mais, pour pre\u0301server les droits des tiers comme ceux du ministre Mame Mbaye Niang, l\u2019art 3 de cette loi d\u2019Amnistie stipule que \u201cl\u2019amnistie ne pre\u0301judice pas aux droits des tiers\u201d. Une fac\u0327on de donner a\u0300 Mame Mbaye Niang la possibilite\u0301 de continuer de re\u0301clamer les 200 millions de francs de dommages et inte\u0301re\u0302ts a\u0300 lui alloue\u0301s par la justice.<\/p>\n<p>Hier, au moment ou\u0300 nous mettions sous presse, nous apprenions que l\u2019e\u0301largissement de Sonko de sa prison du Cap Manuel e\u0301tait imminent, le temps de terminer des formalite\u0301s d\u2019usage.<\/p>\n<p><img loading=\"lazy\" decoding=\"async\" width=\"296\" height=\"300\" class=\"alignnone wp-image-56963 size-full\" src=\"https:\/\/static.africa-press.net\/senegal\/sites\/13\/2024\/03\/sm_1710542278.262647.jpg\" \/><\/p>\n<p><strong>Pour plus d&rsquo;informations et d&rsquo;analyses sur la <a href=\"https:\/\/www.africa-press.net\/senegal\">Senegal<\/a>, suivez <a href=\"https:\/\/www.africa-press.net\/\">Africa-Press<\/a><\/strong><\/p>\n","protected":false},"excerpt":{"rendered":"<p>Amadou Diarra Africa-Press &#8211; Senegal. Les conseils du pre\u0301sident ivoirien, Alassane Dramane Ouattara, et le ballet de me\u0301diateurs dans la crise politique au Se\u0301ne\u0301gal dont notre compatriote Ousmane Yara, ont convaincu le pre\u0301sident se\u0301ne\u0301galais Macky Sall d\u2019organiser rapidement le scrutin pre\u0301sidentiel et en me\u0302me temps de pacifier l\u2019are\u0300ne politique se\u0301ne\u0301galaise par la libe\u0301ration et la [&hellip;]<\/p>\n","protected":false},"author":82,"featured_media":56964,"comment_status":"open","ping_status":"closed","sticky":false,"template":"","format":"standard","meta":{"footnotes":""},"categories":[7,10],"tags":[43,47,44],"class_list":["post-56965","post","type-post","status-publish","format-standard","has-post-thumbnail","hentry","category-dossiers","category-toutes-les-actualites","tag-africa-press-2","tag-africa-press-senegal","tag-senegal-2"],"yoast_head":"<!-- This site is optimized with the Yoast SEO Premium plugin v26.1 (Yoast SEO v27.0) - https:\/\/yoast.com\/product\/yoast-seo-premium-wordpress\/ -->\n<title>Macky Sall-Ousmane Sonko : La m\u00e9diation d\u2019Ousmane Yara porte ses fruits - Senegal<\/title>\n<meta name=\"description\" content=\"Les conseils du pre\u0301sident ivoirien, Alassane Dramane Ouattara, et le ballet de me\u0301diateurs dans la crise politique au S ...\" \/>\n<meta name=\"robots\" content=\"index, follow, max-snippet:-1, max-image-preview:large, max-video-preview:-1\" \/>\n<link rel=\"canonical\" href=\"https:\/\/www.africa-press.net\/senegal\/dossiers\/macky-sall-ousmane-sonko-la-mediation-dousmane-yara-porte-ses-fruits\" \/>\n<meta property=\"og:locale\" content=\"fr_FR\" \/>\n<meta property=\"og:type\" content=\"article\" \/>\n<meta property=\"og:title\" content=\"Macky Sall-Ousmane Sonko : La m\u00e9diation d\u2019Ousmane Yara porte ses fruits\" \/>\n<meta property=\"og:description\" content=\"Les conseils du pre\u0301sident ivoirien, Alassane Dramane Ouattara, et le ballet de me\u0301diateurs dans la crise politique au S ...\" \/>\n<meta property=\"og:url\" content=\"https:\/\/www.africa-press.net\/senegal\/dossiers\/macky-sall-ousmane-sonko-la-mediation-dousmane-yara-porte-ses-fruits\" \/>\n<meta property=\"og:site_name\" content=\"Senegal\" \/>\n<meta property=\"article:published_time\" content=\"2024-03-15T14:45:28+00:00\" \/>\n<meta property=\"article:modified_time\" content=\"2024-03-16T03:11:38+00:00\" \/>\n<meta property=\"og:image\" content=\"https:\/\/static.africa-press.net\/senegal\/sites\/13\/2024\/03\/sm_1710542306.808768.jpg\" \/>\n\t<meta property=\"og:image:width\" content=\"720\" \/>\n\t<meta property=\"og:image:height\" content=\"350\" \/>\n\t<meta property=\"og:image:type\" content=\"image\/jpeg\" \/>\n<meta name=\"author\" content=\"cfeditorfr\" \/>\n<meta name=\"twitter:card\" content=\"summary_large_image\" \/>\n<meta name=\"twitter:label1\" content=\"\u00c9crit par\" \/>\n\t<meta name=\"twitter:data1\" content=\"cfeditorfr\" \/>\n\t<meta name=\"twitter:label2\" content=\"Dur\u00e9e de lecture estim\u00e9e\" \/>\n\t<meta name=\"twitter:data2\" content=\"6 minutes\" \/>\n<script type=\"application\/ld+json\" class=\"yoast-schema-graph\">{\"@context\":\"https:\/\/schema.org\",\"@graph\":[{\"@type\":\"Article\",\"@id\":\"https:\/\/www.africa-press.net\/senegal\/dossiers\/macky-sall-ousmane-sonko-la-mediation-dousmane-yara-porte-ses-fruits#article\",\"isPartOf\":{\"@id\":\"https:\/\/www.africa-press.net\/senegal\/dossiers\/macky-sall-ousmane-sonko-la-mediation-dousmane-yara-porte-ses-fruits\"},\"author\":{\"name\":\"cfeditorfr\",\"@id\":\"https:\/\/www.africa-press.net\/senegal\/#\/schema\/person\/2b1cf3cd81a31e3cd26889ca66d677f1\"},\"headline\":\"Macky Sall-Ousmane Sonko : La m\u00e9diation d\u2019Ousmane Yara porte ses fruits\",\"datePublished\":\"2024-03-15T14:45:28+00:00\",\"dateModified\":\"2024-03-16T03:11:38+00:00\",\"mainEntityOfPage\":{\"@id\":\"https:\/\/www.africa-press.net\/senegal\/dossiers\/macky-sall-ousmane-sonko-la-mediation-dousmane-yara-porte-ses-fruits\"},\"wordCount\":1221,\"commentCount\":0,\"image\":{\"@id\":\"https:\/\/www.africa-press.net\/senegal\/dossiers\/macky-sall-ousmane-sonko-la-mediation-dousmane-yara-porte-ses-fruits#primaryimage\"},\"thumbnailUrl\":\"https:\/\/static.africa-press.net\/senegal\/sites\/13\/2024\/03\/sm_1710542306.808768.jpg\",\"keywords\":[\"Africa Press\",\"Africa Press-Senegal\",\"Senegal\"],\"articleSection\":[\"Dossiers\",\"Toutes les actualit\u00e9s\"],\"inLanguage\":\"fr-FR\",\"potentialAction\":[{\"@type\":\"CommentAction\",\"name\":\"Comment\",\"target\":[\"https:\/\/www.africa-press.net\/senegal\/dossiers\/macky-sall-ousmane-sonko-la-mediation-dousmane-yara-porte-ses-fruits#respond\"]}]},{\"@type\":\"WebPage\",\"@id\":\"https:\/\/www.africa-press.net\/senegal\/dossiers\/macky-sall-ousmane-sonko-la-mediation-dousmane-yara-porte-ses-fruits\",\"url\":\"https:\/\/www.africa-press.net\/senegal\/dossiers\/macky-sall-ousmane-sonko-la-mediation-dousmane-yara-porte-ses-fruits\",\"name\":\"Macky Sall-Ousmane Sonko : La m\u00e9diation d\u2019Ousmane Yara porte ses fruits - Senegal\",\"isPartOf\":{\"@id\":\"https:\/\/www.africa-press.net\/senegal\/#website\"},\"primaryImageOfPage\":{\"@id\":\"https:\/\/www.africa-press.net\/senegal\/dossiers\/macky-sall-ousmane-sonko-la-mediation-dousmane-yara-porte-ses-fruits#primaryimage\"},\"image\":{\"@id\":\"https:\/\/www.africa-press.net\/senegal\/dossiers\/macky-sall-ousmane-sonko-la-mediation-dousmane-yara-porte-ses-fruits#primaryimage\"},\"thumbnailUrl\":\"https:\/\/static.africa-press.net\/senegal\/sites\/13\/2024\/03\/sm_1710542306.808768.jpg\",\"datePublished\":\"2024-03-15T14:45:28+00:00\",\"dateModified\":\"2024-03-16T03:11:38+00:00\",\"author\":{\"@id\":\"https:\/\/www.africa-press.net\/senegal\/#\/schema\/person\/2b1cf3cd81a31e3cd26889ca66d677f1\"},\"description\":\"Les conseils du pre\u0301sident ivoirien, Alassane Dramane Ouattara, et le ballet de me\u0301diateurs dans la crise politique au S ...\",\"breadcrumb\":{\"@id\":\"https:\/\/www.africa-press.net\/senegal\/dossiers\/macky-sall-ousmane-sonko-la-mediation-dousmane-yara-porte-ses-fruits#breadcrumb\"},\"inLanguage\":\"fr-FR\",\"potentialAction\":[{\"@type\":\"ReadAction\",\"target\":[\"https:\/\/www.africa-press.net\/senegal\/dossiers\/macky-sall-ousmane-sonko-la-mediation-dousmane-yara-porte-ses-fruits\"]}]},{\"@type\":\"ImageObject\",\"inLanguage\":\"fr-FR\",\"@id\":\"https:\/\/www.africa-press.net\/senegal\/dossiers\/macky-sall-ousmane-sonko-la-mediation-dousmane-yara-porte-ses-fruits#primaryimage\",\"url\":\"https:\/\/static.africa-press.net\/senegal\/sites\/13\/2024\/03\/sm_1710542306.808768.jpg\",\"contentUrl\":\"https:\/\/static.africa-press.net\/senegal\/sites\/13\/2024\/03\/sm_1710542306.808768.jpg\",\"width\":720,\"height\":350,\"caption\":\"Macky Sall-Ousmane Sonko : La m\u00e9diation d\u2019Ousmane Yara porte ses fruits\"},{\"@type\":\"BreadcrumbList\",\"@id\":\"https:\/\/www.africa-press.net\/senegal\/dossiers\/macky-sall-ousmane-sonko-la-mediation-dousmane-yara-porte-ses-fruits#breadcrumb\",\"itemListElement\":[{\"@type\":\"ListItem\",\"position\":1,\"name\":\"Accueil\",\"item\":\"https:\/\/www.africa-press.net\/senegal\/\"},{\"@type\":\"ListItem\",\"position\":2,\"name\":\"Macky Sall-Ousmane Sonko : La m\u00e9diation d\u2019Ousmane Yara porte ses fruits\"}]},{\"@type\":\"WebSite\",\"@id\":\"https:\/\/www.africa-press.net\/senegal\/#website\",\"url\":\"https:\/\/www.africa-press.net\/senegal\/\",\"name\":\"Africa Press | Senegal | Homepage\",\"description\":\"Just another Africa News Agency Sites site\",\"potentialAction\":[{\"@type\":\"SearchAction\",\"target\":{\"@type\":\"EntryPoint\",\"urlTemplate\":\"https:\/\/www.africa-press.net\/senegal\/?s={search_term_string}\"},\"query-input\":{\"@type\":\"PropertyValueSpecification\",\"valueRequired\":true,\"valueName\":\"search_term_string\"}}],\"inLanguage\":\"fr-FR\"},{\"@type\":\"Person\",\"@id\":\"https:\/\/www.africa-press.net\/senegal\/#\/schema\/person\/2b1cf3cd81a31e3cd26889ca66d677f1\",\"name\":\"cfeditorfr\",\"url\":\"https:\/\/www.africa-press.net\/senegal\/author\/cfeditorfr\"}]}<\/script>\n<!-- \/ Yoast SEO Premium plugin. -->","yoast_head_json":{"title":"Macky Sall-Ousmane Sonko : La m\u00e9diation d\u2019Ousmane Yara porte ses fruits - Senegal","description":"Les conseils du pre\u0301sident ivoirien, Alassane Dramane Ouattara, et le ballet de me\u0301diateurs dans la crise politique au S ...","robots":{"index":"index","follow":"follow","max-snippet":"max-snippet:-1","max-image-preview":"max-image-preview:large","max-video-preview":"max-video-preview:-1"},"canonical":"https:\/\/www.africa-press.net\/senegal\/dossiers\/macky-sall-ousmane-sonko-la-mediation-dousmane-yara-porte-ses-fruits","og_locale":"fr_FR","og_type":"article","og_title":"Macky Sall-Ousmane Sonko : La m\u00e9diation d\u2019Ousmane Yara porte ses fruits","og_description":"Les conseils du pre\u0301sident ivoirien, Alassane Dramane Ouattara, et le ballet de me\u0301diateurs dans la crise politique au S ...","og_url":"https:\/\/www.africa-press.net\/senegal\/dossiers\/macky-sall-ousmane-sonko-la-mediation-dousmane-yara-porte-ses-fruits","og_site_name":"Senegal","article_published_time":"2024-03-15T14:45:28+00:00","article_modified_time":"2024-03-16T03:11:38+00:00","og_image":[{"width":720,"height":350,"url":"https:\/\/static.africa-press.net\/senegal\/sites\/13\/2024\/03\/sm_1710542306.808768.jpg","type":"image\/jpeg"}],"author":"cfeditorfr","twitter_card":"summary_large_image","twitter_misc":{"\u00c9crit par":"cfeditorfr","Dur\u00e9e de lecture estim\u00e9e":"6 minutes"},"schema":{"@context":"https:\/\/schema.org","@graph":[{"@type":"Article","@id":"https:\/\/www.africa-press.net\/senegal\/dossiers\/macky-sall-ousmane-sonko-la-mediation-dousmane-yara-porte-ses-fruits#article","isPartOf":{"@id":"https:\/\/www.africa-press.net\/senegal\/dossiers\/macky-sall-ousmane-sonko-la-mediation-dousmane-yara-porte-ses-fruits"},"author":{"name":"cfeditorfr","@id":"https:\/\/www.africa-press.net\/senegal\/#\/schema\/person\/2b1cf3cd81a31e3cd26889ca66d677f1"},"headline":"Macky Sall-Ousmane Sonko : La m\u00e9diation d\u2019Ousmane Yara porte ses fruits","datePublished":"2024-03-15T14:45:28+00:00","dateModified":"2024-03-16T03:11:38+00:00","mainEntityOfPage":{"@id":"https:\/\/www.africa-press.net\/senegal\/dossiers\/macky-sall-ousmane-sonko-la-mediation-dousmane-yara-porte-ses-fruits"},"wordCount":1221,"commentCount":0,"image":{"@id":"https:\/\/www.africa-press.net\/senegal\/dossiers\/macky-sall-ousmane-sonko-la-mediation-dousmane-yara-porte-ses-fruits#primaryimage"},"thumbnailUrl":"https:\/\/static.africa-press.net\/senegal\/sites\/13\/2024\/03\/sm_1710542306.808768.jpg","keywords":["Africa Press","Africa Press-Senegal","Senegal"],"articleSection":["Dossiers","Toutes les actualit\u00e9s"],"inLanguage":"fr-FR","potentialAction":[{"@type":"CommentAction","name":"Comment","target":["https:\/\/www.africa-press.net\/senegal\/dossiers\/macky-sall-ousmane-sonko-la-mediation-dousmane-yara-porte-ses-fruits#respond"]}]},{"@type":"WebPage","@id":"https:\/\/www.africa-press.net\/senegal\/dossiers\/macky-sall-ousmane-sonko-la-mediation-dousmane-yara-porte-ses-fruits","url":"https:\/\/www.africa-press.net\/senegal\/dossiers\/macky-sall-ousmane-sonko-la-mediation-dousmane-yara-porte-ses-fruits","name":"Macky Sall-Ousmane Sonko : La m\u00e9diation d\u2019Ousmane Yara porte ses fruits - Senegal","isPartOf":{"@id":"https:\/\/www.africa-press.net\/senegal\/#website"},"primaryImageOfPage":{"@id":"https:\/\/www.africa-press.net\/senegal\/dossiers\/macky-sall-ousmane-sonko-la-mediation-dousmane-yara-porte-ses-fruits#primaryimage"},"image":{"@id":"https:\/\/www.africa-press.net\/senegal\/dossiers\/macky-sall-ousmane-sonko-la-mediation-dousmane-yara-porte-ses-fruits#primaryimage"},"thumbnailUrl":"https:\/\/static.africa-press.net\/senegal\/sites\/13\/2024\/03\/sm_1710542306.808768.jpg","datePublished":"2024-03-15T14:45:28+00:00","dateModified":"2024-03-16T03:11:38+00:00","author":{"@id":"https:\/\/www.africa-press.net\/senegal\/#\/schema\/person\/2b1cf3cd81a31e3cd26889ca66d677f1"},"description":"Les conseils du pre\u0301sident ivoirien, Alassane Dramane Ouattara, et le ballet de me\u0301diateurs dans la crise politique au S ...","breadcrumb":{"@id":"https:\/\/www.africa-press.net\/senegal\/dossiers\/macky-sall-ousmane-sonko-la-mediation-dousmane-yara-porte-ses-fruits#breadcrumb"},"inLanguage":"fr-FR","potentialAction":[{"@type":"ReadAction","target":["https:\/\/www.africa-press.net\/senegal\/dossiers\/macky-sall-ousmane-sonko-la-mediation-dousmane-yara-porte-ses-fruits"]}]},{"@type":"ImageObject","inLanguage":"fr-FR","@id":"https:\/\/www.africa-press.net\/senegal\/dossiers\/macky-sall-ousmane-sonko-la-mediation-dousmane-yara-porte-ses-fruits#primaryimage","url":"https:\/\/static.africa-press.net\/senegal\/sites\/13\/2024\/03\/sm_1710542306.808768.jpg","contentUrl":"https:\/\/static.africa-press.net\/senegal\/sites\/13\/2024\/03\/sm_1710542306.808768.jpg","width":720,"height":350,"caption":"Macky Sall-Ousmane Sonko : La m\u00e9diation d\u2019Ousmane Yara porte ses fruits"},{"@type":"BreadcrumbList","@id":"https:\/\/www.africa-press.net\/senegal\/dossiers\/macky-sall-ousmane-sonko-la-mediation-dousmane-yara-porte-ses-fruits#breadcrumb","itemListElement":[{"@type":"ListItem","position":1,"name":"Accueil","item":"https:\/\/www.africa-press.net\/senegal\/"},{"@type":"ListItem","position":2,"name":"Macky Sall-Ousmane Sonko : La m\u00e9diation d\u2019Ousmane Yara porte ses fruits"}]},{"@type":"WebSite","@id":"https:\/\/www.africa-press.net\/senegal\/#website","url":"https:\/\/www.africa-press.net\/senegal\/","name":"Africa Press | Senegal | Homepage","description":"Just another Africa News Agency Sites site","potentialAction":[{"@type":"SearchAction","target":{"@type":"EntryPoint","urlTemplate":"https:\/\/www.africa-press.net\/senegal\/?s={search_term_string}"},"query-input":{"@type":"PropertyValueSpecification","valueRequired":true,"valueName":"search_term_string"}}],"inLanguage":"fr-FR"},{"@type":"Person","@id":"https:\/\/www.africa-press.net\/senegal\/#\/schema\/person\/2b1cf3cd81a31e3cd26889ca66d677f1","name":"cfeditorfr","url":"https:\/\/www.africa-press.net\/senegal\/author\/cfeditorfr"}]}},"_links":{"self":[{"href":"https:\/\/www.africa-press.net\/senegal\/wp-json\/wp\/v2\/posts\/56965","targetHints":{"allow":["GET"]}}],"collection":[{"href":"https:\/\/www.africa-press.net\/senegal\/wp-json\/wp\/v2\/posts"}],"about":[{"href":"https:\/\/www.africa-press.net\/senegal\/wp-json\/wp\/v2\/types\/post"}],"author":[{"embeddable":true,"href":"https:\/\/www.africa-press.net\/senegal\/wp-json\/wp\/v2\/users\/82"}],"replies":[{"embeddable":true,"href":"https:\/\/www.africa-press.net\/senegal\/wp-json\/wp\/v2\/comments?post=56965"}],"version-history":[{"count":0,"href":"https:\/\/www.africa-press.net\/senegal\/wp-json\/wp\/v2\/posts\/56965\/revisions"}],"wp:featuredmedia":[{"embeddable":true,"href":"https:\/\/www.africa-press.net\/senegal\/wp-json\/wp\/v2\/media\/56964"}],"wp:attachment":[{"href":"https:\/\/www.africa-press.net\/senegal\/wp-json\/wp\/v2\/media?parent=56965"}],"wp:term":[{"taxonomy":"category","embeddable":true,"href":"https:\/\/www.africa-press.net\/senegal\/wp-json\/wp\/v2\/categories?post=56965"},{"taxonomy":"post_tag","embeddable":true,"href":"https:\/\/www.africa-press.net\/senegal\/wp-json\/wp\/v2\/tags?post=56965"}],"curies":[{"name":"wp","href":"https:\/\/api.w.org\/{rel}","templated":true}]}}