{"id":56974,"date":"2024-03-16T23:25:54","date_gmt":"2024-03-16T23:25:54","guid":{"rendered":"https:\/\/www.africa-press.net\/senegal\/politique\/presidentielle-au-senegal-ousmane-sonko-et-bassirou-diomaye-faye-en-casamance"},"modified":"2024-03-17T01:02:26","modified_gmt":"2024-03-17T01:02:26","slug":"presidentielle-au-senegal-ousmane-sonko-et-bassirou-diomaye-faye-en-casamance","status":"publish","type":"post","link":"https:\/\/www.africa-press.net\/senegal\/politique\/presidentielle-au-senegal-ousmane-sonko-et-bassirou-diomaye-faye-en-casamance","title":{"rendered":"Pre\u0301sidentielle au Se\u0301ne\u0301gal: Ousmane Sonko et Bassirou Diomaye Faye en Casamance"},"content":{"rendered":"<p><span style=\"color: #ff6600\"><strong>Africa-Press &#8211; Senegal. <\/strong><\/span>Ousmane Sonko et Bassirou Diomaye Faye, candidat a\u0300 la pre\u0301sidentielle du 24 mars, font campagne en Casamance. Ils sont arrive\u0301s par avion samedi 16 mars, soit deux jours apre\u0300s leur libe\u0301ration de prison. Ce premier de\u0301placement des deux hommes hors de Dakar a lieu une semaine avant la fin de la campagne e\u0301lectorale.<\/p>\n<p>A\u0300 leur descente d&rsquo;avion au Cap Skiring, Ousmane Sonko et Bassirou Diomaye Faye ont aussito\u0302t pris place dans un ve\u0301hicule 4X4 noir aux vitres teinte\u0301es. Ils e\u0301taient acclame\u0301s par plusieurs centaines de personnes, venues les attendre a\u0300 l&rsquo;ae\u0301roport de cette station balne\u0301aire, l\u2019une des plus importantes destinations touristiques du pays.<\/p>\n<p>Le candidat Faye, en boubou blanc, a e\u0301te\u0301 le premier a\u0300 faire son apparition. Ousmane Sonko, lui, portrait une chemise vert-pa\u0302le et une casquette. Tous les deux avaient les bras leve\u0301s en signe de victoire, devant une foule majoritairement jeune qui scandait \u00ab\u00a0Diomaye pre\u0301sident\u00a0\u00bb.<\/p>\n<p>Un convoi de plusieurs dizaines de ve\u0301hicules est ensuite parti de Cap-Skiring, a\u0300 quelque 80 km de Ziguinchor, principale ville de Casamance dont Ousmane Sonko est le maire, dans une re\u0301gion qui est son fief.<\/p>\n<p><b>\u201cOn va gagner au premier tour\u201d<\/b><\/p>\n<p>\u00ab\u00a0On va gagner au premier tour. J&rsquo;en suis su\u0302r\u00a0\u00bb, a de\u0301clare\u0301 a\u0300 l&rsquo;AFP Malang Sane\u0301, 26 ans, venu accueillir l\u2019opposant se\u0301ne\u0301galais a\u0300 l\u2019ae\u0301roport. Vendredi 15 mars, la veille, Ousmane Sonko avait pre\u0301dit vendredi la large victoire de son second, Bassirou Diomaye Faye, \u201cde\u0300s le premier tour\u201d de la pre\u0301sidentielle du 24 mars, si l&rsquo;e\u0301lection se de\u0301roule sans fraude.<\/p>\n<p>\u00ab\u00a0Nous sommes venus accueillir notre leader qui vient tout juste de sortir de prison et va nous apporter le changement. Le Se\u0301ne\u0301gal est comme une voiture neuve qui n&rsquo;est pas utilise\u0301e. Et Ousmane Sonko va la mettre en marche\u00a0\u00bb, a dit a\u0300 l&rsquo;AFP Ibou Diatta, e\u0301ducateur de 29 ans.<\/p>\n<p>La campagne pour la pre\u0301sidentielle a de\u0301bute\u0301 le 9 mars. Elle a e\u0301te\u0301 e\u0301courte\u0301e d&rsquo;un tiers en raison de la crise politique ayant suivi le report le 3 fe\u0301vrier de la pre\u0301sidentielle, initialement pre\u0301vue le 25 fe\u0301vrier, par le pre\u0301sident Sall. Le Conseil constitutionnel l&rsquo;a ensuite contraint de fixer une nouvelle date pour un scrutin avant la fin de son mandat le 2 avril. Le report in extremis de la pre\u0301sidentielle a cause\u0301 de nombreux heurts dans le pays.<\/p>\n<p><b>Campagne main dans la main<\/b><\/p>\n<p>Les deux opposants ont e\u0301te\u0301 libe\u0301re\u0301s jeudi soir apre\u0300s des mois de de\u0301tention, en vertu d&rsquo;une loi d&rsquo;amnistie adopte\u0301e la semaine passe\u0301e a\u0300 l&rsquo;instigation du pre\u0301sident Macky Sall. Sortis de prison, Ousmane Sonko et Bassirou Diomaye Faye, pre\u0301sident et secre\u0301taire ge\u0301ne\u0301ral du parti Pastef dissous, peuvent de\u0301sormais participer a\u0300 la campagne. Ousmane Sonko a e\u0301te\u0301 disqualifie\u0301 de la pre\u0301sidentielle en janvier, le Pastef de\u0301signant alors Bassirou Diomaye Faye.<\/p>\n<p>Lors d&rsquo;une confe\u0301rence de presse commune vendredi, les deux hommes s&rsquo;en sont pris au candidat du pouvoir, l&rsquo;ex-Premier ministre Amadou Ba. \u00ab\u00a0S&rsquo;il est e\u0301lu, il sera le pre\u0301sident des pays e\u0301trangers\u00a0\u00bb, a dit Ousmane Sonko, accusant Amadou Ba d&rsquo;avoir couvert des malversations.<\/p>\n<p>Ousmane Sonko \u00ab\u00a0re\u0301cidive en consacrant toute une confe\u0301rence de presse a\u0300 des diffamations et calomnies insipides\u00a0\u00bb, a re\u0301torque\u0301, dans un communique\u0301, le camp de M. Ba, en campagne samedi, lui, dans le nord et l&rsquo;est du pays.<\/p>\n<p><strong>Pour plus d&rsquo;informations et d&rsquo;analyses sur la <a href=\"https:\/\/www.africa-press.net\/senegal\">Senegal<\/a>, suivez <a href=\"https:\/\/www.africa-press.net\/\">Africa-Press<\/a><\/strong><\/p>\n","protected":false},"excerpt":{"rendered":"<p>Africa-Press &#8211; Senegal. Ousmane Sonko et Bassirou Diomaye Faye, candidat a\u0300 la pre\u0301sidentielle du 24 mars, font campagne en Casamance. Ils sont arrive\u0301s par avion samedi 16 mars, soit deux jours apre\u0300s leur libe\u0301ration de prison. Ce premier de\u0301placement des deux hommes hors de Dakar a lieu une semaine avant la fin de la campagne [&hellip;]<\/p>\n","protected":false},"author":82,"featured_media":56973,"comment_status":"open","ping_status":"closed","sticky":false,"template":"","format":"standard","meta":{"footnotes":""},"categories":[2,20,10],"tags":[43,47,44],"class_list":["post-56974","post","type-post","status-publish","format-standard","has-post-thumbnail","hentry","category-politique","category-top-nouvelles","category-toutes-les-actualites","tag-africa-press-2","tag-africa-press-senegal","tag-senegal-2"],"yoast_head":"<!-- This site is optimized with the Yoast SEO Premium plugin v26.1 (Yoast SEO v27.0) - https:\/\/yoast.com\/product\/yoast-seo-premium-wordpress\/ -->\n<title>Pre\u0301sidentielle au Se\u0301ne\u0301gal: Ousmane Sonko et Bassirou Diomaye Faye en Casamance - Senegal<\/title>\n<meta name=\"description\" content=\"Ousmane Sonko et Bassirou Diomaye Faye, candidat a\u0300 la pre\u0301sidentielle du 24 mars, font campagne en Casamance. Ils sont ...\" \/>\n<meta name=\"robots\" content=\"index, follow, max-snippet:-1, max-image-preview:large, max-video-preview:-1\" \/>\n<link rel=\"canonical\" href=\"https:\/\/www.africa-press.net\/senegal\/politique\/presidentielle-au-senegal-ousmane-sonko-et-bassirou-diomaye-faye-en-casamance\" \/>\n<meta property=\"og:locale\" content=\"fr_FR\" \/>\n<meta property=\"og:type\" content=\"article\" \/>\n<meta property=\"og:title\" content=\"Pre\u0301sidentielle au Se\u0301ne\u0301gal: Ousmane Sonko et Bassirou Diomaye Faye en Casamance\" \/>\n<meta property=\"og:description\" content=\"Ousmane Sonko et Bassirou Diomaye Faye, candidat a\u0300 la pre\u0301sidentielle du 24 mars, font campagne en Casamance. Ils sont ...\" \/>\n<meta property=\"og:url\" content=\"https:\/\/www.africa-press.net\/senegal\/politique\/presidentielle-au-senegal-ousmane-sonko-et-bassirou-diomaye-faye-en-casamance\" \/>\n<meta property=\"og:site_name\" content=\"Senegal\" \/>\n<meta property=\"article:published_time\" content=\"2024-03-16T23:25:54+00:00\" \/>\n<meta property=\"article:modified_time\" content=\"2024-03-17T01:02:26+00:00\" \/>\n<meta property=\"og:image\" content=\"https:\/\/static.africa-press.net\/senegal\/sites\/13\/2024\/03\/sm_1710620947.28486.jpg\" \/>\n\t<meta property=\"og:image:width\" content=\"1292\" \/>\n\t<meta property=\"og:image:height\" content=\"634\" \/>\n\t<meta property=\"og:image:type\" content=\"image\/jpeg\" \/>\n<meta name=\"author\" content=\"cfeditorfr\" \/>\n<meta name=\"twitter:card\" content=\"summary_large_image\" \/>\n<meta name=\"twitter:label1\" content=\"\u00c9crit par\" \/>\n\t<meta name=\"twitter:data1\" content=\"cfeditorfr\" \/>\n\t<meta name=\"twitter:label2\" content=\"Dur\u00e9e de lecture estim\u00e9e\" \/>\n\t<meta name=\"twitter:data2\" content=\"3 minutes\" \/>\n<script type=\"application\/ld+json\" class=\"yoast-schema-graph\">{\"@context\":\"https:\/\/schema.org\",\"@graph\":[{\"@type\":\"Article\",\"@id\":\"https:\/\/www.africa-press.net\/senegal\/politique\/presidentielle-au-senegal-ousmane-sonko-et-bassirou-diomaye-faye-en-casamance#article\",\"isPartOf\":{\"@id\":\"https:\/\/www.africa-press.net\/senegal\/politique\/presidentielle-au-senegal-ousmane-sonko-et-bassirou-diomaye-faye-en-casamance\"},\"author\":{\"name\":\"cfeditorfr\",\"@id\":\"https:\/\/www.africa-press.net\/senegal\/#\/schema\/person\/2b1cf3cd81a31e3cd26889ca66d677f1\"},\"headline\":\"Pre\u0301sidentielle au Se\u0301ne\u0301gal: Ousmane Sonko et Bassirou Diomaye Faye en Casamance\",\"datePublished\":\"2024-03-16T23:25:54+00:00\",\"dateModified\":\"2024-03-17T01:02:26+00:00\",\"mainEntityOfPage\":{\"@id\":\"https:\/\/www.africa-press.net\/senegal\/politique\/presidentielle-au-senegal-ousmane-sonko-et-bassirou-diomaye-faye-en-casamance\"},\"wordCount\":632,\"commentCount\":0,\"image\":{\"@id\":\"https:\/\/www.africa-press.net\/senegal\/politique\/presidentielle-au-senegal-ousmane-sonko-et-bassirou-diomaye-faye-en-casamance#primaryimage\"},\"thumbnailUrl\":\"https:\/\/static.africa-press.net\/senegal\/sites\/13\/2024\/03\/sm_1710620947.28486.jpg\",\"keywords\":[\"Africa Press\",\"Africa Press-Senegal\",\"Senegal\"],\"articleSection\":[\"Politique\",\"Top Nouvelles\",\"Toutes les actualit\u00e9s\"],\"inLanguage\":\"fr-FR\",\"potentialAction\":[{\"@type\":\"CommentAction\",\"name\":\"Comment\",\"target\":[\"https:\/\/www.africa-press.net\/senegal\/politique\/presidentielle-au-senegal-ousmane-sonko-et-bassirou-diomaye-faye-en-casamance#respond\"]}]},{\"@type\":\"WebPage\",\"@id\":\"https:\/\/www.africa-press.net\/senegal\/politique\/presidentielle-au-senegal-ousmane-sonko-et-bassirou-diomaye-faye-en-casamance\",\"url\":\"https:\/\/www.africa-press.net\/senegal\/politique\/presidentielle-au-senegal-ousmane-sonko-et-bassirou-diomaye-faye-en-casamance\",\"name\":\"Pre\u0301sidentielle au Se\u0301ne\u0301gal: Ousmane Sonko et Bassirou Diomaye Faye en Casamance - Senegal\",\"isPartOf\":{\"@id\":\"https:\/\/www.africa-press.net\/senegal\/#website\"},\"primaryImageOfPage\":{\"@id\":\"https:\/\/www.africa-press.net\/senegal\/politique\/presidentielle-au-senegal-ousmane-sonko-et-bassirou-diomaye-faye-en-casamance#primaryimage\"},\"image\":{\"@id\":\"https:\/\/www.africa-press.net\/senegal\/politique\/presidentielle-au-senegal-ousmane-sonko-et-bassirou-diomaye-faye-en-casamance#primaryimage\"},\"thumbnailUrl\":\"https:\/\/static.africa-press.net\/senegal\/sites\/13\/2024\/03\/sm_1710620947.28486.jpg\",\"datePublished\":\"2024-03-16T23:25:54+00:00\",\"dateModified\":\"2024-03-17T01:02:26+00:00\",\"author\":{\"@id\":\"https:\/\/www.africa-press.net\/senegal\/#\/schema\/person\/2b1cf3cd81a31e3cd26889ca66d677f1\"},\"description\":\"Ousmane Sonko et Bassirou Diomaye Faye, candidat a\u0300 la pre\u0301sidentielle du 24 mars, font campagne en Casamance. Ils sont ...\",\"breadcrumb\":{\"@id\":\"https:\/\/www.africa-press.net\/senegal\/politique\/presidentielle-au-senegal-ousmane-sonko-et-bassirou-diomaye-faye-en-casamance#breadcrumb\"},\"inLanguage\":\"fr-FR\",\"potentialAction\":[{\"@type\":\"ReadAction\",\"target\":[\"https:\/\/www.africa-press.net\/senegal\/politique\/presidentielle-au-senegal-ousmane-sonko-et-bassirou-diomaye-faye-en-casamance\"]}]},{\"@type\":\"ImageObject\",\"inLanguage\":\"fr-FR\",\"@id\":\"https:\/\/www.africa-press.net\/senegal\/politique\/presidentielle-au-senegal-ousmane-sonko-et-bassirou-diomaye-faye-en-casamance#primaryimage\",\"url\":\"https:\/\/static.africa-press.net\/senegal\/sites\/13\/2024\/03\/sm_1710620947.28486.jpg\",\"contentUrl\":\"https:\/\/static.africa-press.net\/senegal\/sites\/13\/2024\/03\/sm_1710620947.28486.jpg\",\"width\":1292,\"height\":634,\"caption\":\"Pre\u0301sidentielle au Se\u0301ne\u0301gal: Ousmane Sonko et Bassirou Diomaye Faye en Casamance\"},{\"@type\":\"BreadcrumbList\",\"@id\":\"https:\/\/www.africa-press.net\/senegal\/politique\/presidentielle-au-senegal-ousmane-sonko-et-bassirou-diomaye-faye-en-casamance#breadcrumb\",\"itemListElement\":[{\"@type\":\"ListItem\",\"position\":1,\"name\":\"Accueil\",\"item\":\"https:\/\/www.africa-press.net\/senegal\/\"},{\"@type\":\"ListItem\",\"position\":2,\"name\":\"Pre\u0301sidentielle au Se\u0301ne\u0301gal: Ousmane Sonko et Bassirou Diomaye Faye en Casamance\"}]},{\"@type\":\"WebSite\",\"@id\":\"https:\/\/www.africa-press.net\/senegal\/#website\",\"url\":\"https:\/\/www.africa-press.net\/senegal\/\",\"name\":\"Africa Press | Senegal | Homepage\",\"description\":\"Just another Africa News Agency Sites site\",\"potentialAction\":[{\"@type\":\"SearchAction\",\"target\":{\"@type\":\"EntryPoint\",\"urlTemplate\":\"https:\/\/www.africa-press.net\/senegal\/?s={search_term_string}\"},\"query-input\":{\"@type\":\"PropertyValueSpecification\",\"valueRequired\":true,\"valueName\":\"search_term_string\"}}],\"inLanguage\":\"fr-FR\"},{\"@type\":\"Person\",\"@id\":\"https:\/\/www.africa-press.net\/senegal\/#\/schema\/person\/2b1cf3cd81a31e3cd26889ca66d677f1\",\"name\":\"cfeditorfr\",\"url\":\"https:\/\/www.africa-press.net\/senegal\/author\/cfeditorfr\"}]}<\/script>\n<!-- \/ Yoast SEO Premium plugin. -->","yoast_head_json":{"title":"Pre\u0301sidentielle au Se\u0301ne\u0301gal: Ousmane Sonko et Bassirou Diomaye Faye en Casamance - Senegal","description":"Ousmane Sonko et Bassirou Diomaye Faye, candidat a\u0300 la pre\u0301sidentielle du 24 mars, font campagne en Casamance. Ils sont ...","robots":{"index":"index","follow":"follow","max-snippet":"max-snippet:-1","max-image-preview":"max-image-preview:large","max-video-preview":"max-video-preview:-1"},"canonical":"https:\/\/www.africa-press.net\/senegal\/politique\/presidentielle-au-senegal-ousmane-sonko-et-bassirou-diomaye-faye-en-casamance","og_locale":"fr_FR","og_type":"article","og_title":"Pre\u0301sidentielle au Se\u0301ne\u0301gal: Ousmane Sonko et Bassirou Diomaye Faye en Casamance","og_description":"Ousmane Sonko et Bassirou Diomaye Faye, candidat a\u0300 la pre\u0301sidentielle du 24 mars, font campagne en Casamance. Ils sont ...","og_url":"https:\/\/www.africa-press.net\/senegal\/politique\/presidentielle-au-senegal-ousmane-sonko-et-bassirou-diomaye-faye-en-casamance","og_site_name":"Senegal","article_published_time":"2024-03-16T23:25:54+00:00","article_modified_time":"2024-03-17T01:02:26+00:00","og_image":[{"width":1292,"height":634,"url":"https:\/\/static.africa-press.net\/senegal\/sites\/13\/2024\/03\/sm_1710620947.28486.jpg","type":"image\/jpeg"}],"author":"cfeditorfr","twitter_card":"summary_large_image","twitter_misc":{"\u00c9crit par":"cfeditorfr","Dur\u00e9e de lecture estim\u00e9e":"3 minutes"},"schema":{"@context":"https:\/\/schema.org","@graph":[{"@type":"Article","@id":"https:\/\/www.africa-press.net\/senegal\/politique\/presidentielle-au-senegal-ousmane-sonko-et-bassirou-diomaye-faye-en-casamance#article","isPartOf":{"@id":"https:\/\/www.africa-press.net\/senegal\/politique\/presidentielle-au-senegal-ousmane-sonko-et-bassirou-diomaye-faye-en-casamance"},"author":{"name":"cfeditorfr","@id":"https:\/\/www.africa-press.net\/senegal\/#\/schema\/person\/2b1cf3cd81a31e3cd26889ca66d677f1"},"headline":"Pre\u0301sidentielle au Se\u0301ne\u0301gal: Ousmane Sonko et Bassirou Diomaye Faye en Casamance","datePublished":"2024-03-16T23:25:54+00:00","dateModified":"2024-03-17T01:02:26+00:00","mainEntityOfPage":{"@id":"https:\/\/www.africa-press.net\/senegal\/politique\/presidentielle-au-senegal-ousmane-sonko-et-bassirou-diomaye-faye-en-casamance"},"wordCount":632,"commentCount":0,"image":{"@id":"https:\/\/www.africa-press.net\/senegal\/politique\/presidentielle-au-senegal-ousmane-sonko-et-bassirou-diomaye-faye-en-casamance#primaryimage"},"thumbnailUrl":"https:\/\/static.africa-press.net\/senegal\/sites\/13\/2024\/03\/sm_1710620947.28486.jpg","keywords":["Africa Press","Africa Press-Senegal","Senegal"],"articleSection":["Politique","Top Nouvelles","Toutes les actualit\u00e9s"],"inLanguage":"fr-FR","potentialAction":[{"@type":"CommentAction","name":"Comment","target":["https:\/\/www.africa-press.net\/senegal\/politique\/presidentielle-au-senegal-ousmane-sonko-et-bassirou-diomaye-faye-en-casamance#respond"]}]},{"@type":"WebPage","@id":"https:\/\/www.africa-press.net\/senegal\/politique\/presidentielle-au-senegal-ousmane-sonko-et-bassirou-diomaye-faye-en-casamance","url":"https:\/\/www.africa-press.net\/senegal\/politique\/presidentielle-au-senegal-ousmane-sonko-et-bassirou-diomaye-faye-en-casamance","name":"Pre\u0301sidentielle au Se\u0301ne\u0301gal: Ousmane Sonko et Bassirou Diomaye Faye en Casamance - Senegal","isPartOf":{"@id":"https:\/\/www.africa-press.net\/senegal\/#website"},"primaryImageOfPage":{"@id":"https:\/\/www.africa-press.net\/senegal\/politique\/presidentielle-au-senegal-ousmane-sonko-et-bassirou-diomaye-faye-en-casamance#primaryimage"},"image":{"@id":"https:\/\/www.africa-press.net\/senegal\/politique\/presidentielle-au-senegal-ousmane-sonko-et-bassirou-diomaye-faye-en-casamance#primaryimage"},"thumbnailUrl":"https:\/\/static.africa-press.net\/senegal\/sites\/13\/2024\/03\/sm_1710620947.28486.jpg","datePublished":"2024-03-16T23:25:54+00:00","dateModified":"2024-03-17T01:02:26+00:00","author":{"@id":"https:\/\/www.africa-press.net\/senegal\/#\/schema\/person\/2b1cf3cd81a31e3cd26889ca66d677f1"},"description":"Ousmane Sonko et Bassirou Diomaye Faye, candidat a\u0300 la pre\u0301sidentielle du 24 mars, font campagne en Casamance. Ils sont ...","breadcrumb":{"@id":"https:\/\/www.africa-press.net\/senegal\/politique\/presidentielle-au-senegal-ousmane-sonko-et-bassirou-diomaye-faye-en-casamance#breadcrumb"},"inLanguage":"fr-FR","potentialAction":[{"@type":"ReadAction","target":["https:\/\/www.africa-press.net\/senegal\/politique\/presidentielle-au-senegal-ousmane-sonko-et-bassirou-diomaye-faye-en-casamance"]}]},{"@type":"ImageObject","inLanguage":"fr-FR","@id":"https:\/\/www.africa-press.net\/senegal\/politique\/presidentielle-au-senegal-ousmane-sonko-et-bassirou-diomaye-faye-en-casamance#primaryimage","url":"https:\/\/static.africa-press.net\/senegal\/sites\/13\/2024\/03\/sm_1710620947.28486.jpg","contentUrl":"https:\/\/static.africa-press.net\/senegal\/sites\/13\/2024\/03\/sm_1710620947.28486.jpg","width":1292,"height":634,"caption":"Pre\u0301sidentielle au Se\u0301ne\u0301gal: Ousmane Sonko et Bassirou Diomaye Faye en Casamance"},{"@type":"BreadcrumbList","@id":"https:\/\/www.africa-press.net\/senegal\/politique\/presidentielle-au-senegal-ousmane-sonko-et-bassirou-diomaye-faye-en-casamance#breadcrumb","itemListElement":[{"@type":"ListItem","position":1,"name":"Accueil","item":"https:\/\/www.africa-press.net\/senegal\/"},{"@type":"ListItem","position":2,"name":"Pre\u0301sidentielle au Se\u0301ne\u0301gal: Ousmane Sonko et Bassirou Diomaye Faye en Casamance"}]},{"@type":"WebSite","@id":"https:\/\/www.africa-press.net\/senegal\/#website","url":"https:\/\/www.africa-press.net\/senegal\/","name":"Africa Press | Senegal | Homepage","description":"Just another Africa News Agency Sites site","potentialAction":[{"@type":"SearchAction","target":{"@type":"EntryPoint","urlTemplate":"https:\/\/www.africa-press.net\/senegal\/?s={search_term_string}"},"query-input":{"@type":"PropertyValueSpecification","valueRequired":true,"valueName":"search_term_string"}}],"inLanguage":"fr-FR"},{"@type":"Person","@id":"https:\/\/www.africa-press.net\/senegal\/#\/schema\/person\/2b1cf3cd81a31e3cd26889ca66d677f1","name":"cfeditorfr","url":"https:\/\/www.africa-press.net\/senegal\/author\/cfeditorfr"}]}},"_links":{"self":[{"href":"https:\/\/www.africa-press.net\/senegal\/wp-json\/wp\/v2\/posts\/56974","targetHints":{"allow":["GET"]}}],"collection":[{"href":"https:\/\/www.africa-press.net\/senegal\/wp-json\/wp\/v2\/posts"}],"about":[{"href":"https:\/\/www.africa-press.net\/senegal\/wp-json\/wp\/v2\/types\/post"}],"author":[{"embeddable":true,"href":"https:\/\/www.africa-press.net\/senegal\/wp-json\/wp\/v2\/users\/82"}],"replies":[{"embeddable":true,"href":"https:\/\/www.africa-press.net\/senegal\/wp-json\/wp\/v2\/comments?post=56974"}],"version-history":[{"count":0,"href":"https:\/\/www.africa-press.net\/senegal\/wp-json\/wp\/v2\/posts\/56974\/revisions"}],"wp:featuredmedia":[{"embeddable":true,"href":"https:\/\/www.africa-press.net\/senegal\/wp-json\/wp\/v2\/media\/56973"}],"wp:attachment":[{"href":"https:\/\/www.africa-press.net\/senegal\/wp-json\/wp\/v2\/media?parent=56974"}],"wp:term":[{"taxonomy":"category","embeddable":true,"href":"https:\/\/www.africa-press.net\/senegal\/wp-json\/wp\/v2\/categories?post=56974"},{"taxonomy":"post_tag","embeddable":true,"href":"https:\/\/www.africa-press.net\/senegal\/wp-json\/wp\/v2\/tags?post=56974"}],"curies":[{"name":"wp","href":"https:\/\/api.w.org\/{rel}","templated":true}]}}