{"id":57019,"date":"2024-03-18T20:28:17","date_gmt":"2024-03-18T20:28:17","guid":{"rendered":"https:\/\/www.africa-press.net\/senegal\/politique\/senegal-presidentielle-la-cedeao-va-deployer-130-observateurs"},"modified":"2024-03-18T22:45:24","modified_gmt":"2024-03-18T22:45:24","slug":"senegal-presidentielle-la-cedeao-va-deployer-130-observateurs","status":"publish","type":"post","link":"https:\/\/www.africa-press.net\/senegal\/politique\/senegal-presidentielle-la-cedeao-va-deployer-130-observateurs","title":{"rendered":"S\u00e9n\u00e9gal\/pr\u00e9sidentielle: la CEDEAO va d\u00e9ployer 130 observateurs"},"content":{"rendered":"<p><span style=\"color: #ff6600\"><strong>Africa-Press &#8211; Senegal. <\/strong><\/span>La Communaute\u0301 e\u0301conomique des Etats de l\u2019Afrique de l\u2019Ouest (CEDEAO) va de\u0301ployer une mission d\u2019observation e\u0301lectorale au Se\u0301ne\u0301gal de 130 membres dirige\u0301e par l\u2019ancien Sous-secre\u0301taire ge\u0301ne\u0301ral des Nations unies, le nige\u0301rian, Ibrahim Agboola Gambari.<\/p>\n<p>\u00ab Dans le cadre de la tenue de l\u2019e\u0301lection pre\u0301sidentielle du 24 mars au Se\u0301ne\u0301gal, la Commission de la CEDEAO de\u0301ploiera une forte de\u0301le\u0301gation de 130 observateurs sous la direction du professeur Ibrahim Agboola Gambari,<\/p>\n<p>ancien sous-secre\u0301taire ge\u0301ne\u0301ral des Nations unies et ancien ministre des Affaires e\u0301trange\u0300res du Nigeria \u00bb, a pre\u0301cise\u0301 l\u2019Organisation re\u0301gionale dans un communique\u0301.<\/p>\n<p>La Commission de la CEDEAO de\u0301clare suivre l\u2019e\u0301volution de la situation politique au Se\u0301ne\u0301gal en se fe\u0301licitant notamment de la promulgation d\u2019une loi d\u2019amnistie dans le pays qui s\u2019appre\u0302te a\u0300 e\u0301lire le 24 mars un pre\u0301sident<\/p>\n<p>de la Re\u0301publique en remplacement de Macky Sall.<\/p>\n<p>Elle lance ainsi un appel a\u0300 toutes les parties prenantes du processus e\u0301lectoral a\u0300 faire du Se\u0301ne\u0301gal le vrai gagnant de l\u2019e\u0301lection, les invitant a\u0300 pro\u0302ner et donner la priorite\u0301 a\u0300 la tole\u0301rance, a\u0300 la paix et a\u0300 la re\u0301conciliation a\u0300 travers des propos et des actes pacifiques.<\/p>\n<p>Lundi dernier, le nouveau Premier ministre se\u0301ne\u0301galais Sidiki Kaba avait assure\u0301 que la logistique e\u0301tait pre\u0302te pour la pre\u0301sidentielle du 24 mars, indiquant devant la presse que chacun des 19 candidats avait droit a\u0300 la protection rapproche\u0301e d\u2019au moins deux policiers.<\/p>\n<p>Le Se\u0301ne\u0301gal a traverse\u0301 plus d\u2019un mois de crise apre\u0300s l\u2019annonce, le 3 fe\u0301vrier par le chef de l\u2019Etat Macky Sall, du report de la pre\u0301sidentielle initialement pre\u0301vue le 25 fe\u0301vrier.<\/p>\n<p>Apre\u0300s un flottement qui a alarme\u0301 l\u2019opinion nationale et une partie de la communaute\u0301 internationale, la date de l\u2019e\u0301lection a e\u0301te\u0301 fixe\u0301e la semaine dernie\u0300re au 24 mars, avant l\u2019expiration du mandat de Macky Sall le 2 avril.<\/p>\n<p><strong>Pour plus d&rsquo;informations et d&rsquo;analyses sur la <a href=\"https:\/\/www.africa-press.net\/senegal\">Senegal<\/a>, suivez <a href=\"https:\/\/www.africa-press.net\/\">Africa-Press<\/a><\/strong><\/p>\n","protected":false},"excerpt":{"rendered":"<p>Africa-Press &#8211; Senegal. La Communaute\u0301 e\u0301conomique des Etats de l\u2019Afrique de l\u2019Ouest (CEDEAO) va de\u0301ployer une mission d\u2019observation e\u0301lectorale au Se\u0301ne\u0301gal de 130 membres dirige\u0301e par l\u2019ancien Sous-secre\u0301taire ge\u0301ne\u0301ral des Nations unies, le nige\u0301rian, Ibrahim Agboola Gambari. \u00ab Dans le cadre de la tenue de l\u2019e\u0301lection pre\u0301sidentielle du 24 mars au Se\u0301ne\u0301gal, la Commission de [&hellip;]<\/p>\n","protected":false},"author":82,"featured_media":57018,"comment_status":"open","ping_status":"closed","sticky":false,"template":"","format":"standard","meta":{"footnotes":""},"categories":[2,20,10],"tags":[43,47,44],"class_list":["post-57019","post","type-post","status-publish","format-standard","has-post-thumbnail","hentry","category-politique","category-top-nouvelles","category-toutes-les-actualites","tag-africa-press-2","tag-africa-press-senegal","tag-senegal-2"],"yoast_head":"<!-- This site is optimized with the Yoast SEO Premium plugin v26.1 (Yoast SEO v27.0) - https:\/\/yoast.com\/product\/yoast-seo-premium-wordpress\/ -->\n<title>S\u00e9n\u00e9gal\/pr\u00e9sidentielle: la CEDEAO va d\u00e9ployer 130 observateurs - Senegal<\/title>\n<meta name=\"description\" content=\"La Communaute\u0301 e\u0301conomique des Etats de l\u2019Afrique de l\u2019Ouest (CEDEAO) va de\u0301ployer une mission d\u2019observation e\u0301lectorale ...\" \/>\n<meta name=\"robots\" content=\"index, follow, max-snippet:-1, max-image-preview:large, max-video-preview:-1\" \/>\n<link rel=\"canonical\" href=\"https:\/\/www.africa-press.net\/senegal\/politique\/senegal-presidentielle-la-cedeao-va-deployer-130-observateurs\" \/>\n<meta property=\"og:locale\" content=\"fr_FR\" \/>\n<meta property=\"og:type\" content=\"article\" \/>\n<meta property=\"og:title\" content=\"S\u00e9n\u00e9gal\/pr\u00e9sidentielle: la CEDEAO va d\u00e9ployer 130 observateurs\" \/>\n<meta property=\"og:description\" content=\"La Communaute\u0301 e\u0301conomique des Etats de l\u2019Afrique de l\u2019Ouest (CEDEAO) va de\u0301ployer une mission d\u2019observation e\u0301lectorale ...\" \/>\n<meta property=\"og:url\" content=\"https:\/\/www.africa-press.net\/senegal\/politique\/senegal-presidentielle-la-cedeao-va-deployer-130-observateurs\" \/>\n<meta property=\"og:site_name\" content=\"Senegal\" \/>\n<meta property=\"article:published_time\" content=\"2024-03-18T20:28:17+00:00\" \/>\n<meta property=\"article:modified_time\" content=\"2024-03-18T22:45:24+00:00\" \/>\n<meta property=\"og:image\" content=\"https:\/\/static.africa-press.net\/senegal\/sites\/13\/2024\/03\/sm_1710785661.742334.jpg\" \/>\n\t<meta property=\"og:image:width\" content=\"619\" \/>\n\t<meta property=\"og:image:height\" content=\"373\" \/>\n\t<meta property=\"og:image:type\" content=\"image\/jpeg\" \/>\n<meta name=\"author\" content=\"cfeditorfr\" \/>\n<meta name=\"twitter:card\" content=\"summary_large_image\" \/>\n<meta name=\"twitter:label1\" content=\"\u00c9crit par\" \/>\n\t<meta name=\"twitter:data1\" content=\"cfeditorfr\" \/>\n\t<meta name=\"twitter:label2\" content=\"Dur\u00e9e de lecture estim\u00e9e\" \/>\n\t<meta name=\"twitter:data2\" content=\"2 minutes\" \/>\n<script type=\"application\/ld+json\" class=\"yoast-schema-graph\">{\"@context\":\"https:\/\/schema.org\",\"@graph\":[{\"@type\":\"Article\",\"@id\":\"https:\/\/www.africa-press.net\/senegal\/politique\/senegal-presidentielle-la-cedeao-va-deployer-130-observateurs#article\",\"isPartOf\":{\"@id\":\"https:\/\/www.africa-press.net\/senegal\/politique\/senegal-presidentielle-la-cedeao-va-deployer-130-observateurs\"},\"author\":{\"name\":\"cfeditorfr\",\"@id\":\"https:\/\/www.africa-press.net\/senegal\/#\/schema\/person\/2b1cf3cd81a31e3cd26889ca66d677f1\"},\"headline\":\"S\u00e9n\u00e9gal\/pr\u00e9sidentielle: la CEDEAO va d\u00e9ployer 130 observateurs\",\"datePublished\":\"2024-03-18T20:28:17+00:00\",\"dateModified\":\"2024-03-18T22:45:24+00:00\",\"mainEntityOfPage\":{\"@id\":\"https:\/\/www.africa-press.net\/senegal\/politique\/senegal-presidentielle-la-cedeao-va-deployer-130-observateurs\"},\"wordCount\":383,\"commentCount\":0,\"image\":{\"@id\":\"https:\/\/www.africa-press.net\/senegal\/politique\/senegal-presidentielle-la-cedeao-va-deployer-130-observateurs#primaryimage\"},\"thumbnailUrl\":\"https:\/\/static.africa-press.net\/senegal\/sites\/13\/2024\/03\/sm_1710785661.742334.jpg\",\"keywords\":[\"Africa Press\",\"Africa Press-Senegal\",\"Senegal\"],\"articleSection\":[\"Politique\",\"Top Nouvelles\",\"Toutes les actualit\u00e9s\"],\"inLanguage\":\"fr-FR\",\"potentialAction\":[{\"@type\":\"CommentAction\",\"name\":\"Comment\",\"target\":[\"https:\/\/www.africa-press.net\/senegal\/politique\/senegal-presidentielle-la-cedeao-va-deployer-130-observateurs#respond\"]}]},{\"@type\":\"WebPage\",\"@id\":\"https:\/\/www.africa-press.net\/senegal\/politique\/senegal-presidentielle-la-cedeao-va-deployer-130-observateurs\",\"url\":\"https:\/\/www.africa-press.net\/senegal\/politique\/senegal-presidentielle-la-cedeao-va-deployer-130-observateurs\",\"name\":\"S\u00e9n\u00e9gal\/pr\u00e9sidentielle: la CEDEAO va d\u00e9ployer 130 observateurs - Senegal\",\"isPartOf\":{\"@id\":\"https:\/\/www.africa-press.net\/senegal\/#website\"},\"primaryImageOfPage\":{\"@id\":\"https:\/\/www.africa-press.net\/senegal\/politique\/senegal-presidentielle-la-cedeao-va-deployer-130-observateurs#primaryimage\"},\"image\":{\"@id\":\"https:\/\/www.africa-press.net\/senegal\/politique\/senegal-presidentielle-la-cedeao-va-deployer-130-observateurs#primaryimage\"},\"thumbnailUrl\":\"https:\/\/static.africa-press.net\/senegal\/sites\/13\/2024\/03\/sm_1710785661.742334.jpg\",\"datePublished\":\"2024-03-18T20:28:17+00:00\",\"dateModified\":\"2024-03-18T22:45:24+00:00\",\"author\":{\"@id\":\"https:\/\/www.africa-press.net\/senegal\/#\/schema\/person\/2b1cf3cd81a31e3cd26889ca66d677f1\"},\"description\":\"La Communaute\u0301 e\u0301conomique des Etats de l\u2019Afrique de l\u2019Ouest (CEDEAO) va de\u0301ployer une mission d\u2019observation e\u0301lectorale ...\",\"breadcrumb\":{\"@id\":\"https:\/\/www.africa-press.net\/senegal\/politique\/senegal-presidentielle-la-cedeao-va-deployer-130-observateurs#breadcrumb\"},\"inLanguage\":\"fr-FR\",\"potentialAction\":[{\"@type\":\"ReadAction\",\"target\":[\"https:\/\/www.africa-press.net\/senegal\/politique\/senegal-presidentielle-la-cedeao-va-deployer-130-observateurs\"]}]},{\"@type\":\"ImageObject\",\"inLanguage\":\"fr-FR\",\"@id\":\"https:\/\/www.africa-press.net\/senegal\/politique\/senegal-presidentielle-la-cedeao-va-deployer-130-observateurs#primaryimage\",\"url\":\"https:\/\/static.africa-press.net\/senegal\/sites\/13\/2024\/03\/sm_1710785661.742334.jpg\",\"contentUrl\":\"https:\/\/static.africa-press.net\/senegal\/sites\/13\/2024\/03\/sm_1710785661.742334.jpg\",\"width\":619,\"height\":373,\"caption\":\"S\u00e9n\u00e9gal\/pr\u00e9sidentielle: la CEDEAO va d\u00e9ployer 130 observateurs\"},{\"@type\":\"BreadcrumbList\",\"@id\":\"https:\/\/www.africa-press.net\/senegal\/politique\/senegal-presidentielle-la-cedeao-va-deployer-130-observateurs#breadcrumb\",\"itemListElement\":[{\"@type\":\"ListItem\",\"position\":1,\"name\":\"Accueil\",\"item\":\"https:\/\/www.africa-press.net\/senegal\/\"},{\"@type\":\"ListItem\",\"position\":2,\"name\":\"S\u00e9n\u00e9gal\/pr\u00e9sidentielle: la CEDEAO va d\u00e9ployer 130 observateurs\"}]},{\"@type\":\"WebSite\",\"@id\":\"https:\/\/www.africa-press.net\/senegal\/#website\",\"url\":\"https:\/\/www.africa-press.net\/senegal\/\",\"name\":\"Africa Press | Senegal | Homepage\",\"description\":\"Just another Africa News Agency Sites site\",\"potentialAction\":[{\"@type\":\"SearchAction\",\"target\":{\"@type\":\"EntryPoint\",\"urlTemplate\":\"https:\/\/www.africa-press.net\/senegal\/?s={search_term_string}\"},\"query-input\":{\"@type\":\"PropertyValueSpecification\",\"valueRequired\":true,\"valueName\":\"search_term_string\"}}],\"inLanguage\":\"fr-FR\"},{\"@type\":\"Person\",\"@id\":\"https:\/\/www.africa-press.net\/senegal\/#\/schema\/person\/2b1cf3cd81a31e3cd26889ca66d677f1\",\"name\":\"cfeditorfr\",\"url\":\"https:\/\/www.africa-press.net\/senegal\/author\/cfeditorfr\"}]}<\/script>\n<!-- \/ Yoast SEO Premium plugin. -->","yoast_head_json":{"title":"S\u00e9n\u00e9gal\/pr\u00e9sidentielle: la CEDEAO va d\u00e9ployer 130 observateurs - Senegal","description":"La Communaute\u0301 e\u0301conomique des Etats de l\u2019Afrique de l\u2019Ouest (CEDEAO) va de\u0301ployer une mission d\u2019observation e\u0301lectorale ...","robots":{"index":"index","follow":"follow","max-snippet":"max-snippet:-1","max-image-preview":"max-image-preview:large","max-video-preview":"max-video-preview:-1"},"canonical":"https:\/\/www.africa-press.net\/senegal\/politique\/senegal-presidentielle-la-cedeao-va-deployer-130-observateurs","og_locale":"fr_FR","og_type":"article","og_title":"S\u00e9n\u00e9gal\/pr\u00e9sidentielle: la CEDEAO va d\u00e9ployer 130 observateurs","og_description":"La Communaute\u0301 e\u0301conomique des Etats de l\u2019Afrique de l\u2019Ouest (CEDEAO) va de\u0301ployer une mission d\u2019observation e\u0301lectorale ...","og_url":"https:\/\/www.africa-press.net\/senegal\/politique\/senegal-presidentielle-la-cedeao-va-deployer-130-observateurs","og_site_name":"Senegal","article_published_time":"2024-03-18T20:28:17+00:00","article_modified_time":"2024-03-18T22:45:24+00:00","og_image":[{"width":619,"height":373,"url":"https:\/\/static.africa-press.net\/senegal\/sites\/13\/2024\/03\/sm_1710785661.742334.jpg","type":"image\/jpeg"}],"author":"cfeditorfr","twitter_card":"summary_large_image","twitter_misc":{"\u00c9crit par":"cfeditorfr","Dur\u00e9e de lecture estim\u00e9e":"2 minutes"},"schema":{"@context":"https:\/\/schema.org","@graph":[{"@type":"Article","@id":"https:\/\/www.africa-press.net\/senegal\/politique\/senegal-presidentielle-la-cedeao-va-deployer-130-observateurs#article","isPartOf":{"@id":"https:\/\/www.africa-press.net\/senegal\/politique\/senegal-presidentielle-la-cedeao-va-deployer-130-observateurs"},"author":{"name":"cfeditorfr","@id":"https:\/\/www.africa-press.net\/senegal\/#\/schema\/person\/2b1cf3cd81a31e3cd26889ca66d677f1"},"headline":"S\u00e9n\u00e9gal\/pr\u00e9sidentielle: la CEDEAO va d\u00e9ployer 130 observateurs","datePublished":"2024-03-18T20:28:17+00:00","dateModified":"2024-03-18T22:45:24+00:00","mainEntityOfPage":{"@id":"https:\/\/www.africa-press.net\/senegal\/politique\/senegal-presidentielle-la-cedeao-va-deployer-130-observateurs"},"wordCount":383,"commentCount":0,"image":{"@id":"https:\/\/www.africa-press.net\/senegal\/politique\/senegal-presidentielle-la-cedeao-va-deployer-130-observateurs#primaryimage"},"thumbnailUrl":"https:\/\/static.africa-press.net\/senegal\/sites\/13\/2024\/03\/sm_1710785661.742334.jpg","keywords":["Africa Press","Africa Press-Senegal","Senegal"],"articleSection":["Politique","Top Nouvelles","Toutes les actualit\u00e9s"],"inLanguage":"fr-FR","potentialAction":[{"@type":"CommentAction","name":"Comment","target":["https:\/\/www.africa-press.net\/senegal\/politique\/senegal-presidentielle-la-cedeao-va-deployer-130-observateurs#respond"]}]},{"@type":"WebPage","@id":"https:\/\/www.africa-press.net\/senegal\/politique\/senegal-presidentielle-la-cedeao-va-deployer-130-observateurs","url":"https:\/\/www.africa-press.net\/senegal\/politique\/senegal-presidentielle-la-cedeao-va-deployer-130-observateurs","name":"S\u00e9n\u00e9gal\/pr\u00e9sidentielle: la CEDEAO va d\u00e9ployer 130 observateurs - Senegal","isPartOf":{"@id":"https:\/\/www.africa-press.net\/senegal\/#website"},"primaryImageOfPage":{"@id":"https:\/\/www.africa-press.net\/senegal\/politique\/senegal-presidentielle-la-cedeao-va-deployer-130-observateurs#primaryimage"},"image":{"@id":"https:\/\/www.africa-press.net\/senegal\/politique\/senegal-presidentielle-la-cedeao-va-deployer-130-observateurs#primaryimage"},"thumbnailUrl":"https:\/\/static.africa-press.net\/senegal\/sites\/13\/2024\/03\/sm_1710785661.742334.jpg","datePublished":"2024-03-18T20:28:17+00:00","dateModified":"2024-03-18T22:45:24+00:00","author":{"@id":"https:\/\/www.africa-press.net\/senegal\/#\/schema\/person\/2b1cf3cd81a31e3cd26889ca66d677f1"},"description":"La Communaute\u0301 e\u0301conomique des Etats de l\u2019Afrique de l\u2019Ouest (CEDEAO) va de\u0301ployer une mission d\u2019observation e\u0301lectorale ...","breadcrumb":{"@id":"https:\/\/www.africa-press.net\/senegal\/politique\/senegal-presidentielle-la-cedeao-va-deployer-130-observateurs#breadcrumb"},"inLanguage":"fr-FR","potentialAction":[{"@type":"ReadAction","target":["https:\/\/www.africa-press.net\/senegal\/politique\/senegal-presidentielle-la-cedeao-va-deployer-130-observateurs"]}]},{"@type":"ImageObject","inLanguage":"fr-FR","@id":"https:\/\/www.africa-press.net\/senegal\/politique\/senegal-presidentielle-la-cedeao-va-deployer-130-observateurs#primaryimage","url":"https:\/\/static.africa-press.net\/senegal\/sites\/13\/2024\/03\/sm_1710785661.742334.jpg","contentUrl":"https:\/\/static.africa-press.net\/senegal\/sites\/13\/2024\/03\/sm_1710785661.742334.jpg","width":619,"height":373,"caption":"S\u00e9n\u00e9gal\/pr\u00e9sidentielle: la CEDEAO va d\u00e9ployer 130 observateurs"},{"@type":"BreadcrumbList","@id":"https:\/\/www.africa-press.net\/senegal\/politique\/senegal-presidentielle-la-cedeao-va-deployer-130-observateurs#breadcrumb","itemListElement":[{"@type":"ListItem","position":1,"name":"Accueil","item":"https:\/\/www.africa-press.net\/senegal\/"},{"@type":"ListItem","position":2,"name":"S\u00e9n\u00e9gal\/pr\u00e9sidentielle: la CEDEAO va d\u00e9ployer 130 observateurs"}]},{"@type":"WebSite","@id":"https:\/\/www.africa-press.net\/senegal\/#website","url":"https:\/\/www.africa-press.net\/senegal\/","name":"Africa Press | Senegal | Homepage","description":"Just another Africa News Agency Sites site","potentialAction":[{"@type":"SearchAction","target":{"@type":"EntryPoint","urlTemplate":"https:\/\/www.africa-press.net\/senegal\/?s={search_term_string}"},"query-input":{"@type":"PropertyValueSpecification","valueRequired":true,"valueName":"search_term_string"}}],"inLanguage":"fr-FR"},{"@type":"Person","@id":"https:\/\/www.africa-press.net\/senegal\/#\/schema\/person\/2b1cf3cd81a31e3cd26889ca66d677f1","name":"cfeditorfr","url":"https:\/\/www.africa-press.net\/senegal\/author\/cfeditorfr"}]}},"_links":{"self":[{"href":"https:\/\/www.africa-press.net\/senegal\/wp-json\/wp\/v2\/posts\/57019","targetHints":{"allow":["GET"]}}],"collection":[{"href":"https:\/\/www.africa-press.net\/senegal\/wp-json\/wp\/v2\/posts"}],"about":[{"href":"https:\/\/www.africa-press.net\/senegal\/wp-json\/wp\/v2\/types\/post"}],"author":[{"embeddable":true,"href":"https:\/\/www.africa-press.net\/senegal\/wp-json\/wp\/v2\/users\/82"}],"replies":[{"embeddable":true,"href":"https:\/\/www.africa-press.net\/senegal\/wp-json\/wp\/v2\/comments?post=57019"}],"version-history":[{"count":0,"href":"https:\/\/www.africa-press.net\/senegal\/wp-json\/wp\/v2\/posts\/57019\/revisions"}],"wp:featuredmedia":[{"embeddable":true,"href":"https:\/\/www.africa-press.net\/senegal\/wp-json\/wp\/v2\/media\/57018"}],"wp:attachment":[{"href":"https:\/\/www.africa-press.net\/senegal\/wp-json\/wp\/v2\/media?parent=57019"}],"wp:term":[{"taxonomy":"category","embeddable":true,"href":"https:\/\/www.africa-press.net\/senegal\/wp-json\/wp\/v2\/categories?post=57019"},{"taxonomy":"post_tag","embeddable":true,"href":"https:\/\/www.africa-press.net\/senegal\/wp-json\/wp\/v2\/tags?post=57019"}],"curies":[{"name":"wp","href":"https:\/\/api.w.org\/{rel}","templated":true}]}}