{"id":57042,"date":"2024-03-19T19:49:36","date_gmt":"2024-03-19T19:49:36","guid":{"rendered":"https:\/\/www.africa-press.net\/senegal\/politique\/abandon-de-la-fcfa-le-chef-de-lopposition-senegalaise-clarifie-sa-position"},"modified":"2024-03-20T01:55:06","modified_gmt":"2024-03-20T01:55:06","slug":"abandon-de-la-fcfa-le-chef-de-lopposition-senegalaise-clarifie-sa-position","status":"publish","type":"post","link":"https:\/\/www.africa-press.net\/senegal\/politique\/abandon-de-la-fcfa-le-chef-de-lopposition-senegalaise-clarifie-sa-position","title":{"rendered":"Abandon de la FCFA: le chef de l&rsquo;opposition s\u00e9n\u00e9galaise clarifie sa position"},"content":{"rendered":"<p><span style=\"color: #ff6600\"><strong>Africa-Press &#8211; Senegal. <\/strong><\/span>Dakar cherchera d&rsquo;abord a\u0300 mettre en \u0153uvre une re\u0301forme mone\u0301taire au niveau sous-re\u0301gional, a de\u0301clare\u0301 Ousmane Sonko lors d&rsquo;une confe\u0301rence de presse avec le candidat a\u0300 la pre\u0301sidentielle Bassirou Diomaye Faye.<\/p>\n<p>Ce n&rsquo;est qu&rsquo;en cas d&rsquo;e\u0301chec que le Se\u0301ne\u0301gal envisagera de cre\u0301er une monnaie nationale, a-t-il spe\u0301cifie\u0301.<\/p>\n<p>Cette pre\u0301cision fait suite a\u0300 la promesse de Sonko d\u2019introduire une monnaie nationale au Se\u0301ne\u0301gal au lieu du FCFA.<\/p>\n<p>Rattache\u0301 a\u0300 l\u2019euro et utilise\u0301 par huit pays de l\u2019Union mone\u0301taire de l\u2019Afrique de l\u2019Ouest, le FCFA entrave le de\u0301veloppement e\u0301conomique de la re\u0301gion, a de\u0301clare\u0301 Ousmane Sonko, en notant que c\u2019est une \u00ab\u00a0opinion largement re\u0301pandue\u00a0\u00bb.<\/p>\n<p><strong>Pour plus d&rsquo;informations et d&rsquo;analyses sur la <a href=\"https:\/\/www.africa-press.net\/senegal\">Senegal<\/a>, suivez <a href=\"https:\/\/www.africa-press.net\/\">Africa-Press<\/a><\/strong><\/p>\n","protected":false},"excerpt":{"rendered":"<p>Africa-Press &#8211; Senegal. Dakar cherchera d&rsquo;abord a\u0300 mettre en \u0153uvre une re\u0301forme mone\u0301taire au niveau sous-re\u0301gional, a de\u0301clare\u0301 Ousmane Sonko lors d&rsquo;une confe\u0301rence de presse avec le candidat a\u0300 la pre\u0301sidentielle Bassirou Diomaye Faye. Ce n&rsquo;est qu&rsquo;en cas d&rsquo;e\u0301chec que le Se\u0301ne\u0301gal envisagera de cre\u0301er une monnaie nationale, a-t-il spe\u0301cifie\u0301. Cette pre\u0301cision fait suite a\u0300 [&hellip;]<\/p>\n","protected":false},"author":82,"featured_media":57041,"comment_status":"open","ping_status":"closed","sticky":false,"template":"","format":"standard","meta":{"footnotes":""},"categories":[2,20,10],"tags":[43,47,44],"class_list":["post-57042","post","type-post","status-publish","format-standard","has-post-thumbnail","hentry","category-politique","category-top-nouvelles","category-toutes-les-actualites","tag-africa-press-2","tag-africa-press-senegal","tag-senegal-2"],"yoast_head":"<!-- This site is optimized with the Yoast SEO Premium plugin v26.1 (Yoast SEO v27.0) - https:\/\/yoast.com\/product\/yoast-seo-premium-wordpress\/ -->\n<title>Abandon de la FCFA: le chef de l&#039;opposition s\u00e9n\u00e9galaise clarifie sa position - Senegal<\/title>\n<meta name=\"description\" content=\"Dakar cherchera d&#039;abord a\u0300 mettre en \u0153uvre une re\u0301forme mone\u0301taire au niveau sous-re\u0301gional, a de\u0301clare\u0301 Ousmane Sonko l ...\" \/>\n<meta name=\"robots\" content=\"index, follow, max-snippet:-1, max-image-preview:large, max-video-preview:-1\" \/>\n<link rel=\"canonical\" href=\"https:\/\/www.africa-press.net\/senegal\/politique\/abandon-de-la-fcfa-le-chef-de-lopposition-senegalaise-clarifie-sa-position\" \/>\n<meta property=\"og:locale\" content=\"fr_FR\" \/>\n<meta property=\"og:type\" content=\"article\" \/>\n<meta property=\"og:title\" content=\"Abandon de la FCFA: le chef de l&#039;opposition s\u00e9n\u00e9galaise clarifie sa position\" \/>\n<meta property=\"og:description\" content=\"Dakar cherchera d&#039;abord a\u0300 mettre en \u0153uvre une re\u0301forme mone\u0301taire au niveau sous-re\u0301gional, a de\u0301clare\u0301 Ousmane Sonko l ...\" \/>\n<meta property=\"og:url\" content=\"https:\/\/www.africa-press.net\/senegal\/politique\/abandon-de-la-fcfa-le-chef-de-lopposition-senegalaise-clarifie-sa-position\" \/>\n<meta property=\"og:site_name\" content=\"Senegal\" \/>\n<meta property=\"article:published_time\" content=\"2024-03-19T19:49:36+00:00\" \/>\n<meta property=\"article:modified_time\" content=\"2024-03-20T01:55:06+00:00\" \/>\n<meta property=\"og:image\" content=\"https:\/\/static.africa-press.net\/senegal\/sites\/13\/2024\/03\/sm_1710883389.825549.jpg\" \/>\n\t<meta property=\"og:image:width\" content=\"1350\" \/>\n\t<meta property=\"og:image:height\" content=\"900\" \/>\n\t<meta property=\"og:image:type\" content=\"image\/jpeg\" \/>\n<meta name=\"author\" content=\"cfeditorfr\" \/>\n<meta name=\"twitter:card\" content=\"summary_large_image\" \/>\n<meta name=\"twitter:label1\" content=\"\u00c9crit par\" \/>\n\t<meta name=\"twitter:data1\" content=\"cfeditorfr\" \/>\n\t<meta name=\"twitter:label2\" content=\"Dur\u00e9e de lecture estim\u00e9e\" \/>\n\t<meta name=\"twitter:data2\" content=\"1 minute\" \/>\n<script type=\"application\/ld+json\" class=\"yoast-schema-graph\">{\"@context\":\"https:\/\/schema.org\",\"@graph\":[{\"@type\":\"Article\",\"@id\":\"https:\/\/www.africa-press.net\/senegal\/politique\/abandon-de-la-fcfa-le-chef-de-lopposition-senegalaise-clarifie-sa-position#article\",\"isPartOf\":{\"@id\":\"https:\/\/www.africa-press.net\/senegal\/politique\/abandon-de-la-fcfa-le-chef-de-lopposition-senegalaise-clarifie-sa-position\"},\"author\":{\"name\":\"cfeditorfr\",\"@id\":\"https:\/\/www.africa-press.net\/senegal\/#\/schema\/person\/2b1cf3cd81a31e3cd26889ca66d677f1\"},\"headline\":\"Abandon de la FCFA: le chef de l&rsquo;opposition s\u00e9n\u00e9galaise clarifie sa position\",\"datePublished\":\"2024-03-19T19:49:36+00:00\",\"dateModified\":\"2024-03-20T01:55:06+00:00\",\"mainEntityOfPage\":{\"@id\":\"https:\/\/www.africa-press.net\/senegal\/politique\/abandon-de-la-fcfa-le-chef-de-lopposition-senegalaise-clarifie-sa-position\"},\"wordCount\":163,\"commentCount\":0,\"image\":{\"@id\":\"https:\/\/www.africa-press.net\/senegal\/politique\/abandon-de-la-fcfa-le-chef-de-lopposition-senegalaise-clarifie-sa-position#primaryimage\"},\"thumbnailUrl\":\"https:\/\/static.africa-press.net\/senegal\/sites\/13\/2024\/03\/sm_1710883389.825549.jpg\",\"keywords\":[\"Africa Press\",\"Africa Press-Senegal\",\"Senegal\"],\"articleSection\":[\"Politique\",\"Top Nouvelles\",\"Toutes les actualit\u00e9s\"],\"inLanguage\":\"fr-FR\",\"potentialAction\":[{\"@type\":\"CommentAction\",\"name\":\"Comment\",\"target\":[\"https:\/\/www.africa-press.net\/senegal\/politique\/abandon-de-la-fcfa-le-chef-de-lopposition-senegalaise-clarifie-sa-position#respond\"]}]},{\"@type\":\"WebPage\",\"@id\":\"https:\/\/www.africa-press.net\/senegal\/politique\/abandon-de-la-fcfa-le-chef-de-lopposition-senegalaise-clarifie-sa-position\",\"url\":\"https:\/\/www.africa-press.net\/senegal\/politique\/abandon-de-la-fcfa-le-chef-de-lopposition-senegalaise-clarifie-sa-position\",\"name\":\"Abandon de la FCFA: le chef de l'opposition s\u00e9n\u00e9galaise clarifie sa position - Senegal\",\"isPartOf\":{\"@id\":\"https:\/\/www.africa-press.net\/senegal\/#website\"},\"primaryImageOfPage\":{\"@id\":\"https:\/\/www.africa-press.net\/senegal\/politique\/abandon-de-la-fcfa-le-chef-de-lopposition-senegalaise-clarifie-sa-position#primaryimage\"},\"image\":{\"@id\":\"https:\/\/www.africa-press.net\/senegal\/politique\/abandon-de-la-fcfa-le-chef-de-lopposition-senegalaise-clarifie-sa-position#primaryimage\"},\"thumbnailUrl\":\"https:\/\/static.africa-press.net\/senegal\/sites\/13\/2024\/03\/sm_1710883389.825549.jpg\",\"datePublished\":\"2024-03-19T19:49:36+00:00\",\"dateModified\":\"2024-03-20T01:55:06+00:00\",\"author\":{\"@id\":\"https:\/\/www.africa-press.net\/senegal\/#\/schema\/person\/2b1cf3cd81a31e3cd26889ca66d677f1\"},\"description\":\"Dakar cherchera d'abord a\u0300 mettre en \u0153uvre une re\u0301forme mone\u0301taire au niveau sous-re\u0301gional, a de\u0301clare\u0301 Ousmane Sonko l ...\",\"breadcrumb\":{\"@id\":\"https:\/\/www.africa-press.net\/senegal\/politique\/abandon-de-la-fcfa-le-chef-de-lopposition-senegalaise-clarifie-sa-position#breadcrumb\"},\"inLanguage\":\"fr-FR\",\"potentialAction\":[{\"@type\":\"ReadAction\",\"target\":[\"https:\/\/www.africa-press.net\/senegal\/politique\/abandon-de-la-fcfa-le-chef-de-lopposition-senegalaise-clarifie-sa-position\"]}]},{\"@type\":\"ImageObject\",\"inLanguage\":\"fr-FR\",\"@id\":\"https:\/\/www.africa-press.net\/senegal\/politique\/abandon-de-la-fcfa-le-chef-de-lopposition-senegalaise-clarifie-sa-position#primaryimage\",\"url\":\"https:\/\/static.africa-press.net\/senegal\/sites\/13\/2024\/03\/sm_1710883389.825549.jpg\",\"contentUrl\":\"https:\/\/static.africa-press.net\/senegal\/sites\/13\/2024\/03\/sm_1710883389.825549.jpg\",\"width\":1350,\"height\":900,\"caption\":\"Abandon de la FCFA: le chef de l'opposition s\u00e9n\u00e9galaise clarifie sa position\"},{\"@type\":\"BreadcrumbList\",\"@id\":\"https:\/\/www.africa-press.net\/senegal\/politique\/abandon-de-la-fcfa-le-chef-de-lopposition-senegalaise-clarifie-sa-position#breadcrumb\",\"itemListElement\":[{\"@type\":\"ListItem\",\"position\":1,\"name\":\"Accueil\",\"item\":\"https:\/\/www.africa-press.net\/senegal\/\"},{\"@type\":\"ListItem\",\"position\":2,\"name\":\"Abandon de la FCFA: le chef de l&#8217;opposition s\u00e9n\u00e9galaise clarifie sa position\"}]},{\"@type\":\"WebSite\",\"@id\":\"https:\/\/www.africa-press.net\/senegal\/#website\",\"url\":\"https:\/\/www.africa-press.net\/senegal\/\",\"name\":\"Africa Press | Senegal | Homepage\",\"description\":\"Just another Africa News Agency Sites site\",\"potentialAction\":[{\"@type\":\"SearchAction\",\"target\":{\"@type\":\"EntryPoint\",\"urlTemplate\":\"https:\/\/www.africa-press.net\/senegal\/?s={search_term_string}\"},\"query-input\":{\"@type\":\"PropertyValueSpecification\",\"valueRequired\":true,\"valueName\":\"search_term_string\"}}],\"inLanguage\":\"fr-FR\"},{\"@type\":\"Person\",\"@id\":\"https:\/\/www.africa-press.net\/senegal\/#\/schema\/person\/2b1cf3cd81a31e3cd26889ca66d677f1\",\"name\":\"cfeditorfr\",\"url\":\"https:\/\/www.africa-press.net\/senegal\/author\/cfeditorfr\"}]}<\/script>\n<!-- \/ Yoast SEO Premium plugin. -->","yoast_head_json":{"title":"Abandon de la FCFA: le chef de l'opposition s\u00e9n\u00e9galaise clarifie sa position - Senegal","description":"Dakar cherchera d'abord a\u0300 mettre en \u0153uvre une re\u0301forme mone\u0301taire au niveau sous-re\u0301gional, a de\u0301clare\u0301 Ousmane Sonko l ...","robots":{"index":"index","follow":"follow","max-snippet":"max-snippet:-1","max-image-preview":"max-image-preview:large","max-video-preview":"max-video-preview:-1"},"canonical":"https:\/\/www.africa-press.net\/senegal\/politique\/abandon-de-la-fcfa-le-chef-de-lopposition-senegalaise-clarifie-sa-position","og_locale":"fr_FR","og_type":"article","og_title":"Abandon de la FCFA: le chef de l'opposition s\u00e9n\u00e9galaise clarifie sa position","og_description":"Dakar cherchera d'abord a\u0300 mettre en \u0153uvre une re\u0301forme mone\u0301taire au niveau sous-re\u0301gional, a de\u0301clare\u0301 Ousmane Sonko l ...","og_url":"https:\/\/www.africa-press.net\/senegal\/politique\/abandon-de-la-fcfa-le-chef-de-lopposition-senegalaise-clarifie-sa-position","og_site_name":"Senegal","article_published_time":"2024-03-19T19:49:36+00:00","article_modified_time":"2024-03-20T01:55:06+00:00","og_image":[{"width":1350,"height":900,"url":"https:\/\/static.africa-press.net\/senegal\/sites\/13\/2024\/03\/sm_1710883389.825549.jpg","type":"image\/jpeg"}],"author":"cfeditorfr","twitter_card":"summary_large_image","twitter_misc":{"\u00c9crit par":"cfeditorfr","Dur\u00e9e de lecture estim\u00e9e":"1 minute"},"schema":{"@context":"https:\/\/schema.org","@graph":[{"@type":"Article","@id":"https:\/\/www.africa-press.net\/senegal\/politique\/abandon-de-la-fcfa-le-chef-de-lopposition-senegalaise-clarifie-sa-position#article","isPartOf":{"@id":"https:\/\/www.africa-press.net\/senegal\/politique\/abandon-de-la-fcfa-le-chef-de-lopposition-senegalaise-clarifie-sa-position"},"author":{"name":"cfeditorfr","@id":"https:\/\/www.africa-press.net\/senegal\/#\/schema\/person\/2b1cf3cd81a31e3cd26889ca66d677f1"},"headline":"Abandon de la FCFA: le chef de l&rsquo;opposition s\u00e9n\u00e9galaise clarifie sa position","datePublished":"2024-03-19T19:49:36+00:00","dateModified":"2024-03-20T01:55:06+00:00","mainEntityOfPage":{"@id":"https:\/\/www.africa-press.net\/senegal\/politique\/abandon-de-la-fcfa-le-chef-de-lopposition-senegalaise-clarifie-sa-position"},"wordCount":163,"commentCount":0,"image":{"@id":"https:\/\/www.africa-press.net\/senegal\/politique\/abandon-de-la-fcfa-le-chef-de-lopposition-senegalaise-clarifie-sa-position#primaryimage"},"thumbnailUrl":"https:\/\/static.africa-press.net\/senegal\/sites\/13\/2024\/03\/sm_1710883389.825549.jpg","keywords":["Africa Press","Africa Press-Senegal","Senegal"],"articleSection":["Politique","Top Nouvelles","Toutes les actualit\u00e9s"],"inLanguage":"fr-FR","potentialAction":[{"@type":"CommentAction","name":"Comment","target":["https:\/\/www.africa-press.net\/senegal\/politique\/abandon-de-la-fcfa-le-chef-de-lopposition-senegalaise-clarifie-sa-position#respond"]}]},{"@type":"WebPage","@id":"https:\/\/www.africa-press.net\/senegal\/politique\/abandon-de-la-fcfa-le-chef-de-lopposition-senegalaise-clarifie-sa-position","url":"https:\/\/www.africa-press.net\/senegal\/politique\/abandon-de-la-fcfa-le-chef-de-lopposition-senegalaise-clarifie-sa-position","name":"Abandon de la FCFA: le chef de l'opposition s\u00e9n\u00e9galaise clarifie sa position - Senegal","isPartOf":{"@id":"https:\/\/www.africa-press.net\/senegal\/#website"},"primaryImageOfPage":{"@id":"https:\/\/www.africa-press.net\/senegal\/politique\/abandon-de-la-fcfa-le-chef-de-lopposition-senegalaise-clarifie-sa-position#primaryimage"},"image":{"@id":"https:\/\/www.africa-press.net\/senegal\/politique\/abandon-de-la-fcfa-le-chef-de-lopposition-senegalaise-clarifie-sa-position#primaryimage"},"thumbnailUrl":"https:\/\/static.africa-press.net\/senegal\/sites\/13\/2024\/03\/sm_1710883389.825549.jpg","datePublished":"2024-03-19T19:49:36+00:00","dateModified":"2024-03-20T01:55:06+00:00","author":{"@id":"https:\/\/www.africa-press.net\/senegal\/#\/schema\/person\/2b1cf3cd81a31e3cd26889ca66d677f1"},"description":"Dakar cherchera d'abord a\u0300 mettre en \u0153uvre une re\u0301forme mone\u0301taire au niveau sous-re\u0301gional, a de\u0301clare\u0301 Ousmane Sonko l ...","breadcrumb":{"@id":"https:\/\/www.africa-press.net\/senegal\/politique\/abandon-de-la-fcfa-le-chef-de-lopposition-senegalaise-clarifie-sa-position#breadcrumb"},"inLanguage":"fr-FR","potentialAction":[{"@type":"ReadAction","target":["https:\/\/www.africa-press.net\/senegal\/politique\/abandon-de-la-fcfa-le-chef-de-lopposition-senegalaise-clarifie-sa-position"]}]},{"@type":"ImageObject","inLanguage":"fr-FR","@id":"https:\/\/www.africa-press.net\/senegal\/politique\/abandon-de-la-fcfa-le-chef-de-lopposition-senegalaise-clarifie-sa-position#primaryimage","url":"https:\/\/static.africa-press.net\/senegal\/sites\/13\/2024\/03\/sm_1710883389.825549.jpg","contentUrl":"https:\/\/static.africa-press.net\/senegal\/sites\/13\/2024\/03\/sm_1710883389.825549.jpg","width":1350,"height":900,"caption":"Abandon de la FCFA: le chef de l'opposition s\u00e9n\u00e9galaise clarifie sa position"},{"@type":"BreadcrumbList","@id":"https:\/\/www.africa-press.net\/senegal\/politique\/abandon-de-la-fcfa-le-chef-de-lopposition-senegalaise-clarifie-sa-position#breadcrumb","itemListElement":[{"@type":"ListItem","position":1,"name":"Accueil","item":"https:\/\/www.africa-press.net\/senegal\/"},{"@type":"ListItem","position":2,"name":"Abandon de la FCFA: le chef de l&#8217;opposition s\u00e9n\u00e9galaise clarifie sa position"}]},{"@type":"WebSite","@id":"https:\/\/www.africa-press.net\/senegal\/#website","url":"https:\/\/www.africa-press.net\/senegal\/","name":"Africa Press | Senegal | Homepage","description":"Just another Africa News Agency Sites site","potentialAction":[{"@type":"SearchAction","target":{"@type":"EntryPoint","urlTemplate":"https:\/\/www.africa-press.net\/senegal\/?s={search_term_string}"},"query-input":{"@type":"PropertyValueSpecification","valueRequired":true,"valueName":"search_term_string"}}],"inLanguage":"fr-FR"},{"@type":"Person","@id":"https:\/\/www.africa-press.net\/senegal\/#\/schema\/person\/2b1cf3cd81a31e3cd26889ca66d677f1","name":"cfeditorfr","url":"https:\/\/www.africa-press.net\/senegal\/author\/cfeditorfr"}]}},"_links":{"self":[{"href":"https:\/\/www.africa-press.net\/senegal\/wp-json\/wp\/v2\/posts\/57042","targetHints":{"allow":["GET"]}}],"collection":[{"href":"https:\/\/www.africa-press.net\/senegal\/wp-json\/wp\/v2\/posts"}],"about":[{"href":"https:\/\/www.africa-press.net\/senegal\/wp-json\/wp\/v2\/types\/post"}],"author":[{"embeddable":true,"href":"https:\/\/www.africa-press.net\/senegal\/wp-json\/wp\/v2\/users\/82"}],"replies":[{"embeddable":true,"href":"https:\/\/www.africa-press.net\/senegal\/wp-json\/wp\/v2\/comments?post=57042"}],"version-history":[{"count":0,"href":"https:\/\/www.africa-press.net\/senegal\/wp-json\/wp\/v2\/posts\/57042\/revisions"}],"wp:featuredmedia":[{"embeddable":true,"href":"https:\/\/www.africa-press.net\/senegal\/wp-json\/wp\/v2\/media\/57041"}],"wp:attachment":[{"href":"https:\/\/www.africa-press.net\/senegal\/wp-json\/wp\/v2\/media?parent=57042"}],"wp:term":[{"taxonomy":"category","embeddable":true,"href":"https:\/\/www.africa-press.net\/senegal\/wp-json\/wp\/v2\/categories?post=57042"},{"taxonomy":"post_tag","embeddable":true,"href":"https:\/\/www.africa-press.net\/senegal\/wp-json\/wp\/v2\/tags?post=57042"}],"curies":[{"name":"wp","href":"https:\/\/api.w.org\/{rel}","templated":true}]}}