{"id":57051,"date":"2024-03-20T07:11:21","date_gmt":"2024-03-20T07:11:21","guid":{"rendered":"https:\/\/www.africa-press.net\/senegal\/politique\/entre-macky-sall-et-ousmane-sonko-un-combat-final-par-procuration-au-senegal"},"modified":"2024-03-20T08:47:09","modified_gmt":"2024-03-20T08:47:09","slug":"entre-macky-sall-et-ousmane-sonko-un-combat-final-par-procuration-au-senegal","status":"publish","type":"post","link":"https:\/\/www.africa-press.net\/senegal\/dossiers\/entre-macky-sall-et-ousmane-sonko-un-combat-final-par-procuration-au-senegal","title":{"rendered":"Entre Macky Sall et Ousmane Sonko, un combat final par procuration au S\u00e9n\u00e9gal"},"content":{"rendered":"<p><b>Mawunyo Hermann Boko<\/b><\/p>\n<p><span style=\"color: #ff6600\"><strong>Africa-Press &#8211; Senegal. <\/strong><\/span>Ni l\u2019un ni l\u2019autre ne briguent la magistrature supre\u0302me, mais l\u2019e\u0301lection pre\u0301sidentielle du 24 mars pourrait e\u0302tre l\u2019occasion, pour le chef de l\u2019E\u0301tat et son principal opposant, de solder leur rivalite\u0301 politique dans les urnes via leurs candidats respectifs, Amadou Ba et Bassirou Diomaye Faye.<\/p>\n<p>LE MATCH DE LA SEMAINE \u2013 Entame\u0301e tardivement, il y a seulement neuf jours et apre\u0300s moult rebondissements, la campagne e\u0301lectorale devrait passer a\u0300 une vitesse supe\u0301rieure a\u0300 partir de ce 18 mars. Dans moins d\u2019une semaine, plus de sept millions d\u2019e\u0301lecteurs se rendront aux urnes pour de\u0301partager les 19 candidats qui convoitent le fauteuil pre\u0301sidentiel. Et deux d\u2019entre eux sortent du lot.<\/p>\n<p><b>Benno Bokk Yakaar vs Pastef<\/b><\/p>\n<p>D\u2019un co\u0302te\u0301, l\u2019opposant Bassirou Diomaye Faye, 44 ans, de\u0301signe\u0301 pour porter les couleurs des Patriotes africains du Se\u0301ne\u0301gal pour le travail, l\u2019e\u0301thique et la fraternite\u0301 (Pastef). De l\u2019autre Amadou Ba, de 18 ans son ai\u0302ne\u0301, qui repre\u0301sente le camp pre\u0301sidentiel. Un duel ine\u0301dit, qui ne saurait occulter l\u2019impitoyable bras de fer que se livrent deux hommes qui, eux, ne brigueront pas la magistrature supre\u0302me, le 24 mars, mais dont la rivalite\u0301 a rythme\u0301 ces dernie\u0300res anne\u0301es la vie politique se\u0301ne\u0301galaise: Ousmane Sonko, dont la candidature a e\u0301te\u0301 rejete\u0301e par le Conseil constitutionnel, et Macky Sall, qui a annonce\u0301 en juillet dernier qu\u2019il ne briguerait pas de troisie\u0300me mandat.<\/p>\n<p>Frai\u0302chement libe\u0301re\u0301s de prison a\u0300 la faveur d\u2019une loi d\u2019amnistie en guise de de\u0301crispation, Ousmane Sonko et Bassirou Diomaye Faye auront du\u0302 rivaliser d\u2019inge\u0301niosite\u0301 pour re\u0301ussir a\u0300 faire valider l\u2019une de leurs deux candidatures. Les deux hommes, de\u0301crits comme \u00ab interchangeables \u00bb par leurs partisans, ont tenu leurs premiers meetings ce week-end dans la re\u0301gion de Ziguinchor, fief d\u2019Ousmane Sonko. La mobilisation autour d\u2019Amadou Ba a, pour sa part, connu un net coup d\u2019acce\u0301le\u0301rateur apre\u0300s un dernier rappel a\u0300 l\u2019ordre de Macky Sall.<\/p>\n<p>Ces dernie\u0300res semaines, la bonne entente affiche\u0301e par le chef de l\u2019E\u0301tat et son ancien Premier ministre a pourtant e\u0301te\u0301 mise a\u0300 rude e\u0301preuve par des divisions internes exacerbe\u0301es par l\u2019annonce du report de la pre\u0301sidentielle, qui aurait initialement du\u0302 se tenir le 25 fe\u0301vrier. Les tensions ont e\u0301te\u0301 telles qu\u2019elles ont pu laisser croire que le chef de l\u2019E\u0301tat doutait d\u2019avoir fait le bon choix en de\u0301signant Amadou Ba comme dauphin \u2013 un choix qui a, de\u0300s le de\u0301part, e\u0301te\u0301 conteste\u0301 par une partie de la coalition au pouvoir, Benno Bokk Yakaar (BBY).<\/p>\n<p><b>Un Amadou Ba offensif<\/b><\/p>\n<p>Cette page-la\u0300 est-elle de\u0301finitivement tourne\u0301e ? Si l\u2019ancien Premier ministre (il a e\u0301te\u0301 de\u0301charge\u0301 de ses fonctions le 6 mars dernier) s\u2019est rendu seul sur le terrain les premiers jours de campagne, il devrait e\u0302tre rejoint par Macky Sall pour ses derniers meetings. Et il a pris soin de se placer dans la ligne\u0301e d\u2019un pre\u0301sident qui tient, lui, a\u0300 la perpe\u0301tuation de son he\u0301ritage politique et de son programme e\u0301conomique.<\/p>\n<p>\u00ab Certains candidats commencent a\u0300 devenir un danger pour le pays. Et c\u2019est aux populations de re\u0301gler cela en votant pour la se\u0301re\u0301nite\u0301, en votant pour l\u2019expe\u0301rience, en votant pour la poursuite du Plan Se\u0301ne\u0301gal e\u0301mergent \u00bb, a lance\u0301 ce 17 mars devant des milliers de sympathisants un Amadou Ba offensif. Il se trouvait ce jour-la\u0300 a\u0300 Tambacounda, dans ce sud-est du pays qui est aussi le fief du nouveau chef de gouvernement, Sidiki Kaba.<\/p>\n<p>\u00ab Nous avons un bilan qui force le respect et l\u2019admiration. Un bilan qui de\u0301passe largement ceux, cumule\u0301s, des trois pre\u0301de\u0301cesseurs de Macky Sall \u00bb, affirmait de\u0301ja\u0300 deux jours plus to\u0302t a\u0300 Jeune Afrique un membre du gouvernement, tout en se disant confiant dans les chances de victoire du candidat de la coalition pre\u0301sidentielle. Contacte\u0301, Racine Talla, le directeur de Radio te\u0301le\u0301vision se\u0301ne\u0301galaise (RTS), abonde: \u00ab On ne laissera pas le pouvoir a\u0300 des populistes. Les Se\u0301ne\u0301galais savent e\u0301lire leur pre\u0301sident et ne se laisseront pas tenter par l\u2019aventure. \u00bb<\/p>\n<p>L\u2019aventure, pour ce membre du secre\u0301tariat exe\u0301cutif de l\u2019Alliance pour la Re\u0301publique (APR, le parti pre\u0301sidentiel), c\u2019est le projet politique du Pastef, dissous fin juillet 2023 dans la foule\u0301e de l\u2019arrestation d\u2019Ousmane Sonko. Car dans son programme, le candidat Bassirou Diomaye Faye pro\u0302ne \u00ab un changement syste\u0301mique \u00bb et un \u00ab renouvellement profond des me\u0301thodes de gouvernance publique \u00bb. Il veut \u00ab mettre fin a\u0300 la concentration des pouvoirs entre les mains du pre\u0301sident de la Re\u0301publique \u00bb et introduire la possibilite\u0301 de le destituer. Il appelle e\u0301galement a\u0300 un de\u0301tricotage des institutions, puisqu\u2019il propose de supprimer le poste de Premier ministre et de cre\u0301er une vice-pre\u0301sidence.<\/p>\n<p><b>Reddition des comptes pour conspuer les corrupteurs<\/b><\/p>\n<p>La re\u0301forme de l\u2019appareil judiciaire, si souvent de\u0301crit comme une arme instrumentalise\u0301 par le pouvoir contre Ousmane Sonko, est elle aussi e\u0301te\u0301 e\u0301rige\u0301e en priorite\u0301. Le candidat de l\u2019opposition compte acce\u0301le\u0301rer, s\u2019il est e\u0301lu, \u00ab la mise en place d\u2019un parquet national financier dote\u0301 de la pre\u0301rogative de poursuite des infractions relevant de la grande de\u0301linquance en matie\u0300re e\u0301conomique et financie\u0300re \u00bb. Il s\u2019agit d\u2019une proposition formule\u0301e a\u0300 l\u2019issue du dialogue national se\u0301ne\u0301galais organise\u0301 courant juin 2023, mais qui avait e\u0301te\u0301 boycotte\u0301 par une grande partie de l\u2019opposition.<\/p>\n<p>En meeting ce 17 mars dans le de\u0301partement de Se\u0301dhiou, en Casamance, Bassirou Diomaye Faye a par ailleurs affirme\u0301 qu\u2019il proce\u0301derait tre\u0300s prochainement a\u0300 sa de\u0301claration de patrimoine, avant d\u2019inviter Amadou Ba a\u0300 en faire autant pour \u00ab satisfaire a\u0300 cette exigence d\u2019e\u0301thique et de transparence \u00bb. Au lendemain de sa sortie de prison, Ousmane Sonko avait de\u0301ja\u0300 mis les pieds dans le plat en accusant le candidat de la majorite\u0301 pre\u0301sidentielle d\u2019e\u0302tre \u00ab un fonctionnaire milliardaire \u00bb.<\/p>\n<p>\u00ab La seule ve\u0301ritable question que les Se\u0301ne\u0301galais doivent se poser est la suivante: comment un simple fonctionnaire peut-il e\u0302tre aussi riche qu\u2019Amadou Ba ? D\u2019ou\u0300 proviennent ces milliards ? s\u2019est interroge\u0301, le 15 mars, le maire de Ziguinchor. Cela suffit amplement pour ne pas voter en sa faveur. Cet homme ne doit jamais diriger le Se\u0301ne\u0301gal. Il ne compte que sur l\u2019argent. \u00bb<\/p>\n<p>La re\u0301plique de la coalition au pouvoir ne s\u2019est pas fait attendre. \u00ab De\u0301cide\u0301ment, entre Ousmane Sonko et la diffamation, le de\u0301nigrement, le mensonge et la manipulation, c\u2019est une histoire d\u2019amour \u00bb, a re\u0301pondu quelques heures plus tard, dans un communique\u0301, l\u2019e\u0301quipe de campagne de l\u2019ancien Premier ministre. Et d\u2019ajouter: \u00ab On espe\u0301rait que l\u2019isolement lui permette d\u2019acque\u0301rir un minimum de maturite\u0301 et de sagesse, l\u2019e\u0301loignant ainsi de la violence verbale et physique qui est l\u2019unique programme de sa mouvance politique. Le pre\u0301sident Amadou Ba n\u2019a e\u0301videmment pas de temps a\u0300 consacrer a\u0300 ses enfantillages. \u00bb<\/p>\n<p><b>Source: JeuneAfrique.com<\/b><\/p>\n<p><strong>Pour plus d&rsquo;informations et d&rsquo;analyses sur la <a href=\"https:\/\/www.africa-press.net\/senegal\">Senegal<\/a>, suivez <a href=\"https:\/\/www.africa-press.net\/\">Africa-Press<\/a><\/strong><\/p>\n","protected":false},"excerpt":{"rendered":"<p>Mawunyo Hermann Boko Africa-Press &#8211; Senegal. Ni l\u2019un ni l\u2019autre ne briguent la magistrature supre\u0302me, mais l\u2019e\u0301lection pre\u0301sidentielle du 24 mars pourrait e\u0302tre l\u2019occasion, pour le chef de l\u2019E\u0301tat et son principal opposant, de solder leur rivalite\u0301 politique dans les urnes via leurs candidats respectifs, Amadou Ba et Bassirou Diomaye Faye. LE MATCH DE LA [&hellip;]<\/p>\n","protected":false},"author":82,"featured_media":57050,"comment_status":"open","ping_status":"closed","sticky":false,"template":"","format":"standard","meta":{"footnotes":""},"categories":[7,10],"tags":[43,47,44],"class_list":["post-57051","post","type-post","status-publish","format-standard","has-post-thumbnail","hentry","category-dossiers","category-toutes-les-actualites","tag-africa-press-2","tag-africa-press-senegal","tag-senegal-2"],"yoast_head":"<!-- This site is optimized with the Yoast SEO Premium plugin v26.1 (Yoast SEO v27.0) - https:\/\/yoast.com\/product\/yoast-seo-premium-wordpress\/ -->\n<title>Entre Macky Sall et Ousmane Sonko, un combat final par procuration au S\u00e9n\u00e9gal - Senegal<\/title>\n<meta name=\"description\" content=\"Ni l\u2019un ni l\u2019autre ne briguent la magistrature supre\u0302me, mais l\u2019e\u0301lection pre\u0301sidentielle du 24 mars pourrait e\u0302tre l\u2019oc ...\" \/>\n<meta name=\"robots\" content=\"index, follow, max-snippet:-1, max-image-preview:large, max-video-preview:-1\" \/>\n<link rel=\"canonical\" href=\"https:\/\/www.africa-press.net\/senegal\/dossiers\/entre-macky-sall-et-ousmane-sonko-un-combat-final-par-procuration-au-senegal\" \/>\n<meta property=\"og:locale\" content=\"fr_FR\" \/>\n<meta property=\"og:type\" content=\"article\" \/>\n<meta property=\"og:title\" content=\"Entre Macky Sall et Ousmane Sonko, un combat final par procuration au S\u00e9n\u00e9gal\" \/>\n<meta property=\"og:description\" content=\"Ni l\u2019un ni l\u2019autre ne briguent la magistrature supre\u0302me, mais l\u2019e\u0301lection pre\u0301sidentielle du 24 mars pourrait e\u0302tre l\u2019oc ...\" \/>\n<meta property=\"og:url\" content=\"https:\/\/www.africa-press.net\/senegal\/dossiers\/entre-macky-sall-et-ousmane-sonko-un-combat-final-par-procuration-au-senegal\" \/>\n<meta property=\"og:site_name\" content=\"Senegal\" \/>\n<meta property=\"article:published_time\" content=\"2024-03-20T07:11:21+00:00\" \/>\n<meta property=\"article:modified_time\" content=\"2024-03-20T08:47:09+00:00\" \/>\n<meta property=\"og:image\" content=\"https:\/\/static.africa-press.net\/senegal\/sites\/13\/2024\/03\/sm_1710908127.185975.jpg\" \/>\n\t<meta property=\"og:image:width\" content=\"1280\" \/>\n\t<meta property=\"og:image:height\" content=\"720\" \/>\n\t<meta property=\"og:image:type\" content=\"image\/jpeg\" \/>\n<meta name=\"author\" content=\"cfeditorfr\" \/>\n<meta name=\"twitter:card\" content=\"summary_large_image\" \/>\n<meta name=\"twitter:label1\" content=\"\u00c9crit par\" \/>\n\t<meta name=\"twitter:data1\" content=\"cfeditorfr\" \/>\n\t<meta name=\"twitter:label2\" content=\"Dur\u00e9e de lecture estim\u00e9e\" \/>\n\t<meta name=\"twitter:data2\" content=\"6 minutes\" \/>\n<script type=\"application\/ld+json\" class=\"yoast-schema-graph\">{\"@context\":\"https:\/\/schema.org\",\"@graph\":[{\"@type\":\"Article\",\"@id\":\"https:\/\/www.africa-press.net\/senegal\/dossiers\/entre-macky-sall-et-ousmane-sonko-un-combat-final-par-procuration-au-senegal#article\",\"isPartOf\":{\"@id\":\"https:\/\/www.africa-press.net\/senegal\/dossiers\/entre-macky-sall-et-ousmane-sonko-un-combat-final-par-procuration-au-senegal\"},\"author\":{\"name\":\"cfeditorfr\",\"@id\":\"https:\/\/www.africa-press.net\/senegal\/#\/schema\/person\/2b1cf3cd81a31e3cd26889ca66d677f1\"},\"headline\":\"Entre Macky Sall et Ousmane Sonko, un combat final par procuration au S\u00e9n\u00e9gal\",\"datePublished\":\"2024-03-20T07:11:21+00:00\",\"dateModified\":\"2024-03-20T08:47:09+00:00\",\"mainEntityOfPage\":{\"@id\":\"https:\/\/www.africa-press.net\/senegal\/dossiers\/entre-macky-sall-et-ousmane-sonko-un-combat-final-par-procuration-au-senegal\"},\"wordCount\":1280,\"commentCount\":0,\"image\":{\"@id\":\"https:\/\/www.africa-press.net\/senegal\/dossiers\/entre-macky-sall-et-ousmane-sonko-un-combat-final-par-procuration-au-senegal#primaryimage\"},\"thumbnailUrl\":\"https:\/\/static.africa-press.net\/senegal\/sites\/13\/2024\/03\/sm_1710908127.185975.jpg\",\"keywords\":[\"Africa Press\",\"Africa Press-Senegal\",\"Senegal\"],\"articleSection\":[\"Dossiers\",\"Toutes les actualit\u00e9s\"],\"inLanguage\":\"fr-FR\",\"potentialAction\":[{\"@type\":\"CommentAction\",\"name\":\"Comment\",\"target\":[\"https:\/\/www.africa-press.net\/senegal\/dossiers\/entre-macky-sall-et-ousmane-sonko-un-combat-final-par-procuration-au-senegal#respond\"]}]},{\"@type\":\"WebPage\",\"@id\":\"https:\/\/www.africa-press.net\/senegal\/dossiers\/entre-macky-sall-et-ousmane-sonko-un-combat-final-par-procuration-au-senegal\",\"url\":\"https:\/\/www.africa-press.net\/senegal\/dossiers\/entre-macky-sall-et-ousmane-sonko-un-combat-final-par-procuration-au-senegal\",\"name\":\"Entre Macky Sall et Ousmane Sonko, un combat final par procuration au S\u00e9n\u00e9gal - Senegal\",\"isPartOf\":{\"@id\":\"https:\/\/www.africa-press.net\/senegal\/#website\"},\"primaryImageOfPage\":{\"@id\":\"https:\/\/www.africa-press.net\/senegal\/dossiers\/entre-macky-sall-et-ousmane-sonko-un-combat-final-par-procuration-au-senegal#primaryimage\"},\"image\":{\"@id\":\"https:\/\/www.africa-press.net\/senegal\/dossiers\/entre-macky-sall-et-ousmane-sonko-un-combat-final-par-procuration-au-senegal#primaryimage\"},\"thumbnailUrl\":\"https:\/\/static.africa-press.net\/senegal\/sites\/13\/2024\/03\/sm_1710908127.185975.jpg\",\"datePublished\":\"2024-03-20T07:11:21+00:00\",\"dateModified\":\"2024-03-20T08:47:09+00:00\",\"author\":{\"@id\":\"https:\/\/www.africa-press.net\/senegal\/#\/schema\/person\/2b1cf3cd81a31e3cd26889ca66d677f1\"},\"description\":\"Ni l\u2019un ni l\u2019autre ne briguent la magistrature supre\u0302me, mais l\u2019e\u0301lection pre\u0301sidentielle du 24 mars pourrait e\u0302tre l\u2019oc ...\",\"breadcrumb\":{\"@id\":\"https:\/\/www.africa-press.net\/senegal\/dossiers\/entre-macky-sall-et-ousmane-sonko-un-combat-final-par-procuration-au-senegal#breadcrumb\"},\"inLanguage\":\"fr-FR\",\"potentialAction\":[{\"@type\":\"ReadAction\",\"target\":[\"https:\/\/www.africa-press.net\/senegal\/dossiers\/entre-macky-sall-et-ousmane-sonko-un-combat-final-par-procuration-au-senegal\"]}]},{\"@type\":\"ImageObject\",\"inLanguage\":\"fr-FR\",\"@id\":\"https:\/\/www.africa-press.net\/senegal\/dossiers\/entre-macky-sall-et-ousmane-sonko-un-combat-final-par-procuration-au-senegal#primaryimage\",\"url\":\"https:\/\/static.africa-press.net\/senegal\/sites\/13\/2024\/03\/sm_1710908127.185975.jpg\",\"contentUrl\":\"https:\/\/static.africa-press.net\/senegal\/sites\/13\/2024\/03\/sm_1710908127.185975.jpg\",\"width\":1280,\"height\":720,\"caption\":\"Entre Macky Sall et Ousmane Sonko, un combat final par procuration au S\u00e9n\u00e9gal\"},{\"@type\":\"BreadcrumbList\",\"@id\":\"https:\/\/www.africa-press.net\/senegal\/dossiers\/entre-macky-sall-et-ousmane-sonko-un-combat-final-par-procuration-au-senegal#breadcrumb\",\"itemListElement\":[{\"@type\":\"ListItem\",\"position\":1,\"name\":\"Accueil\",\"item\":\"https:\/\/www.africa-press.net\/senegal\/\"},{\"@type\":\"ListItem\",\"position\":2,\"name\":\"Entre Macky Sall et Ousmane Sonko, un combat final par procuration au S\u00e9n\u00e9gal\"}]},{\"@type\":\"WebSite\",\"@id\":\"https:\/\/www.africa-press.net\/senegal\/#website\",\"url\":\"https:\/\/www.africa-press.net\/senegal\/\",\"name\":\"Africa Press | Senegal | Homepage\",\"description\":\"Just another Africa News Agency Sites site\",\"potentialAction\":[{\"@type\":\"SearchAction\",\"target\":{\"@type\":\"EntryPoint\",\"urlTemplate\":\"https:\/\/www.africa-press.net\/senegal\/?s={search_term_string}\"},\"query-input\":{\"@type\":\"PropertyValueSpecification\",\"valueRequired\":true,\"valueName\":\"search_term_string\"}}],\"inLanguage\":\"fr-FR\"},{\"@type\":\"Person\",\"@id\":\"https:\/\/www.africa-press.net\/senegal\/#\/schema\/person\/2b1cf3cd81a31e3cd26889ca66d677f1\",\"name\":\"cfeditorfr\",\"url\":\"https:\/\/www.africa-press.net\/senegal\/author\/cfeditorfr\"}]}<\/script>\n<!-- \/ Yoast SEO Premium plugin. -->","yoast_head_json":{"title":"Entre Macky Sall et Ousmane Sonko, un combat final par procuration au S\u00e9n\u00e9gal - Senegal","description":"Ni l\u2019un ni l\u2019autre ne briguent la magistrature supre\u0302me, mais l\u2019e\u0301lection pre\u0301sidentielle du 24 mars pourrait e\u0302tre l\u2019oc ...","robots":{"index":"index","follow":"follow","max-snippet":"max-snippet:-1","max-image-preview":"max-image-preview:large","max-video-preview":"max-video-preview:-1"},"canonical":"https:\/\/www.africa-press.net\/senegal\/dossiers\/entre-macky-sall-et-ousmane-sonko-un-combat-final-par-procuration-au-senegal","og_locale":"fr_FR","og_type":"article","og_title":"Entre Macky Sall et Ousmane Sonko, un combat final par procuration au S\u00e9n\u00e9gal","og_description":"Ni l\u2019un ni l\u2019autre ne briguent la magistrature supre\u0302me, mais l\u2019e\u0301lection pre\u0301sidentielle du 24 mars pourrait e\u0302tre l\u2019oc ...","og_url":"https:\/\/www.africa-press.net\/senegal\/dossiers\/entre-macky-sall-et-ousmane-sonko-un-combat-final-par-procuration-au-senegal","og_site_name":"Senegal","article_published_time":"2024-03-20T07:11:21+00:00","article_modified_time":"2024-03-20T08:47:09+00:00","og_image":[{"width":1280,"height":720,"url":"https:\/\/static.africa-press.net\/senegal\/sites\/13\/2024\/03\/sm_1710908127.185975.jpg","type":"image\/jpeg"}],"author":"cfeditorfr","twitter_card":"summary_large_image","twitter_misc":{"\u00c9crit par":"cfeditorfr","Dur\u00e9e de lecture estim\u00e9e":"6 minutes"},"schema":{"@context":"https:\/\/schema.org","@graph":[{"@type":"Article","@id":"https:\/\/www.africa-press.net\/senegal\/dossiers\/entre-macky-sall-et-ousmane-sonko-un-combat-final-par-procuration-au-senegal#article","isPartOf":{"@id":"https:\/\/www.africa-press.net\/senegal\/dossiers\/entre-macky-sall-et-ousmane-sonko-un-combat-final-par-procuration-au-senegal"},"author":{"name":"cfeditorfr","@id":"https:\/\/www.africa-press.net\/senegal\/#\/schema\/person\/2b1cf3cd81a31e3cd26889ca66d677f1"},"headline":"Entre Macky Sall et Ousmane Sonko, un combat final par procuration au S\u00e9n\u00e9gal","datePublished":"2024-03-20T07:11:21+00:00","dateModified":"2024-03-20T08:47:09+00:00","mainEntityOfPage":{"@id":"https:\/\/www.africa-press.net\/senegal\/dossiers\/entre-macky-sall-et-ousmane-sonko-un-combat-final-par-procuration-au-senegal"},"wordCount":1280,"commentCount":0,"image":{"@id":"https:\/\/www.africa-press.net\/senegal\/dossiers\/entre-macky-sall-et-ousmane-sonko-un-combat-final-par-procuration-au-senegal#primaryimage"},"thumbnailUrl":"https:\/\/static.africa-press.net\/senegal\/sites\/13\/2024\/03\/sm_1710908127.185975.jpg","keywords":["Africa Press","Africa Press-Senegal","Senegal"],"articleSection":["Dossiers","Toutes les actualit\u00e9s"],"inLanguage":"fr-FR","potentialAction":[{"@type":"CommentAction","name":"Comment","target":["https:\/\/www.africa-press.net\/senegal\/dossiers\/entre-macky-sall-et-ousmane-sonko-un-combat-final-par-procuration-au-senegal#respond"]}]},{"@type":"WebPage","@id":"https:\/\/www.africa-press.net\/senegal\/dossiers\/entre-macky-sall-et-ousmane-sonko-un-combat-final-par-procuration-au-senegal","url":"https:\/\/www.africa-press.net\/senegal\/dossiers\/entre-macky-sall-et-ousmane-sonko-un-combat-final-par-procuration-au-senegal","name":"Entre Macky Sall et Ousmane Sonko, un combat final par procuration au S\u00e9n\u00e9gal - Senegal","isPartOf":{"@id":"https:\/\/www.africa-press.net\/senegal\/#website"},"primaryImageOfPage":{"@id":"https:\/\/www.africa-press.net\/senegal\/dossiers\/entre-macky-sall-et-ousmane-sonko-un-combat-final-par-procuration-au-senegal#primaryimage"},"image":{"@id":"https:\/\/www.africa-press.net\/senegal\/dossiers\/entre-macky-sall-et-ousmane-sonko-un-combat-final-par-procuration-au-senegal#primaryimage"},"thumbnailUrl":"https:\/\/static.africa-press.net\/senegal\/sites\/13\/2024\/03\/sm_1710908127.185975.jpg","datePublished":"2024-03-20T07:11:21+00:00","dateModified":"2024-03-20T08:47:09+00:00","author":{"@id":"https:\/\/www.africa-press.net\/senegal\/#\/schema\/person\/2b1cf3cd81a31e3cd26889ca66d677f1"},"description":"Ni l\u2019un ni l\u2019autre ne briguent la magistrature supre\u0302me, mais l\u2019e\u0301lection pre\u0301sidentielle du 24 mars pourrait e\u0302tre l\u2019oc ...","breadcrumb":{"@id":"https:\/\/www.africa-press.net\/senegal\/dossiers\/entre-macky-sall-et-ousmane-sonko-un-combat-final-par-procuration-au-senegal#breadcrumb"},"inLanguage":"fr-FR","potentialAction":[{"@type":"ReadAction","target":["https:\/\/www.africa-press.net\/senegal\/dossiers\/entre-macky-sall-et-ousmane-sonko-un-combat-final-par-procuration-au-senegal"]}]},{"@type":"ImageObject","inLanguage":"fr-FR","@id":"https:\/\/www.africa-press.net\/senegal\/dossiers\/entre-macky-sall-et-ousmane-sonko-un-combat-final-par-procuration-au-senegal#primaryimage","url":"https:\/\/static.africa-press.net\/senegal\/sites\/13\/2024\/03\/sm_1710908127.185975.jpg","contentUrl":"https:\/\/static.africa-press.net\/senegal\/sites\/13\/2024\/03\/sm_1710908127.185975.jpg","width":1280,"height":720,"caption":"Entre Macky Sall et Ousmane Sonko, un combat final par procuration au S\u00e9n\u00e9gal"},{"@type":"BreadcrumbList","@id":"https:\/\/www.africa-press.net\/senegal\/dossiers\/entre-macky-sall-et-ousmane-sonko-un-combat-final-par-procuration-au-senegal#breadcrumb","itemListElement":[{"@type":"ListItem","position":1,"name":"Accueil","item":"https:\/\/www.africa-press.net\/senegal\/"},{"@type":"ListItem","position":2,"name":"Entre Macky Sall et Ousmane Sonko, un combat final par procuration au S\u00e9n\u00e9gal"}]},{"@type":"WebSite","@id":"https:\/\/www.africa-press.net\/senegal\/#website","url":"https:\/\/www.africa-press.net\/senegal\/","name":"Africa Press | Senegal | Homepage","description":"Just another Africa News Agency Sites site","potentialAction":[{"@type":"SearchAction","target":{"@type":"EntryPoint","urlTemplate":"https:\/\/www.africa-press.net\/senegal\/?s={search_term_string}"},"query-input":{"@type":"PropertyValueSpecification","valueRequired":true,"valueName":"search_term_string"}}],"inLanguage":"fr-FR"},{"@type":"Person","@id":"https:\/\/www.africa-press.net\/senegal\/#\/schema\/person\/2b1cf3cd81a31e3cd26889ca66d677f1","name":"cfeditorfr","url":"https:\/\/www.africa-press.net\/senegal\/author\/cfeditorfr"}]}},"_links":{"self":[{"href":"https:\/\/www.africa-press.net\/senegal\/wp-json\/wp\/v2\/posts\/57051","targetHints":{"allow":["GET"]}}],"collection":[{"href":"https:\/\/www.africa-press.net\/senegal\/wp-json\/wp\/v2\/posts"}],"about":[{"href":"https:\/\/www.africa-press.net\/senegal\/wp-json\/wp\/v2\/types\/post"}],"author":[{"embeddable":true,"href":"https:\/\/www.africa-press.net\/senegal\/wp-json\/wp\/v2\/users\/82"}],"replies":[{"embeddable":true,"href":"https:\/\/www.africa-press.net\/senegal\/wp-json\/wp\/v2\/comments?post=57051"}],"version-history":[{"count":0,"href":"https:\/\/www.africa-press.net\/senegal\/wp-json\/wp\/v2\/posts\/57051\/revisions"}],"wp:featuredmedia":[{"embeddable":true,"href":"https:\/\/www.africa-press.net\/senegal\/wp-json\/wp\/v2\/media\/57050"}],"wp:attachment":[{"href":"https:\/\/www.africa-press.net\/senegal\/wp-json\/wp\/v2\/media?parent=57051"}],"wp:term":[{"taxonomy":"category","embeddable":true,"href":"https:\/\/www.africa-press.net\/senegal\/wp-json\/wp\/v2\/categories?post=57051"},{"taxonomy":"post_tag","embeddable":true,"href":"https:\/\/www.africa-press.net\/senegal\/wp-json\/wp\/v2\/tags?post=57051"}],"curies":[{"name":"wp","href":"https:\/\/api.w.org\/{rel}","templated":true}]}}