{"id":57055,"date":"2024-03-20T07:19:14","date_gmt":"2024-03-20T07:19:14","guid":{"rendered":"https:\/\/www.africa-press.net\/senegal\/politique\/presidentielle-au-senegal-les-liberaux-peuvent-ils-peser-sur-lelection"},"modified":"2024-03-20T08:48:07","modified_gmt":"2024-03-20T08:48:07","slug":"presidentielle-au-senegal-les-liberaux-peuvent-ils-peser-sur-lelection","status":"publish","type":"post","link":"https:\/\/www.africa-press.net\/senegal\/dossiers\/presidentielle-au-senegal-les-liberaux-peuvent-ils-peser-sur-lelection","title":{"rendered":"Pr\u00e9sidentielle au S\u00e9n\u00e9gal : les lib\u00e9raux peuvent-ils peser sur l\u2019\u00e9lection ?"},"content":{"rendered":"<p><b>Mari\u00e8me Soumar\u00e9 <\/b><\/p>\n<p><span style=\"color: #ff6600\"><strong>Africa-Press &#8211; Senegal. <\/strong><\/span>Plusieurs ex-membres du Parti de\u0301mocratique se\u0301ne\u0301galais (PDS) ont annonce\u0301 mercredi la cre\u0301ation d\u2019un \u00ab cadre de concertation \u00bb, mais celui-ci a e\u0301te\u0301 snobe\u0301 par leur formation d\u2019origine. Ils appellent leurs compagnons a\u0300 s\u2019unir au second tour de l\u2019e\u0301lection.<\/p>\n<p>\u00ab Nous appelons a\u0300 la re\u0301alisation de l\u2019unite\u0301 de la famille libe\u0301rale, dont le pe\u0300re fondateur est Abdoulaye Wade. \u00bb Dans l\u2019assemble\u0301e, quelques applaudissements polis accompagnent la de\u0301claration du ministre Modou Diagne Fada. S\u2019il est bien une chose sur laquelle les anciens du Parti de\u0301mocratique se\u0301ne\u0301galais (PDS) seront toujours d\u2019accord, c\u2019est leur attachement inde\u0301fectible au pre\u0301sident-fondateur.<\/p>\n<p>Ils e\u0301taient re\u0301unis ce mercredi 13 mars, se donnant du \u00ab grand fre\u0300re \u00bb et du \u00ab camarade \u00bb, pour annoncer la cre\u0301ation d\u2019un \u00ab cadre de concertation des libe\u0301raux et de\u0301mocrates \u00bb. \u00bbPour que tout le monde puisse se retrouver dans un cadre unique \u00bb, a pre\u0301cise\u0301 le ministre des Mines, Oumar Sarr, qui avait rejoint Macky Sall en 2020. Assise a\u0300 ses co\u0302te\u0301s, la ministre The\u0301re\u0300se Faye Diouf, fide\u0300le du chef de l\u2019E\u0301tat, e\u0301tait venue repre\u0301senter le parti pre\u0301sidentiel.<\/p>\n<p>Dans une courte de\u0301claration lue a\u0300 la presse, Modou Diagne Fada a lance\u0301 un \u00ab appel a\u0300 tous les partis, mouvements et personnalite\u0301s d\u2019obe\u0301dience libe\u0301rale du Se\u0301ne\u0301gal \u00bb a\u0300 rejoindre le mouvement, qui comprend de\u0301ja\u0300 des anciens du PDS passe\u0301s a\u0300 la majorite\u0301 et Rewmi, le parti d\u2019Idrissa Seck, candidat a\u0300 la pre\u0301sidentielle du 24 mars.<\/p>\n<p><b>\u00ab Sauvegarder les acquis de\u0301mocratiques \u00bb<\/b><\/p>\n<p>Une union destine\u0301e a\u0300 \u00ab sauvegarder les acquis [de\u0301mocratiques] \u00bb, a ajoute\u0301 Modou Diagne Fada, de\u0301nonc\u0327ant \u00ab les menaces induites par le populisme et le fondamentalisme \u00bb \u2013 une allusion a\u0300 peine voile\u0301e au Pastef et a\u0300 son candidat, Bassirou Diomaye Faye, libe\u0301re\u0301 jeudi soir dans la liesse aux co\u0302te\u0301s de son mentor Ousmane Sonko, que d\u2019anciens responsables du PDS, comme Cheikh Dieng ou l\u2019ex-de\u0301pute\u0301 Toussaint Manga, ont re\u0301cemment rallie\u0301.<\/p>\n<p>La \u00ab grande famille libe\u0301rale \u00bb, qui s\u2019est progressivement reconstitue\u0301e autour de Macky Sall au de\u0301triment du PDS, pourrait-elle achever de se recomposer a\u0300 la veille du scrutin ? Ces retrouvailles avaient e\u0301te\u0301 the\u0301orise\u0301es par Abdoulaye Wade lui me\u0302me, au lendemain de sa de\u0301faite en 2012 \u2013 a\u0300 la diffe\u0301rence pre\u0300s qu\u2019il s\u2019imaginait alors au centre du jeu. Lors du dialogue national convoque\u0301 par Macky Sall fin fe\u0301vrier, plusieurs anciens ministres libe\u0301raux s\u2019e\u0301taient bouscule\u0301s au portillon pour participer aux discussions, tenues en l\u2019absence de la quasi-totalite\u0301 de l\u2019opposition.<\/p>\n<p>Bien qu\u2019il ait joue\u0301 un ro\u0302le majeur dans la crise politique provoque\u0301e par le report de la pre\u0301sidentielle, le PDS e\u0301tait le grand absent du raout libe\u0301ral organise\u0301 le 13 mars. \u00ab Il a e\u0301te\u0301 contacte\u0301 a\u0300 travers ses responsables. Nous ne de\u0301sespe\u0301rons pas qu\u2019il nous rejoigne \u00bb, a assure\u0301 Modou Diagne Fada. Quant a\u0300 ceux qui avaient re\u0301pondu pre\u0301sents, ils ont refuse\u0301 de se prononcer sur les de\u0301clarations de leurs anciens camarades, qui tentent encore de faire annuler le scrutin du 24 mars et d\u2019obtenir le retour de Karim Wade dans la course.<\/p>\n<p>Et tous les moyens sont bons. Le 13 mars, le PDS a ainsi annonce\u0301 vouloir saisir la justice au sujet de faits de corruption reproche\u0301s a\u0300 Amadou Ba, le candidat de la majorite\u0301 sortante, et a\u0300 deux juges du Conseil constitutionnel.<\/p>\n<p>Il s\u2019appuie notamment sur des audios non authentifie\u0301s, qui circulent sur les re\u0301seaux sociaux depuis plusieurs jours. Ils sont attribue\u0301s a\u0300 Amadou Ba, au pre\u0301sident du Conseil constitutionnel, Mamadou Badio Camara, et a\u0300 l\u2019un de ses juges, Cheikh Ndiaye. Ce dernier a de\u0301ja\u0300 de\u0301pose\u0301 une plainte pour diffamation et outrage a\u0300 magistrat en janvier, lorsque de telles accusations ont pour la premie\u0300re fois e\u0301te\u0301 porte\u0301es contre lui.<\/p>\n<p>Protestant contre la \u00ab scandaleuse de\u0301cision du Conseil constitutionnel \u00bb qui a exclu Karim Wade de la liste des candidats a\u0300 la pre\u0301sidentielle, le PDS a par ailleurs appele\u0301 a\u0300 sa dissolution. \u00ab Nous n\u2019accepterons pas que le Se\u0301ne\u0301gal se dirige vers des e\u0301che\u0301ances e\u0301lectorales marque\u0301es par des suspicions et des doutes, sous la gouvernance d\u2019un organe dont l\u2019inte\u0301grite\u0301 des membres est se\u0301rieusement mise en question \u00bb, a-t-il fait savoir.<\/p>\n<p><b>Audience a\u0300 la Cour supre\u0302me vendredi<\/b><\/p>\n<p>Surtout, le PDS et certains de ses allie\u0301s ont de\u0301pose\u0301 une reque\u0302te devant la Cour supre\u0302me visant a\u0300 annuler le de\u0301cret pre\u0301sidentiel fixant l\u2019e\u0301lection au 24 mars pour exce\u0300s de pouvoir et violation du code e\u0301lectoral. En de\u0301pit de ce que pre\u0301disaient certains juristes, la Cour s\u2019est de\u0301clare\u0301 compe\u0301tente pour statuer sur l\u2019affaire.<\/p>\n<p>En attendant de savoir ce qui sera de\u0301cide\u0301 ce vendredi, les ex-libe\u0301raux n\u2019e\u0301cartent pas la possibilite\u0301 de s\u2019allier au second tour. \u00ab Nos premiers objectifs ne sont pas e\u0301lectoraux, a ne\u0301anmoins de\u0301fendu Modou Diagne Fada, d\u2019autant plus que nous avons de\u0301ja\u0300 choisi nos candidats. \u00bb<\/p>\n<p>Ces candidats, ce sont Idrissa Seck et Amadou Ba. Le rejet mou du report de l\u2019e\u0301lection pre\u0301sidentielle du premier a contraste\u0301 avec la vive mobilisation des autres candidats de l\u2019opposition. Idrissa Seck a de\u0301bute\u0301 sa campagne e\u0301lectorale par trois jours de visite aux dignitaires religieux dans son fief de Thie\u0300s.<\/p>\n<p>Amadou Ba, quant a\u0300 lui, a e\u0301te\u0301 confirme\u0301 in extremis par Macky Sall a\u0300 dix jours du vote. Le candidat a e\u0301te\u0301 force\u0301 de mettre en pause sa campagne, boycotte\u0301e par une partie de son propre camp, pour solliciter le soutien du pre\u0301sident. \u00ab Nous n\u2019avons qu\u2019un seul candidat et c\u2019est Amadou Ba \u00bb, a insiste\u0301 ce mercredi Oumar Sarr, qui s\u2019appre\u0302tait a\u0300 le rejoindre dans son fief de Dagana.<\/p>\n<p>En de\u0301pit de ces assurances, la campagne e\u0301lectorale se de\u0301roule dans une ambiance inhabituelle, voire ine\u0301dite, marque\u0301e autant par le ramadan que par l\u2019impre\u0301visibilite\u0301 des coups de the\u0301a\u0302tre politiques. Beaucoup de responsables se disent ainsi suspendus a\u0300 la de\u0301cision de la Cour supre\u0302me, qui a accepte\u0301 de statuer en urgence sur les reque\u0302tes de\u0301pose\u0301es par le PDS. L\u2019audience est pre\u0301vue vendredi matin.<\/p>\n<p><b>Source: JeuneAfrique.com<\/b><\/p>\n<p><strong>Pour plus d&rsquo;informations et d&rsquo;analyses sur la <a href=\"https:\/\/www.africa-press.net\/senegal\">Senegal<\/a>, suivez <a href=\"https:\/\/www.africa-press.net\/\">Africa-Press<\/a><\/strong><\/p>\n","protected":false},"excerpt":{"rendered":"<p>Mari\u00e8me Soumar\u00e9 Africa-Press &#8211; Senegal. Plusieurs ex-membres du Parti de\u0301mocratique se\u0301ne\u0301galais (PDS) ont annonce\u0301 mercredi la cre\u0301ation d\u2019un \u00ab cadre de concertation \u00bb, mais celui-ci a e\u0301te\u0301 snobe\u0301 par leur formation d\u2019origine. Ils appellent leurs compagnons a\u0300 s\u2019unir au second tour de l\u2019e\u0301lection. \u00ab Nous appelons a\u0300 la re\u0301alisation de l\u2019unite\u0301 de la famille libe\u0301rale, [&hellip;]<\/p>\n","protected":false},"author":82,"featured_media":57054,"comment_status":"open","ping_status":"closed","sticky":false,"template":"","format":"standard","meta":{"footnotes":""},"categories":[7,10],"tags":[43,47,44],"class_list":["post-57055","post","type-post","status-publish","format-standard","has-post-thumbnail","hentry","category-dossiers","category-toutes-les-actualites","tag-africa-press-2","tag-africa-press-senegal","tag-senegal-2"],"yoast_head":"<!-- This site is optimized with the Yoast SEO Premium plugin v26.1 (Yoast SEO v27.0) - https:\/\/yoast.com\/product\/yoast-seo-premium-wordpress\/ -->\n<title>Pr\u00e9sidentielle au S\u00e9n\u00e9gal : les lib\u00e9raux peuvent-ils peser sur l\u2019\u00e9lection ? - Senegal<\/title>\n<meta name=\"description\" content=\"Plusieurs ex-membres du Parti de\u0301mocratique se\u0301ne\u0301galais (PDS) ont annonce\u0301 mercredi la cre\u0301ation d\u2019un \u00ab cadre de concer ...\" \/>\n<meta name=\"robots\" content=\"index, follow, max-snippet:-1, max-image-preview:large, max-video-preview:-1\" \/>\n<link rel=\"canonical\" href=\"https:\/\/www.africa-press.net\/senegal\/dossiers\/presidentielle-au-senegal-les-liberaux-peuvent-ils-peser-sur-lelection\" \/>\n<meta property=\"og:locale\" content=\"fr_FR\" \/>\n<meta property=\"og:type\" content=\"article\" \/>\n<meta property=\"og:title\" content=\"Pr\u00e9sidentielle au S\u00e9n\u00e9gal : les lib\u00e9raux peuvent-ils peser sur l\u2019\u00e9lection ?\" \/>\n<meta property=\"og:description\" content=\"Plusieurs ex-membres du Parti de\u0301mocratique se\u0301ne\u0301galais (PDS) ont annonce\u0301 mercredi la cre\u0301ation d\u2019un \u00ab cadre de concer ...\" \/>\n<meta property=\"og:url\" content=\"https:\/\/www.africa-press.net\/senegal\/dossiers\/presidentielle-au-senegal-les-liberaux-peuvent-ils-peser-sur-lelection\" \/>\n<meta property=\"og:site_name\" content=\"Senegal\" \/>\n<meta property=\"article:published_time\" content=\"2024-03-20T07:19:14+00:00\" \/>\n<meta property=\"article:modified_time\" content=\"2024-03-20T08:48:07+00:00\" \/>\n<meta property=\"og:image\" content=\"https:\/\/static.africa-press.net\/senegal\/sites\/13\/2024\/03\/sm_1710908182.67495.jpg\" \/>\n\t<meta property=\"og:image:width\" content=\"1280\" \/>\n\t<meta property=\"og:image:height\" content=\"720\" \/>\n\t<meta property=\"og:image:type\" content=\"image\/jpeg\" \/>\n<meta name=\"author\" content=\"cfeditorfr\" \/>\n<meta name=\"twitter:card\" content=\"summary_large_image\" \/>\n<meta name=\"twitter:label1\" content=\"\u00c9crit par\" \/>\n\t<meta name=\"twitter:data1\" content=\"cfeditorfr\" \/>\n\t<meta name=\"twitter:label2\" content=\"Dur\u00e9e de lecture estim\u00e9e\" \/>\n\t<meta name=\"twitter:data2\" content=\"6 minutes\" \/>\n<script type=\"application\/ld+json\" class=\"yoast-schema-graph\">{\"@context\":\"https:\/\/schema.org\",\"@graph\":[{\"@type\":\"Article\",\"@id\":\"https:\/\/www.africa-press.net\/senegal\/dossiers\/presidentielle-au-senegal-les-liberaux-peuvent-ils-peser-sur-lelection#article\",\"isPartOf\":{\"@id\":\"https:\/\/www.africa-press.net\/senegal\/dossiers\/presidentielle-au-senegal-les-liberaux-peuvent-ils-peser-sur-lelection\"},\"author\":{\"name\":\"cfeditorfr\",\"@id\":\"https:\/\/www.africa-press.net\/senegal\/#\/schema\/person\/2b1cf3cd81a31e3cd26889ca66d677f1\"},\"headline\":\"Pr\u00e9sidentielle au S\u00e9n\u00e9gal : les lib\u00e9raux peuvent-ils peser sur l\u2019\u00e9lection ?\",\"datePublished\":\"2024-03-20T07:19:14+00:00\",\"dateModified\":\"2024-03-20T08:48:07+00:00\",\"mainEntityOfPage\":{\"@id\":\"https:\/\/www.africa-press.net\/senegal\/dossiers\/presidentielle-au-senegal-les-liberaux-peuvent-ils-peser-sur-lelection\"},\"wordCount\":1131,\"commentCount\":0,\"image\":{\"@id\":\"https:\/\/www.africa-press.net\/senegal\/dossiers\/presidentielle-au-senegal-les-liberaux-peuvent-ils-peser-sur-lelection#primaryimage\"},\"thumbnailUrl\":\"https:\/\/static.africa-press.net\/senegal\/sites\/13\/2024\/03\/sm_1710908182.67495.jpg\",\"keywords\":[\"Africa Press\",\"Africa Press-Senegal\",\"Senegal\"],\"articleSection\":[\"Dossiers\",\"Toutes les actualit\u00e9s\"],\"inLanguage\":\"fr-FR\",\"potentialAction\":[{\"@type\":\"CommentAction\",\"name\":\"Comment\",\"target\":[\"https:\/\/www.africa-press.net\/senegal\/dossiers\/presidentielle-au-senegal-les-liberaux-peuvent-ils-peser-sur-lelection#respond\"]}]},{\"@type\":\"WebPage\",\"@id\":\"https:\/\/www.africa-press.net\/senegal\/dossiers\/presidentielle-au-senegal-les-liberaux-peuvent-ils-peser-sur-lelection\",\"url\":\"https:\/\/www.africa-press.net\/senegal\/dossiers\/presidentielle-au-senegal-les-liberaux-peuvent-ils-peser-sur-lelection\",\"name\":\"Pr\u00e9sidentielle au S\u00e9n\u00e9gal : les lib\u00e9raux peuvent-ils peser sur l\u2019\u00e9lection ? - Senegal\",\"isPartOf\":{\"@id\":\"https:\/\/www.africa-press.net\/senegal\/#website\"},\"primaryImageOfPage\":{\"@id\":\"https:\/\/www.africa-press.net\/senegal\/dossiers\/presidentielle-au-senegal-les-liberaux-peuvent-ils-peser-sur-lelection#primaryimage\"},\"image\":{\"@id\":\"https:\/\/www.africa-press.net\/senegal\/dossiers\/presidentielle-au-senegal-les-liberaux-peuvent-ils-peser-sur-lelection#primaryimage\"},\"thumbnailUrl\":\"https:\/\/static.africa-press.net\/senegal\/sites\/13\/2024\/03\/sm_1710908182.67495.jpg\",\"datePublished\":\"2024-03-20T07:19:14+00:00\",\"dateModified\":\"2024-03-20T08:48:07+00:00\",\"author\":{\"@id\":\"https:\/\/www.africa-press.net\/senegal\/#\/schema\/person\/2b1cf3cd81a31e3cd26889ca66d677f1\"},\"description\":\"Plusieurs ex-membres du Parti de\u0301mocratique se\u0301ne\u0301galais (PDS) ont annonce\u0301 mercredi la cre\u0301ation d\u2019un \u00ab cadre de concer ...\",\"breadcrumb\":{\"@id\":\"https:\/\/www.africa-press.net\/senegal\/dossiers\/presidentielle-au-senegal-les-liberaux-peuvent-ils-peser-sur-lelection#breadcrumb\"},\"inLanguage\":\"fr-FR\",\"potentialAction\":[{\"@type\":\"ReadAction\",\"target\":[\"https:\/\/www.africa-press.net\/senegal\/dossiers\/presidentielle-au-senegal-les-liberaux-peuvent-ils-peser-sur-lelection\"]}]},{\"@type\":\"ImageObject\",\"inLanguage\":\"fr-FR\",\"@id\":\"https:\/\/www.africa-press.net\/senegal\/dossiers\/presidentielle-au-senegal-les-liberaux-peuvent-ils-peser-sur-lelection#primaryimage\",\"url\":\"https:\/\/static.africa-press.net\/senegal\/sites\/13\/2024\/03\/sm_1710908182.67495.jpg\",\"contentUrl\":\"https:\/\/static.africa-press.net\/senegal\/sites\/13\/2024\/03\/sm_1710908182.67495.jpg\",\"width\":1280,\"height\":720,\"caption\":\"Pr\u00e9sidentielle au S\u00e9n\u00e9gal : les lib\u00e9raux peuvent-ils peser sur l\u2019\u00e9lection ?\"},{\"@type\":\"BreadcrumbList\",\"@id\":\"https:\/\/www.africa-press.net\/senegal\/dossiers\/presidentielle-au-senegal-les-liberaux-peuvent-ils-peser-sur-lelection#breadcrumb\",\"itemListElement\":[{\"@type\":\"ListItem\",\"position\":1,\"name\":\"Accueil\",\"item\":\"https:\/\/www.africa-press.net\/senegal\/\"},{\"@type\":\"ListItem\",\"position\":2,\"name\":\"Pr\u00e9sidentielle au S\u00e9n\u00e9gal : les lib\u00e9raux peuvent-ils peser sur l\u2019\u00e9lection ?\"}]},{\"@type\":\"WebSite\",\"@id\":\"https:\/\/www.africa-press.net\/senegal\/#website\",\"url\":\"https:\/\/www.africa-press.net\/senegal\/\",\"name\":\"Africa Press | Senegal | Homepage\",\"description\":\"Just another Africa News Agency Sites site\",\"potentialAction\":[{\"@type\":\"SearchAction\",\"target\":{\"@type\":\"EntryPoint\",\"urlTemplate\":\"https:\/\/www.africa-press.net\/senegal\/?s={search_term_string}\"},\"query-input\":{\"@type\":\"PropertyValueSpecification\",\"valueRequired\":true,\"valueName\":\"search_term_string\"}}],\"inLanguage\":\"fr-FR\"},{\"@type\":\"Person\",\"@id\":\"https:\/\/www.africa-press.net\/senegal\/#\/schema\/person\/2b1cf3cd81a31e3cd26889ca66d677f1\",\"name\":\"cfeditorfr\",\"url\":\"https:\/\/www.africa-press.net\/senegal\/author\/cfeditorfr\"}]}<\/script>\n<!-- \/ Yoast SEO Premium plugin. -->","yoast_head_json":{"title":"Pr\u00e9sidentielle au S\u00e9n\u00e9gal : les lib\u00e9raux peuvent-ils peser sur l\u2019\u00e9lection ? - Senegal","description":"Plusieurs ex-membres du Parti de\u0301mocratique se\u0301ne\u0301galais (PDS) ont annonce\u0301 mercredi la cre\u0301ation d\u2019un \u00ab cadre de concer ...","robots":{"index":"index","follow":"follow","max-snippet":"max-snippet:-1","max-image-preview":"max-image-preview:large","max-video-preview":"max-video-preview:-1"},"canonical":"https:\/\/www.africa-press.net\/senegal\/dossiers\/presidentielle-au-senegal-les-liberaux-peuvent-ils-peser-sur-lelection","og_locale":"fr_FR","og_type":"article","og_title":"Pr\u00e9sidentielle au S\u00e9n\u00e9gal : les lib\u00e9raux peuvent-ils peser sur l\u2019\u00e9lection ?","og_description":"Plusieurs ex-membres du Parti de\u0301mocratique se\u0301ne\u0301galais (PDS) ont annonce\u0301 mercredi la cre\u0301ation d\u2019un \u00ab cadre de concer ...","og_url":"https:\/\/www.africa-press.net\/senegal\/dossiers\/presidentielle-au-senegal-les-liberaux-peuvent-ils-peser-sur-lelection","og_site_name":"Senegal","article_published_time":"2024-03-20T07:19:14+00:00","article_modified_time":"2024-03-20T08:48:07+00:00","og_image":[{"width":1280,"height":720,"url":"https:\/\/static.africa-press.net\/senegal\/sites\/13\/2024\/03\/sm_1710908182.67495.jpg","type":"image\/jpeg"}],"author":"cfeditorfr","twitter_card":"summary_large_image","twitter_misc":{"\u00c9crit par":"cfeditorfr","Dur\u00e9e de lecture estim\u00e9e":"6 minutes"},"schema":{"@context":"https:\/\/schema.org","@graph":[{"@type":"Article","@id":"https:\/\/www.africa-press.net\/senegal\/dossiers\/presidentielle-au-senegal-les-liberaux-peuvent-ils-peser-sur-lelection#article","isPartOf":{"@id":"https:\/\/www.africa-press.net\/senegal\/dossiers\/presidentielle-au-senegal-les-liberaux-peuvent-ils-peser-sur-lelection"},"author":{"name":"cfeditorfr","@id":"https:\/\/www.africa-press.net\/senegal\/#\/schema\/person\/2b1cf3cd81a31e3cd26889ca66d677f1"},"headline":"Pr\u00e9sidentielle au S\u00e9n\u00e9gal : les lib\u00e9raux peuvent-ils peser sur l\u2019\u00e9lection ?","datePublished":"2024-03-20T07:19:14+00:00","dateModified":"2024-03-20T08:48:07+00:00","mainEntityOfPage":{"@id":"https:\/\/www.africa-press.net\/senegal\/dossiers\/presidentielle-au-senegal-les-liberaux-peuvent-ils-peser-sur-lelection"},"wordCount":1131,"commentCount":0,"image":{"@id":"https:\/\/www.africa-press.net\/senegal\/dossiers\/presidentielle-au-senegal-les-liberaux-peuvent-ils-peser-sur-lelection#primaryimage"},"thumbnailUrl":"https:\/\/static.africa-press.net\/senegal\/sites\/13\/2024\/03\/sm_1710908182.67495.jpg","keywords":["Africa Press","Africa Press-Senegal","Senegal"],"articleSection":["Dossiers","Toutes les actualit\u00e9s"],"inLanguage":"fr-FR","potentialAction":[{"@type":"CommentAction","name":"Comment","target":["https:\/\/www.africa-press.net\/senegal\/dossiers\/presidentielle-au-senegal-les-liberaux-peuvent-ils-peser-sur-lelection#respond"]}]},{"@type":"WebPage","@id":"https:\/\/www.africa-press.net\/senegal\/dossiers\/presidentielle-au-senegal-les-liberaux-peuvent-ils-peser-sur-lelection","url":"https:\/\/www.africa-press.net\/senegal\/dossiers\/presidentielle-au-senegal-les-liberaux-peuvent-ils-peser-sur-lelection","name":"Pr\u00e9sidentielle au S\u00e9n\u00e9gal : les lib\u00e9raux peuvent-ils peser sur l\u2019\u00e9lection ? - Senegal","isPartOf":{"@id":"https:\/\/www.africa-press.net\/senegal\/#website"},"primaryImageOfPage":{"@id":"https:\/\/www.africa-press.net\/senegal\/dossiers\/presidentielle-au-senegal-les-liberaux-peuvent-ils-peser-sur-lelection#primaryimage"},"image":{"@id":"https:\/\/www.africa-press.net\/senegal\/dossiers\/presidentielle-au-senegal-les-liberaux-peuvent-ils-peser-sur-lelection#primaryimage"},"thumbnailUrl":"https:\/\/static.africa-press.net\/senegal\/sites\/13\/2024\/03\/sm_1710908182.67495.jpg","datePublished":"2024-03-20T07:19:14+00:00","dateModified":"2024-03-20T08:48:07+00:00","author":{"@id":"https:\/\/www.africa-press.net\/senegal\/#\/schema\/person\/2b1cf3cd81a31e3cd26889ca66d677f1"},"description":"Plusieurs ex-membres du Parti de\u0301mocratique se\u0301ne\u0301galais (PDS) ont annonce\u0301 mercredi la cre\u0301ation d\u2019un \u00ab cadre de concer ...","breadcrumb":{"@id":"https:\/\/www.africa-press.net\/senegal\/dossiers\/presidentielle-au-senegal-les-liberaux-peuvent-ils-peser-sur-lelection#breadcrumb"},"inLanguage":"fr-FR","potentialAction":[{"@type":"ReadAction","target":["https:\/\/www.africa-press.net\/senegal\/dossiers\/presidentielle-au-senegal-les-liberaux-peuvent-ils-peser-sur-lelection"]}]},{"@type":"ImageObject","inLanguage":"fr-FR","@id":"https:\/\/www.africa-press.net\/senegal\/dossiers\/presidentielle-au-senegal-les-liberaux-peuvent-ils-peser-sur-lelection#primaryimage","url":"https:\/\/static.africa-press.net\/senegal\/sites\/13\/2024\/03\/sm_1710908182.67495.jpg","contentUrl":"https:\/\/static.africa-press.net\/senegal\/sites\/13\/2024\/03\/sm_1710908182.67495.jpg","width":1280,"height":720,"caption":"Pr\u00e9sidentielle au S\u00e9n\u00e9gal : les lib\u00e9raux peuvent-ils peser sur l\u2019\u00e9lection ?"},{"@type":"BreadcrumbList","@id":"https:\/\/www.africa-press.net\/senegal\/dossiers\/presidentielle-au-senegal-les-liberaux-peuvent-ils-peser-sur-lelection#breadcrumb","itemListElement":[{"@type":"ListItem","position":1,"name":"Accueil","item":"https:\/\/www.africa-press.net\/senegal\/"},{"@type":"ListItem","position":2,"name":"Pr\u00e9sidentielle au S\u00e9n\u00e9gal : les lib\u00e9raux peuvent-ils peser sur l\u2019\u00e9lection ?"}]},{"@type":"WebSite","@id":"https:\/\/www.africa-press.net\/senegal\/#website","url":"https:\/\/www.africa-press.net\/senegal\/","name":"Africa Press | Senegal | Homepage","description":"Just another Africa News Agency Sites site","potentialAction":[{"@type":"SearchAction","target":{"@type":"EntryPoint","urlTemplate":"https:\/\/www.africa-press.net\/senegal\/?s={search_term_string}"},"query-input":{"@type":"PropertyValueSpecification","valueRequired":true,"valueName":"search_term_string"}}],"inLanguage":"fr-FR"},{"@type":"Person","@id":"https:\/\/www.africa-press.net\/senegal\/#\/schema\/person\/2b1cf3cd81a31e3cd26889ca66d677f1","name":"cfeditorfr","url":"https:\/\/www.africa-press.net\/senegal\/author\/cfeditorfr"}]}},"_links":{"self":[{"href":"https:\/\/www.africa-press.net\/senegal\/wp-json\/wp\/v2\/posts\/57055","targetHints":{"allow":["GET"]}}],"collection":[{"href":"https:\/\/www.africa-press.net\/senegal\/wp-json\/wp\/v2\/posts"}],"about":[{"href":"https:\/\/www.africa-press.net\/senegal\/wp-json\/wp\/v2\/types\/post"}],"author":[{"embeddable":true,"href":"https:\/\/www.africa-press.net\/senegal\/wp-json\/wp\/v2\/users\/82"}],"replies":[{"embeddable":true,"href":"https:\/\/www.africa-press.net\/senegal\/wp-json\/wp\/v2\/comments?post=57055"}],"version-history":[{"count":0,"href":"https:\/\/www.africa-press.net\/senegal\/wp-json\/wp\/v2\/posts\/57055\/revisions"}],"wp:featuredmedia":[{"embeddable":true,"href":"https:\/\/www.africa-press.net\/senegal\/wp-json\/wp\/v2\/media\/57054"}],"wp:attachment":[{"href":"https:\/\/www.africa-press.net\/senegal\/wp-json\/wp\/v2\/media?parent=57055"}],"wp:term":[{"taxonomy":"category","embeddable":true,"href":"https:\/\/www.africa-press.net\/senegal\/wp-json\/wp\/v2\/categories?post=57055"},{"taxonomy":"post_tag","embeddable":true,"href":"https:\/\/www.africa-press.net\/senegal\/wp-json\/wp\/v2\/tags?post=57055"}],"curies":[{"name":"wp","href":"https:\/\/api.w.org\/{rel}","templated":true}]}}