{"id":57061,"date":"2024-03-20T07:34:11","date_gmt":"2024-03-20T07:34:11","guid":{"rendered":"https:\/\/www.africa-press.net\/senegal\/politique\/sitot-liberes-ousmane-sonko-et-bassirou-diomaye-faye-entrent-en-campagne"},"modified":"2024-03-20T08:49:08","modified_gmt":"2024-03-20T08:49:08","slug":"sitot-liberes-ousmane-sonko-et-bassirou-diomaye-faye-entrent-en-campagne","status":"publish","type":"post","link":"https:\/\/www.africa-press.net\/senegal\/dossiers\/sitot-liberes-ousmane-sonko-et-bassirou-diomaye-faye-entrent-en-campagne","title":{"rendered":"Sit\u00f4t lib\u00e9r\u00e9s, Ousmane Sonko et Bassirou Diomaye Faye entrent en campagne"},"content":{"rendered":"<p><b>Mari\u00e8me Soumar\u00e9 &#8211; \u00e0 Dakar<\/b><\/p>\n<p><span style=\"color: #ff6600\"><strong>Africa-Press &#8211; Senegal. <\/strong><\/span>Le leader du Pastef et son bras droit, candidat a\u0300 la pre\u0301sidentielle du 24 mars, se sont exprime\u0301s pour la premie\u0300re fois depuis leur sortie de prison. Ils entament de\u0300s samedi 16 mars leur tourne\u0301e a\u0300 travers le Se\u0301ne\u0301gal.<\/p>\n<p>\u00ab Sonko, tu nous as manque\u0301 ! \u00bb Les cris de joie fusent dans les rues de Dakar, vendredi soir, alors que l\u2019opposant vient de s\u2019exprimer pour la premie\u0300re fois depuis sa libe\u0301ration. Le fondateur des Patriotes africains pour le travail, l\u2019e\u0301thique et la fraternite\u0301 [Pastef, dissous en juillet dernier] est sorti de prison dans la nuit du jeudi 14 mars aux co\u0302te\u0301s du secre\u0301taire ge\u0301ne\u0301ral du parti, Bassirou Diomaye Faye. C\u2019est ce dernier qui portera \u00ab le projet \u00bb patriote dans les urnes, dimanche 24 mars, Ousmane Sonko ayant vu sa candidature rejete\u0301e par le Conseil constitutionnel.<\/p>\n<p>Mais comme leurs proches ne cessent de le rappeler, \u00ab Sonko, c\u2019est Diomaye \u00bb. C\u2019est donc co\u0302te a\u0300 co\u0302te que les deux hommes ont choisi de s\u2019exprimer, lors d\u2019une confe\u0301rence de presse convoque\u0301e vendredi apre\u0300s-midi. Celui que ses partisans aiment a\u0300 appeler \u00ab Pros \u00bb, pour \u00ab Pre\u0301sident Ousmane Sonko \u00bb, a de\u0301bute\u0301 les hostilite\u0301s.<\/p>\n<p><b>Sonko mise sur une victoire au premier tour<\/b><\/p>\n<p>Il s\u2019est longuement exprime\u0301 en wolof \u2013 a\u0300 l\u2019exception d\u2019un court passage en franc\u0327ais au sujet du franc CFA \u2013 pour donner sa version des e\u0301ve\u0300nements qui se sont de\u0301roule\u0301s en son absence. Arre\u0302te\u0301 en juillet dernier, il a e\u0301te\u0301 libe\u0301re\u0301, comme son bras droit, a\u0300 la faveur d\u2019une loi d\u2019amnistie que ses de\u0301pute\u0301s ont refuse\u0301 de voter. \u00ab Mon objectif, c\u2019est d\u2019aider a\u0300 gagner l\u2019e\u0301lection. La vraie victoire, elle sera a\u0300 la fin de notre premier mandat \u00bb, a assure\u0301 l\u2019opposant, qui a pre\u0301dit une large victoire de son camp au premier tour, a\u0300 60 % au moins.<\/p>\n<p>\u00ab J\u2019invite tous les Se\u0301ne\u0301galais a\u0300 se\u0301curiser le vote \u00bb, a-t-il insiste\u0301, appelant ses sympathisants a\u0300 retirer au plus vite leurs cartes d\u2019e\u0301lecteurs et a\u0300 voter massivement. \u00ab Aucune e\u0301lection pre\u0301sidentielle n\u2019est gagne\u0301e d\u2019avance \u00bb, a pre\u0301venu Bassirou Diomaye Faye, qui s\u2019est exprime\u0301, plus efface\u0301, a\u0300 la suite de son ai\u0302ne\u0301.<\/p>\n<p>\u00ab Macky Sall n\u2019est pas notre adversaire. Le plus grand danger de ce pays, c\u2019est Amadou Ba \u00bb, a tacle\u0301 Ousmane Sonko, en re\u0301fe\u0301rence au candidat de la majorite\u0301. L\u2019opposant a e\u0301galement exprime\u0301 des doutes quant a\u0300 l\u2019inte\u0301grite\u0301 du Conseil constitutionnel, qu\u2019il accuse d\u2019avoir rejete\u0301 sa candidature injustement.<\/p>\n<p>Dans la cour de l\u2019ho\u0302tel Azalai, ou\u0300 la confe\u0301rence de presse e\u0301taient organise\u0301e, de nombreux partisans suivaient son allocution en direct, et patientaient dans l\u2019espoir d\u2019apercevoir leur \u00ab leader \u00bb a\u0300 sa sortie. \u00ab Je suis venu saluer le pre\u0301sident Ousmane Sonko. C\u2019est un ve\u0301ritable panafricain qui lutte pour son pays et la de\u0301mocratie, et contre l\u2019injustice \u00bb, s\u2019enthousiasme Mamadou Lamine Conte\u0301. Cet e\u0301tudiant de 24 ans dit avoir ressenti une joie \u00ab inexplicable \u00bb a\u0300 la libe\u0301ration de son leader. Il pre\u0301voit naturellement de voter pour Bassirou Diomaye Faye: \u00ab Nous faisons confiance a\u0300 Ousmane Sonko. S\u2019il nous dit de lui faire confiance, cela nous suffit. \u00bb<\/p>\n<p>\u00ab On nous accuse de manipuler la jeunesse, mais le peuple se\u0301ne\u0301galais est assez mature pour savoir qui il veut e\u0301lire \u00bb, a assure\u0301 Ousmane Sonko. Il s\u2019est longuement explique\u0301 sur sa position vis-a\u0300-vis de la loi d\u2019amnistie adopte\u0301e le 6 mars par les de\u0301pute\u0301s, que son parti a un temps he\u0301site\u0301 a\u0300 voter. \u00ab J\u2019ai demande\u0301 aux de\u0301pute\u0301s de ne pas voter le texte si son champ d\u2019application n\u2019e\u0301tait pas clair \u00bb, a-t-il pre\u0301cise\u0301.<\/p>\n<p>Et si Ousmane Sonko a reconnu l\u2019existence de discussions avec le pouvoir, il a re\u0301ite\u0301re\u0301 son opposition au report du scrutin pre\u0301sidentiel, bien que celui-ci aurait peut-e\u0302tre pu lui permettre d\u2019e\u0302tre en lice pour l\u2019e\u0301lection.<\/p>\n<p><b>\u00ab Nous refusons l\u2019impunite\u0301 \u00bb\u2018<\/b><\/p>\n<p>\u00ab Il n\u2019y a eu aucune contrepartie a\u0300 ma libe\u0301ration \u00bb, a-t-il re\u0301pe\u0301te\u0301. \u00ab Il n\u2019y aura pas de vengeance, mais il y aura de la justice \u00bb, a promis Ousmane Sonko. \u00ab Nous n\u2019avons pas le temps pour une chasse aux sorcie\u0300res, mais nous refusons l\u2019impunite\u0301 \u00bb, a-t-il insiste\u0301, sous les hourras de ses partisans.<\/p>\n<p>\u00ab Il y a trop d\u2019injustices dans ce pays, de mal-gouvernance, de corruption. C\u2019est parce qu\u2019Ousmane Sonko se bat contre ce syste\u0300me qu\u2019il a tant souffert, et c\u2019est pour c\u0327a que nous l\u2019aimons \u00bb, glisse Mamadou Seck. Le militant de 31 ans avait fait le de\u0301placement depuis les Parcelles-Assainies, dans la banlieue dakaroise, pour accueillir l\u2019opposant a\u0300 son domicile de Keur Gorgui, jeudi soir. Il e\u0301tait aussi pre\u0301sent le lendemain pour suivre la caravane de la coalition.<\/p>\n<p>La liesse qui s\u2019e\u0301tait empare\u0301e des partisans de Sonko, vendredi soir, n\u2019est pas retombe\u0301e dans les rues de Dakar 24 heures plus tard, ou\u0300 la caravane de la coalition \u00ab Diomaye Pre\u0301sident \u00bb a e\u0301te\u0301 accueillie sous les hourras et au son des vuvuzuelas. \u00ab Ousmane Sonko nous a donne\u0301 ses indications. A\u0300 pre\u0301sent, nous allons battre campagne pour lui \u00bb, insiste le militant.<\/p>\n<p>Apre\u0300s une caravane organise\u0301e vendredi soir dans la Me\u0301dina de Dakar, la campagne doit se poursuivre de\u0300s samedi dans le fief d\u2019Ousmane Sonko, a\u0300 Ziguinchor, en Casamance. \u00ab La campagne a de\u0301ja\u0300 commence\u0301, et de manie\u0300re victorieuse. Nous arrivons en renfort pour remporter l\u2019e\u0301lection de\u0300s le premier tour. Nous n\u2019envisageons aucune autre alternative \u00bb, a fait savoir Bassirou Diomaye Faye. Pour les deux hommes, cette campagne e\u0301lectorale ne fait que commencer \u2013 et elle s\u2019ache\u0300vera dans une semaine seulement, vendredi a\u0300 minuit.<\/p>\n<p><b>Source: JeuneAfrique.com<\/b><\/p>\n<p><strong>Pour plus d&rsquo;informations et d&rsquo;analyses sur la <a href=\"https:\/\/www.africa-press.net\/senegal\">Senegal<\/a>, suivez <a href=\"https:\/\/www.africa-press.net\/\">Africa-Press<\/a><\/strong><\/p>\n","protected":false},"excerpt":{"rendered":"<p>Mari\u00e8me Soumar\u00e9 &#8211; \u00e0 Dakar Africa-Press &#8211; Senegal. Le leader du Pastef et son bras droit, candidat a\u0300 la pre\u0301sidentielle du 24 mars, se sont exprime\u0301s pour la premie\u0300re fois depuis leur sortie de prison. Ils entament de\u0300s samedi 16 mars leur tourne\u0301e a\u0300 travers le Se\u0301ne\u0301gal. \u00ab Sonko, tu nous as manque\u0301 ! \u00bb [&hellip;]<\/p>\n","protected":false},"author":82,"featured_media":57060,"comment_status":"open","ping_status":"closed","sticky":false,"template":"","format":"standard","meta":{"footnotes":""},"categories":[7,10],"tags":[43,47,44],"class_list":["post-57061","post","type-post","status-publish","format-standard","has-post-thumbnail","hentry","category-dossiers","category-toutes-les-actualites","tag-africa-press-2","tag-africa-press-senegal","tag-senegal-2"],"yoast_head":"<!-- This site is optimized with the Yoast SEO Premium plugin v26.1 (Yoast SEO v27.0) - https:\/\/yoast.com\/product\/yoast-seo-premium-wordpress\/ -->\n<title>Sit\u00f4t lib\u00e9r\u00e9s, Ousmane Sonko et Bassirou Diomaye Faye entrent en campagne - Senegal<\/title>\n<meta name=\"description\" content=\"Le leader du Pastef et son bras droit, candidat a\u0300 la pre\u0301sidentielle du 24 mars, se sont exprime\u0301s pour la premie\u0300re fo ...\" \/>\n<meta name=\"robots\" content=\"index, follow, max-snippet:-1, max-image-preview:large, max-video-preview:-1\" \/>\n<link rel=\"canonical\" href=\"https:\/\/www.africa-press.net\/senegal\/dossiers\/sitot-liberes-ousmane-sonko-et-bassirou-diomaye-faye-entrent-en-campagne\" \/>\n<meta property=\"og:locale\" content=\"fr_FR\" \/>\n<meta property=\"og:type\" content=\"article\" \/>\n<meta property=\"og:title\" content=\"Sit\u00f4t lib\u00e9r\u00e9s, Ousmane Sonko et Bassirou Diomaye Faye entrent en campagne\" \/>\n<meta property=\"og:description\" content=\"Le leader du Pastef et son bras droit, candidat a\u0300 la pre\u0301sidentielle du 24 mars, se sont exprime\u0301s pour la premie\u0300re fo ...\" \/>\n<meta property=\"og:url\" content=\"https:\/\/www.africa-press.net\/senegal\/dossiers\/sitot-liberes-ousmane-sonko-et-bassirou-diomaye-faye-entrent-en-campagne\" \/>\n<meta property=\"og:site_name\" content=\"Senegal\" \/>\n<meta property=\"article:published_time\" content=\"2024-03-20T07:34:11+00:00\" \/>\n<meta property=\"article:modified_time\" content=\"2024-03-20T08:49:08+00:00\" \/>\n<meta property=\"og:image\" content=\"https:\/\/static.africa-press.net\/senegal\/sites\/13\/2024\/03\/sm_1710908236.192918.jpg\" \/>\n\t<meta property=\"og:image:width\" content=\"1280\" \/>\n\t<meta property=\"og:image:height\" content=\"720\" \/>\n\t<meta property=\"og:image:type\" content=\"image\/jpeg\" \/>\n<meta name=\"author\" content=\"cfeditorfr\" \/>\n<meta name=\"twitter:card\" content=\"summary_large_image\" \/>\n<meta name=\"twitter:label1\" content=\"\u00c9crit par\" \/>\n\t<meta name=\"twitter:data1\" content=\"cfeditorfr\" \/>\n\t<meta name=\"twitter:label2\" content=\"Dur\u00e9e de lecture estim\u00e9e\" \/>\n\t<meta name=\"twitter:data2\" content=\"5 minutes\" \/>\n<script type=\"application\/ld+json\" class=\"yoast-schema-graph\">{\"@context\":\"https:\/\/schema.org\",\"@graph\":[{\"@type\":\"Article\",\"@id\":\"https:\/\/www.africa-press.net\/senegal\/dossiers\/sitot-liberes-ousmane-sonko-et-bassirou-diomaye-faye-entrent-en-campagne#article\",\"isPartOf\":{\"@id\":\"https:\/\/www.africa-press.net\/senegal\/dossiers\/sitot-liberes-ousmane-sonko-et-bassirou-diomaye-faye-entrent-en-campagne\"},\"author\":{\"name\":\"cfeditorfr\",\"@id\":\"https:\/\/www.africa-press.net\/senegal\/#\/schema\/person\/2b1cf3cd81a31e3cd26889ca66d677f1\"},\"headline\":\"Sit\u00f4t lib\u00e9r\u00e9s, Ousmane Sonko et Bassirou Diomaye Faye entrent en campagne\",\"datePublished\":\"2024-03-20T07:34:11+00:00\",\"dateModified\":\"2024-03-20T08:49:08+00:00\",\"mainEntityOfPage\":{\"@id\":\"https:\/\/www.africa-press.net\/senegal\/dossiers\/sitot-liberes-ousmane-sonko-et-bassirou-diomaye-faye-entrent-en-campagne\"},\"wordCount\":1040,\"commentCount\":0,\"image\":{\"@id\":\"https:\/\/www.africa-press.net\/senegal\/dossiers\/sitot-liberes-ousmane-sonko-et-bassirou-diomaye-faye-entrent-en-campagne#primaryimage\"},\"thumbnailUrl\":\"https:\/\/static.africa-press.net\/senegal\/sites\/13\/2024\/03\/sm_1710908236.192918.jpg\",\"keywords\":[\"Africa Press\",\"Africa Press-Senegal\",\"Senegal\"],\"articleSection\":[\"Dossiers\",\"Toutes les actualit\u00e9s\"],\"inLanguage\":\"fr-FR\",\"potentialAction\":[{\"@type\":\"CommentAction\",\"name\":\"Comment\",\"target\":[\"https:\/\/www.africa-press.net\/senegal\/dossiers\/sitot-liberes-ousmane-sonko-et-bassirou-diomaye-faye-entrent-en-campagne#respond\"]}]},{\"@type\":\"WebPage\",\"@id\":\"https:\/\/www.africa-press.net\/senegal\/dossiers\/sitot-liberes-ousmane-sonko-et-bassirou-diomaye-faye-entrent-en-campagne\",\"url\":\"https:\/\/www.africa-press.net\/senegal\/dossiers\/sitot-liberes-ousmane-sonko-et-bassirou-diomaye-faye-entrent-en-campagne\",\"name\":\"Sit\u00f4t lib\u00e9r\u00e9s, Ousmane Sonko et Bassirou Diomaye Faye entrent en campagne - Senegal\",\"isPartOf\":{\"@id\":\"https:\/\/www.africa-press.net\/senegal\/#website\"},\"primaryImageOfPage\":{\"@id\":\"https:\/\/www.africa-press.net\/senegal\/dossiers\/sitot-liberes-ousmane-sonko-et-bassirou-diomaye-faye-entrent-en-campagne#primaryimage\"},\"image\":{\"@id\":\"https:\/\/www.africa-press.net\/senegal\/dossiers\/sitot-liberes-ousmane-sonko-et-bassirou-diomaye-faye-entrent-en-campagne#primaryimage\"},\"thumbnailUrl\":\"https:\/\/static.africa-press.net\/senegal\/sites\/13\/2024\/03\/sm_1710908236.192918.jpg\",\"datePublished\":\"2024-03-20T07:34:11+00:00\",\"dateModified\":\"2024-03-20T08:49:08+00:00\",\"author\":{\"@id\":\"https:\/\/www.africa-press.net\/senegal\/#\/schema\/person\/2b1cf3cd81a31e3cd26889ca66d677f1\"},\"description\":\"Le leader du Pastef et son bras droit, candidat a\u0300 la pre\u0301sidentielle du 24 mars, se sont exprime\u0301s pour la premie\u0300re fo ...\",\"breadcrumb\":{\"@id\":\"https:\/\/www.africa-press.net\/senegal\/dossiers\/sitot-liberes-ousmane-sonko-et-bassirou-diomaye-faye-entrent-en-campagne#breadcrumb\"},\"inLanguage\":\"fr-FR\",\"potentialAction\":[{\"@type\":\"ReadAction\",\"target\":[\"https:\/\/www.africa-press.net\/senegal\/dossiers\/sitot-liberes-ousmane-sonko-et-bassirou-diomaye-faye-entrent-en-campagne\"]}]},{\"@type\":\"ImageObject\",\"inLanguage\":\"fr-FR\",\"@id\":\"https:\/\/www.africa-press.net\/senegal\/dossiers\/sitot-liberes-ousmane-sonko-et-bassirou-diomaye-faye-entrent-en-campagne#primaryimage\",\"url\":\"https:\/\/static.africa-press.net\/senegal\/sites\/13\/2024\/03\/sm_1710908236.192918.jpg\",\"contentUrl\":\"https:\/\/static.africa-press.net\/senegal\/sites\/13\/2024\/03\/sm_1710908236.192918.jpg\",\"width\":1280,\"height\":720,\"caption\":\"Sit\u00f4t lib\u00e9r\u00e9s, Ousmane Sonko et Bassirou Diomaye Faye entrent en campagne\"},{\"@type\":\"BreadcrumbList\",\"@id\":\"https:\/\/www.africa-press.net\/senegal\/dossiers\/sitot-liberes-ousmane-sonko-et-bassirou-diomaye-faye-entrent-en-campagne#breadcrumb\",\"itemListElement\":[{\"@type\":\"ListItem\",\"position\":1,\"name\":\"Accueil\",\"item\":\"https:\/\/www.africa-press.net\/senegal\/\"},{\"@type\":\"ListItem\",\"position\":2,\"name\":\"Sit\u00f4t lib\u00e9r\u00e9s, Ousmane Sonko et Bassirou Diomaye Faye entrent en campagne\"}]},{\"@type\":\"WebSite\",\"@id\":\"https:\/\/www.africa-press.net\/senegal\/#website\",\"url\":\"https:\/\/www.africa-press.net\/senegal\/\",\"name\":\"Africa Press | Senegal | Homepage\",\"description\":\"Just another Africa News Agency Sites site\",\"potentialAction\":[{\"@type\":\"SearchAction\",\"target\":{\"@type\":\"EntryPoint\",\"urlTemplate\":\"https:\/\/www.africa-press.net\/senegal\/?s={search_term_string}\"},\"query-input\":{\"@type\":\"PropertyValueSpecification\",\"valueRequired\":true,\"valueName\":\"search_term_string\"}}],\"inLanguage\":\"fr-FR\"},{\"@type\":\"Person\",\"@id\":\"https:\/\/www.africa-press.net\/senegal\/#\/schema\/person\/2b1cf3cd81a31e3cd26889ca66d677f1\",\"name\":\"cfeditorfr\",\"url\":\"https:\/\/www.africa-press.net\/senegal\/author\/cfeditorfr\"}]}<\/script>\n<!-- \/ Yoast SEO Premium plugin. -->","yoast_head_json":{"title":"Sit\u00f4t lib\u00e9r\u00e9s, Ousmane Sonko et Bassirou Diomaye Faye entrent en campagne - Senegal","description":"Le leader du Pastef et son bras droit, candidat a\u0300 la pre\u0301sidentielle du 24 mars, se sont exprime\u0301s pour la premie\u0300re fo ...","robots":{"index":"index","follow":"follow","max-snippet":"max-snippet:-1","max-image-preview":"max-image-preview:large","max-video-preview":"max-video-preview:-1"},"canonical":"https:\/\/www.africa-press.net\/senegal\/dossiers\/sitot-liberes-ousmane-sonko-et-bassirou-diomaye-faye-entrent-en-campagne","og_locale":"fr_FR","og_type":"article","og_title":"Sit\u00f4t lib\u00e9r\u00e9s, Ousmane Sonko et Bassirou Diomaye Faye entrent en campagne","og_description":"Le leader du Pastef et son bras droit, candidat a\u0300 la pre\u0301sidentielle du 24 mars, se sont exprime\u0301s pour la premie\u0300re fo ...","og_url":"https:\/\/www.africa-press.net\/senegal\/dossiers\/sitot-liberes-ousmane-sonko-et-bassirou-diomaye-faye-entrent-en-campagne","og_site_name":"Senegal","article_published_time":"2024-03-20T07:34:11+00:00","article_modified_time":"2024-03-20T08:49:08+00:00","og_image":[{"width":1280,"height":720,"url":"https:\/\/static.africa-press.net\/senegal\/sites\/13\/2024\/03\/sm_1710908236.192918.jpg","type":"image\/jpeg"}],"author":"cfeditorfr","twitter_card":"summary_large_image","twitter_misc":{"\u00c9crit par":"cfeditorfr","Dur\u00e9e de lecture estim\u00e9e":"5 minutes"},"schema":{"@context":"https:\/\/schema.org","@graph":[{"@type":"Article","@id":"https:\/\/www.africa-press.net\/senegal\/dossiers\/sitot-liberes-ousmane-sonko-et-bassirou-diomaye-faye-entrent-en-campagne#article","isPartOf":{"@id":"https:\/\/www.africa-press.net\/senegal\/dossiers\/sitot-liberes-ousmane-sonko-et-bassirou-diomaye-faye-entrent-en-campagne"},"author":{"name":"cfeditorfr","@id":"https:\/\/www.africa-press.net\/senegal\/#\/schema\/person\/2b1cf3cd81a31e3cd26889ca66d677f1"},"headline":"Sit\u00f4t lib\u00e9r\u00e9s, Ousmane Sonko et Bassirou Diomaye Faye entrent en campagne","datePublished":"2024-03-20T07:34:11+00:00","dateModified":"2024-03-20T08:49:08+00:00","mainEntityOfPage":{"@id":"https:\/\/www.africa-press.net\/senegal\/dossiers\/sitot-liberes-ousmane-sonko-et-bassirou-diomaye-faye-entrent-en-campagne"},"wordCount":1040,"commentCount":0,"image":{"@id":"https:\/\/www.africa-press.net\/senegal\/dossiers\/sitot-liberes-ousmane-sonko-et-bassirou-diomaye-faye-entrent-en-campagne#primaryimage"},"thumbnailUrl":"https:\/\/static.africa-press.net\/senegal\/sites\/13\/2024\/03\/sm_1710908236.192918.jpg","keywords":["Africa Press","Africa Press-Senegal","Senegal"],"articleSection":["Dossiers","Toutes les actualit\u00e9s"],"inLanguage":"fr-FR","potentialAction":[{"@type":"CommentAction","name":"Comment","target":["https:\/\/www.africa-press.net\/senegal\/dossiers\/sitot-liberes-ousmane-sonko-et-bassirou-diomaye-faye-entrent-en-campagne#respond"]}]},{"@type":"WebPage","@id":"https:\/\/www.africa-press.net\/senegal\/dossiers\/sitot-liberes-ousmane-sonko-et-bassirou-diomaye-faye-entrent-en-campagne","url":"https:\/\/www.africa-press.net\/senegal\/dossiers\/sitot-liberes-ousmane-sonko-et-bassirou-diomaye-faye-entrent-en-campagne","name":"Sit\u00f4t lib\u00e9r\u00e9s, Ousmane Sonko et Bassirou Diomaye Faye entrent en campagne - Senegal","isPartOf":{"@id":"https:\/\/www.africa-press.net\/senegal\/#website"},"primaryImageOfPage":{"@id":"https:\/\/www.africa-press.net\/senegal\/dossiers\/sitot-liberes-ousmane-sonko-et-bassirou-diomaye-faye-entrent-en-campagne#primaryimage"},"image":{"@id":"https:\/\/www.africa-press.net\/senegal\/dossiers\/sitot-liberes-ousmane-sonko-et-bassirou-diomaye-faye-entrent-en-campagne#primaryimage"},"thumbnailUrl":"https:\/\/static.africa-press.net\/senegal\/sites\/13\/2024\/03\/sm_1710908236.192918.jpg","datePublished":"2024-03-20T07:34:11+00:00","dateModified":"2024-03-20T08:49:08+00:00","author":{"@id":"https:\/\/www.africa-press.net\/senegal\/#\/schema\/person\/2b1cf3cd81a31e3cd26889ca66d677f1"},"description":"Le leader du Pastef et son bras droit, candidat a\u0300 la pre\u0301sidentielle du 24 mars, se sont exprime\u0301s pour la premie\u0300re fo ...","breadcrumb":{"@id":"https:\/\/www.africa-press.net\/senegal\/dossiers\/sitot-liberes-ousmane-sonko-et-bassirou-diomaye-faye-entrent-en-campagne#breadcrumb"},"inLanguage":"fr-FR","potentialAction":[{"@type":"ReadAction","target":["https:\/\/www.africa-press.net\/senegal\/dossiers\/sitot-liberes-ousmane-sonko-et-bassirou-diomaye-faye-entrent-en-campagne"]}]},{"@type":"ImageObject","inLanguage":"fr-FR","@id":"https:\/\/www.africa-press.net\/senegal\/dossiers\/sitot-liberes-ousmane-sonko-et-bassirou-diomaye-faye-entrent-en-campagne#primaryimage","url":"https:\/\/static.africa-press.net\/senegal\/sites\/13\/2024\/03\/sm_1710908236.192918.jpg","contentUrl":"https:\/\/static.africa-press.net\/senegal\/sites\/13\/2024\/03\/sm_1710908236.192918.jpg","width":1280,"height":720,"caption":"Sit\u00f4t lib\u00e9r\u00e9s, Ousmane Sonko et Bassirou Diomaye Faye entrent en campagne"},{"@type":"BreadcrumbList","@id":"https:\/\/www.africa-press.net\/senegal\/dossiers\/sitot-liberes-ousmane-sonko-et-bassirou-diomaye-faye-entrent-en-campagne#breadcrumb","itemListElement":[{"@type":"ListItem","position":1,"name":"Accueil","item":"https:\/\/www.africa-press.net\/senegal\/"},{"@type":"ListItem","position":2,"name":"Sit\u00f4t lib\u00e9r\u00e9s, Ousmane Sonko et Bassirou Diomaye Faye entrent en campagne"}]},{"@type":"WebSite","@id":"https:\/\/www.africa-press.net\/senegal\/#website","url":"https:\/\/www.africa-press.net\/senegal\/","name":"Africa Press | Senegal | Homepage","description":"Just another Africa News Agency Sites site","potentialAction":[{"@type":"SearchAction","target":{"@type":"EntryPoint","urlTemplate":"https:\/\/www.africa-press.net\/senegal\/?s={search_term_string}"},"query-input":{"@type":"PropertyValueSpecification","valueRequired":true,"valueName":"search_term_string"}}],"inLanguage":"fr-FR"},{"@type":"Person","@id":"https:\/\/www.africa-press.net\/senegal\/#\/schema\/person\/2b1cf3cd81a31e3cd26889ca66d677f1","name":"cfeditorfr","url":"https:\/\/www.africa-press.net\/senegal\/author\/cfeditorfr"}]}},"_links":{"self":[{"href":"https:\/\/www.africa-press.net\/senegal\/wp-json\/wp\/v2\/posts\/57061","targetHints":{"allow":["GET"]}}],"collection":[{"href":"https:\/\/www.africa-press.net\/senegal\/wp-json\/wp\/v2\/posts"}],"about":[{"href":"https:\/\/www.africa-press.net\/senegal\/wp-json\/wp\/v2\/types\/post"}],"author":[{"embeddable":true,"href":"https:\/\/www.africa-press.net\/senegal\/wp-json\/wp\/v2\/users\/82"}],"replies":[{"embeddable":true,"href":"https:\/\/www.africa-press.net\/senegal\/wp-json\/wp\/v2\/comments?post=57061"}],"version-history":[{"count":0,"href":"https:\/\/www.africa-press.net\/senegal\/wp-json\/wp\/v2\/posts\/57061\/revisions"}],"wp:featuredmedia":[{"embeddable":true,"href":"https:\/\/www.africa-press.net\/senegal\/wp-json\/wp\/v2\/media\/57060"}],"wp:attachment":[{"href":"https:\/\/www.africa-press.net\/senegal\/wp-json\/wp\/v2\/media?parent=57061"}],"wp:term":[{"taxonomy":"category","embeddable":true,"href":"https:\/\/www.africa-press.net\/senegal\/wp-json\/wp\/v2\/categories?post=57061"},{"taxonomy":"post_tag","embeddable":true,"href":"https:\/\/www.africa-press.net\/senegal\/wp-json\/wp\/v2\/tags?post=57061"}],"curies":[{"name":"wp","href":"https:\/\/api.w.org\/{rel}","templated":true}]}}