{"id":57073,"date":"2024-03-20T07:42:12","date_gmt":"2024-03-20T07:42:12","guid":{"rendered":"https:\/\/www.africa-press.net\/senegal\/politique\/premiere-sortie-mediatique-dousmane-sonko-apres-sa-liberation"},"modified":"2024-03-20T08:54:47","modified_gmt":"2024-03-20T08:54:47","slug":"premiere-sortie-mediatique-dousmane-sonko-apres-sa-liberation","status":"publish","type":"post","link":"https:\/\/www.africa-press.net\/senegal\/politique\/premiere-sortie-mediatique-dousmane-sonko-apres-sa-liberation","title":{"rendered":"premi\u00e8re sortie m\u00e9diatique d\u2019Ousmane Sonko apr\u00e8s sa lib\u00e9ration"},"content":{"rendered":"<p><span style=\"color: #ff6600\"><strong>Africa-Press &#8211; Senegal. <\/strong><\/span>Libe\u0301re\u0301 de prison, jeudi soir, apre\u0300s plusieurs mois passe\u0301s derrie\u0300re les barreaux, Ousmane Sonko a donne\u0301, ce soir, sa premie\u0300re confe\u0301rence de presse. Il avait pour la circonstance a\u0300 ses co\u0302te\u0301s Bassirou Diomaye Faye, candidat de son parti a\u0300 la Pre\u0301sidentielle, lui-me\u0302me libe\u0301re\u0301 ce jeudi.<\/p>\n<p>Ils e\u0301taient des centaines de militants et sympathisants sortis pour e\u0301couter Ousmane Sonko et son candidat a\u0300 la Pre\u0301sidentielle du 24 mars, le secre\u0301taire ge\u0301ne\u0301ral de l\u2019ex-parti Pastef, Bassirou Diomaye Faye. C\u2019est la premie\u0300re sortie des deux hommes depuis leur remise en liberte\u0301, jeudi, alors que la campagne e\u0301lectorale a commence\u0301 depuis le 9 mars. Ousmane Sonko parai\u0302t tre\u0300s su\u0302r de la victoire de son candidat. \u00ab Si l\u2019e\u0301lection se de\u0301roule bien, je ne pense pas qu\u2019on fera moins de 60% \u00bb, a-t-il laisse\u0301 entendre. Avant d\u2019appeler ses compatriotes a\u0300 \u00ab rester vigilants \u00bb a\u0300 cause des \u00ab rumeurs de corruption qui circulent \u00bb.<\/p>\n<p>Se prononc\u0327ant sur la gestion du pouvoir si son candidat remportait effectivement la victoire, l\u2019opposant le plus populaire au re\u0301gime du Pre\u0301sident Macky Sall a tenu a\u0300 rassurer les uns et les autres, surtout ceux qui redoutent une chasse aux sorcie\u0300res: \u00ab Il n\u2019y aura pas de vengeance, mais il y aura la justice. On a un grand chantier devant nous. Donc, on n\u2019a pas le temps de faire une chasse a\u0300 la sorcie\u0300re. Mais que cela soit clair: il n\u2019y aura pas d\u2019impunite\u0301 \u00bb.<\/p>\n<p><b>Libe\u0301re\u0301s gra\u0302ce a\u0300 une loi d\u2019amnistie<\/b><\/p>\n<p>Les nume\u0301ros 1 et 2 de l\u2019ex-Pastef ont be\u0301ne\u0301ficie\u0301 d\u2019une loi d\u2019amnistie vote\u0301e, la semaine dernie\u0300re, par l\u2019Assemble\u0301e nationale et promulgue\u0301e par Macky Sall. Une loi voulue par le Pre\u0301sident se\u0301ne\u0301galais qui, visiblement, a voulu faire baisser les tensions dans un pays fortement agite\u0301 ces trois dernie\u0300res anne\u0301es. Cette remise en liberte\u0301 d\u2019Ousmane Sonko impactera sans doute la tendance des votes. D\u2019ailleurs, le rassemblement provoque\u0301, ce soir, a\u0300 Dakar, par sa sortie me\u0301diatique n\u2019a rien a\u0300 voir avec tout ce qui est observe\u0301 dans le pays, depuis le de\u0301but de la campagne. Jamais aucun des 18 candidats \u2013 Bassirou Diomaye Faye en prison excepte\u0301 \u2013 n\u2019a re\u0301uni autant de monde depuis le de\u0301but de la campagne. \u00ab Ousmane Sonko dehors (cela) change comple\u0300tement la donne de l\u2019e\u0301lection (&#8230;) Le faire sortir en pleine campagne peut avoir un effet multiplicateur \u00bb, a d\u2019ailleurs fait observer Maurice Dione, enseignant en sciences politiques a\u0300 l\u2019Universite\u0301 de Saint-Louis.<\/p>\n<p><strong>Pour plus d&rsquo;informations et d&rsquo;analyses sur la <a href=\"https:\/\/www.africa-press.net\/senegal\">Senegal<\/a>, suivez <a href=\"https:\/\/www.africa-press.net\/\">Africa-Press<\/a><\/strong><\/p>\n","protected":false},"excerpt":{"rendered":"<p>Africa-Press &#8211; Senegal. Libe\u0301re\u0301 de prison, jeudi soir, apre\u0300s plusieurs mois passe\u0301s derrie\u0300re les barreaux, Ousmane Sonko a donne\u0301, ce soir, sa premie\u0300re confe\u0301rence de presse. Il avait pour la circonstance a\u0300 ses co\u0302te\u0301s Bassirou Diomaye Faye, candidat de son parti a\u0300 la Pre\u0301sidentielle, lui-me\u0302me libe\u0301re\u0301 ce jeudi. Ils e\u0301taient des centaines de militants et [&hellip;]<\/p>\n","protected":false},"author":82,"featured_media":57072,"comment_status":"open","ping_status":"closed","sticky":false,"template":"","format":"standard","meta":{"footnotes":""},"categories":[2,10],"tags":[43,47,44],"class_list":["post-57073","post","type-post","status-publish","format-standard","has-post-thumbnail","hentry","category-politique","category-toutes-les-actualites","tag-africa-press-2","tag-africa-press-senegal","tag-senegal-2"],"yoast_head":"<!-- This site is optimized with the Yoast SEO Premium plugin v26.1 (Yoast SEO v27.0) - https:\/\/yoast.com\/product\/yoast-seo-premium-wordpress\/ -->\n<title>premi\u00e8re sortie m\u00e9diatique d\u2019Ousmane Sonko apr\u00e8s sa lib\u00e9ration - Senegal<\/title>\n<meta name=\"description\" content=\"Libe\u0301re\u0301 de prison, jeudi soir, apre\u0300s plusieurs mois passe\u0301s derrie\u0300re les barreaux, Ousmane Sonko a donne\u0301, ce soir, s ...\" \/>\n<meta name=\"robots\" content=\"index, follow, max-snippet:-1, max-image-preview:large, max-video-preview:-1\" \/>\n<link rel=\"canonical\" href=\"https:\/\/www.africa-press.net\/senegal\/politique\/premiere-sortie-mediatique-dousmane-sonko-apres-sa-liberation\" \/>\n<meta property=\"og:locale\" content=\"fr_FR\" \/>\n<meta property=\"og:type\" content=\"article\" \/>\n<meta property=\"og:title\" content=\"premi\u00e8re sortie m\u00e9diatique d\u2019Ousmane Sonko apr\u00e8s sa lib\u00e9ration\" \/>\n<meta property=\"og:description\" content=\"Libe\u0301re\u0301 de prison, jeudi soir, apre\u0300s plusieurs mois passe\u0301s derrie\u0300re les barreaux, Ousmane Sonko a donne\u0301, ce soir, s ...\" \/>\n<meta property=\"og:url\" content=\"https:\/\/www.africa-press.net\/senegal\/politique\/premiere-sortie-mediatique-dousmane-sonko-apres-sa-liberation\" \/>\n<meta property=\"og:site_name\" content=\"Senegal\" \/>\n<meta property=\"article:published_time\" content=\"2024-03-20T07:42:12+00:00\" \/>\n<meta property=\"article:modified_time\" content=\"2024-03-20T08:54:47+00:00\" \/>\n<meta property=\"og:image\" content=\"https:\/\/static.africa-press.net\/senegal\/sites\/13\/2024\/03\/sm_1710908530.832243.jpg\" \/>\n\t<meta property=\"og:image:width\" content=\"1110\" \/>\n\t<meta property=\"og:image:height\" content=\"619\" \/>\n\t<meta property=\"og:image:type\" content=\"image\/jpeg\" \/>\n<meta name=\"author\" content=\"cfeditorfr\" \/>\n<meta name=\"twitter:card\" content=\"summary_large_image\" \/>\n<meta name=\"twitter:label1\" content=\"\u00c9crit par\" \/>\n\t<meta name=\"twitter:data1\" content=\"cfeditorfr\" \/>\n\t<meta name=\"twitter:label2\" content=\"Dur\u00e9e de lecture estim\u00e9e\" \/>\n\t<meta name=\"twitter:data2\" content=\"2 minutes\" \/>\n<script type=\"application\/ld+json\" class=\"yoast-schema-graph\">{\"@context\":\"https:\/\/schema.org\",\"@graph\":[{\"@type\":\"Article\",\"@id\":\"https:\/\/www.africa-press.net\/senegal\/politique\/premiere-sortie-mediatique-dousmane-sonko-apres-sa-liberation#article\",\"isPartOf\":{\"@id\":\"https:\/\/www.africa-press.net\/senegal\/politique\/premiere-sortie-mediatique-dousmane-sonko-apres-sa-liberation\"},\"author\":{\"name\":\"cfeditorfr\",\"@id\":\"https:\/\/www.africa-press.net\/senegal\/#\/schema\/person\/2b1cf3cd81a31e3cd26889ca66d677f1\"},\"headline\":\"premi\u00e8re sortie m\u00e9diatique d\u2019Ousmane Sonko apr\u00e8s sa lib\u00e9ration\",\"datePublished\":\"2024-03-20T07:42:12+00:00\",\"dateModified\":\"2024-03-20T08:54:47+00:00\",\"mainEntityOfPage\":{\"@id\":\"https:\/\/www.africa-press.net\/senegal\/politique\/premiere-sortie-mediatique-dousmane-sonko-apres-sa-liberation\"},\"wordCount\":475,\"commentCount\":0,\"image\":{\"@id\":\"https:\/\/www.africa-press.net\/senegal\/politique\/premiere-sortie-mediatique-dousmane-sonko-apres-sa-liberation#primaryimage\"},\"thumbnailUrl\":\"https:\/\/static.africa-press.net\/senegal\/sites\/13\/2024\/03\/sm_1710908530.832243.jpg\",\"keywords\":[\"Africa Press\",\"Africa Press-Senegal\",\"Senegal\"],\"articleSection\":[\"Politique\",\"Toutes les actualit\u00e9s\"],\"inLanguage\":\"fr-FR\",\"potentialAction\":[{\"@type\":\"CommentAction\",\"name\":\"Comment\",\"target\":[\"https:\/\/www.africa-press.net\/senegal\/politique\/premiere-sortie-mediatique-dousmane-sonko-apres-sa-liberation#respond\"]}]},{\"@type\":\"WebPage\",\"@id\":\"https:\/\/www.africa-press.net\/senegal\/politique\/premiere-sortie-mediatique-dousmane-sonko-apres-sa-liberation\",\"url\":\"https:\/\/www.africa-press.net\/senegal\/politique\/premiere-sortie-mediatique-dousmane-sonko-apres-sa-liberation\",\"name\":\"premi\u00e8re sortie m\u00e9diatique d\u2019Ousmane Sonko apr\u00e8s sa lib\u00e9ration - Senegal\",\"isPartOf\":{\"@id\":\"https:\/\/www.africa-press.net\/senegal\/#website\"},\"primaryImageOfPage\":{\"@id\":\"https:\/\/www.africa-press.net\/senegal\/politique\/premiere-sortie-mediatique-dousmane-sonko-apres-sa-liberation#primaryimage\"},\"image\":{\"@id\":\"https:\/\/www.africa-press.net\/senegal\/politique\/premiere-sortie-mediatique-dousmane-sonko-apres-sa-liberation#primaryimage\"},\"thumbnailUrl\":\"https:\/\/static.africa-press.net\/senegal\/sites\/13\/2024\/03\/sm_1710908530.832243.jpg\",\"datePublished\":\"2024-03-20T07:42:12+00:00\",\"dateModified\":\"2024-03-20T08:54:47+00:00\",\"author\":{\"@id\":\"https:\/\/www.africa-press.net\/senegal\/#\/schema\/person\/2b1cf3cd81a31e3cd26889ca66d677f1\"},\"description\":\"Libe\u0301re\u0301 de prison, jeudi soir, apre\u0300s plusieurs mois passe\u0301s derrie\u0300re les barreaux, Ousmane Sonko a donne\u0301, ce soir, s ...\",\"breadcrumb\":{\"@id\":\"https:\/\/www.africa-press.net\/senegal\/politique\/premiere-sortie-mediatique-dousmane-sonko-apres-sa-liberation#breadcrumb\"},\"inLanguage\":\"fr-FR\",\"potentialAction\":[{\"@type\":\"ReadAction\",\"target\":[\"https:\/\/www.africa-press.net\/senegal\/politique\/premiere-sortie-mediatique-dousmane-sonko-apres-sa-liberation\"]}]},{\"@type\":\"ImageObject\",\"inLanguage\":\"fr-FR\",\"@id\":\"https:\/\/www.africa-press.net\/senegal\/politique\/premiere-sortie-mediatique-dousmane-sonko-apres-sa-liberation#primaryimage\",\"url\":\"https:\/\/static.africa-press.net\/senegal\/sites\/13\/2024\/03\/sm_1710908530.832243.jpg\",\"contentUrl\":\"https:\/\/static.africa-press.net\/senegal\/sites\/13\/2024\/03\/sm_1710908530.832243.jpg\",\"width\":1110,\"height\":619,\"caption\":\"premi\u00e8re sortie m\u00e9diatique d\u2019Ousmane Sonko apr\u00e8s sa lib\u00e9ration\"},{\"@type\":\"BreadcrumbList\",\"@id\":\"https:\/\/www.africa-press.net\/senegal\/politique\/premiere-sortie-mediatique-dousmane-sonko-apres-sa-liberation#breadcrumb\",\"itemListElement\":[{\"@type\":\"ListItem\",\"position\":1,\"name\":\"Accueil\",\"item\":\"https:\/\/www.africa-press.net\/senegal\/\"},{\"@type\":\"ListItem\",\"position\":2,\"name\":\"premi\u00e8re sortie m\u00e9diatique d\u2019Ousmane Sonko apr\u00e8s sa lib\u00e9ration\"}]},{\"@type\":\"WebSite\",\"@id\":\"https:\/\/www.africa-press.net\/senegal\/#website\",\"url\":\"https:\/\/www.africa-press.net\/senegal\/\",\"name\":\"Africa Press | Senegal | Homepage\",\"description\":\"Just another Africa News Agency Sites site\",\"potentialAction\":[{\"@type\":\"SearchAction\",\"target\":{\"@type\":\"EntryPoint\",\"urlTemplate\":\"https:\/\/www.africa-press.net\/senegal\/?s={search_term_string}\"},\"query-input\":{\"@type\":\"PropertyValueSpecification\",\"valueRequired\":true,\"valueName\":\"search_term_string\"}}],\"inLanguage\":\"fr-FR\"},{\"@type\":\"Person\",\"@id\":\"https:\/\/www.africa-press.net\/senegal\/#\/schema\/person\/2b1cf3cd81a31e3cd26889ca66d677f1\",\"name\":\"cfeditorfr\",\"url\":\"https:\/\/www.africa-press.net\/senegal\/author\/cfeditorfr\"}]}<\/script>\n<!-- \/ Yoast SEO Premium plugin. -->","yoast_head_json":{"title":"premi\u00e8re sortie m\u00e9diatique d\u2019Ousmane Sonko apr\u00e8s sa lib\u00e9ration - Senegal","description":"Libe\u0301re\u0301 de prison, jeudi soir, apre\u0300s plusieurs mois passe\u0301s derrie\u0300re les barreaux, Ousmane Sonko a donne\u0301, ce soir, s ...","robots":{"index":"index","follow":"follow","max-snippet":"max-snippet:-1","max-image-preview":"max-image-preview:large","max-video-preview":"max-video-preview:-1"},"canonical":"https:\/\/www.africa-press.net\/senegal\/politique\/premiere-sortie-mediatique-dousmane-sonko-apres-sa-liberation","og_locale":"fr_FR","og_type":"article","og_title":"premi\u00e8re sortie m\u00e9diatique d\u2019Ousmane Sonko apr\u00e8s sa lib\u00e9ration","og_description":"Libe\u0301re\u0301 de prison, jeudi soir, apre\u0300s plusieurs mois passe\u0301s derrie\u0300re les barreaux, Ousmane Sonko a donne\u0301, ce soir, s ...","og_url":"https:\/\/www.africa-press.net\/senegal\/politique\/premiere-sortie-mediatique-dousmane-sonko-apres-sa-liberation","og_site_name":"Senegal","article_published_time":"2024-03-20T07:42:12+00:00","article_modified_time":"2024-03-20T08:54:47+00:00","og_image":[{"width":1110,"height":619,"url":"https:\/\/static.africa-press.net\/senegal\/sites\/13\/2024\/03\/sm_1710908530.832243.jpg","type":"image\/jpeg"}],"author":"cfeditorfr","twitter_card":"summary_large_image","twitter_misc":{"\u00c9crit par":"cfeditorfr","Dur\u00e9e de lecture estim\u00e9e":"2 minutes"},"schema":{"@context":"https:\/\/schema.org","@graph":[{"@type":"Article","@id":"https:\/\/www.africa-press.net\/senegal\/politique\/premiere-sortie-mediatique-dousmane-sonko-apres-sa-liberation#article","isPartOf":{"@id":"https:\/\/www.africa-press.net\/senegal\/politique\/premiere-sortie-mediatique-dousmane-sonko-apres-sa-liberation"},"author":{"name":"cfeditorfr","@id":"https:\/\/www.africa-press.net\/senegal\/#\/schema\/person\/2b1cf3cd81a31e3cd26889ca66d677f1"},"headline":"premi\u00e8re sortie m\u00e9diatique d\u2019Ousmane Sonko apr\u00e8s sa lib\u00e9ration","datePublished":"2024-03-20T07:42:12+00:00","dateModified":"2024-03-20T08:54:47+00:00","mainEntityOfPage":{"@id":"https:\/\/www.africa-press.net\/senegal\/politique\/premiere-sortie-mediatique-dousmane-sonko-apres-sa-liberation"},"wordCount":475,"commentCount":0,"image":{"@id":"https:\/\/www.africa-press.net\/senegal\/politique\/premiere-sortie-mediatique-dousmane-sonko-apres-sa-liberation#primaryimage"},"thumbnailUrl":"https:\/\/static.africa-press.net\/senegal\/sites\/13\/2024\/03\/sm_1710908530.832243.jpg","keywords":["Africa Press","Africa Press-Senegal","Senegal"],"articleSection":["Politique","Toutes les actualit\u00e9s"],"inLanguage":"fr-FR","potentialAction":[{"@type":"CommentAction","name":"Comment","target":["https:\/\/www.africa-press.net\/senegal\/politique\/premiere-sortie-mediatique-dousmane-sonko-apres-sa-liberation#respond"]}]},{"@type":"WebPage","@id":"https:\/\/www.africa-press.net\/senegal\/politique\/premiere-sortie-mediatique-dousmane-sonko-apres-sa-liberation","url":"https:\/\/www.africa-press.net\/senegal\/politique\/premiere-sortie-mediatique-dousmane-sonko-apres-sa-liberation","name":"premi\u00e8re sortie m\u00e9diatique d\u2019Ousmane Sonko apr\u00e8s sa lib\u00e9ration - Senegal","isPartOf":{"@id":"https:\/\/www.africa-press.net\/senegal\/#website"},"primaryImageOfPage":{"@id":"https:\/\/www.africa-press.net\/senegal\/politique\/premiere-sortie-mediatique-dousmane-sonko-apres-sa-liberation#primaryimage"},"image":{"@id":"https:\/\/www.africa-press.net\/senegal\/politique\/premiere-sortie-mediatique-dousmane-sonko-apres-sa-liberation#primaryimage"},"thumbnailUrl":"https:\/\/static.africa-press.net\/senegal\/sites\/13\/2024\/03\/sm_1710908530.832243.jpg","datePublished":"2024-03-20T07:42:12+00:00","dateModified":"2024-03-20T08:54:47+00:00","author":{"@id":"https:\/\/www.africa-press.net\/senegal\/#\/schema\/person\/2b1cf3cd81a31e3cd26889ca66d677f1"},"description":"Libe\u0301re\u0301 de prison, jeudi soir, apre\u0300s plusieurs mois passe\u0301s derrie\u0300re les barreaux, Ousmane Sonko a donne\u0301, ce soir, s ...","breadcrumb":{"@id":"https:\/\/www.africa-press.net\/senegal\/politique\/premiere-sortie-mediatique-dousmane-sonko-apres-sa-liberation#breadcrumb"},"inLanguage":"fr-FR","potentialAction":[{"@type":"ReadAction","target":["https:\/\/www.africa-press.net\/senegal\/politique\/premiere-sortie-mediatique-dousmane-sonko-apres-sa-liberation"]}]},{"@type":"ImageObject","inLanguage":"fr-FR","@id":"https:\/\/www.africa-press.net\/senegal\/politique\/premiere-sortie-mediatique-dousmane-sonko-apres-sa-liberation#primaryimage","url":"https:\/\/static.africa-press.net\/senegal\/sites\/13\/2024\/03\/sm_1710908530.832243.jpg","contentUrl":"https:\/\/static.africa-press.net\/senegal\/sites\/13\/2024\/03\/sm_1710908530.832243.jpg","width":1110,"height":619,"caption":"premi\u00e8re sortie m\u00e9diatique d\u2019Ousmane Sonko apr\u00e8s sa lib\u00e9ration"},{"@type":"BreadcrumbList","@id":"https:\/\/www.africa-press.net\/senegal\/politique\/premiere-sortie-mediatique-dousmane-sonko-apres-sa-liberation#breadcrumb","itemListElement":[{"@type":"ListItem","position":1,"name":"Accueil","item":"https:\/\/www.africa-press.net\/senegal\/"},{"@type":"ListItem","position":2,"name":"premi\u00e8re sortie m\u00e9diatique d\u2019Ousmane Sonko apr\u00e8s sa lib\u00e9ration"}]},{"@type":"WebSite","@id":"https:\/\/www.africa-press.net\/senegal\/#website","url":"https:\/\/www.africa-press.net\/senegal\/","name":"Africa Press | Senegal | Homepage","description":"Just another Africa News Agency Sites site","potentialAction":[{"@type":"SearchAction","target":{"@type":"EntryPoint","urlTemplate":"https:\/\/www.africa-press.net\/senegal\/?s={search_term_string}"},"query-input":{"@type":"PropertyValueSpecification","valueRequired":true,"valueName":"search_term_string"}}],"inLanguage":"fr-FR"},{"@type":"Person","@id":"https:\/\/www.africa-press.net\/senegal\/#\/schema\/person\/2b1cf3cd81a31e3cd26889ca66d677f1","name":"cfeditorfr","url":"https:\/\/www.africa-press.net\/senegal\/author\/cfeditorfr"}]}},"_links":{"self":[{"href":"https:\/\/www.africa-press.net\/senegal\/wp-json\/wp\/v2\/posts\/57073","targetHints":{"allow":["GET"]}}],"collection":[{"href":"https:\/\/www.africa-press.net\/senegal\/wp-json\/wp\/v2\/posts"}],"about":[{"href":"https:\/\/www.africa-press.net\/senegal\/wp-json\/wp\/v2\/types\/post"}],"author":[{"embeddable":true,"href":"https:\/\/www.africa-press.net\/senegal\/wp-json\/wp\/v2\/users\/82"}],"replies":[{"embeddable":true,"href":"https:\/\/www.africa-press.net\/senegal\/wp-json\/wp\/v2\/comments?post=57073"}],"version-history":[{"count":0,"href":"https:\/\/www.africa-press.net\/senegal\/wp-json\/wp\/v2\/posts\/57073\/revisions"}],"wp:featuredmedia":[{"embeddable":true,"href":"https:\/\/www.africa-press.net\/senegal\/wp-json\/wp\/v2\/media\/57072"}],"wp:attachment":[{"href":"https:\/\/www.africa-press.net\/senegal\/wp-json\/wp\/v2\/media?parent=57073"}],"wp:term":[{"taxonomy":"category","embeddable":true,"href":"https:\/\/www.africa-press.net\/senegal\/wp-json\/wp\/v2\/categories?post=57073"},{"taxonomy":"post_tag","embeddable":true,"href":"https:\/\/www.africa-press.net\/senegal\/wp-json\/wp\/v2\/tags?post=57073"}],"curies":[{"name":"wp","href":"https:\/\/api.w.org\/{rel}","templated":true}]}}