{"id":57077,"date":"2024-03-20T09:31:03","date_gmt":"2024-03-20T09:31:03","guid":{"rendered":"https:\/\/www.africa-press.net\/senegal\/politique\/au-senegal-amadou-ba-est-il-vraiment-soutenu-par-la-coalition-presidentielle"},"modified":"2024-03-20T10:52:38","modified_gmt":"2024-03-20T10:52:38","slug":"au-senegal-amadou-ba-est-il-vraiment-soutenu-par-la-coalition-presidentielle","status":"publish","type":"post","link":"https:\/\/www.africa-press.net\/senegal\/dossiers\/au-senegal-amadou-ba-est-il-vraiment-soutenu-par-la-coalition-presidentielle","title":{"rendered":"Au S\u00e9n\u00e9gal, Amadou Ba est-il vraiment soutenu par la coalition pr\u00e9sidentielle ?"},"content":{"rendered":"<p><b>Mawunyo Hermann Boko<br \/>\nMari\u00e8me Soumar\u00e9<br \/>\net Mehdi Ba<\/b><\/p>\n<p><span style=\"color: #ff6600\"><strong>Africa-Press &#8211; Senegal. <\/strong><\/span>Le parti de Macky Sall a renouvele\u0301 officiellement sa confiance a\u0300 son candidat. Mais depuis le de\u0301but de la campagne, l\u2019ancien Premier ministre apparai\u0302t fragilise\u0301 au sein me\u0302me de BBY. Coulisses.<\/p>\n<p>Le secre\u0301tariat exe\u0301cutif de l\u2019Alliance pour la Re\u0301publique (APR, le parti pre\u0301sidentiel) a renouvele\u0301, le mercredi 13 mars, son soutien a\u0300 Amadou Ba. Le candidat de la coalition pre\u0301sidentielle, Benno Bokk Yakaar (BBY), avait brie\u0300vement interrompu sa campagne, la veille, en plein meeting a\u0300 Tivaouane, pour \u00ab ge\u0301rer une urgence \u00bb avec le pre\u0301sident Macky Sall.<\/p>\n<p>Le soir me\u0302me, a\u0300 sa demande, il a rencontre\u0301 a\u0300 Dakar le chef de l\u2019E\u0301tat, alors que plusieurs responsables de la majorite\u0301 qui e\u0301taient cense\u0301s se mobiliser pour porter sa candidature n\u2019avaient pas leve\u0301 le petit doigt, depuis le 9 mars, pour lui manifester leur soutien. Lors du meeting marquant le lancement de sa campagne, a\u0300 Mbacke\u0301, le 11 mars, seuls les ex-ministres Cheikh Oumar Anne, Zahra Iyane Thiam, Fatou Diane\u0301, Mbaye Ndiaye et Cheikh Abdou Bali Mbacke\u0301 e\u0301taient pre\u0301sents pour le soutenir.<\/p>\n<p><b>Mot d\u2019ordre occulte<\/b><\/p>\n<p>Selon nos informations, le candidat Amadou Ba \u2013 releve\u0301 de son poste de Premier ministre le 6 mars afin de \u00ab s\u2019occuper a\u0300 plein temps de sa campagne \u00bb \u2013 tentait depuis quelques jours d\u2019obtenir une audience aupre\u0300s du chef de l\u2019E\u0301tat. \u00ab Il s\u2019e\u0301tait entretenu avec lui le vendredi 8 mars ; mais de\u0300s le lendemain, en constatant que plusieurs membres importants de son directoire de campagne e\u0301largi avaient fait de\u0301fection lors d\u2019une re\u0301union de cette instance, il a e\u0301prouve\u0301 le sentiment qu\u2019un mot d\u2019ordre occulte avait e\u0301te\u0301 lance\u0301 \u00bb, te\u0301moigne l\u2019un de ses proches.<\/p>\n<p>Le de\u0301pute\u0301 Farba Ngom, charge\u0301 de la propagande et de la mobilisation, est en effet absent, tout comme le doyen Moustapha Niasse (de l\u2019Alliance des forces de progre\u0300s \u2013 AFP), pourtant nomme\u0301 a\u0300 la te\u0302te du \u00ab comite\u0301 strate\u0301gique \u00bb du directoire de campagne. L\u2019ancien ministre de l\u2019E\u0301conomie, du Plan et de la Coope\u0301ration Doudou Ka, responsable de la re\u0301daction du programme d\u2019Amadou Ba, fait lui aussi de\u0301faut.<\/p>\n<p>Seuls deux ministres proches du candidat et de Macky Sall, Abdou Karim Fofana et Pape Malick Ndour, assistent a\u0300 la re\u0301union. Au cours du week-end, le chef de l\u2019E\u0301tat se trouve quant a\u0300 lui au Maroc. Lundi 11 mars, espe\u0301rant une audience afin d\u2019e\u0301claircir la situation avec son mentor, Amadou Ba de\u0301cide de retarder a\u0300 21 heures le de\u0301but de son meeting a\u0300 Mbacke\u0301, au c\u0153ur du pays mouride, qui devait initialement de\u0301buter a\u0300 17 heures.<\/p>\n<p><b>Une re\u0301solution ferme: parler a\u0300 Macky Sall<\/b><\/p>\n<p>Ce n\u2019est que durant la journe\u0301e du 12 mars, par l\u2019interme\u0301diaire du fils de Macky Sall, Amadou Sall, que le candidat de BBY obtiendra la promesse d\u2019une entrevue a\u0300 Dakar, le soir me\u0302me. Aussito\u0302t, il de\u0301cide d\u2019abre\u0301ger le programme qui doit le conduire dans le nord-ouest du pays afin d\u2019effectuer un rapide aller-retour dans la capitale. \u00ab Il avait une re\u0301solution ferme: demander a\u0300 Macky Sall de lui dire clairement s\u2019il lui tenait grief de quelque chose \u00bb, indique a\u0300 JA une source qui s\u2019est entretenue avec lui dans ce moment de doute.<\/p>\n<p>\u00ab Il est vrai que cette campagne est atypique dans la mesure ou\u0300 l\u2019on a l\u2019impression de voir un candidat qui n\u2019est pas vraiment soutenu par son propre camp \u00bb, de\u0301plore l\u2019ancienne ministre de la Microfinance et de l\u2019E\u0301conomie sociale et solidaire Zahra Iyane Thiam, hostile depuis le de\u0301but a\u0300 tout report de la pre\u0301sidentielle et qui soutient ouvertement la candidature d\u2019Amadou Ba. \u00ab Nous sommes en crise. Au sein de la coalition pre\u0301sidentielle, les \u201cfaucons\u201d sont en train de lui faire des croche-pieds, voire des coups bas, mais le pre\u0301sident a siffle\u0301 la fin de la re\u0301cre\u0301ation \u00bb, reconnai\u0302t le de\u0301pute\u0301-maire de Mbacke\u0301, Matar Diop.<\/p>\n<p>\u00ab Une partie de l\u2019argent [ne\u0301cessaire a\u0300 la campagne] avait e\u0301te\u0301 bloque\u0301, c\u2019est vrai. Mais tout sera re\u0301gle\u0301 rapidement a\u0300 pre\u0301sent que le pre\u0301sident a confirme\u0301 son choix\u00ab , affirme un membre de l\u2019e\u0301quipe de campagne. Selon plusieurs sources, Macky Sall se serait e\u0301galement engage\u0301 a\u0300 venir en personne soutenir Amadou Ba. Ce dernier a d\u2019ailleurs pris de\u0300s le 13 mars la direction de Saint-Louis et devrait poursuivre sa tourne\u0301e dans l\u2019inte\u0301rieur du pays en faisant e\u0301tape dans la ville de Dagana, ou\u0300 il est pre\u0301vu que le ministre des Mines, Oumar Sarr, le rejoigne.<\/p>\n<p><b>Un plan B de\u0301ja\u0300 pre\u0302t ?<\/b><\/p>\n<p>Cette normalisation apparente suffira-t-elle a\u0300 lever les doutes pesant sur la campagne d\u2019Amadou Ba ? De fait, certains ministres qui devaient s\u2019engager a\u0300 ses co\u0302te\u0301s ont par la suite rec\u0327u des instructions contraires. \u00ab Jusqu\u2019ici, aucun acte n\u2019a e\u0301te\u0301 pose\u0301 pour gagner cette e\u0301lection \u00bb, la\u0302chait un conseiller ministe\u0301riel quelques heures avant l\u2019entretien du candidat avec Macky Sall. \u00ab La machine e\u0301lectorale tarde a\u0300 de\u0301marrer, car le message n\u2019est pas tre\u0300s clair \u00bb, renche\u0301rissait un cadre de l\u2019APR, le parti pre\u0301sidentiel. \u00ab Les gens ne sont pas su\u0302rs de la personne qu\u2019ils sont cense\u0301s soutenir \u00bb, admet un cadre de BBY.<\/p>\n<p>Certains te\u0301nors de la majorite\u0301 semblent pourtant avoir fait leur choix, a\u0300 l\u2019instar du ministre de la Culture, Aliou Sow. Le pre\u0301sident du Mouvement des patriotes pour le de\u0301veloppement ne fait pas myste\u0300re de son ralliement a\u0300 l\u2019ancien Premier ministre Mahammed Boun Abdallah Dionne. \u00ab Nous n\u2019allons pas tarder a\u0300 l\u2019officialiser. Nous aurons un accord de gouvernement et nous serons avec lui sur le terrain \u00bb, confiait le ministre a\u0300 Jeune Afrique mardi 12 mars.<\/p>\n<p>Et tant pis pour le candidat de la majorite\u0301, Amadou Ba. \u00ab Je ne soutiens pas sa candidature parce que je ne suis pas convaincu de ce qu\u2019il fait et de comment il le fait \u00bb, tacle Aliou Sow. \u00ab Je me battrai pour que le maximum de responsables me suivent \u00bb, ajoute-t-il. Difficile de comprendre comment un ministre tout juste nomme\u0301 (le 8 mars, a\u0300 quelques jours du scrutin), peut ainsi s\u2019affranchir des consignes officielles du pre\u0301sident Macky Sall \u2013 auquel Aliou Sow dit par ailleurs e\u0302tre \u00ab totalement fide\u0300le \u00bb.<\/p>\n<p><b>Le\u0301ger remaniement ministe\u0301riel<\/b><\/p>\n<p>Le le\u0301ger remaniement gouvernemental ope\u0301re\u0301 le 8 mars par le chef de l\u2019E\u0301tat faisait suite a\u0300 sa de\u0301cision de libe\u0301rer son Premier ministre afin qu\u2019il se consacre a\u0300 plein temps a\u0300 la campagne e\u0301lectorale. Officiellement de\u0301signe\u0301 comme candidat de la majorite\u0301 en septembre 2023, Amadou Ba avait jusqu\u2019ici refuse\u0301 de de\u0301missionner, car il estimait que conserver son poste be\u0301ne\u0301ficierait a\u0300 sa campagne.<\/p>\n<p>Le re\u0301cent remaniement a e\u0301te\u0301 l\u2019occasion pour Macky Sall de se se\u0301parer de certains ministres qui s\u2019e\u0301taient exprime\u0301s publiquement contre le report de la pre\u0301sidentielle au-dela\u0300 du 2 avril, date officielle de la fin de son mandat, a\u0300 l\u2019instar du ministre du Travail, Samba Sy, ou de Doudou Ka. Exit e\u0301galement le ministre de l\u2019E\u0301ducation nationale, Cheikh Oumar Anne. Ce proche d\u2019Amadou Ba fait partie d\u2019un groupe de responsables qui s\u2019e\u0301taient inquie\u0301te\u0301s du report du scrutin au moment de la premie\u0300re annonce de Macky Sall, le 3 fe\u0301vrier. En font e\u0301galement partie le propre fre\u0300re du pre\u0301sident, Aliou Sall, ainsi que le ministre de l\u2019Urbanisme, Abdoulaye Saydou Sow \u2013 qui a toutefois conserve\u0301 sa place au sein du gouvernement.<\/p>\n<p><b>Menaces de de\u0301mission<\/b><\/p>\n<p>Selon nos informations, ce dernier, re\u0301pute\u0301 tre\u0300s proche de Macky Sall, s\u2019est active\u0301 ces derniers jours aux co\u0302te\u0301s de plusieurs autres cadres importants de la majorite\u0301, comme le ministre Abdou Karim Fofana, porte-parole du gouvernement, ou le de\u0301pute\u0301 Farba Ngom, pour convaincre Macky Sall de s\u2019impliquer davantage dans la campagne e\u0301lectorale. A\u0300 l\u2019inverse, plusieurs autres pontes du re\u0301gime ont tente\u0301 de dissuader le chef de l\u2019E\u0301tat de s\u2019associer aux meetings de son candidat. Parmi eux, les ministres Mame Mbaye Niang et The\u0301re\u0300se Faye Diouf, ou encore le pre\u0301sident du Conseil e\u0301conomique, social et environnemental, Abdoulaye Daouda Diallo.<\/p>\n<p>Avant me\u0302me la rencontre qui s\u2019est tenue dans la soire\u0301e du 12 mars entre Macky Sall et Amadou Ba, qui semble marquer une de\u0301crispation au sein de la mouvance pre\u0301sidentielle, le candidat de la majorite\u0301 avait de\u0301ja\u0300 fait un premier pas vers Abdoulaye Daouda Diallo. Lors d\u2019un entretien organise\u0301 le 10 mars entre les anciens rivaux \u2013 qui briguaient tous deux la succession de Macky Sall \u2013, l\u2019ancien Premier ministre avait invite\u0301 son camarade de parti a\u0300 \u0153uvrer a\u0300 ses co\u0302te\u0301s.<\/p>\n<p>\u00ab Macky Sall s\u2019expose a\u0300 la fronde de plusieurs de ses collaborateurs, lesquels lui ont fait savoir qu\u2019ils sont oppose\u0301s a\u0300 la perspective d\u2019un nouveau report du scrutin \u00bb, te\u0301moigne une source qui a elle-me\u0302me mis en garde le chef de l\u2019E\u0301tat. A\u0300 l\u2019AFP et au Parti socialiste, ses allie\u0301s historiques au sein de BBY, \u00ab Moustapha Niasse et Aminata Mbengue Ndiaye tiennent e\u0301galement au pre\u0301sident un discours tre\u0300s ferme sur le fait qu\u2019Amadou Ba restera leur candidat \u00bb, assure notre interlocuteur. Une position partage\u0301e par certains poids lourds de l\u2019entourage pre\u0301sidentiel, pre\u0302ts a\u0300 mettre leur de\u0301mission dans la balance si l\u2019ostracisme a\u0300 l\u2019encontre d\u2019Amadou Ba devait se perpe\u0301tuer alors que le premier tour se rapproche dangereusement.<\/p>\n<p>Un ancien ministre, qui a quitte\u0301 il y a peu le gouvernement, se montre toutefois pessimiste quant aux intentions inavoue\u0301es au sein de son propre camp. \u00ab Leur objectif est de repousser l\u2019e\u0301lection autant que possible. Mais ils finissent par se rendre compte que de se\u0301rieux obstacles se dressent sur cette route et que les sce\u0301narios actuellement sur la table auront toutes les difficulte\u0301s du monde a\u0300 se concre\u0301tiser \u00bb, confie-t-il, amer.<\/p>\n<p>Le 13 mars, le secre\u0301tariat exe\u0301cutif national (SEN) de l\u2019Alliance pour la Re\u0301publique s\u2019est efforce\u0301 de clarifier le malaise autour de la candidature d\u2019Amadou Ba. Dans le communique\u0301 publie\u0301 au terme de sa re\u0301union, le SEN \u00ab exhorte les responsables militants et sympathisants [a\u0300] reprendre le travail politique et e\u0301lectoral, dans un e\u0301lan unitaire et solidaire, autour du candidat [&#8230;] Amadou Ba pour une victoire e\u0301clatante au soir du 24 mars 2024 \u00bb.<\/p>\n<p>La haute instance du parti pre\u0301sidentiel reconnai\u0302t toutefois, et dans le me\u0302me temps, que le choix du candidat, \u00ab accepte\u0301 par la majorite\u0301 des responsables de l\u2019APR, n\u2019en demeur[e] pas moins conteste\u0301 par une frange importante de la direction et [par] de nombreux militants du parti \u00bb.<\/p>\n<p><b>Source: JeuneAfrique.com<\/b><\/p>\n<p><strong>Pour plus d&rsquo;informations et d&rsquo;analyses sur la <a href=\"https:\/\/www.africa-press.net\/senegal\">Senegal<\/a>, suivez <a href=\"https:\/\/www.africa-press.net\/\">Africa-Press<\/a><\/strong><\/p>\n","protected":false},"excerpt":{"rendered":"<p>Mawunyo Hermann Boko Mari\u00e8me Soumar\u00e9 et Mehdi Ba Africa-Press &#8211; Senegal. Le parti de Macky Sall a renouvele\u0301 officiellement sa confiance a\u0300 son candidat. Mais depuis le de\u0301but de la campagne, l\u2019ancien Premier ministre apparai\u0302t fragilise\u0301 au sein me\u0302me de BBY. Coulisses. Le secre\u0301tariat exe\u0301cutif de l\u2019Alliance pour la Re\u0301publique (APR, le parti pre\u0301sidentiel) a [&hellip;]<\/p>\n","protected":false},"author":82,"featured_media":57076,"comment_status":"open","ping_status":"closed","sticky":false,"template":"","format":"standard","meta":{"footnotes":""},"categories":[7,10],"tags":[43,47,44],"class_list":["post-57077","post","type-post","status-publish","format-standard","has-post-thumbnail","hentry","category-dossiers","category-toutes-les-actualites","tag-africa-press-2","tag-africa-press-senegal","tag-senegal-2"],"yoast_head":"<!-- This site is optimized with the Yoast SEO Premium plugin v26.1 (Yoast SEO v27.0) - https:\/\/yoast.com\/product\/yoast-seo-premium-wordpress\/ -->\n<title>Au S\u00e9n\u00e9gal, Amadou Ba est-il vraiment soutenu par la coalition pr\u00e9sidentielle ? - Senegal<\/title>\n<meta name=\"description\" content=\"Le parti de Macky Sall a renouvele\u0301 officiellement sa confiance a\u0300 son candidat. Mais depuis le de\u0301but de la campagne, l ...\" \/>\n<meta name=\"robots\" content=\"index, follow, max-snippet:-1, max-image-preview:large, max-video-preview:-1\" \/>\n<link rel=\"canonical\" href=\"https:\/\/www.africa-press.net\/senegal\/dossiers\/au-senegal-amadou-ba-est-il-vraiment-soutenu-par-la-coalition-presidentielle\" \/>\n<meta property=\"og:locale\" content=\"fr_FR\" \/>\n<meta property=\"og:type\" content=\"article\" \/>\n<meta property=\"og:title\" content=\"Au S\u00e9n\u00e9gal, Amadou Ba est-il vraiment soutenu par la coalition pr\u00e9sidentielle ?\" \/>\n<meta property=\"og:description\" content=\"Le parti de Macky Sall a renouvele\u0301 officiellement sa confiance a\u0300 son candidat. Mais depuis le de\u0301but de la campagne, l ...\" \/>\n<meta property=\"og:url\" content=\"https:\/\/www.africa-press.net\/senegal\/dossiers\/au-senegal-amadou-ba-est-il-vraiment-soutenu-par-la-coalition-presidentielle\" \/>\n<meta property=\"og:site_name\" content=\"Senegal\" \/>\n<meta property=\"article:published_time\" content=\"2024-03-20T09:31:03+00:00\" \/>\n<meta property=\"article:modified_time\" content=\"2024-03-20T10:52:38+00:00\" \/>\n<meta property=\"og:image\" content=\"https:\/\/static.africa-press.net\/senegal\/sites\/13\/2024\/03\/sm_1710915712.743997.jpg\" \/>\n\t<meta property=\"og:image:width\" content=\"1280\" \/>\n\t<meta property=\"og:image:height\" content=\"720\" \/>\n\t<meta property=\"og:image:type\" content=\"image\/jpeg\" \/>\n<meta name=\"author\" content=\"cfeditorfr\" \/>\n<meta name=\"twitter:card\" content=\"summary_large_image\" \/>\n<meta name=\"twitter:label1\" content=\"\u00c9crit par\" \/>\n\t<meta name=\"twitter:data1\" content=\"cfeditorfr\" \/>\n\t<meta name=\"twitter:label2\" content=\"Dur\u00e9e de lecture estim\u00e9e\" \/>\n\t<meta name=\"twitter:data2\" content=\"9 minutes\" \/>\n<script type=\"application\/ld+json\" class=\"yoast-schema-graph\">{\"@context\":\"https:\/\/schema.org\",\"@graph\":[{\"@type\":\"Article\",\"@id\":\"https:\/\/www.africa-press.net\/senegal\/dossiers\/au-senegal-amadou-ba-est-il-vraiment-soutenu-par-la-coalition-presidentielle#article\",\"isPartOf\":{\"@id\":\"https:\/\/www.africa-press.net\/senegal\/dossiers\/au-senegal-amadou-ba-est-il-vraiment-soutenu-par-la-coalition-presidentielle\"},\"author\":{\"name\":\"cfeditorfr\",\"@id\":\"https:\/\/www.africa-press.net\/senegal\/#\/schema\/person\/2b1cf3cd81a31e3cd26889ca66d677f1\"},\"headline\":\"Au S\u00e9n\u00e9gal, Amadou Ba est-il vraiment soutenu par la coalition pr\u00e9sidentielle ?\",\"datePublished\":\"2024-03-20T09:31:03+00:00\",\"dateModified\":\"2024-03-20T10:52:38+00:00\",\"mainEntityOfPage\":{\"@id\":\"https:\/\/www.africa-press.net\/senegal\/dossiers\/au-senegal-amadou-ba-est-il-vraiment-soutenu-par-la-coalition-presidentielle\"},\"wordCount\":1892,\"commentCount\":0,\"image\":{\"@id\":\"https:\/\/www.africa-press.net\/senegal\/dossiers\/au-senegal-amadou-ba-est-il-vraiment-soutenu-par-la-coalition-presidentielle#primaryimage\"},\"thumbnailUrl\":\"https:\/\/static.africa-press.net\/senegal\/sites\/13\/2024\/03\/sm_1710915712.743997.jpg\",\"keywords\":[\"Africa Press\",\"Africa Press-Senegal\",\"Senegal\"],\"articleSection\":[\"Dossiers\",\"Toutes les actualit\u00e9s\"],\"inLanguage\":\"fr-FR\",\"potentialAction\":[{\"@type\":\"CommentAction\",\"name\":\"Comment\",\"target\":[\"https:\/\/www.africa-press.net\/senegal\/dossiers\/au-senegal-amadou-ba-est-il-vraiment-soutenu-par-la-coalition-presidentielle#respond\"]}]},{\"@type\":\"WebPage\",\"@id\":\"https:\/\/www.africa-press.net\/senegal\/dossiers\/au-senegal-amadou-ba-est-il-vraiment-soutenu-par-la-coalition-presidentielle\",\"url\":\"https:\/\/www.africa-press.net\/senegal\/dossiers\/au-senegal-amadou-ba-est-il-vraiment-soutenu-par-la-coalition-presidentielle\",\"name\":\"Au S\u00e9n\u00e9gal, Amadou Ba est-il vraiment soutenu par la coalition pr\u00e9sidentielle ? - Senegal\",\"isPartOf\":{\"@id\":\"https:\/\/www.africa-press.net\/senegal\/#website\"},\"primaryImageOfPage\":{\"@id\":\"https:\/\/www.africa-press.net\/senegal\/dossiers\/au-senegal-amadou-ba-est-il-vraiment-soutenu-par-la-coalition-presidentielle#primaryimage\"},\"image\":{\"@id\":\"https:\/\/www.africa-press.net\/senegal\/dossiers\/au-senegal-amadou-ba-est-il-vraiment-soutenu-par-la-coalition-presidentielle#primaryimage\"},\"thumbnailUrl\":\"https:\/\/static.africa-press.net\/senegal\/sites\/13\/2024\/03\/sm_1710915712.743997.jpg\",\"datePublished\":\"2024-03-20T09:31:03+00:00\",\"dateModified\":\"2024-03-20T10:52:38+00:00\",\"author\":{\"@id\":\"https:\/\/www.africa-press.net\/senegal\/#\/schema\/person\/2b1cf3cd81a31e3cd26889ca66d677f1\"},\"description\":\"Le parti de Macky Sall a renouvele\u0301 officiellement sa confiance a\u0300 son candidat. Mais depuis le de\u0301but de la campagne, l ...\",\"breadcrumb\":{\"@id\":\"https:\/\/www.africa-press.net\/senegal\/dossiers\/au-senegal-amadou-ba-est-il-vraiment-soutenu-par-la-coalition-presidentielle#breadcrumb\"},\"inLanguage\":\"fr-FR\",\"potentialAction\":[{\"@type\":\"ReadAction\",\"target\":[\"https:\/\/www.africa-press.net\/senegal\/dossiers\/au-senegal-amadou-ba-est-il-vraiment-soutenu-par-la-coalition-presidentielle\"]}]},{\"@type\":\"ImageObject\",\"inLanguage\":\"fr-FR\",\"@id\":\"https:\/\/www.africa-press.net\/senegal\/dossiers\/au-senegal-amadou-ba-est-il-vraiment-soutenu-par-la-coalition-presidentielle#primaryimage\",\"url\":\"https:\/\/static.africa-press.net\/senegal\/sites\/13\/2024\/03\/sm_1710915712.743997.jpg\",\"contentUrl\":\"https:\/\/static.africa-press.net\/senegal\/sites\/13\/2024\/03\/sm_1710915712.743997.jpg\",\"width\":1280,\"height\":720,\"caption\":\"Au S\u00e9n\u00e9gal, Amadou Ba est-il vraiment soutenu par la coalition pr\u00e9sidentielle ?\"},{\"@type\":\"BreadcrumbList\",\"@id\":\"https:\/\/www.africa-press.net\/senegal\/dossiers\/au-senegal-amadou-ba-est-il-vraiment-soutenu-par-la-coalition-presidentielle#breadcrumb\",\"itemListElement\":[{\"@type\":\"ListItem\",\"position\":1,\"name\":\"Accueil\",\"item\":\"https:\/\/www.africa-press.net\/senegal\/\"},{\"@type\":\"ListItem\",\"position\":2,\"name\":\"Au S\u00e9n\u00e9gal, Amadou Ba est-il vraiment soutenu par la coalition pr\u00e9sidentielle ?\"}]},{\"@type\":\"WebSite\",\"@id\":\"https:\/\/www.africa-press.net\/senegal\/#website\",\"url\":\"https:\/\/www.africa-press.net\/senegal\/\",\"name\":\"Africa Press | Senegal | Homepage\",\"description\":\"Just another Africa News Agency Sites site\",\"potentialAction\":[{\"@type\":\"SearchAction\",\"target\":{\"@type\":\"EntryPoint\",\"urlTemplate\":\"https:\/\/www.africa-press.net\/senegal\/?s={search_term_string}\"},\"query-input\":{\"@type\":\"PropertyValueSpecification\",\"valueRequired\":true,\"valueName\":\"search_term_string\"}}],\"inLanguage\":\"fr-FR\"},{\"@type\":\"Person\",\"@id\":\"https:\/\/www.africa-press.net\/senegal\/#\/schema\/person\/2b1cf3cd81a31e3cd26889ca66d677f1\",\"name\":\"cfeditorfr\",\"url\":\"https:\/\/www.africa-press.net\/senegal\/author\/cfeditorfr\"}]}<\/script>\n<!-- \/ Yoast SEO Premium plugin. -->","yoast_head_json":{"title":"Au S\u00e9n\u00e9gal, Amadou Ba est-il vraiment soutenu par la coalition pr\u00e9sidentielle ? - Senegal","description":"Le parti de Macky Sall a renouvele\u0301 officiellement sa confiance a\u0300 son candidat. Mais depuis le de\u0301but de la campagne, l ...","robots":{"index":"index","follow":"follow","max-snippet":"max-snippet:-1","max-image-preview":"max-image-preview:large","max-video-preview":"max-video-preview:-1"},"canonical":"https:\/\/www.africa-press.net\/senegal\/dossiers\/au-senegal-amadou-ba-est-il-vraiment-soutenu-par-la-coalition-presidentielle","og_locale":"fr_FR","og_type":"article","og_title":"Au S\u00e9n\u00e9gal, Amadou Ba est-il vraiment soutenu par la coalition pr\u00e9sidentielle ?","og_description":"Le parti de Macky Sall a renouvele\u0301 officiellement sa confiance a\u0300 son candidat. Mais depuis le de\u0301but de la campagne, l ...","og_url":"https:\/\/www.africa-press.net\/senegal\/dossiers\/au-senegal-amadou-ba-est-il-vraiment-soutenu-par-la-coalition-presidentielle","og_site_name":"Senegal","article_published_time":"2024-03-20T09:31:03+00:00","article_modified_time":"2024-03-20T10:52:38+00:00","og_image":[{"width":1280,"height":720,"url":"https:\/\/static.africa-press.net\/senegal\/sites\/13\/2024\/03\/sm_1710915712.743997.jpg","type":"image\/jpeg"}],"author":"cfeditorfr","twitter_card":"summary_large_image","twitter_misc":{"\u00c9crit par":"cfeditorfr","Dur\u00e9e de lecture estim\u00e9e":"9 minutes"},"schema":{"@context":"https:\/\/schema.org","@graph":[{"@type":"Article","@id":"https:\/\/www.africa-press.net\/senegal\/dossiers\/au-senegal-amadou-ba-est-il-vraiment-soutenu-par-la-coalition-presidentielle#article","isPartOf":{"@id":"https:\/\/www.africa-press.net\/senegal\/dossiers\/au-senegal-amadou-ba-est-il-vraiment-soutenu-par-la-coalition-presidentielle"},"author":{"name":"cfeditorfr","@id":"https:\/\/www.africa-press.net\/senegal\/#\/schema\/person\/2b1cf3cd81a31e3cd26889ca66d677f1"},"headline":"Au S\u00e9n\u00e9gal, Amadou Ba est-il vraiment soutenu par la coalition pr\u00e9sidentielle ?","datePublished":"2024-03-20T09:31:03+00:00","dateModified":"2024-03-20T10:52:38+00:00","mainEntityOfPage":{"@id":"https:\/\/www.africa-press.net\/senegal\/dossiers\/au-senegal-amadou-ba-est-il-vraiment-soutenu-par-la-coalition-presidentielle"},"wordCount":1892,"commentCount":0,"image":{"@id":"https:\/\/www.africa-press.net\/senegal\/dossiers\/au-senegal-amadou-ba-est-il-vraiment-soutenu-par-la-coalition-presidentielle#primaryimage"},"thumbnailUrl":"https:\/\/static.africa-press.net\/senegal\/sites\/13\/2024\/03\/sm_1710915712.743997.jpg","keywords":["Africa Press","Africa Press-Senegal","Senegal"],"articleSection":["Dossiers","Toutes les actualit\u00e9s"],"inLanguage":"fr-FR","potentialAction":[{"@type":"CommentAction","name":"Comment","target":["https:\/\/www.africa-press.net\/senegal\/dossiers\/au-senegal-amadou-ba-est-il-vraiment-soutenu-par-la-coalition-presidentielle#respond"]}]},{"@type":"WebPage","@id":"https:\/\/www.africa-press.net\/senegal\/dossiers\/au-senegal-amadou-ba-est-il-vraiment-soutenu-par-la-coalition-presidentielle","url":"https:\/\/www.africa-press.net\/senegal\/dossiers\/au-senegal-amadou-ba-est-il-vraiment-soutenu-par-la-coalition-presidentielle","name":"Au S\u00e9n\u00e9gal, Amadou Ba est-il vraiment soutenu par la coalition pr\u00e9sidentielle ? - Senegal","isPartOf":{"@id":"https:\/\/www.africa-press.net\/senegal\/#website"},"primaryImageOfPage":{"@id":"https:\/\/www.africa-press.net\/senegal\/dossiers\/au-senegal-amadou-ba-est-il-vraiment-soutenu-par-la-coalition-presidentielle#primaryimage"},"image":{"@id":"https:\/\/www.africa-press.net\/senegal\/dossiers\/au-senegal-amadou-ba-est-il-vraiment-soutenu-par-la-coalition-presidentielle#primaryimage"},"thumbnailUrl":"https:\/\/static.africa-press.net\/senegal\/sites\/13\/2024\/03\/sm_1710915712.743997.jpg","datePublished":"2024-03-20T09:31:03+00:00","dateModified":"2024-03-20T10:52:38+00:00","author":{"@id":"https:\/\/www.africa-press.net\/senegal\/#\/schema\/person\/2b1cf3cd81a31e3cd26889ca66d677f1"},"description":"Le parti de Macky Sall a renouvele\u0301 officiellement sa confiance a\u0300 son candidat. Mais depuis le de\u0301but de la campagne, l ...","breadcrumb":{"@id":"https:\/\/www.africa-press.net\/senegal\/dossiers\/au-senegal-amadou-ba-est-il-vraiment-soutenu-par-la-coalition-presidentielle#breadcrumb"},"inLanguage":"fr-FR","potentialAction":[{"@type":"ReadAction","target":["https:\/\/www.africa-press.net\/senegal\/dossiers\/au-senegal-amadou-ba-est-il-vraiment-soutenu-par-la-coalition-presidentielle"]}]},{"@type":"ImageObject","inLanguage":"fr-FR","@id":"https:\/\/www.africa-press.net\/senegal\/dossiers\/au-senegal-amadou-ba-est-il-vraiment-soutenu-par-la-coalition-presidentielle#primaryimage","url":"https:\/\/static.africa-press.net\/senegal\/sites\/13\/2024\/03\/sm_1710915712.743997.jpg","contentUrl":"https:\/\/static.africa-press.net\/senegal\/sites\/13\/2024\/03\/sm_1710915712.743997.jpg","width":1280,"height":720,"caption":"Au S\u00e9n\u00e9gal, Amadou Ba est-il vraiment soutenu par la coalition pr\u00e9sidentielle ?"},{"@type":"BreadcrumbList","@id":"https:\/\/www.africa-press.net\/senegal\/dossiers\/au-senegal-amadou-ba-est-il-vraiment-soutenu-par-la-coalition-presidentielle#breadcrumb","itemListElement":[{"@type":"ListItem","position":1,"name":"Accueil","item":"https:\/\/www.africa-press.net\/senegal\/"},{"@type":"ListItem","position":2,"name":"Au S\u00e9n\u00e9gal, Amadou Ba est-il vraiment soutenu par la coalition pr\u00e9sidentielle ?"}]},{"@type":"WebSite","@id":"https:\/\/www.africa-press.net\/senegal\/#website","url":"https:\/\/www.africa-press.net\/senegal\/","name":"Africa Press | Senegal | Homepage","description":"Just another Africa News Agency Sites site","potentialAction":[{"@type":"SearchAction","target":{"@type":"EntryPoint","urlTemplate":"https:\/\/www.africa-press.net\/senegal\/?s={search_term_string}"},"query-input":{"@type":"PropertyValueSpecification","valueRequired":true,"valueName":"search_term_string"}}],"inLanguage":"fr-FR"},{"@type":"Person","@id":"https:\/\/www.africa-press.net\/senegal\/#\/schema\/person\/2b1cf3cd81a31e3cd26889ca66d677f1","name":"cfeditorfr","url":"https:\/\/www.africa-press.net\/senegal\/author\/cfeditorfr"}]}},"_links":{"self":[{"href":"https:\/\/www.africa-press.net\/senegal\/wp-json\/wp\/v2\/posts\/57077","targetHints":{"allow":["GET"]}}],"collection":[{"href":"https:\/\/www.africa-press.net\/senegal\/wp-json\/wp\/v2\/posts"}],"about":[{"href":"https:\/\/www.africa-press.net\/senegal\/wp-json\/wp\/v2\/types\/post"}],"author":[{"embeddable":true,"href":"https:\/\/www.africa-press.net\/senegal\/wp-json\/wp\/v2\/users\/82"}],"replies":[{"embeddable":true,"href":"https:\/\/www.africa-press.net\/senegal\/wp-json\/wp\/v2\/comments?post=57077"}],"version-history":[{"count":0,"href":"https:\/\/www.africa-press.net\/senegal\/wp-json\/wp\/v2\/posts\/57077\/revisions"}],"wp:featuredmedia":[{"embeddable":true,"href":"https:\/\/www.africa-press.net\/senegal\/wp-json\/wp\/v2\/media\/57076"}],"wp:attachment":[{"href":"https:\/\/www.africa-press.net\/senegal\/wp-json\/wp\/v2\/media?parent=57077"}],"wp:term":[{"taxonomy":"category","embeddable":true,"href":"https:\/\/www.africa-press.net\/senegal\/wp-json\/wp\/v2\/categories?post=57077"},{"taxonomy":"post_tag","embeddable":true,"href":"https:\/\/www.africa-press.net\/senegal\/wp-json\/wp\/v2\/tags?post=57077"}],"curies":[{"name":"wp","href":"https:\/\/api.w.org\/{rel}","templated":true}]}}