{"id":57079,"date":"2024-03-20T09:35:46","date_gmt":"2024-03-20T09:35:46","guid":{"rendered":"https:\/\/www.africa-press.net\/senegal\/politique\/au-senegal-une-presidentielle-en-terrain-mine-par-mehdi-ba"},"modified":"2024-03-20T10:53:09","modified_gmt":"2024-03-20T10:53:09","slug":"au-senegal-une-presidentielle-en-terrain-mine-par-mehdi-ba","status":"publish","type":"post","link":"https:\/\/www.africa-press.net\/senegal\/dossiers\/au-senegal-une-presidentielle-en-terrain-mine-par-mehdi-ba","title":{"rendered":"Au S\u00e9n\u00e9gal, une pr\u00e9sidentielle en terrain min\u00e9, par Mehdi Ba"},"content":{"rendered":"<p><b>Mehdi Ba<\/b><\/p>\n<p><span style=\"color: #ff6600\"><strong>Africa-Press &#8211; Senegal. <\/strong><\/span>De rebondissement en coup de the\u0301a\u0302tre, le premier tour de l\u2019e\u0301lection se\u0301ne\u0301galaise doit se tenir le 24 mars malgre\u0301 les tentatives re\u0301pe\u0301te\u0301es de Karim Wade et du camp pre\u0301sidentiel visant a\u0300 la repousser.<\/p>\n<p>On pourrait voir le verre a\u0300 moitie\u0301 plein et re\u0301sumer cette affaire a\u0300 un le\u0301ger retard de calendrier, a\u0300 l\u2019instar d\u2019un avion victime d\u2019une avarie mineure contraignant la compagnie ae\u0301rienne a\u0300 diffe\u0301rer de deux ou trois heures l\u2019embarquement des passagers. Le premier tour de l\u2019e\u0301lection pre\u0301sidentielle au Se\u0301ne\u0301gal devait se tenir le 25 fe\u0301vrier ; il a finalement e\u0301te\u0301 reporte\u0301 au 24 mars.<\/p>\n<p>Dans ce pays souvent qualifie\u0301 de de\u0301mocratie mode\u0300le sur un continent qui aligne coups d\u2019E\u0301tat militaires, pre\u0301sidents a\u0300 vie et limitation du nombre de mandats pre\u0301sidentiels successifs inscrite dans la Constitution pour e\u0302tre aussito\u0302t contourne\u0301e, en quoi ce modeste \u00ab glissement \u00bb de 28 jours serait-il de nature a\u0300 justifier les cris d\u2019orfraie entendus de Saint-Louis a\u0300 Ziguinchor et de Washington a\u0300 Bruxelles depuis le 3 fe\u0301vrier ? Ce jour-la\u0300, le pre\u0301sident sortant, Macky Sall, a en effet officialise\u0301 le gel du processus e\u0301lectoral a\u0300 quelques heures du de\u0301but de la campagne.<\/p>\n<p>Mais si tant de commentateurs voient jusqu\u2019ici le verre a\u0300 moitie\u0301 vide, c\u2019est bien parce que le cyclone politique et institutionnel qui a de\u0301stabilise\u0301 le Se\u0301ne\u0301gal a\u0300 l\u2019approche de cette pre\u0301sidentielle qui s\u2019annonc\u0327ait presque banale a semble\u0301, un temps, devoir tout emporter sur son passage.<\/p>\n<p><b>Pacte entre l\u2019APR et le PDS<\/b><\/p>\n<p>Main dans la main, en vertu d\u2019un pacte jamais assume\u0301 ouvertement, l\u2019Alliance pour la Re\u0301publique (APR, parti pre\u0301sidentiel) et le Parti de\u0301mocratique se\u0301ne\u0301galais (PDS, opposition) ont grippe\u0301 la machine e\u0301lectorale au lendemain de la proclamation officielle de la liste des candidats, le 20 janvier. Parmi les 20 personnalite\u0301s politiques juge\u0301es aptes a\u0300 concourir par le Conseil constitutionnel, le nom de l\u2019ancien ministre Karim Wade, exile\u0301 au Qatar depuis 2016, ne figurait pas. Au moment de de\u0301poser son dossier de candidature avant la date limite du 26 de\u0301cembre 2023, le candidat du PDS e\u0301tait en effet toujours de\u0301tenteur de la nationalite\u0301 franc\u0327aise, faute d\u2019avoir engage\u0301 dans les temps la de\u0301marche administrative visant a\u0300 e\u0302tre \u00ab libe\u0301re\u0301 de son lien d\u2019alle\u0301geance a\u0300 la France \u00bb. Or la Constitution impose qu\u2019un candidat a\u0300 la magistrature supre\u0302me soit de nationalite\u0301 exclusivement se\u0301ne\u0301galaise.<\/p>\n<p>Pour celui qui avait de\u0301ja\u0300 tente\u0301 de se pre\u0301senter en 2019, produisant alors une attestation sur l\u2019honneur selon laquelle il re\u0301pondait a\u0300 ce crite\u0300re \u2013 ce que personne n\u2019e\u0301tait alle\u0301 ve\u0301rifier a\u0300 l\u2019e\u0301poque -, l\u2019affaire aurait pu s\u2019arre\u0302ter la\u0300. Pourtant, de fac\u0327on incompre\u0301hensible, elle a constitue\u0301 le premier e\u0301pisode d\u2019un sce\u0301nario, digne d\u2019une se\u0301rie Netflix, qui aura fait trembler le Se\u0301ne\u0301gal sur ses bases.<\/p>\n<p><b>Juges du Conseil constitutionnel accuse\u0301s de corruption<\/b><\/p>\n<p>Aussito\u0302t le pot aux roses de\u0301couvert, pluto\u0302t que de s\u2019en expliquer, Karim Wade et ses partisans de\u0301clenchent en effet une offensive en re\u0300gle contre deux juges du Conseil constitutionnel nomme\u0301ment accuse\u0301s d\u2019avoir e\u0301te\u0301 corrompus par le dauphin de\u0301signe\u0301 par Macky Sall pour lui succe\u0301der, Amadou Ba, dans le but d\u2019invalider la candidature du fils de l\u2019ancien pre\u0301sident Abdoulaye Wade. Pas la moindre preuve n\u2019est fournie a\u0300 l\u2019appui de cette accusation, et pourtant les de\u0301pute\u0301s de la coalition pre\u0301sidentielle voteront comme un seul homme la re\u0301solution propose\u0301e par le PDS, visant a\u0300 cre\u0301er une commission d\u2019enque\u0302te parlementaire \u00ab en vue d\u2019e\u0301claircir les conditions de l\u2019e\u0301limination de M. Karim Wade et autres de la liste des candidats \u00bb.<\/p>\n<p><b>Syste\u0300me de parrainages dysfonctionnel<\/b><\/p>\n<p>Karim Wade n\u2019est pas le seul \u00ab recale\u0301 \u00bb a\u0300 ruminer son amertume. En effet, pas moins de 73 candidats ont vu leur dossier rejete\u0301 par les sept sages, la plupart en raison de dysfonctionnements e\u0301vidents du syste\u0300me de se\u0301lection des parrainages citoyens. Depuis lors, certains parmi eux tentaient d\u2019obtenir du chef de l\u2019E\u0301tat que celui-ci ordonne de reprendre a\u0300 ze\u0301ro, hors de tout cadre constitutionnel, le processus de se\u0301lection des candidats. En vain.<\/p>\n<p>Le cas de Karim Wade leur offre un nouveau pre\u0301texte pour tenter d\u2019obtenir gain de cause, d\u2019autant que Macky Sall se montre e\u0301tonnement re\u0301ceptif a\u0300 la diabolisation, par le PDS, de son Premier ministre candidat, Amadou Ba \u2013 a\u0300 qui certains faucons de la majorite\u0301 savonnent la planche sans s\u2019en cacher depuis de\u0301ja\u0300 plusieurs mois. Le 3 fe\u0301vrier, face a\u0300 ce capharnau\u0308m, le chef de l\u2019E\u0301tat annonce le report sine die du processus e\u0301lectoral.<\/p>\n<p><b>\u00ab Dialogue national \u00bb improvise\u0301<\/b><\/p>\n<p>Une commission d\u2019enque\u0302te parlementaire est mise sur pied pour la forme \u2013 elle ne de\u0301butera jamais ses travaux \u2013 et un \u00ab dialogue national \u00bb est improvise\u0301 sans qu\u2019on en comprenne l\u2019inte\u0301re\u0302t. Le Conseil constitutionnel, mis devant le fait accompli suite au report de l\u2019e\u0301lection, n\u2019a-t-il pas ordonne\u0301, le 15 fe\u0301vrier, que le scrutin se tienne \u00ab dans les meilleurs de\u0301lais \u00bb ? Sur les 19 candidats encore en lice \u2013 apre\u0300s la de\u0301fection de l\u2019une d\u2019entre eux -, deux seulement accepteront d\u2019y prendre part.<\/p>\n<p>Durant cette se\u0301quence, les sept sages du Conseil constitutionnel deviennent le dernier rempart contre un coup de force institutionnel dont plus personne ne comprend qui en est le ve\u0301ritable instigateur ni quelle en est la finalite\u0301 inavoue\u0301e. Le tandem constitue\u0301 par le PDS, d\u2019un co\u0302te\u0301, et la coalition pre\u0301sidentielle Benno Bokk Yakaar (BBY), de l\u2019autre, essaie tout d\u2019abord de repousser l\u2019e\u0301lection au 15 de\u0301cembre 2024, pre\u0300s de dix mois apre\u0300s la date initialement pre\u0301vue. Mais le Conseil constitutionnel s\u2019y oppose.<\/p>\n<p>A\u0300 l\u2019issue du dialogue national, une nouvelle tentative vise a\u0300 le repousser, cette fois, au 2 juin 2023. A\u0300 nouveau, l\u2019arbitre de l\u2019e\u0301lection formule un \u00ab niet \u00bb cate\u0301gorique. Et de fil en aiguille, de de\u0301faite devant le Conseil constitutionnel en e\u0301chec devant la Cour supre\u0302me (le 15 mars), il faut bien se rendre a\u0300 l\u2019e\u0301vidence: sauf ultime coup de the\u0301a\u0302tre, le premier tour de cette pre\u0301sidentielle en terrain mine\u0301 aura lieu le 24 mars.<\/p>\n<p><b>Amadou Ba et la me\u0301thode Coue\u0301<\/b><\/p>\n<p>Plus e\u0301tonnant encore: au titre d\u2019une loi d\u2019amnistie adopte\u0301e, elle aussi, en mode \u00ab fast-track \u00bb, Bassirou Diomaye Faye et Ousmane Sonko, respectivement candidat et pre\u0301sident des Patriotes africains pour le travail, l\u2019e\u0301thique et la fraternite\u0301 (Pastef, parti dissous) recouvrent la liberte\u0301 le 14 mars, au terme de plusieurs mois de de\u0301tention.<\/p>\n<p>C\u2019est donc en homme libre que le nume\u0301ro deux du principal parti de l\u2019opposition, de\u0301signe\u0301 comme \u00ab plan B \u00bb par son mentor \u2013 lui-me\u0302me de\u0301clare\u0301 ine\u0301ligible en raison d\u2019une condamnation pour diffamation \u2013 peut faire campagne dans la dernie\u0300re ligne droite. Un sce\u0301nario sur lequel nul n\u2019aurait parie\u0301 il y a encore un mois.<\/p>\n<p>En face, les te\u0301nors de la sce\u0300ne politique font grise mine. La\u0302che\u0301 par des membres importants de son propre parti, Amadou Ba fait le gros dos tout en pratiquant la me\u0301thode Coue\u0301, pre\u0301disant sans rela\u0302che qu\u2019il remportera une victoire e\u0301clatante le 24 mars au soir. Mais un triomphe de\u0300s le premier tour semble de moins en moins probable.<\/p>\n<p>Fide\u0300le a\u0300 la posture qu\u2019il a adopte\u0301e depuis la phase de recueil des parrainages, en septembre, Idrissa Seck (Rewmi), qui s\u2019e\u0301tait classe\u0301 deuxie\u0300me de la pre\u0301sidentielle en 2019, ache\u0300ve une campagne e\u0301vanescente, loin des came\u0301ras. Et Khalifa Sall (Taxawu Se\u0301ne\u0301gal), l\u2019ancien maire de Dakar, s\u2019efforce, sur le terrain, de se frayer un chemin vers le deuxie\u0300me tour face aux deux poids lourds a\u0300 qui celui-ci semble promis.<\/p>\n<p>Omnipre\u0301sents durant la se\u0301quence ine\u0301dite qui s\u2019est joue\u0301e depuis le 20 janvier, Macky Sall et Karim Wade, de leur co\u0302te\u0301, resteront spectateurs d\u2019une e\u0301lection dont eux seuls savent pourquoi ils auront de\u0301ploye\u0301 tant d\u2019e\u0301nergie a\u0300 tenter de la reporter.<\/p>\n<p><b>Source: JeuneAfrique.com<\/b><\/p>\n<p><strong>Pour plus d&rsquo;informations et d&rsquo;analyses sur la <a href=\"https:\/\/www.africa-press.net\/senegal\">Senegal<\/a>, suivez <a href=\"https:\/\/www.africa-press.net\/\">Africa-Press<\/a><\/strong><\/p>\n","protected":false},"excerpt":{"rendered":"<p>Mehdi Ba Africa-Press &#8211; Senegal. De rebondissement en coup de the\u0301a\u0302tre, le premier tour de l\u2019e\u0301lection se\u0301ne\u0301galaise doit se tenir le 24 mars malgre\u0301 les tentatives re\u0301pe\u0301te\u0301es de Karim Wade et du camp pre\u0301sidentiel visant a\u0300 la repousser. On pourrait voir le verre a\u0300 moitie\u0301 plein et re\u0301sumer cette affaire a\u0300 un le\u0301ger retard de [&hellip;]<\/p>\n","protected":false},"author":82,"featured_media":57078,"comment_status":"open","ping_status":"closed","sticky":false,"template":"","format":"standard","meta":{"footnotes":""},"categories":[7,10],"tags":[43,47,44],"class_list":["post-57079","post","type-post","status-publish","format-standard","has-post-thumbnail","hentry","category-dossiers","category-toutes-les-actualites","tag-africa-press-2","tag-africa-press-senegal","tag-senegal-2"],"yoast_head":"<!-- This site is optimized with the Yoast SEO Premium plugin v26.1 (Yoast SEO v27.0) - https:\/\/yoast.com\/product\/yoast-seo-premium-wordpress\/ -->\n<title>Au S\u00e9n\u00e9gal, une pr\u00e9sidentielle en terrain min\u00e9, par Mehdi Ba - Senegal<\/title>\n<meta name=\"description\" content=\"De rebondissement en coup de the\u0301a\u0302tre, le premier tour de l\u2019e\u0301lection se\u0301ne\u0301galaise doit se tenir le 24 mars malgre\u0301 le ...\" \/>\n<meta name=\"robots\" content=\"index, follow, max-snippet:-1, max-image-preview:large, max-video-preview:-1\" \/>\n<link rel=\"canonical\" href=\"https:\/\/www.africa-press.net\/senegal\/dossiers\/au-senegal-une-presidentielle-en-terrain-mine-par-mehdi-ba\" \/>\n<meta property=\"og:locale\" content=\"fr_FR\" \/>\n<meta property=\"og:type\" content=\"article\" \/>\n<meta property=\"og:title\" content=\"Au S\u00e9n\u00e9gal, une pr\u00e9sidentielle en terrain min\u00e9, par Mehdi Ba\" \/>\n<meta property=\"og:description\" content=\"De rebondissement en coup de the\u0301a\u0302tre, le premier tour de l\u2019e\u0301lection se\u0301ne\u0301galaise doit se tenir le 24 mars malgre\u0301 le ...\" \/>\n<meta property=\"og:url\" content=\"https:\/\/www.africa-press.net\/senegal\/dossiers\/au-senegal-une-presidentielle-en-terrain-mine-par-mehdi-ba\" \/>\n<meta property=\"og:site_name\" content=\"Senegal\" \/>\n<meta property=\"article:published_time\" content=\"2024-03-20T09:35:46+00:00\" \/>\n<meta property=\"article:modified_time\" content=\"2024-03-20T10:53:09+00:00\" \/>\n<meta property=\"og:image\" content=\"https:\/\/static.africa-press.net\/senegal\/sites\/13\/2024\/03\/sm_1710915736.805772.jpg\" \/>\n\t<meta property=\"og:image:width\" content=\"1280\" \/>\n\t<meta property=\"og:image:height\" content=\"720\" \/>\n\t<meta property=\"og:image:type\" content=\"image\/jpeg\" \/>\n<meta name=\"author\" content=\"cfeditorfr\" \/>\n<meta name=\"twitter:card\" content=\"summary_large_image\" \/>\n<meta name=\"twitter:label1\" content=\"\u00c9crit par\" \/>\n\t<meta name=\"twitter:data1\" content=\"cfeditorfr\" \/>\n\t<meta name=\"twitter:label2\" content=\"Dur\u00e9e de lecture estim\u00e9e\" \/>\n\t<meta name=\"twitter:data2\" content=\"7 minutes\" \/>\n<script type=\"application\/ld+json\" class=\"yoast-schema-graph\">{\"@context\":\"https:\/\/schema.org\",\"@graph\":[{\"@type\":\"Article\",\"@id\":\"https:\/\/www.africa-press.net\/senegal\/dossiers\/au-senegal-une-presidentielle-en-terrain-mine-par-mehdi-ba#article\",\"isPartOf\":{\"@id\":\"https:\/\/www.africa-press.net\/senegal\/dossiers\/au-senegal-une-presidentielle-en-terrain-mine-par-mehdi-ba\"},\"author\":{\"name\":\"cfeditorfr\",\"@id\":\"https:\/\/www.africa-press.net\/senegal\/#\/schema\/person\/2b1cf3cd81a31e3cd26889ca66d677f1\"},\"headline\":\"Au S\u00e9n\u00e9gal, une pr\u00e9sidentielle en terrain min\u00e9, par Mehdi Ba\",\"datePublished\":\"2024-03-20T09:35:46+00:00\",\"dateModified\":\"2024-03-20T10:53:09+00:00\",\"mainEntityOfPage\":{\"@id\":\"https:\/\/www.africa-press.net\/senegal\/dossiers\/au-senegal-une-presidentielle-en-terrain-mine-par-mehdi-ba\"},\"wordCount\":1465,\"commentCount\":0,\"image\":{\"@id\":\"https:\/\/www.africa-press.net\/senegal\/dossiers\/au-senegal-une-presidentielle-en-terrain-mine-par-mehdi-ba#primaryimage\"},\"thumbnailUrl\":\"https:\/\/static.africa-press.net\/senegal\/sites\/13\/2024\/03\/sm_1710915736.805772.jpg\",\"keywords\":[\"Africa Press\",\"Africa Press-Senegal\",\"Senegal\"],\"articleSection\":[\"Dossiers\",\"Toutes les actualit\u00e9s\"],\"inLanguage\":\"fr-FR\",\"potentialAction\":[{\"@type\":\"CommentAction\",\"name\":\"Comment\",\"target\":[\"https:\/\/www.africa-press.net\/senegal\/dossiers\/au-senegal-une-presidentielle-en-terrain-mine-par-mehdi-ba#respond\"]}]},{\"@type\":\"WebPage\",\"@id\":\"https:\/\/www.africa-press.net\/senegal\/dossiers\/au-senegal-une-presidentielle-en-terrain-mine-par-mehdi-ba\",\"url\":\"https:\/\/www.africa-press.net\/senegal\/dossiers\/au-senegal-une-presidentielle-en-terrain-mine-par-mehdi-ba\",\"name\":\"Au S\u00e9n\u00e9gal, une pr\u00e9sidentielle en terrain min\u00e9, par Mehdi Ba - Senegal\",\"isPartOf\":{\"@id\":\"https:\/\/www.africa-press.net\/senegal\/#website\"},\"primaryImageOfPage\":{\"@id\":\"https:\/\/www.africa-press.net\/senegal\/dossiers\/au-senegal-une-presidentielle-en-terrain-mine-par-mehdi-ba#primaryimage\"},\"image\":{\"@id\":\"https:\/\/www.africa-press.net\/senegal\/dossiers\/au-senegal-une-presidentielle-en-terrain-mine-par-mehdi-ba#primaryimage\"},\"thumbnailUrl\":\"https:\/\/static.africa-press.net\/senegal\/sites\/13\/2024\/03\/sm_1710915736.805772.jpg\",\"datePublished\":\"2024-03-20T09:35:46+00:00\",\"dateModified\":\"2024-03-20T10:53:09+00:00\",\"author\":{\"@id\":\"https:\/\/www.africa-press.net\/senegal\/#\/schema\/person\/2b1cf3cd81a31e3cd26889ca66d677f1\"},\"description\":\"De rebondissement en coup de the\u0301a\u0302tre, le premier tour de l\u2019e\u0301lection se\u0301ne\u0301galaise doit se tenir le 24 mars malgre\u0301 le ...\",\"breadcrumb\":{\"@id\":\"https:\/\/www.africa-press.net\/senegal\/dossiers\/au-senegal-une-presidentielle-en-terrain-mine-par-mehdi-ba#breadcrumb\"},\"inLanguage\":\"fr-FR\",\"potentialAction\":[{\"@type\":\"ReadAction\",\"target\":[\"https:\/\/www.africa-press.net\/senegal\/dossiers\/au-senegal-une-presidentielle-en-terrain-mine-par-mehdi-ba\"]}]},{\"@type\":\"ImageObject\",\"inLanguage\":\"fr-FR\",\"@id\":\"https:\/\/www.africa-press.net\/senegal\/dossiers\/au-senegal-une-presidentielle-en-terrain-mine-par-mehdi-ba#primaryimage\",\"url\":\"https:\/\/static.africa-press.net\/senegal\/sites\/13\/2024\/03\/sm_1710915736.805772.jpg\",\"contentUrl\":\"https:\/\/static.africa-press.net\/senegal\/sites\/13\/2024\/03\/sm_1710915736.805772.jpg\",\"width\":1280,\"height\":720,\"caption\":\"Au S\u00e9n\u00e9gal, une pr\u00e9sidentielle en terrain min\u00e9, par Mehdi Ba\"},{\"@type\":\"BreadcrumbList\",\"@id\":\"https:\/\/www.africa-press.net\/senegal\/dossiers\/au-senegal-une-presidentielle-en-terrain-mine-par-mehdi-ba#breadcrumb\",\"itemListElement\":[{\"@type\":\"ListItem\",\"position\":1,\"name\":\"Accueil\",\"item\":\"https:\/\/www.africa-press.net\/senegal\/\"},{\"@type\":\"ListItem\",\"position\":2,\"name\":\"Au S\u00e9n\u00e9gal, une pr\u00e9sidentielle en terrain min\u00e9, par Mehdi Ba\"}]},{\"@type\":\"WebSite\",\"@id\":\"https:\/\/www.africa-press.net\/senegal\/#website\",\"url\":\"https:\/\/www.africa-press.net\/senegal\/\",\"name\":\"Africa Press | Senegal | Homepage\",\"description\":\"Just another Africa News Agency Sites site\",\"potentialAction\":[{\"@type\":\"SearchAction\",\"target\":{\"@type\":\"EntryPoint\",\"urlTemplate\":\"https:\/\/www.africa-press.net\/senegal\/?s={search_term_string}\"},\"query-input\":{\"@type\":\"PropertyValueSpecification\",\"valueRequired\":true,\"valueName\":\"search_term_string\"}}],\"inLanguage\":\"fr-FR\"},{\"@type\":\"Person\",\"@id\":\"https:\/\/www.africa-press.net\/senegal\/#\/schema\/person\/2b1cf3cd81a31e3cd26889ca66d677f1\",\"name\":\"cfeditorfr\",\"url\":\"https:\/\/www.africa-press.net\/senegal\/author\/cfeditorfr\"}]}<\/script>\n<!-- \/ Yoast SEO Premium plugin. -->","yoast_head_json":{"title":"Au S\u00e9n\u00e9gal, une pr\u00e9sidentielle en terrain min\u00e9, par Mehdi Ba - Senegal","description":"De rebondissement en coup de the\u0301a\u0302tre, le premier tour de l\u2019e\u0301lection se\u0301ne\u0301galaise doit se tenir le 24 mars malgre\u0301 le ...","robots":{"index":"index","follow":"follow","max-snippet":"max-snippet:-1","max-image-preview":"max-image-preview:large","max-video-preview":"max-video-preview:-1"},"canonical":"https:\/\/www.africa-press.net\/senegal\/dossiers\/au-senegal-une-presidentielle-en-terrain-mine-par-mehdi-ba","og_locale":"fr_FR","og_type":"article","og_title":"Au S\u00e9n\u00e9gal, une pr\u00e9sidentielle en terrain min\u00e9, par Mehdi Ba","og_description":"De rebondissement en coup de the\u0301a\u0302tre, le premier tour de l\u2019e\u0301lection se\u0301ne\u0301galaise doit se tenir le 24 mars malgre\u0301 le ...","og_url":"https:\/\/www.africa-press.net\/senegal\/dossiers\/au-senegal-une-presidentielle-en-terrain-mine-par-mehdi-ba","og_site_name":"Senegal","article_published_time":"2024-03-20T09:35:46+00:00","article_modified_time":"2024-03-20T10:53:09+00:00","og_image":[{"width":1280,"height":720,"url":"https:\/\/static.africa-press.net\/senegal\/sites\/13\/2024\/03\/sm_1710915736.805772.jpg","type":"image\/jpeg"}],"author":"cfeditorfr","twitter_card":"summary_large_image","twitter_misc":{"\u00c9crit par":"cfeditorfr","Dur\u00e9e de lecture estim\u00e9e":"7 minutes"},"schema":{"@context":"https:\/\/schema.org","@graph":[{"@type":"Article","@id":"https:\/\/www.africa-press.net\/senegal\/dossiers\/au-senegal-une-presidentielle-en-terrain-mine-par-mehdi-ba#article","isPartOf":{"@id":"https:\/\/www.africa-press.net\/senegal\/dossiers\/au-senegal-une-presidentielle-en-terrain-mine-par-mehdi-ba"},"author":{"name":"cfeditorfr","@id":"https:\/\/www.africa-press.net\/senegal\/#\/schema\/person\/2b1cf3cd81a31e3cd26889ca66d677f1"},"headline":"Au S\u00e9n\u00e9gal, une pr\u00e9sidentielle en terrain min\u00e9, par Mehdi Ba","datePublished":"2024-03-20T09:35:46+00:00","dateModified":"2024-03-20T10:53:09+00:00","mainEntityOfPage":{"@id":"https:\/\/www.africa-press.net\/senegal\/dossiers\/au-senegal-une-presidentielle-en-terrain-mine-par-mehdi-ba"},"wordCount":1465,"commentCount":0,"image":{"@id":"https:\/\/www.africa-press.net\/senegal\/dossiers\/au-senegal-une-presidentielle-en-terrain-mine-par-mehdi-ba#primaryimage"},"thumbnailUrl":"https:\/\/static.africa-press.net\/senegal\/sites\/13\/2024\/03\/sm_1710915736.805772.jpg","keywords":["Africa Press","Africa Press-Senegal","Senegal"],"articleSection":["Dossiers","Toutes les actualit\u00e9s"],"inLanguage":"fr-FR","potentialAction":[{"@type":"CommentAction","name":"Comment","target":["https:\/\/www.africa-press.net\/senegal\/dossiers\/au-senegal-une-presidentielle-en-terrain-mine-par-mehdi-ba#respond"]}]},{"@type":"WebPage","@id":"https:\/\/www.africa-press.net\/senegal\/dossiers\/au-senegal-une-presidentielle-en-terrain-mine-par-mehdi-ba","url":"https:\/\/www.africa-press.net\/senegal\/dossiers\/au-senegal-une-presidentielle-en-terrain-mine-par-mehdi-ba","name":"Au S\u00e9n\u00e9gal, une pr\u00e9sidentielle en terrain min\u00e9, par Mehdi Ba - Senegal","isPartOf":{"@id":"https:\/\/www.africa-press.net\/senegal\/#website"},"primaryImageOfPage":{"@id":"https:\/\/www.africa-press.net\/senegal\/dossiers\/au-senegal-une-presidentielle-en-terrain-mine-par-mehdi-ba#primaryimage"},"image":{"@id":"https:\/\/www.africa-press.net\/senegal\/dossiers\/au-senegal-une-presidentielle-en-terrain-mine-par-mehdi-ba#primaryimage"},"thumbnailUrl":"https:\/\/static.africa-press.net\/senegal\/sites\/13\/2024\/03\/sm_1710915736.805772.jpg","datePublished":"2024-03-20T09:35:46+00:00","dateModified":"2024-03-20T10:53:09+00:00","author":{"@id":"https:\/\/www.africa-press.net\/senegal\/#\/schema\/person\/2b1cf3cd81a31e3cd26889ca66d677f1"},"description":"De rebondissement en coup de the\u0301a\u0302tre, le premier tour de l\u2019e\u0301lection se\u0301ne\u0301galaise doit se tenir le 24 mars malgre\u0301 le ...","breadcrumb":{"@id":"https:\/\/www.africa-press.net\/senegal\/dossiers\/au-senegal-une-presidentielle-en-terrain-mine-par-mehdi-ba#breadcrumb"},"inLanguage":"fr-FR","potentialAction":[{"@type":"ReadAction","target":["https:\/\/www.africa-press.net\/senegal\/dossiers\/au-senegal-une-presidentielle-en-terrain-mine-par-mehdi-ba"]}]},{"@type":"ImageObject","inLanguage":"fr-FR","@id":"https:\/\/www.africa-press.net\/senegal\/dossiers\/au-senegal-une-presidentielle-en-terrain-mine-par-mehdi-ba#primaryimage","url":"https:\/\/static.africa-press.net\/senegal\/sites\/13\/2024\/03\/sm_1710915736.805772.jpg","contentUrl":"https:\/\/static.africa-press.net\/senegal\/sites\/13\/2024\/03\/sm_1710915736.805772.jpg","width":1280,"height":720,"caption":"Au S\u00e9n\u00e9gal, une pr\u00e9sidentielle en terrain min\u00e9, par Mehdi Ba"},{"@type":"BreadcrumbList","@id":"https:\/\/www.africa-press.net\/senegal\/dossiers\/au-senegal-une-presidentielle-en-terrain-mine-par-mehdi-ba#breadcrumb","itemListElement":[{"@type":"ListItem","position":1,"name":"Accueil","item":"https:\/\/www.africa-press.net\/senegal\/"},{"@type":"ListItem","position":2,"name":"Au S\u00e9n\u00e9gal, une pr\u00e9sidentielle en terrain min\u00e9, par Mehdi Ba"}]},{"@type":"WebSite","@id":"https:\/\/www.africa-press.net\/senegal\/#website","url":"https:\/\/www.africa-press.net\/senegal\/","name":"Africa Press | Senegal | Homepage","description":"Just another Africa News Agency Sites site","potentialAction":[{"@type":"SearchAction","target":{"@type":"EntryPoint","urlTemplate":"https:\/\/www.africa-press.net\/senegal\/?s={search_term_string}"},"query-input":{"@type":"PropertyValueSpecification","valueRequired":true,"valueName":"search_term_string"}}],"inLanguage":"fr-FR"},{"@type":"Person","@id":"https:\/\/www.africa-press.net\/senegal\/#\/schema\/person\/2b1cf3cd81a31e3cd26889ca66d677f1","name":"cfeditorfr","url":"https:\/\/www.africa-press.net\/senegal\/author\/cfeditorfr"}]}},"_links":{"self":[{"href":"https:\/\/www.africa-press.net\/senegal\/wp-json\/wp\/v2\/posts\/57079","targetHints":{"allow":["GET"]}}],"collection":[{"href":"https:\/\/www.africa-press.net\/senegal\/wp-json\/wp\/v2\/posts"}],"about":[{"href":"https:\/\/www.africa-press.net\/senegal\/wp-json\/wp\/v2\/types\/post"}],"author":[{"embeddable":true,"href":"https:\/\/www.africa-press.net\/senegal\/wp-json\/wp\/v2\/users\/82"}],"replies":[{"embeddable":true,"href":"https:\/\/www.africa-press.net\/senegal\/wp-json\/wp\/v2\/comments?post=57079"}],"version-history":[{"count":0,"href":"https:\/\/www.africa-press.net\/senegal\/wp-json\/wp\/v2\/posts\/57079\/revisions"}],"wp:featuredmedia":[{"embeddable":true,"href":"https:\/\/www.africa-press.net\/senegal\/wp-json\/wp\/v2\/media\/57078"}],"wp:attachment":[{"href":"https:\/\/www.africa-press.net\/senegal\/wp-json\/wp\/v2\/media?parent=57079"}],"wp:term":[{"taxonomy":"category","embeddable":true,"href":"https:\/\/www.africa-press.net\/senegal\/wp-json\/wp\/v2\/categories?post=57079"},{"taxonomy":"post_tag","embeddable":true,"href":"https:\/\/www.africa-press.net\/senegal\/wp-json\/wp\/v2\/tags?post=57079"}],"curies":[{"name":"wp","href":"https:\/\/api.w.org\/{rel}","templated":true}]}}