{"id":57089,"date":"2024-03-20T09:40:06","date_gmt":"2024-03-20T09:40:06","guid":{"rendered":"https:\/\/www.africa-press.net\/senegal\/politique\/election-presidentielle-au-senegal-qui-sont-les-19-candidats"},"modified":"2024-03-20T10:54:25","modified_gmt":"2024-03-20T10:54:25","slug":"election-presidentielle-au-senegal-qui-sont-les-19-candidats","status":"publish","type":"post","link":"https:\/\/www.africa-press.net\/senegal\/dossiers\/election-presidentielle-au-senegal-qui-sont-les-19-candidats","title":{"rendered":"\u00c9lection pr\u00e9sidentielle au S\u00e9n\u00e9gal : qui sont les 19 candidats ?"},"content":{"rendered":"<p><span style=\"color: #ff6600\"><strong>Africa-Press &#8211; Senegal. <\/strong><\/span>Le Se\u0301ne\u0301gal est entre\u0301 en campagne, un sprint de deux semaines pour sortir de plusieurs mois de crise et choisir son cinquie\u0300me pre\u0301sident, lors d&rsquo;une e\u0301lection inde\u0301cise comme jamais. Le Conseil constitutionnel a valide\u0301 19 candidatures. Tour d&rsquo;horizon des 19 pre\u0301tendants a\u0300 la magistrature supre\u0302me.<\/p>\n<p><b>Amadou Ba, le candidat du camp pre\u0301sidentiel<\/b><\/p>\n<p>Ancien chef du gouvernement, ministre des Affaires e\u0301trange\u0300res jusqu&rsquo;en 2020 et ministre de l\u2019E\u0301conomie et des Finances de 2013 a\u0300 2019, Amadou Ba est un inspecteur des impo\u0302ts sorti de l\u2019E\u0301cole nationale d&rsquo;administration et de magistrature de Dakar. Il se pre\u0301sente au nom du camp pre\u0301sidentiel en candidat \u00ab\u00a0de la paix\u00a0\u00bb et de la \u00ab\u00a0prospe\u0301rite\u0301 partage\u0301e\u00a0\u00bb.<\/p>\n<p><img loading=\"lazy\" decoding=\"async\" width=\"734\" height=\"489\" class=\"alignnone wp-image-57081 size-full\" src=\"https:\/\/static.africa-press.net\/senegal\/sites\/13\/2024\/03\/sm_1710915764.345567.jpg\" srcset=\"https:\/\/static.africa-press.net\/senegal\/sites\/13\/2024\/03\/sm_1710915764.345567.jpg 734w, https:\/\/static.africa-press.net\/senegal\/sites\/13\/2024\/03\/sm_1710915764.345567-300x200.jpg 300w\" sizes=\"auto, (max-width: 734px) 100vw, 734px\" \/><\/p>\n<p>Il promet de cre\u0301er en cinq ans plus d&rsquo;un million d&#8217;emplois (pour une population d&rsquo;environ 18 millions) en misant sur un pacte public-prive\u0301 et sur les investissements dans l&rsquo;agriculture, l&rsquo;industrie, les infrastructures et les e\u0301nergies renouvelables.<\/p>\n<p>Il e\u0301voque ainsi la mise en place de 22 \u00ab\u00a0projets phares\u00a0\u00bb, dont les financements sont \u00ab\u00a0acquis ou mobilisables\u00a0\u00bb: cre\u0301ation d&rsquo;agropoles, de\u0301veloppement de zones de transformation des produits de\u0301rive\u0301s du pe\u0301trole et des minerais.<\/p>\n<p><b>Bassirou Diomaye Faye, le plan B.<\/b><\/p>\n<p>Les membres de coalition issue du Pastef, parti dissous, misent de\u0301sormais sur Bassirou Diomaye Faye. Il remplace le leader du partis dissous d&rsquo;Ousmane Sonko.<\/p>\n<p>Bassirou Diomaye Faye est emprisonne\u0301 depuis le mois d\u2019avril 2023. Il est poursuivi pour \u00ab\u00a0actes de natures a\u0300 compromettre la paix publique\u00a0\u00bb. Le 6 mars dernier, les de\u0301pute\u0301s se\u0301ne\u0301galais ont vote\u0301 une loi d&rsquo;amnistie. Le pre\u0301sident Macky Sall doit promulguer cette loi. Le principal candidat de l&rsquo;opposition pourrait e\u0302tre donc tre\u0300s prochainement libe\u0301re\u0301.<\/p>\n<p><img loading=\"lazy\" decoding=\"async\" width=\"734\" height=\"413\" class=\"alignnone wp-image-57082 size-full\" src=\"https:\/\/static.africa-press.net\/senegal\/sites\/13\/2024\/03\/sm_1710915778.652955.jpg\" srcset=\"https:\/\/static.africa-press.net\/senegal\/sites\/13\/2024\/03\/sm_1710915778.652955.jpg 734w, https:\/\/static.africa-press.net\/senegal\/sites\/13\/2024\/03\/sm_1710915778.652955-300x169.jpg 300w\" sizes=\"auto, (max-width: 734px) 100vw, 734px\" \/><\/p>\n<p>Bassirou Diomaye Faye se veut le \u00ab\u00a0candidat du changement de syste\u0300me\u00a0\u00bb. Il promet une re\u0301appropriation de \u00ab\u00a0souverainete\u0301\u00a0\u00bb, mot employe\u0301 18 fois dans son projet. Il entend rene\u0301gocier les contrats des mines et des hydrocarbures. Il veut re\u0301e\u0301valuer les accords de pe\u0302che notamment avec les acteurs e\u0301trangers. Il de\u0301sire rene\u0301gocier les accords de de\u0301fense avec la France.<\/p>\n<p>Il veut e\u0301galement re\u0301former les institutions. Il propose de limiter les pouvoirs du pre\u0301sident et veut cre\u0301er un poste de vice-pre\u0301sident. ll veut mettre en circulation une monnaie nationale, le Se\u0301ne\u0301gal, a\u0300 la place du franc CFA he\u0301rite\u0301 de la colonisation dans plusieurs pays africains.<\/p>\n<p><b>Khalifa Sall, l&rsquo;ancien maire de Dakar<\/b><\/p>\n<p>Cet autre visage de l\u2019opposition be\u0301ne\u0301ficie d\u2019une modification du code e\u0301lectoral, vote\u0301e l\u2019e\u0301te\u0301 dernier par l\u2019Assemble\u0301e nationale, pour e\u0302tre habilite\u0301 a\u0300 se pre\u0301senter. En 2018, cet ancien e\u0301dile de Dakar a e\u0301te\u0301 reconnu coupable d\u2019\u00ab escroquerie aux deniers publics \u00bb, de \u00ab faux et usage de faux dans des documents administratifs \u00bb et de \u00ab complicite\u0301 en faux en e\u0301criture de commerce \u00bb.<\/p>\n<p>E\u0301copant d&rsquo;une peine de cinq ans de prison, il recouvre la liberte\u0301 en 2019. Khalifa Sall, veut re\u0301former une Re\u0301publique \u00ab\u00a0abi\u0302me\u0301e\u00a0\u00bb. Son \u00ab\u00a0projet de socie\u0301te\u0301\u00a0\u00bb s&rsquo;ouvre sur les \u00ab\u00a0valeurs\u00a0\u00bb traditionnelles et familiales, les institutions, la justice, les liberte\u0301s et les droits humains.<\/p>\n<p><img loading=\"lazy\" decoding=\"async\" width=\"734\" height=\"413\" class=\"alignnone wp-image-57083 size-full\" src=\"https:\/\/static.africa-press.net\/senegal\/sites\/13\/2024\/03\/sm_1710915785.833024.jpg\" srcset=\"https:\/\/static.africa-press.net\/senegal\/sites\/13\/2024\/03\/sm_1710915785.833024.jpg 734w, https:\/\/static.africa-press.net\/senegal\/sites\/13\/2024\/03\/sm_1710915785.833024-300x169.jpg 300w\" sizes=\"auto, (max-width: 734px) 100vw, 734px\" \/><\/p>\n<p>Il propose de consacrer au moins 1.000 milliards de francs CFA (1,5 milliard d&rsquo;euros) du budget national annuel a\u0300 l&rsquo;agriculture, de rene\u0301gocier les accords de pe\u0302che. Il entend e\u0301galement proce\u0301der a\u0300 un \u00ab\u00a0e\u0301tat des lieux\u00a0\u00bb de tous les contrats miniers, pe\u0301troliers et gaziers.<\/p>\n<p><b>Idrissa Seck, l\u2019ancien premier ministre<\/b><\/p>\n<p>L\u2019ex-maire de Thie\u0300s et ancien premier ministre, 64 ans, pre\u0301pare sa quatrie\u0300me campagne pre\u0301sidentielle conse\u0301cutive. Il est deuxie\u0300me du dernier vote en 2019 a\u0300 la faveur notamment de nombreuses invalidations de candidats de l\u2019opposition.<\/p>\n<p>Il rallie ensuite la majorite\u0301 pre\u0301sidentielle ce qui lui permet d&rsquo;obtenir le poste de pre\u0301sident du Conseil e\u0301conomique, social et environnemental (Cese), un organe consultatif jusqu\u2019en avril 2023. A\u0300 ce moment, l\u2019annonce de sa candidature marque la rupture avec Macky Sall. Idrissa Seck a confirme\u0301 qu\u2019il ne se rangerait pas sous la bannie\u0300re pre\u0301sidentielle.<\/p>\n<p><img loading=\"lazy\" decoding=\"async\" width=\"734\" height=\"489\" class=\"alignnone wp-image-57085 size-full\" src=\"https:\/\/static.africa-press.net\/senegal\/sites\/13\/2024\/03\/sm_1710915792.681526.jpg\" srcset=\"https:\/\/static.africa-press.net\/senegal\/sites\/13\/2024\/03\/sm_1710915792.681526.jpg 734w, https:\/\/static.africa-press.net\/senegal\/sites\/13\/2024\/03\/sm_1710915792.681526-300x200.jpg 300w\" sizes=\"auto, (max-width: 734px) 100vw, 734px\" \/><\/p>\n<p>Il e\u0301nonce 281 mesures, de principe ou concre\u0300tes. Il veut acce\u0301le\u0301rer le processus de cre\u0301ation d&rsquo;une monnaie commune aux pays ouest-africains. Il consacre au minimum 60% des investissements publics aux territoires hors de Dakar<\/p>\n<p>Il veut e\u0301galement rene\u0301gocier les accords de pe\u0302che avec la Mauritanie, la Gambie, la Guine\u0301e, la Guine\u0301e Bissau, la Sierra Leone. Il entend rendre obligatoire le service militaire.<\/p>\n<p><b>Anta Babacar Ngom, seule femme candidate<\/b><\/p>\n<p>\u00ab\u00a0Identifiez-moi comme la candidate des femmes, identifiez-moi comme la femme candidate, je l&rsquo;assume pleinement. Par contre, je suis la candidate de tous les Se\u0301ne\u0301galais\u00a0\u00bb, dit-elle a\u0300 l&rsquo;AFP.<\/p>\n<p><img loading=\"lazy\" decoding=\"async\" width=\"734\" height=\"474\" class=\"alignnone wp-image-57086 size-full\" src=\"https:\/\/static.africa-press.net\/senegal\/sites\/13\/2024\/03\/sm_1710915798.202355.jpg\" srcset=\"https:\/\/static.africa-press.net\/senegal\/sites\/13\/2024\/03\/sm_1710915798.202355.jpg 734w, https:\/\/static.africa-press.net\/senegal\/sites\/13\/2024\/03\/sm_1710915798.202355-300x194.jpg 300w\" sizes=\"auto, (max-width: 734px) 100vw, 734px\" \/><\/p>\n<p>La cheffe d&rsquo;entreprise de 40 ans, patronne depuis 2015 de la plus grande entreprise avicole du pays fonde\u0301e par son pe\u0300re, la Sedima, a pour ambition de briser les barrie\u0300res et devenir la premie\u0300re pre\u0301sidente de la Re\u0301publique de son pays.<\/p>\n<p>Son programme s&rsquo;articule autour de la cre\u0301ation d&#8217;emplois via l&rsquo;aide au secteur prive\u0301, la protection de l&rsquo;environnement, la gratuite\u0301 des soins pour les plus vulne\u0301rables et une re\u0301forme du syste\u0300me e\u0301ducatif avec des cours donne\u0301s dans les langues locales et non plus seulement en franc\u0327ais.<\/p>\n<p><b>Mahammed Dionne, ancien premier ministre de Macky Sall<\/b><\/p>\n<p>Mahammed Dionne a e\u0301te\u0301 longtemps un fide\u0300le de Macky Sall. Il a me\u0302me e\u0301te\u0301 son chef de gouvernement de 2014 a\u0300 2019. Il a ensuite e\u0301te\u0301 pendant un an le Secre\u0301taire ge\u0301ne\u0301ral de la pre\u0301sidence du pre\u0301sident sortant. Mahammed Dionne revient dans l&rsquo;arene politique avec le soutien de son propre parti, Coalition Dionne.<\/p>\n<p>Dans son programme pre\u0301sidentiel, il promet une plus grande inde\u0301pendance de la justice. Une fois e\u0301lu a\u0300 la te\u0302te du pays l&rsquo;ancien chef du gouvernement du pre\u0301sident Macky Sall promet que le chef de l\u2019E\u0301tat et son ministre de la Justice ne sie\u0300geront plus au Conseil supe\u0301rieur de la magistrature.<\/p>\n<p><img loading=\"lazy\" decoding=\"async\" width=\"734\" height=\"413\" class=\"alignnone wp-image-57087 size-full\" src=\"https:\/\/static.africa-press.net\/senegal\/sites\/13\/2024\/03\/sm_1710915803.380515.jpg\" srcset=\"https:\/\/static.africa-press.net\/senegal\/sites\/13\/2024\/03\/sm_1710915803.380515.jpg 734w, https:\/\/static.africa-press.net\/senegal\/sites\/13\/2024\/03\/sm_1710915803.380515-300x169.jpg 300w\" sizes=\"auto, (max-width: 734px) 100vw, 734px\" \/><\/p>\n<p>Il promet de renforcer le secteur de l\u2019ho\u0302pital en donnant la possibilite\u0301 a\u0300 tous les Se\u0301ne\u0301galais d&rsquo;avoir acce\u0300s a\u0300 la sante\u0301 gra\u0302ce a\u0300 la mise en place d&rsquo;une assurance maladie universelle.<\/p>\n<p><b>Aly Ngouille Ndiaye, plusieurs fois ministre sous la pre\u0301sidence de Macky Sall<\/b><\/p>\n<p>Aly Ngouille Ndiaye est de\u0301sormais un vieux routier de la vie politique se\u0301ne\u0301galaise. Inge\u0301nieur de formation, a longtemps e\u0301te\u0301 un fide\u0300le de Macky Sall. Il est un des soutiens de la premie\u0300re campagne pre\u0301sidentielle de Macky Sall. Il est successivement ministre de l\u2019E\u0301nergie, des Mines et de l&rsquo;Industrie de 2012 a\u0300 2017. Il devient ensuite ministre de l\u2019Inte\u0301rieur de 2017 a\u0300 2020. Lors de la formation du gouvernement du Premier ministre Amadou Ba, Aly Ngouille Ndiaye est nomme\u0301 ministre de l&rsquo;Agriculture, de l&rsquo;E\u0301quipement rural et de la Souverainete\u0301 alimentaire.<\/p>\n<p>Apre\u0300s la de\u0301cision du pre\u0301sident Macky Sall de ne pas briguer un troisie\u0300me mandat. Il espe\u0300re e\u0302tre le candidat de la coalition pre\u0301sidentielle Benno Book Yakaar. En septembre 2023 peu de temps apre\u0300s la candidature de Amadou Ba, il de\u0301missionne du gouvernement et se pre\u0301sente ensuite a\u0300 l&rsquo;e\u0301lection pre\u0301sidentielle.<\/p>\n<p><b>Les autres candidats<\/b><\/p>\n<p>Ne\u0301 en 1957 Habib Sy a une longue carrie\u0300re politique derrie\u0300re lui. Il a e\u0301te\u0301 le maire de Linguere. Il a e\u0301te\u0301 plusieurs fois ministre et il fut l&rsquo;ancien directeur de cabinet du pre\u0301sident Abdoulaye Wade.<\/p>\n<p>De 1995 a\u0300 1997 il est directeur de cabinet d&rsquo;Abdoulaye Wade alors ministre d\u2019E\u0301tat. Il est ensuite nomme\u0301 ministre des Infrastructures, de l\u2019E\u0301quipement et des Transport en 2004 dans le gouvernement de Macky Sall (de 2004 a\u0300 2006 sous la pre\u0301sidence d&rsquo;Abdoulaye Wade). Il occupe ce me\u0302me poste en 2007 toujours sous la pre\u0301sidence Abdoulaye Wade.<\/p>\n<p>Il devient ensuite ministre de la Fonction publique, de l&rsquo;Emploi et du travail. Il se rapproche du pre\u0301sident Wade en devenant a\u0300 nouveau son directeur de cabinet en 2009.<\/p>\n<p>Aliou Mamadou Dia est le candidat du Parti de l&rsquo;Unite\u0301 et du Rassemblement. Il a travaille\u0301 pour le PNUD, le Programme des Nations unies pour le de\u0301veloppement, agence onusienne d&rsquo;aide au de\u0301veloppement.<\/p>\n<p>Boubacar Camara est un ancien directeur ge\u0301ne\u0301ral adjoint des douanes. Il milite pour un transfert de la capitale administrative a\u0300 Thie\u0300s. Il entend e\u0301galement relancer le re\u0301seau ferroviaire dans le pays dans le cadre d&rsquo;un investissement de plus de 4000 milliards de Franc CFA.<\/p>\n<p>Cheikh Tidiane Die\u0300ye, candidat du parti Avenir Se\u0301ne\u0301gal bunu Be\u0308e\u0308g, natif de Zinguichor, est candidat. Il est perc\u0327u comme un proche d&rsquo;Ousmane Sonko.<\/p>\n<p>Diplo\u0302me\u0301 de l\u2019E\u0301cole polytechnique de Thie\u0300s, De\u0301thie\u0301 Fall est un ancien compagnon de route d&rsquo;Idrissa Seck. Il dirige un parti politique, le Parti re\u0301publicain pour le progre\u0300s.<\/p>\n<p>Mamadou Lamine Diallo est un intellectuel et homme politique. Il est le fondateur du Mouvement Tekki. Inge\u0301nieur de l&rsquo;E\u0301cole Polytechnique de Paris et de l\u2019E\u0301cole des Mines de Paris, il est Docteur en E\u0301conomie de l&rsquo;E\u0301cole des Mines de Paris en 1988. Cet e\u0301conomiste a travaille\u0301 entre autres pour la Banque mondiale. Il est de\u0301pute\u0301 de l&rsquo;Assemble\u0301e nationale.<\/p>\n<p>Papa Djibril Fall est lui de\u0301pute\u0301 a\u0300 l&rsquo;assemble\u0301e nationale. Il se pre\u0301sente comme le \u00ab\u00a0candidat de la jeunesse et de l&rsquo;espoir\u00a0\u00bb.<\/p>\n<p>Ne\u0301 en 1961 a\u0300 Dakar, Malick Gackou est un e\u0301conomiste. Il a obtenu un doctorat en sciences e\u0301conomiques a\u0300 l&rsquo;universite\u0301 de Varsovie. Il e\u0301te\u0301 ministre des sports en 2012 puis ministre du commerce et de l&rsquo;Industrie et du Secteur informel en 2013. Il est aujourd&rsquo;hui administrateurs de plusieurs socie\u0301te\u0301s prive\u0301es.<\/p>\n<p>Thierno Alassane Sall est inge\u0301nieur en te\u0301le\u0301communications et en aviation civile. Il travaille ensuite a\u0300 l\u2019Agence pour la se\u0301curite\u0301 de la navigation ae\u0301rienne en Afrique et a\u0300 Madagascar (ASECNA), base\u0301e a\u0300 Dakar<\/p>\n<p>Mamadou Diao, 54 ans, est un candidat inde\u0301pendant. Il a e\u0301te\u0301 le directeur de la Caisse des de\u0301po\u0302ts et consignations du pays. Il e\u0301tait dans la majorite\u0301 pre\u0301sidentielle. Il refuse la candidature d&rsquo;Amadou Ba et se pre\u0301sente comme un dissident du camp pre\u0301sidentiel.<\/p>\n<p><strong>Pour plus d&rsquo;informations et d&rsquo;analyses sur la <a href=\"https:\/\/www.africa-press.net\/senegal\">Senegal<\/a>, suivez <a href=\"https:\/\/www.africa-press.net\/\">Africa-Press<\/a><\/strong><\/p>\n","protected":false},"excerpt":{"rendered":"<p>Africa-Press &#8211; Senegal. Le Se\u0301ne\u0301gal est entre\u0301 en campagne, un sprint de deux semaines pour sortir de plusieurs mois de crise et choisir son cinquie\u0300me pre\u0301sident, lors d&rsquo;une e\u0301lection inde\u0301cise comme jamais. Le Conseil constitutionnel a valide\u0301 19 candidatures. Tour d&rsquo;horizon des 19 pre\u0301tendants a\u0300 la magistrature supre\u0302me. Amadou Ba, le candidat du camp pre\u0301sidentiel [&hellip;]<\/p>\n","protected":false},"author":82,"featured_media":57088,"comment_status":"open","ping_status":"closed","sticky":false,"template":"","format":"standard","meta":{"footnotes":""},"categories":[7,10],"tags":[43,47,44],"class_list":["post-57089","post","type-post","status-publish","format-standard","has-post-thumbnail","hentry","category-dossiers","category-toutes-les-actualites","tag-africa-press-2","tag-africa-press-senegal","tag-senegal-2"],"yoast_head":"<!-- This site is optimized with the Yoast SEO Premium plugin v26.1 (Yoast SEO v27.0) - https:\/\/yoast.com\/product\/yoast-seo-premium-wordpress\/ -->\n<title>\u00c9lection pr\u00e9sidentielle au S\u00e9n\u00e9gal : qui sont les 19 candidats ? - Senegal<\/title>\n<meta name=\"description\" content=\"Le Se\u0301ne\u0301gal est entre\u0301 en campagne, un sprint de deux semaines pour sortir de plusieurs mois de crise et choisir son ci ...\" \/>\n<meta name=\"robots\" content=\"index, follow, max-snippet:-1, max-image-preview:large, max-video-preview:-1\" \/>\n<link rel=\"canonical\" href=\"https:\/\/www.africa-press.net\/senegal\/dossiers\/election-presidentielle-au-senegal-qui-sont-les-19-candidats\" \/>\n<meta property=\"og:locale\" content=\"fr_FR\" \/>\n<meta property=\"og:type\" content=\"article\" \/>\n<meta property=\"og:title\" content=\"\u00c9lection pr\u00e9sidentielle au S\u00e9n\u00e9gal : qui sont les 19 candidats ?\" \/>\n<meta property=\"og:description\" content=\"Le Se\u0301ne\u0301gal est entre\u0301 en campagne, un sprint de deux semaines pour sortir de plusieurs mois de crise et choisir son ci ...\" \/>\n<meta property=\"og:url\" content=\"https:\/\/www.africa-press.net\/senegal\/dossiers\/election-presidentielle-au-senegal-qui-sont-les-19-candidats\" \/>\n<meta property=\"og:site_name\" content=\"Senegal\" \/>\n<meta property=\"article:published_time\" content=\"2024-03-20T09:40:06+00:00\" \/>\n<meta property=\"article:modified_time\" content=\"2024-03-20T10:54:25+00:00\" \/>\n<meta property=\"og:image\" content=\"https:\/\/static.africa-press.net\/senegal\/sites\/13\/2024\/03\/sm_1710915814.853637.jpg\" \/>\n\t<meta property=\"og:image:width\" content=\"970\" \/>\n\t<meta property=\"og:image:height\" content=\"637\" \/>\n\t<meta property=\"og:image:type\" content=\"image\/jpeg\" \/>\n<meta name=\"author\" content=\"cfeditorfr\" \/>\n<meta name=\"twitter:card\" content=\"summary_large_image\" \/>\n<meta name=\"twitter:label1\" content=\"\u00c9crit par\" \/>\n\t<meta name=\"twitter:data1\" content=\"cfeditorfr\" \/>\n\t<meta name=\"twitter:label2\" content=\"Dur\u00e9e de lecture estim\u00e9e\" \/>\n\t<meta name=\"twitter:data2\" content=\"10 minutes\" \/>\n<script type=\"application\/ld+json\" class=\"yoast-schema-graph\">{\"@context\":\"https:\/\/schema.org\",\"@graph\":[{\"@type\":\"Article\",\"@id\":\"https:\/\/www.africa-press.net\/senegal\/dossiers\/election-presidentielle-au-senegal-qui-sont-les-19-candidats#article\",\"isPartOf\":{\"@id\":\"https:\/\/www.africa-press.net\/senegal\/dossiers\/election-presidentielle-au-senegal-qui-sont-les-19-candidats\"},\"author\":{\"name\":\"cfeditorfr\",\"@id\":\"https:\/\/www.africa-press.net\/senegal\/#\/schema\/person\/2b1cf3cd81a31e3cd26889ca66d677f1\"},\"headline\":\"\u00c9lection pr\u00e9sidentielle au S\u00e9n\u00e9gal : qui sont les 19 candidats ?\",\"datePublished\":\"2024-03-20T09:40:06+00:00\",\"dateModified\":\"2024-03-20T10:54:25+00:00\",\"mainEntityOfPage\":{\"@id\":\"https:\/\/www.africa-press.net\/senegal\/dossiers\/election-presidentielle-au-senegal-qui-sont-les-19-candidats\"},\"wordCount\":1810,\"commentCount\":0,\"image\":{\"@id\":\"https:\/\/www.africa-press.net\/senegal\/dossiers\/election-presidentielle-au-senegal-qui-sont-les-19-candidats#primaryimage\"},\"thumbnailUrl\":\"https:\/\/static.africa-press.net\/senegal\/sites\/13\/2024\/03\/sm_1710915814.853637.jpg\",\"keywords\":[\"Africa Press\",\"Africa Press-Senegal\",\"Senegal\"],\"articleSection\":[\"Dossiers\",\"Toutes les actualit\u00e9s\"],\"inLanguage\":\"fr-FR\",\"potentialAction\":[{\"@type\":\"CommentAction\",\"name\":\"Comment\",\"target\":[\"https:\/\/www.africa-press.net\/senegal\/dossiers\/election-presidentielle-au-senegal-qui-sont-les-19-candidats#respond\"]}]},{\"@type\":\"WebPage\",\"@id\":\"https:\/\/www.africa-press.net\/senegal\/dossiers\/election-presidentielle-au-senegal-qui-sont-les-19-candidats\",\"url\":\"https:\/\/www.africa-press.net\/senegal\/dossiers\/election-presidentielle-au-senegal-qui-sont-les-19-candidats\",\"name\":\"\u00c9lection pr\u00e9sidentielle au S\u00e9n\u00e9gal : qui sont les 19 candidats ? - Senegal\",\"isPartOf\":{\"@id\":\"https:\/\/www.africa-press.net\/senegal\/#website\"},\"primaryImageOfPage\":{\"@id\":\"https:\/\/www.africa-press.net\/senegal\/dossiers\/election-presidentielle-au-senegal-qui-sont-les-19-candidats#primaryimage\"},\"image\":{\"@id\":\"https:\/\/www.africa-press.net\/senegal\/dossiers\/election-presidentielle-au-senegal-qui-sont-les-19-candidats#primaryimage\"},\"thumbnailUrl\":\"https:\/\/static.africa-press.net\/senegal\/sites\/13\/2024\/03\/sm_1710915814.853637.jpg\",\"datePublished\":\"2024-03-20T09:40:06+00:00\",\"dateModified\":\"2024-03-20T10:54:25+00:00\",\"author\":{\"@id\":\"https:\/\/www.africa-press.net\/senegal\/#\/schema\/person\/2b1cf3cd81a31e3cd26889ca66d677f1\"},\"description\":\"Le Se\u0301ne\u0301gal est entre\u0301 en campagne, un sprint de deux semaines pour sortir de plusieurs mois de crise et choisir son ci ...\",\"breadcrumb\":{\"@id\":\"https:\/\/www.africa-press.net\/senegal\/dossiers\/election-presidentielle-au-senegal-qui-sont-les-19-candidats#breadcrumb\"},\"inLanguage\":\"fr-FR\",\"potentialAction\":[{\"@type\":\"ReadAction\",\"target\":[\"https:\/\/www.africa-press.net\/senegal\/dossiers\/election-presidentielle-au-senegal-qui-sont-les-19-candidats\"]}]},{\"@type\":\"ImageObject\",\"inLanguage\":\"fr-FR\",\"@id\":\"https:\/\/www.africa-press.net\/senegal\/dossiers\/election-presidentielle-au-senegal-qui-sont-les-19-candidats#primaryimage\",\"url\":\"https:\/\/static.africa-press.net\/senegal\/sites\/13\/2024\/03\/sm_1710915814.853637.jpg\",\"contentUrl\":\"https:\/\/static.africa-press.net\/senegal\/sites\/13\/2024\/03\/sm_1710915814.853637.jpg\",\"width\":970,\"height\":637,\"caption\":\"\u00c9lection pr\u00e9sidentielle au S\u00e9n\u00e9gal : qui sont les 19 candidats ?\"},{\"@type\":\"BreadcrumbList\",\"@id\":\"https:\/\/www.africa-press.net\/senegal\/dossiers\/election-presidentielle-au-senegal-qui-sont-les-19-candidats#breadcrumb\",\"itemListElement\":[{\"@type\":\"ListItem\",\"position\":1,\"name\":\"Accueil\",\"item\":\"https:\/\/www.africa-press.net\/senegal\/\"},{\"@type\":\"ListItem\",\"position\":2,\"name\":\"\u00c9lection pr\u00e9sidentielle au S\u00e9n\u00e9gal : qui sont les 19 candidats ?\"}]},{\"@type\":\"WebSite\",\"@id\":\"https:\/\/www.africa-press.net\/senegal\/#website\",\"url\":\"https:\/\/www.africa-press.net\/senegal\/\",\"name\":\"Africa Press | Senegal | Homepage\",\"description\":\"Just another Africa News Agency Sites site\",\"potentialAction\":[{\"@type\":\"SearchAction\",\"target\":{\"@type\":\"EntryPoint\",\"urlTemplate\":\"https:\/\/www.africa-press.net\/senegal\/?s={search_term_string}\"},\"query-input\":{\"@type\":\"PropertyValueSpecification\",\"valueRequired\":true,\"valueName\":\"search_term_string\"}}],\"inLanguage\":\"fr-FR\"},{\"@type\":\"Person\",\"@id\":\"https:\/\/www.africa-press.net\/senegal\/#\/schema\/person\/2b1cf3cd81a31e3cd26889ca66d677f1\",\"name\":\"cfeditorfr\",\"url\":\"https:\/\/www.africa-press.net\/senegal\/author\/cfeditorfr\"}]}<\/script>\n<!-- \/ Yoast SEO Premium plugin. -->","yoast_head_json":{"title":"\u00c9lection pr\u00e9sidentielle au S\u00e9n\u00e9gal : qui sont les 19 candidats ? - Senegal","description":"Le Se\u0301ne\u0301gal est entre\u0301 en campagne, un sprint de deux semaines pour sortir de plusieurs mois de crise et choisir son ci ...","robots":{"index":"index","follow":"follow","max-snippet":"max-snippet:-1","max-image-preview":"max-image-preview:large","max-video-preview":"max-video-preview:-1"},"canonical":"https:\/\/www.africa-press.net\/senegal\/dossiers\/election-presidentielle-au-senegal-qui-sont-les-19-candidats","og_locale":"fr_FR","og_type":"article","og_title":"\u00c9lection pr\u00e9sidentielle au S\u00e9n\u00e9gal : qui sont les 19 candidats ?","og_description":"Le Se\u0301ne\u0301gal est entre\u0301 en campagne, un sprint de deux semaines pour sortir de plusieurs mois de crise et choisir son ci ...","og_url":"https:\/\/www.africa-press.net\/senegal\/dossiers\/election-presidentielle-au-senegal-qui-sont-les-19-candidats","og_site_name":"Senegal","article_published_time":"2024-03-20T09:40:06+00:00","article_modified_time":"2024-03-20T10:54:25+00:00","og_image":[{"width":970,"height":637,"url":"https:\/\/static.africa-press.net\/senegal\/sites\/13\/2024\/03\/sm_1710915814.853637.jpg","type":"image\/jpeg"}],"author":"cfeditorfr","twitter_card":"summary_large_image","twitter_misc":{"\u00c9crit par":"cfeditorfr","Dur\u00e9e de lecture estim\u00e9e":"10 minutes"},"schema":{"@context":"https:\/\/schema.org","@graph":[{"@type":"Article","@id":"https:\/\/www.africa-press.net\/senegal\/dossiers\/election-presidentielle-au-senegal-qui-sont-les-19-candidats#article","isPartOf":{"@id":"https:\/\/www.africa-press.net\/senegal\/dossiers\/election-presidentielle-au-senegal-qui-sont-les-19-candidats"},"author":{"name":"cfeditorfr","@id":"https:\/\/www.africa-press.net\/senegal\/#\/schema\/person\/2b1cf3cd81a31e3cd26889ca66d677f1"},"headline":"\u00c9lection pr\u00e9sidentielle au S\u00e9n\u00e9gal : qui sont les 19 candidats ?","datePublished":"2024-03-20T09:40:06+00:00","dateModified":"2024-03-20T10:54:25+00:00","mainEntityOfPage":{"@id":"https:\/\/www.africa-press.net\/senegal\/dossiers\/election-presidentielle-au-senegal-qui-sont-les-19-candidats"},"wordCount":1810,"commentCount":0,"image":{"@id":"https:\/\/www.africa-press.net\/senegal\/dossiers\/election-presidentielle-au-senegal-qui-sont-les-19-candidats#primaryimage"},"thumbnailUrl":"https:\/\/static.africa-press.net\/senegal\/sites\/13\/2024\/03\/sm_1710915814.853637.jpg","keywords":["Africa Press","Africa Press-Senegal","Senegal"],"articleSection":["Dossiers","Toutes les actualit\u00e9s"],"inLanguage":"fr-FR","potentialAction":[{"@type":"CommentAction","name":"Comment","target":["https:\/\/www.africa-press.net\/senegal\/dossiers\/election-presidentielle-au-senegal-qui-sont-les-19-candidats#respond"]}]},{"@type":"WebPage","@id":"https:\/\/www.africa-press.net\/senegal\/dossiers\/election-presidentielle-au-senegal-qui-sont-les-19-candidats","url":"https:\/\/www.africa-press.net\/senegal\/dossiers\/election-presidentielle-au-senegal-qui-sont-les-19-candidats","name":"\u00c9lection pr\u00e9sidentielle au S\u00e9n\u00e9gal : qui sont les 19 candidats ? - Senegal","isPartOf":{"@id":"https:\/\/www.africa-press.net\/senegal\/#website"},"primaryImageOfPage":{"@id":"https:\/\/www.africa-press.net\/senegal\/dossiers\/election-presidentielle-au-senegal-qui-sont-les-19-candidats#primaryimage"},"image":{"@id":"https:\/\/www.africa-press.net\/senegal\/dossiers\/election-presidentielle-au-senegal-qui-sont-les-19-candidats#primaryimage"},"thumbnailUrl":"https:\/\/static.africa-press.net\/senegal\/sites\/13\/2024\/03\/sm_1710915814.853637.jpg","datePublished":"2024-03-20T09:40:06+00:00","dateModified":"2024-03-20T10:54:25+00:00","author":{"@id":"https:\/\/www.africa-press.net\/senegal\/#\/schema\/person\/2b1cf3cd81a31e3cd26889ca66d677f1"},"description":"Le Se\u0301ne\u0301gal est entre\u0301 en campagne, un sprint de deux semaines pour sortir de plusieurs mois de crise et choisir son ci ...","breadcrumb":{"@id":"https:\/\/www.africa-press.net\/senegal\/dossiers\/election-presidentielle-au-senegal-qui-sont-les-19-candidats#breadcrumb"},"inLanguage":"fr-FR","potentialAction":[{"@type":"ReadAction","target":["https:\/\/www.africa-press.net\/senegal\/dossiers\/election-presidentielle-au-senegal-qui-sont-les-19-candidats"]}]},{"@type":"ImageObject","inLanguage":"fr-FR","@id":"https:\/\/www.africa-press.net\/senegal\/dossiers\/election-presidentielle-au-senegal-qui-sont-les-19-candidats#primaryimage","url":"https:\/\/static.africa-press.net\/senegal\/sites\/13\/2024\/03\/sm_1710915814.853637.jpg","contentUrl":"https:\/\/static.africa-press.net\/senegal\/sites\/13\/2024\/03\/sm_1710915814.853637.jpg","width":970,"height":637,"caption":"\u00c9lection pr\u00e9sidentielle au S\u00e9n\u00e9gal : qui sont les 19 candidats ?"},{"@type":"BreadcrumbList","@id":"https:\/\/www.africa-press.net\/senegal\/dossiers\/election-presidentielle-au-senegal-qui-sont-les-19-candidats#breadcrumb","itemListElement":[{"@type":"ListItem","position":1,"name":"Accueil","item":"https:\/\/www.africa-press.net\/senegal\/"},{"@type":"ListItem","position":2,"name":"\u00c9lection pr\u00e9sidentielle au S\u00e9n\u00e9gal : qui sont les 19 candidats ?"}]},{"@type":"WebSite","@id":"https:\/\/www.africa-press.net\/senegal\/#website","url":"https:\/\/www.africa-press.net\/senegal\/","name":"Africa Press | Senegal | Homepage","description":"Just another Africa News Agency Sites site","potentialAction":[{"@type":"SearchAction","target":{"@type":"EntryPoint","urlTemplate":"https:\/\/www.africa-press.net\/senegal\/?s={search_term_string}"},"query-input":{"@type":"PropertyValueSpecification","valueRequired":true,"valueName":"search_term_string"}}],"inLanguage":"fr-FR"},{"@type":"Person","@id":"https:\/\/www.africa-press.net\/senegal\/#\/schema\/person\/2b1cf3cd81a31e3cd26889ca66d677f1","name":"cfeditorfr","url":"https:\/\/www.africa-press.net\/senegal\/author\/cfeditorfr"}]}},"_links":{"self":[{"href":"https:\/\/www.africa-press.net\/senegal\/wp-json\/wp\/v2\/posts\/57089","targetHints":{"allow":["GET"]}}],"collection":[{"href":"https:\/\/www.africa-press.net\/senegal\/wp-json\/wp\/v2\/posts"}],"about":[{"href":"https:\/\/www.africa-press.net\/senegal\/wp-json\/wp\/v2\/types\/post"}],"author":[{"embeddable":true,"href":"https:\/\/www.africa-press.net\/senegal\/wp-json\/wp\/v2\/users\/82"}],"replies":[{"embeddable":true,"href":"https:\/\/www.africa-press.net\/senegal\/wp-json\/wp\/v2\/comments?post=57089"}],"version-history":[{"count":0,"href":"https:\/\/www.africa-press.net\/senegal\/wp-json\/wp\/v2\/posts\/57089\/revisions"}],"wp:featuredmedia":[{"embeddable":true,"href":"https:\/\/www.africa-press.net\/senegal\/wp-json\/wp\/v2\/media\/57088"}],"wp:attachment":[{"href":"https:\/\/www.africa-press.net\/senegal\/wp-json\/wp\/v2\/media?parent=57089"}],"wp:term":[{"taxonomy":"category","embeddable":true,"href":"https:\/\/www.africa-press.net\/senegal\/wp-json\/wp\/v2\/categories?post=57089"},{"taxonomy":"post_tag","embeddable":true,"href":"https:\/\/www.africa-press.net\/senegal\/wp-json\/wp\/v2\/tags?post=57089"}],"curies":[{"name":"wp","href":"https:\/\/api.w.org\/{rel}","templated":true}]}}