{"id":57117,"date":"2024-03-20T12:18:03","date_gmt":"2024-03-20T12:18:03","guid":{"rendered":"https:\/\/www.africa-press.net\/senegal\/politique\/macky-sall-se-defend-detre-responsable-du-chaos-electoral"},"modified":"2024-03-21T03:32:13","modified_gmt":"2024-03-21T03:32:13","slug":"macky-sall-se-defend-detre-responsable-du-chaos-electoral","status":"publish","type":"post","link":"https:\/\/www.africa-press.net\/senegal\/politique\/macky-sall-se-defend-detre-responsable-du-chaos-electoral","title":{"rendered":"Macky Sall se d\u00e9fend d&rsquo;\u00eatre responsable du chaos \u00e9lectoral"},"content":{"rendered":"<p><span style=\"color: #ff6600\"><strong>Africa-Press &#8211; Senegal. <\/strong><\/span>Le pre\u0301sident du Se\u0301ne\u0301gal a de\u0301clare\u0301 a\u0300 la BBC qu&rsquo;il ne regrettait pas d&rsquo;avoir retarde\u0301 les e\u0301lections de cette anne\u0301e, une de\u0301cision qui avait de\u0301clenche\u0301 des manifestations meurtrie\u0300res.<\/p>\n<p>Le vote aura donc lieu dimanche, un mois apre\u0300s la date initialement pre\u0301vue.<\/p>\n<p>Macky Sall a de\u0301clare\u0301 qu&rsquo;il n&rsquo;avait pas pris cette de\u0301cision seul, mais qu&rsquo;il re\u0301pondait aux pre\u0301occupations exprime\u0301es par les parlementaires.<\/p>\n<p>\u00a0\u00bb Si l&rsquo;Assemble\u0301e nationale n&rsquo;avait pas vote\u0301 la loi et renvoye\u0301 le dossier devant moi, il n&rsquo;y aurait pas eu de report de l&rsquo;e\u0301lection \u00ab\u00a0, a-t-il de\u0301clare\u0301. Il a ajoute\u0301: \u00ab\u00a0Je suis vraiment surpris par les jugements de valeur porte\u0301s sur moi. Si je voulais rester, je serais simplement candidat. En Afrique, tout le monde peut avoir cinq mandats s&rsquo;il le souhaite.<\/p>\n<p>Le pre\u0301sident Macky Sall a de\u0301ja\u0300 effectue\u0301 deux mandats, soit le maximum autorise\u0301 par la constitution se\u0301ne\u0301galaise.<\/p>\n<p>Dans l&rsquo;entretien qu&rsquo;il a accorde\u0301 a\u0300 la BBC, il a re\u0301ite\u0301re\u0301 sa promesse de ne pas de\u0301passer la dure\u0301e de son mandat.<\/p>\n<p>\u00ab\u00a0Si le prochain pre\u0301sident n&rsquo;est pas e\u0301lu le 24 [mars], je partirai de toute fac\u0327on le 2 avril. C&rsquo;est la date limite et je n&rsquo;ai pas l&rsquo;intention de rester un jour de plus\u00a0\u00bb, a-t-il de\u0301clare\u0301.<\/p>\n<p><strong>Pour plus d&rsquo;informations et d&rsquo;analyses sur la <a href=\"https:\/\/www.africa-press.net\/senegal\">Senegal<\/a>, suivez <a href=\"https:\/\/www.africa-press.net\/\">Africa-Press<\/a><\/strong><\/p>\n","protected":false},"excerpt":{"rendered":"<p>Africa-Press &#8211; Senegal. Le pre\u0301sident du Se\u0301ne\u0301gal a de\u0301clare\u0301 a\u0300 la BBC qu&rsquo;il ne regrettait pas d&rsquo;avoir retarde\u0301 les e\u0301lections de cette anne\u0301e, une de\u0301cision qui avait de\u0301clenche\u0301 des manifestations meurtrie\u0300res. Le vote aura donc lieu dimanche, un mois apre\u0300s la date initialement pre\u0301vue. Macky Sall a de\u0301clare\u0301 qu&rsquo;il n&rsquo;avait pas pris cette de\u0301cision seul, [&hellip;]<\/p>\n","protected":false},"author":82,"featured_media":57116,"comment_status":"open","ping_status":"closed","sticky":false,"template":"","format":"standard","meta":{"footnotes":""},"categories":[2,20,10],"tags":[43,47,44],"class_list":["post-57117","post","type-post","status-publish","format-standard","has-post-thumbnail","hentry","category-politique","category-top-nouvelles","category-toutes-les-actualites","tag-africa-press-2","tag-africa-press-senegal","tag-senegal-2"],"yoast_head":"<!-- This site is optimized with the Yoast SEO Premium plugin v26.1 (Yoast SEO v27.0) - https:\/\/yoast.com\/product\/yoast-seo-premium-wordpress\/ -->\n<title>Macky Sall se d\u00e9fend d&#039;\u00eatre responsable du chaos \u00e9lectoral - Senegal<\/title>\n<meta name=\"description\" content=\"Le pre\u0301sident du Se\u0301ne\u0301gal a de\u0301clare\u0301 a\u0300 la BBC qu&#039;il ne regrettait pas d&#039;avoir retarde\u0301 les e\u0301lections de cette anne\u0301e ...\" \/>\n<meta name=\"robots\" content=\"index, follow, max-snippet:-1, max-image-preview:large, max-video-preview:-1\" \/>\n<link rel=\"canonical\" href=\"https:\/\/www.africa-press.net\/senegal\/politique\/macky-sall-se-defend-detre-responsable-du-chaos-electoral\" \/>\n<meta property=\"og:locale\" content=\"fr_FR\" \/>\n<meta property=\"og:type\" content=\"article\" \/>\n<meta property=\"og:title\" content=\"Macky Sall se d\u00e9fend d&#039;\u00eatre responsable du chaos \u00e9lectoral\" \/>\n<meta property=\"og:description\" content=\"Le pre\u0301sident du Se\u0301ne\u0301gal a de\u0301clare\u0301 a\u0300 la BBC qu&#039;il ne regrettait pas d&#039;avoir retarde\u0301 les e\u0301lections de cette anne\u0301e ...\" \/>\n<meta property=\"og:url\" content=\"https:\/\/www.africa-press.net\/senegal\/politique\/macky-sall-se-defend-detre-responsable-du-chaos-electoral\" \/>\n<meta property=\"og:site_name\" content=\"Senegal\" \/>\n<meta property=\"article:published_time\" content=\"2024-03-20T12:18:03+00:00\" \/>\n<meta property=\"article:modified_time\" content=\"2024-03-21T03:32:13+00:00\" \/>\n<meta property=\"og:image\" content=\"https:\/\/static.africa-press.net\/senegal\/sites\/13\/2024\/03\/sm_1710975523.500297.jpg\" \/>\n\t<meta property=\"og:image:width\" content=\"1024\" \/>\n\t<meta property=\"og:image:height\" content=\"576\" \/>\n\t<meta property=\"og:image:type\" content=\"image\/jpeg\" \/>\n<meta name=\"author\" content=\"cfeditorfr\" \/>\n<meta name=\"twitter:card\" content=\"summary_large_image\" \/>\n<meta name=\"twitter:label1\" content=\"\u00c9crit par\" \/>\n\t<meta name=\"twitter:data1\" content=\"cfeditorfr\" \/>\n\t<meta name=\"twitter:label2\" content=\"Dur\u00e9e de lecture estim\u00e9e\" \/>\n\t<meta name=\"twitter:data2\" content=\"2 minutes\" \/>\n<script type=\"application\/ld+json\" class=\"yoast-schema-graph\">{\"@context\":\"https:\/\/schema.org\",\"@graph\":[{\"@type\":\"Article\",\"@id\":\"https:\/\/www.africa-press.net\/senegal\/politique\/macky-sall-se-defend-detre-responsable-du-chaos-electoral#article\",\"isPartOf\":{\"@id\":\"https:\/\/www.africa-press.net\/senegal\/politique\/macky-sall-se-defend-detre-responsable-du-chaos-electoral\"},\"author\":{\"name\":\"cfeditorfr\",\"@id\":\"https:\/\/www.africa-press.net\/senegal\/#\/schema\/person\/2b1cf3cd81a31e3cd26889ca66d677f1\"},\"headline\":\"Macky Sall se d\u00e9fend d&rsquo;\u00eatre responsable du chaos \u00e9lectoral\",\"datePublished\":\"2024-03-20T12:18:03+00:00\",\"dateModified\":\"2024-03-21T03:32:13+00:00\",\"mainEntityOfPage\":{\"@id\":\"https:\/\/www.africa-press.net\/senegal\/politique\/macky-sall-se-defend-detre-responsable-du-chaos-electoral\"},\"wordCount\":267,\"commentCount\":0,\"image\":{\"@id\":\"https:\/\/www.africa-press.net\/senegal\/politique\/macky-sall-se-defend-detre-responsable-du-chaos-electoral#primaryimage\"},\"thumbnailUrl\":\"https:\/\/static.africa-press.net\/senegal\/sites\/13\/2024\/03\/sm_1710975523.500297.jpg\",\"keywords\":[\"Africa Press\",\"Africa Press-Senegal\",\"Senegal\"],\"articleSection\":[\"Politique\",\"Top Nouvelles\",\"Toutes les actualit\u00e9s\"],\"inLanguage\":\"fr-FR\",\"potentialAction\":[{\"@type\":\"CommentAction\",\"name\":\"Comment\",\"target\":[\"https:\/\/www.africa-press.net\/senegal\/politique\/macky-sall-se-defend-detre-responsable-du-chaos-electoral#respond\"]}]},{\"@type\":\"WebPage\",\"@id\":\"https:\/\/www.africa-press.net\/senegal\/politique\/macky-sall-se-defend-detre-responsable-du-chaos-electoral\",\"url\":\"https:\/\/www.africa-press.net\/senegal\/politique\/macky-sall-se-defend-detre-responsable-du-chaos-electoral\",\"name\":\"Macky Sall se d\u00e9fend d'\u00eatre responsable du chaos \u00e9lectoral - Senegal\",\"isPartOf\":{\"@id\":\"https:\/\/www.africa-press.net\/senegal\/#website\"},\"primaryImageOfPage\":{\"@id\":\"https:\/\/www.africa-press.net\/senegal\/politique\/macky-sall-se-defend-detre-responsable-du-chaos-electoral#primaryimage\"},\"image\":{\"@id\":\"https:\/\/www.africa-press.net\/senegal\/politique\/macky-sall-se-defend-detre-responsable-du-chaos-electoral#primaryimage\"},\"thumbnailUrl\":\"https:\/\/static.africa-press.net\/senegal\/sites\/13\/2024\/03\/sm_1710975523.500297.jpg\",\"datePublished\":\"2024-03-20T12:18:03+00:00\",\"dateModified\":\"2024-03-21T03:32:13+00:00\",\"author\":{\"@id\":\"https:\/\/www.africa-press.net\/senegal\/#\/schema\/person\/2b1cf3cd81a31e3cd26889ca66d677f1\"},\"description\":\"Le pre\u0301sident du Se\u0301ne\u0301gal a de\u0301clare\u0301 a\u0300 la BBC qu'il ne regrettait pas d'avoir retarde\u0301 les e\u0301lections de cette anne\u0301e ...\",\"breadcrumb\":{\"@id\":\"https:\/\/www.africa-press.net\/senegal\/politique\/macky-sall-se-defend-detre-responsable-du-chaos-electoral#breadcrumb\"},\"inLanguage\":\"fr-FR\",\"potentialAction\":[{\"@type\":\"ReadAction\",\"target\":[\"https:\/\/www.africa-press.net\/senegal\/politique\/macky-sall-se-defend-detre-responsable-du-chaos-electoral\"]}]},{\"@type\":\"ImageObject\",\"inLanguage\":\"fr-FR\",\"@id\":\"https:\/\/www.africa-press.net\/senegal\/politique\/macky-sall-se-defend-detre-responsable-du-chaos-electoral#primaryimage\",\"url\":\"https:\/\/static.africa-press.net\/senegal\/sites\/13\/2024\/03\/sm_1710975523.500297.jpg\",\"contentUrl\":\"https:\/\/static.africa-press.net\/senegal\/sites\/13\/2024\/03\/sm_1710975523.500297.jpg\",\"width\":1024,\"height\":576,\"caption\":\"Macky Sall se d\u00e9fend d'\u00eatre responsable du chaos \u00e9lectoral\"},{\"@type\":\"BreadcrumbList\",\"@id\":\"https:\/\/www.africa-press.net\/senegal\/politique\/macky-sall-se-defend-detre-responsable-du-chaos-electoral#breadcrumb\",\"itemListElement\":[{\"@type\":\"ListItem\",\"position\":1,\"name\":\"Accueil\",\"item\":\"https:\/\/www.africa-press.net\/senegal\/\"},{\"@type\":\"ListItem\",\"position\":2,\"name\":\"Macky Sall se d\u00e9fend d&#8217;\u00eatre responsable du chaos \u00e9lectoral\"}]},{\"@type\":\"WebSite\",\"@id\":\"https:\/\/www.africa-press.net\/senegal\/#website\",\"url\":\"https:\/\/www.africa-press.net\/senegal\/\",\"name\":\"Africa Press | Senegal | Homepage\",\"description\":\"Just another Africa News Agency Sites site\",\"potentialAction\":[{\"@type\":\"SearchAction\",\"target\":{\"@type\":\"EntryPoint\",\"urlTemplate\":\"https:\/\/www.africa-press.net\/senegal\/?s={search_term_string}\"},\"query-input\":{\"@type\":\"PropertyValueSpecification\",\"valueRequired\":true,\"valueName\":\"search_term_string\"}}],\"inLanguage\":\"fr-FR\"},{\"@type\":\"Person\",\"@id\":\"https:\/\/www.africa-press.net\/senegal\/#\/schema\/person\/2b1cf3cd81a31e3cd26889ca66d677f1\",\"name\":\"cfeditorfr\",\"url\":\"https:\/\/www.africa-press.net\/senegal\/author\/cfeditorfr\"}]}<\/script>\n<!-- \/ Yoast SEO Premium plugin. -->","yoast_head_json":{"title":"Macky Sall se d\u00e9fend d'\u00eatre responsable du chaos \u00e9lectoral - Senegal","description":"Le pre\u0301sident du Se\u0301ne\u0301gal a de\u0301clare\u0301 a\u0300 la BBC qu'il ne regrettait pas d'avoir retarde\u0301 les e\u0301lections de cette anne\u0301e ...","robots":{"index":"index","follow":"follow","max-snippet":"max-snippet:-1","max-image-preview":"max-image-preview:large","max-video-preview":"max-video-preview:-1"},"canonical":"https:\/\/www.africa-press.net\/senegal\/politique\/macky-sall-se-defend-detre-responsable-du-chaos-electoral","og_locale":"fr_FR","og_type":"article","og_title":"Macky Sall se d\u00e9fend d'\u00eatre responsable du chaos \u00e9lectoral","og_description":"Le pre\u0301sident du Se\u0301ne\u0301gal a de\u0301clare\u0301 a\u0300 la BBC qu'il ne regrettait pas d'avoir retarde\u0301 les e\u0301lections de cette anne\u0301e ...","og_url":"https:\/\/www.africa-press.net\/senegal\/politique\/macky-sall-se-defend-detre-responsable-du-chaos-electoral","og_site_name":"Senegal","article_published_time":"2024-03-20T12:18:03+00:00","article_modified_time":"2024-03-21T03:32:13+00:00","og_image":[{"width":1024,"height":576,"url":"https:\/\/static.africa-press.net\/senegal\/sites\/13\/2024\/03\/sm_1710975523.500297.jpg","type":"image\/jpeg"}],"author":"cfeditorfr","twitter_card":"summary_large_image","twitter_misc":{"\u00c9crit par":"cfeditorfr","Dur\u00e9e de lecture estim\u00e9e":"2 minutes"},"schema":{"@context":"https:\/\/schema.org","@graph":[{"@type":"Article","@id":"https:\/\/www.africa-press.net\/senegal\/politique\/macky-sall-se-defend-detre-responsable-du-chaos-electoral#article","isPartOf":{"@id":"https:\/\/www.africa-press.net\/senegal\/politique\/macky-sall-se-defend-detre-responsable-du-chaos-electoral"},"author":{"name":"cfeditorfr","@id":"https:\/\/www.africa-press.net\/senegal\/#\/schema\/person\/2b1cf3cd81a31e3cd26889ca66d677f1"},"headline":"Macky Sall se d\u00e9fend d&rsquo;\u00eatre responsable du chaos \u00e9lectoral","datePublished":"2024-03-20T12:18:03+00:00","dateModified":"2024-03-21T03:32:13+00:00","mainEntityOfPage":{"@id":"https:\/\/www.africa-press.net\/senegal\/politique\/macky-sall-se-defend-detre-responsable-du-chaos-electoral"},"wordCount":267,"commentCount":0,"image":{"@id":"https:\/\/www.africa-press.net\/senegal\/politique\/macky-sall-se-defend-detre-responsable-du-chaos-electoral#primaryimage"},"thumbnailUrl":"https:\/\/static.africa-press.net\/senegal\/sites\/13\/2024\/03\/sm_1710975523.500297.jpg","keywords":["Africa Press","Africa Press-Senegal","Senegal"],"articleSection":["Politique","Top Nouvelles","Toutes les actualit\u00e9s"],"inLanguage":"fr-FR","potentialAction":[{"@type":"CommentAction","name":"Comment","target":["https:\/\/www.africa-press.net\/senegal\/politique\/macky-sall-se-defend-detre-responsable-du-chaos-electoral#respond"]}]},{"@type":"WebPage","@id":"https:\/\/www.africa-press.net\/senegal\/politique\/macky-sall-se-defend-detre-responsable-du-chaos-electoral","url":"https:\/\/www.africa-press.net\/senegal\/politique\/macky-sall-se-defend-detre-responsable-du-chaos-electoral","name":"Macky Sall se d\u00e9fend d'\u00eatre responsable du chaos \u00e9lectoral - Senegal","isPartOf":{"@id":"https:\/\/www.africa-press.net\/senegal\/#website"},"primaryImageOfPage":{"@id":"https:\/\/www.africa-press.net\/senegal\/politique\/macky-sall-se-defend-detre-responsable-du-chaos-electoral#primaryimage"},"image":{"@id":"https:\/\/www.africa-press.net\/senegal\/politique\/macky-sall-se-defend-detre-responsable-du-chaos-electoral#primaryimage"},"thumbnailUrl":"https:\/\/static.africa-press.net\/senegal\/sites\/13\/2024\/03\/sm_1710975523.500297.jpg","datePublished":"2024-03-20T12:18:03+00:00","dateModified":"2024-03-21T03:32:13+00:00","author":{"@id":"https:\/\/www.africa-press.net\/senegal\/#\/schema\/person\/2b1cf3cd81a31e3cd26889ca66d677f1"},"description":"Le pre\u0301sident du Se\u0301ne\u0301gal a de\u0301clare\u0301 a\u0300 la BBC qu'il ne regrettait pas d'avoir retarde\u0301 les e\u0301lections de cette anne\u0301e ...","breadcrumb":{"@id":"https:\/\/www.africa-press.net\/senegal\/politique\/macky-sall-se-defend-detre-responsable-du-chaos-electoral#breadcrumb"},"inLanguage":"fr-FR","potentialAction":[{"@type":"ReadAction","target":["https:\/\/www.africa-press.net\/senegal\/politique\/macky-sall-se-defend-detre-responsable-du-chaos-electoral"]}]},{"@type":"ImageObject","inLanguage":"fr-FR","@id":"https:\/\/www.africa-press.net\/senegal\/politique\/macky-sall-se-defend-detre-responsable-du-chaos-electoral#primaryimage","url":"https:\/\/static.africa-press.net\/senegal\/sites\/13\/2024\/03\/sm_1710975523.500297.jpg","contentUrl":"https:\/\/static.africa-press.net\/senegal\/sites\/13\/2024\/03\/sm_1710975523.500297.jpg","width":1024,"height":576,"caption":"Macky Sall se d\u00e9fend d'\u00eatre responsable du chaos \u00e9lectoral"},{"@type":"BreadcrumbList","@id":"https:\/\/www.africa-press.net\/senegal\/politique\/macky-sall-se-defend-detre-responsable-du-chaos-electoral#breadcrumb","itemListElement":[{"@type":"ListItem","position":1,"name":"Accueil","item":"https:\/\/www.africa-press.net\/senegal\/"},{"@type":"ListItem","position":2,"name":"Macky Sall se d\u00e9fend d&#8217;\u00eatre responsable du chaos \u00e9lectoral"}]},{"@type":"WebSite","@id":"https:\/\/www.africa-press.net\/senegal\/#website","url":"https:\/\/www.africa-press.net\/senegal\/","name":"Africa Press | Senegal | Homepage","description":"Just another Africa News Agency Sites site","potentialAction":[{"@type":"SearchAction","target":{"@type":"EntryPoint","urlTemplate":"https:\/\/www.africa-press.net\/senegal\/?s={search_term_string}"},"query-input":{"@type":"PropertyValueSpecification","valueRequired":true,"valueName":"search_term_string"}}],"inLanguage":"fr-FR"},{"@type":"Person","@id":"https:\/\/www.africa-press.net\/senegal\/#\/schema\/person\/2b1cf3cd81a31e3cd26889ca66d677f1","name":"cfeditorfr","url":"https:\/\/www.africa-press.net\/senegal\/author\/cfeditorfr"}]}},"_links":{"self":[{"href":"https:\/\/www.africa-press.net\/senegal\/wp-json\/wp\/v2\/posts\/57117","targetHints":{"allow":["GET"]}}],"collection":[{"href":"https:\/\/www.africa-press.net\/senegal\/wp-json\/wp\/v2\/posts"}],"about":[{"href":"https:\/\/www.africa-press.net\/senegal\/wp-json\/wp\/v2\/types\/post"}],"author":[{"embeddable":true,"href":"https:\/\/www.africa-press.net\/senegal\/wp-json\/wp\/v2\/users\/82"}],"replies":[{"embeddable":true,"href":"https:\/\/www.africa-press.net\/senegal\/wp-json\/wp\/v2\/comments?post=57117"}],"version-history":[{"count":0,"href":"https:\/\/www.africa-press.net\/senegal\/wp-json\/wp\/v2\/posts\/57117\/revisions"}],"wp:featuredmedia":[{"embeddable":true,"href":"https:\/\/www.africa-press.net\/senegal\/wp-json\/wp\/v2\/media\/57116"}],"wp:attachment":[{"href":"https:\/\/www.africa-press.net\/senegal\/wp-json\/wp\/v2\/media?parent=57117"}],"wp:term":[{"taxonomy":"category","embeddable":true,"href":"https:\/\/www.africa-press.net\/senegal\/wp-json\/wp\/v2\/categories?post=57117"},{"taxonomy":"post_tag","embeddable":true,"href":"https:\/\/www.africa-press.net\/senegal\/wp-json\/wp\/v2\/tags?post=57117"}],"curies":[{"name":"wp","href":"https:\/\/api.w.org\/{rel}","templated":true}]}}