{"id":57136,"date":"2024-03-21T20:14:14","date_gmt":"2024-03-21T20:14:14","guid":{"rendered":"https:\/\/www.africa-press.net\/senegal\/politique\/election-presidentielle-aliou-mamadou-dia-veut-reconstruire-thiadiaye"},"modified":"2024-03-22T02:00:57","modified_gmt":"2024-03-22T02:00:57","slug":"election-presidentielle-aliou-mamadou-dia-veut-reconstruire-thiadiaye","status":"publish","type":"post","link":"https:\/\/www.africa-press.net\/senegal\/politique\/election-presidentielle-aliou-mamadou-dia-veut-reconstruire-thiadiaye","title":{"rendered":"\u00c9lection pr\u00e9sidentielle : Aliou Mamadou Dia veut reconstruire Thiadiaye"},"content":{"rendered":"<p><span style=\"color: #ff6600\"><strong>Africa-Press &#8211; Senegal. <\/strong><\/span>En meeting dans son fief a\u0300 Thiadiaye, Aliou Mamadou Dia, candidat du PUR, a pre\u0301sente\u0301 la future premie\u0300re dame a\u0300 la population de Thiadiaye. \u00ab\u00a0La primeur est re\u0301serve\u0301e a\u0300 vous population de Thiadiaye.<\/p>\n<p>Je vous pre\u0301sente la premie\u0300re dame du Se\u0301ne\u0301gal\u00a0\u00bb, a soutenu Aliou Mamadou Dia. Passe\u0301 cela, il assure qu&rsquo;il veut remporter les e\u0301lections a\u0300 200% de\u0300s le premier tour que ce soit a\u0300 Thiadiaye, Mbour, Thie\u0300s et le Se\u0301ne\u0301gal en entier.<\/p>\n<p>\u00ab\u00a0Que Thiadiaye vote ou non pour moi, je vais le reconstruire. Tous les politiciens qui avaient occupe\u0301 des postes ministe\u0301riels n&rsquo;ont jamais aide\u0301 la population.<\/p>\n<p>Les femmes sont laisse\u0301es a\u0300 elles-me\u0302mes, elles ne be\u0301ne\u0301ficient pas de financement. Si je suis e\u0301lu, Thiadiaye acce\u0301dera au de\u0301veloppement, il sera connu dans le monde entier\u00a0\u00bb, promet le candidat Aliou Mamadou Dia, au milieu des siens.<\/p>\n<p>Il ajoute: \u00ab\u00a0le Centre de sante\u0301 est vide. Il n&rsquo;y a absolument rien. L&rsquo;e\u0301cole ou\u0300 j&rsquo;ai fait mes e\u0301tudes est reste\u0301e telle que je l&rsquo;avais connue enfant.<\/p>\n<p>Ce n&rsquo;est pas des postes qui nous motivent mais nous voulons que le Se\u0301ne\u0301gal soit parmi les pays de\u0301veloppe\u0301s. E\u0301lu, je m&rsquo;y attelerai car il n&rsquo;y a que le de\u0301veloppement du Se\u0301ne\u0301gal qui nous tient a\u0300 c\u0153ur\u00a0\u00bb. Il promet de tout mettre en \u0153uvre pour le de\u0301veloppement du Se\u0301ne\u0301gal.<\/p>\n<p><strong>Pour plus d&rsquo;informations et d&rsquo;analyses sur la <a href=\"https:\/\/www.africa-press.net\/senegal\">Senegal<\/a>, suivez <a href=\"https:\/\/www.africa-press.net\/\">Africa-Press<\/a><\/strong><\/p>\n","protected":false},"excerpt":{"rendered":"<p>Africa-Press &#8211; Senegal. En meeting dans son fief a\u0300 Thiadiaye, Aliou Mamadou Dia, candidat du PUR, a pre\u0301sente\u0301 la future premie\u0300re dame a\u0300 la population de Thiadiaye. \u00ab\u00a0La primeur est re\u0301serve\u0301e a\u0300 vous population de Thiadiaye. Je vous pre\u0301sente la premie\u0300re dame du Se\u0301ne\u0301gal\u00a0\u00bb, a soutenu Aliou Mamadou Dia. Passe\u0301 cela, il assure qu&rsquo;il veut [&hellip;]<\/p>\n","protected":false},"author":82,"featured_media":57135,"comment_status":"open","ping_status":"closed","sticky":false,"template":"","format":"standard","meta":{"footnotes":""},"categories":[2,10],"tags":[43,47,44],"class_list":["post-57136","post","type-post","status-publish","format-standard","has-post-thumbnail","hentry","category-politique","category-toutes-les-actualites","tag-africa-press-2","tag-africa-press-senegal","tag-senegal-2"],"yoast_head":"<!-- This site is optimized with the Yoast SEO Premium plugin v26.1 (Yoast SEO v27.0) - https:\/\/yoast.com\/product\/yoast-seo-premium-wordpress\/ -->\n<title>\u00c9lection pr\u00e9sidentielle : Aliou Mamadou Dia veut reconstruire Thiadiaye - Senegal<\/title>\n<meta name=\"description\" content=\"En meeting dans son fief a\u0300 Thiadiaye, Aliou Mamadou Dia, candidat du PUR, a pre\u0301sente\u0301 la future premie\u0300re dame a\u0300 la p ...\" \/>\n<meta name=\"robots\" content=\"index, follow, max-snippet:-1, max-image-preview:large, max-video-preview:-1\" \/>\n<link rel=\"canonical\" href=\"https:\/\/www.africa-press.net\/senegal\/politique\/election-presidentielle-aliou-mamadou-dia-veut-reconstruire-thiadiaye\" \/>\n<meta property=\"og:locale\" content=\"fr_FR\" \/>\n<meta property=\"og:type\" content=\"article\" \/>\n<meta property=\"og:title\" content=\"\u00c9lection pr\u00e9sidentielle : Aliou Mamadou Dia veut reconstruire Thiadiaye\" \/>\n<meta property=\"og:description\" content=\"En meeting dans son fief a\u0300 Thiadiaye, Aliou Mamadou Dia, candidat du PUR, a pre\u0301sente\u0301 la future premie\u0300re dame a\u0300 la p ...\" \/>\n<meta property=\"og:url\" content=\"https:\/\/www.africa-press.net\/senegal\/politique\/election-presidentielle-aliou-mamadou-dia-veut-reconstruire-thiadiaye\" \/>\n<meta property=\"og:site_name\" content=\"Senegal\" \/>\n<meta property=\"article:published_time\" content=\"2024-03-21T20:14:14+00:00\" \/>\n<meta property=\"article:modified_time\" content=\"2024-03-22T02:00:57+00:00\" \/>\n<meta property=\"og:image\" content=\"https:\/\/static.africa-press.net\/senegal\/sites\/13\/2024\/03\/sm_1711056499.644861.jpg\" \/>\n\t<meta property=\"og:image:width\" content=\"1297\" \/>\n\t<meta property=\"og:image:height\" content=\"632\" \/>\n\t<meta property=\"og:image:type\" content=\"image\/jpeg\" \/>\n<meta name=\"author\" content=\"cfeditorfr\" \/>\n<meta name=\"twitter:card\" content=\"summary_large_image\" \/>\n<meta name=\"twitter:label1\" content=\"\u00c9crit par\" \/>\n\t<meta name=\"twitter:data1\" content=\"cfeditorfr\" \/>\n\t<meta name=\"twitter:label2\" content=\"Dur\u00e9e de lecture estim\u00e9e\" \/>\n\t<meta name=\"twitter:data2\" content=\"1 minute\" \/>\n<script type=\"application\/ld+json\" class=\"yoast-schema-graph\">{\"@context\":\"https:\/\/schema.org\",\"@graph\":[{\"@type\":\"Article\",\"@id\":\"https:\/\/www.africa-press.net\/senegal\/politique\/election-presidentielle-aliou-mamadou-dia-veut-reconstruire-thiadiaye#article\",\"isPartOf\":{\"@id\":\"https:\/\/www.africa-press.net\/senegal\/politique\/election-presidentielle-aliou-mamadou-dia-veut-reconstruire-thiadiaye\"},\"author\":{\"name\":\"cfeditorfr\",\"@id\":\"https:\/\/www.africa-press.net\/senegal\/#\/schema\/person\/2b1cf3cd81a31e3cd26889ca66d677f1\"},\"headline\":\"\u00c9lection pr\u00e9sidentielle : Aliou Mamadou Dia veut reconstruire Thiadiaye\",\"datePublished\":\"2024-03-21T20:14:14+00:00\",\"dateModified\":\"2024-03-22T02:00:57+00:00\",\"mainEntityOfPage\":{\"@id\":\"https:\/\/www.africa-press.net\/senegal\/politique\/election-presidentielle-aliou-mamadou-dia-veut-reconstruire-thiadiaye\"},\"wordCount\":279,\"commentCount\":0,\"image\":{\"@id\":\"https:\/\/www.africa-press.net\/senegal\/politique\/election-presidentielle-aliou-mamadou-dia-veut-reconstruire-thiadiaye#primaryimage\"},\"thumbnailUrl\":\"https:\/\/static.africa-press.net\/senegal\/sites\/13\/2024\/03\/sm_1711056499.644861.jpg\",\"keywords\":[\"Africa Press\",\"Africa Press-Senegal\",\"Senegal\"],\"articleSection\":[\"Politique\",\"Toutes les actualit\u00e9s\"],\"inLanguage\":\"fr-FR\",\"potentialAction\":[{\"@type\":\"CommentAction\",\"name\":\"Comment\",\"target\":[\"https:\/\/www.africa-press.net\/senegal\/politique\/election-presidentielle-aliou-mamadou-dia-veut-reconstruire-thiadiaye#respond\"]}]},{\"@type\":\"WebPage\",\"@id\":\"https:\/\/www.africa-press.net\/senegal\/politique\/election-presidentielle-aliou-mamadou-dia-veut-reconstruire-thiadiaye\",\"url\":\"https:\/\/www.africa-press.net\/senegal\/politique\/election-presidentielle-aliou-mamadou-dia-veut-reconstruire-thiadiaye\",\"name\":\"\u00c9lection pr\u00e9sidentielle : Aliou Mamadou Dia veut reconstruire Thiadiaye - Senegal\",\"isPartOf\":{\"@id\":\"https:\/\/www.africa-press.net\/senegal\/#website\"},\"primaryImageOfPage\":{\"@id\":\"https:\/\/www.africa-press.net\/senegal\/politique\/election-presidentielle-aliou-mamadou-dia-veut-reconstruire-thiadiaye#primaryimage\"},\"image\":{\"@id\":\"https:\/\/www.africa-press.net\/senegal\/politique\/election-presidentielle-aliou-mamadou-dia-veut-reconstruire-thiadiaye#primaryimage\"},\"thumbnailUrl\":\"https:\/\/static.africa-press.net\/senegal\/sites\/13\/2024\/03\/sm_1711056499.644861.jpg\",\"datePublished\":\"2024-03-21T20:14:14+00:00\",\"dateModified\":\"2024-03-22T02:00:57+00:00\",\"author\":{\"@id\":\"https:\/\/www.africa-press.net\/senegal\/#\/schema\/person\/2b1cf3cd81a31e3cd26889ca66d677f1\"},\"description\":\"En meeting dans son fief a\u0300 Thiadiaye, Aliou Mamadou Dia, candidat du PUR, a pre\u0301sente\u0301 la future premie\u0300re dame a\u0300 la p ...\",\"breadcrumb\":{\"@id\":\"https:\/\/www.africa-press.net\/senegal\/politique\/election-presidentielle-aliou-mamadou-dia-veut-reconstruire-thiadiaye#breadcrumb\"},\"inLanguage\":\"fr-FR\",\"potentialAction\":[{\"@type\":\"ReadAction\",\"target\":[\"https:\/\/www.africa-press.net\/senegal\/politique\/election-presidentielle-aliou-mamadou-dia-veut-reconstruire-thiadiaye\"]}]},{\"@type\":\"ImageObject\",\"inLanguage\":\"fr-FR\",\"@id\":\"https:\/\/www.africa-press.net\/senegal\/politique\/election-presidentielle-aliou-mamadou-dia-veut-reconstruire-thiadiaye#primaryimage\",\"url\":\"https:\/\/static.africa-press.net\/senegal\/sites\/13\/2024\/03\/sm_1711056499.644861.jpg\",\"contentUrl\":\"https:\/\/static.africa-press.net\/senegal\/sites\/13\/2024\/03\/sm_1711056499.644861.jpg\",\"width\":1297,\"height\":632,\"caption\":\"\u00c9lection pr\u00e9sidentielle : Aliou Mamadou Dia veut reconstruire Thiadiaye\"},{\"@type\":\"BreadcrumbList\",\"@id\":\"https:\/\/www.africa-press.net\/senegal\/politique\/election-presidentielle-aliou-mamadou-dia-veut-reconstruire-thiadiaye#breadcrumb\",\"itemListElement\":[{\"@type\":\"ListItem\",\"position\":1,\"name\":\"Accueil\",\"item\":\"https:\/\/www.africa-press.net\/senegal\/\"},{\"@type\":\"ListItem\",\"position\":2,\"name\":\"\u00c9lection pr\u00e9sidentielle : Aliou Mamadou Dia veut reconstruire Thiadiaye\"}]},{\"@type\":\"WebSite\",\"@id\":\"https:\/\/www.africa-press.net\/senegal\/#website\",\"url\":\"https:\/\/www.africa-press.net\/senegal\/\",\"name\":\"Africa Press | Senegal | Homepage\",\"description\":\"Just another Africa News Agency Sites site\",\"potentialAction\":[{\"@type\":\"SearchAction\",\"target\":{\"@type\":\"EntryPoint\",\"urlTemplate\":\"https:\/\/www.africa-press.net\/senegal\/?s={search_term_string}\"},\"query-input\":{\"@type\":\"PropertyValueSpecification\",\"valueRequired\":true,\"valueName\":\"search_term_string\"}}],\"inLanguage\":\"fr-FR\"},{\"@type\":\"Person\",\"@id\":\"https:\/\/www.africa-press.net\/senegal\/#\/schema\/person\/2b1cf3cd81a31e3cd26889ca66d677f1\",\"name\":\"cfeditorfr\",\"url\":\"https:\/\/www.africa-press.net\/senegal\/author\/cfeditorfr\"}]}<\/script>\n<!-- \/ Yoast SEO Premium plugin. -->","yoast_head_json":{"title":"\u00c9lection pr\u00e9sidentielle : Aliou Mamadou Dia veut reconstruire Thiadiaye - Senegal","description":"En meeting dans son fief a\u0300 Thiadiaye, Aliou Mamadou Dia, candidat du PUR, a pre\u0301sente\u0301 la future premie\u0300re dame a\u0300 la p ...","robots":{"index":"index","follow":"follow","max-snippet":"max-snippet:-1","max-image-preview":"max-image-preview:large","max-video-preview":"max-video-preview:-1"},"canonical":"https:\/\/www.africa-press.net\/senegal\/politique\/election-presidentielle-aliou-mamadou-dia-veut-reconstruire-thiadiaye","og_locale":"fr_FR","og_type":"article","og_title":"\u00c9lection pr\u00e9sidentielle : Aliou Mamadou Dia veut reconstruire Thiadiaye","og_description":"En meeting dans son fief a\u0300 Thiadiaye, Aliou Mamadou Dia, candidat du PUR, a pre\u0301sente\u0301 la future premie\u0300re dame a\u0300 la p ...","og_url":"https:\/\/www.africa-press.net\/senegal\/politique\/election-presidentielle-aliou-mamadou-dia-veut-reconstruire-thiadiaye","og_site_name":"Senegal","article_published_time":"2024-03-21T20:14:14+00:00","article_modified_time":"2024-03-22T02:00:57+00:00","og_image":[{"width":1297,"height":632,"url":"https:\/\/static.africa-press.net\/senegal\/sites\/13\/2024\/03\/sm_1711056499.644861.jpg","type":"image\/jpeg"}],"author":"cfeditorfr","twitter_card":"summary_large_image","twitter_misc":{"\u00c9crit par":"cfeditorfr","Dur\u00e9e de lecture estim\u00e9e":"1 minute"},"schema":{"@context":"https:\/\/schema.org","@graph":[{"@type":"Article","@id":"https:\/\/www.africa-press.net\/senegal\/politique\/election-presidentielle-aliou-mamadou-dia-veut-reconstruire-thiadiaye#article","isPartOf":{"@id":"https:\/\/www.africa-press.net\/senegal\/politique\/election-presidentielle-aliou-mamadou-dia-veut-reconstruire-thiadiaye"},"author":{"name":"cfeditorfr","@id":"https:\/\/www.africa-press.net\/senegal\/#\/schema\/person\/2b1cf3cd81a31e3cd26889ca66d677f1"},"headline":"\u00c9lection pr\u00e9sidentielle : Aliou Mamadou Dia veut reconstruire Thiadiaye","datePublished":"2024-03-21T20:14:14+00:00","dateModified":"2024-03-22T02:00:57+00:00","mainEntityOfPage":{"@id":"https:\/\/www.africa-press.net\/senegal\/politique\/election-presidentielle-aliou-mamadou-dia-veut-reconstruire-thiadiaye"},"wordCount":279,"commentCount":0,"image":{"@id":"https:\/\/www.africa-press.net\/senegal\/politique\/election-presidentielle-aliou-mamadou-dia-veut-reconstruire-thiadiaye#primaryimage"},"thumbnailUrl":"https:\/\/static.africa-press.net\/senegal\/sites\/13\/2024\/03\/sm_1711056499.644861.jpg","keywords":["Africa Press","Africa Press-Senegal","Senegal"],"articleSection":["Politique","Toutes les actualit\u00e9s"],"inLanguage":"fr-FR","potentialAction":[{"@type":"CommentAction","name":"Comment","target":["https:\/\/www.africa-press.net\/senegal\/politique\/election-presidentielle-aliou-mamadou-dia-veut-reconstruire-thiadiaye#respond"]}]},{"@type":"WebPage","@id":"https:\/\/www.africa-press.net\/senegal\/politique\/election-presidentielle-aliou-mamadou-dia-veut-reconstruire-thiadiaye","url":"https:\/\/www.africa-press.net\/senegal\/politique\/election-presidentielle-aliou-mamadou-dia-veut-reconstruire-thiadiaye","name":"\u00c9lection pr\u00e9sidentielle : Aliou Mamadou Dia veut reconstruire Thiadiaye - Senegal","isPartOf":{"@id":"https:\/\/www.africa-press.net\/senegal\/#website"},"primaryImageOfPage":{"@id":"https:\/\/www.africa-press.net\/senegal\/politique\/election-presidentielle-aliou-mamadou-dia-veut-reconstruire-thiadiaye#primaryimage"},"image":{"@id":"https:\/\/www.africa-press.net\/senegal\/politique\/election-presidentielle-aliou-mamadou-dia-veut-reconstruire-thiadiaye#primaryimage"},"thumbnailUrl":"https:\/\/static.africa-press.net\/senegal\/sites\/13\/2024\/03\/sm_1711056499.644861.jpg","datePublished":"2024-03-21T20:14:14+00:00","dateModified":"2024-03-22T02:00:57+00:00","author":{"@id":"https:\/\/www.africa-press.net\/senegal\/#\/schema\/person\/2b1cf3cd81a31e3cd26889ca66d677f1"},"description":"En meeting dans son fief a\u0300 Thiadiaye, Aliou Mamadou Dia, candidat du PUR, a pre\u0301sente\u0301 la future premie\u0300re dame a\u0300 la p ...","breadcrumb":{"@id":"https:\/\/www.africa-press.net\/senegal\/politique\/election-presidentielle-aliou-mamadou-dia-veut-reconstruire-thiadiaye#breadcrumb"},"inLanguage":"fr-FR","potentialAction":[{"@type":"ReadAction","target":["https:\/\/www.africa-press.net\/senegal\/politique\/election-presidentielle-aliou-mamadou-dia-veut-reconstruire-thiadiaye"]}]},{"@type":"ImageObject","inLanguage":"fr-FR","@id":"https:\/\/www.africa-press.net\/senegal\/politique\/election-presidentielle-aliou-mamadou-dia-veut-reconstruire-thiadiaye#primaryimage","url":"https:\/\/static.africa-press.net\/senegal\/sites\/13\/2024\/03\/sm_1711056499.644861.jpg","contentUrl":"https:\/\/static.africa-press.net\/senegal\/sites\/13\/2024\/03\/sm_1711056499.644861.jpg","width":1297,"height":632,"caption":"\u00c9lection pr\u00e9sidentielle : Aliou Mamadou Dia veut reconstruire Thiadiaye"},{"@type":"BreadcrumbList","@id":"https:\/\/www.africa-press.net\/senegal\/politique\/election-presidentielle-aliou-mamadou-dia-veut-reconstruire-thiadiaye#breadcrumb","itemListElement":[{"@type":"ListItem","position":1,"name":"Accueil","item":"https:\/\/www.africa-press.net\/senegal\/"},{"@type":"ListItem","position":2,"name":"\u00c9lection pr\u00e9sidentielle : Aliou Mamadou Dia veut reconstruire Thiadiaye"}]},{"@type":"WebSite","@id":"https:\/\/www.africa-press.net\/senegal\/#website","url":"https:\/\/www.africa-press.net\/senegal\/","name":"Africa Press | Senegal | Homepage","description":"Just another Africa News Agency Sites site","potentialAction":[{"@type":"SearchAction","target":{"@type":"EntryPoint","urlTemplate":"https:\/\/www.africa-press.net\/senegal\/?s={search_term_string}"},"query-input":{"@type":"PropertyValueSpecification","valueRequired":true,"valueName":"search_term_string"}}],"inLanguage":"fr-FR"},{"@type":"Person","@id":"https:\/\/www.africa-press.net\/senegal\/#\/schema\/person\/2b1cf3cd81a31e3cd26889ca66d677f1","name":"cfeditorfr","url":"https:\/\/www.africa-press.net\/senegal\/author\/cfeditorfr"}]}},"_links":{"self":[{"href":"https:\/\/www.africa-press.net\/senegal\/wp-json\/wp\/v2\/posts\/57136","targetHints":{"allow":["GET"]}}],"collection":[{"href":"https:\/\/www.africa-press.net\/senegal\/wp-json\/wp\/v2\/posts"}],"about":[{"href":"https:\/\/www.africa-press.net\/senegal\/wp-json\/wp\/v2\/types\/post"}],"author":[{"embeddable":true,"href":"https:\/\/www.africa-press.net\/senegal\/wp-json\/wp\/v2\/users\/82"}],"replies":[{"embeddable":true,"href":"https:\/\/www.africa-press.net\/senegal\/wp-json\/wp\/v2\/comments?post=57136"}],"version-history":[{"count":0,"href":"https:\/\/www.africa-press.net\/senegal\/wp-json\/wp\/v2\/posts\/57136\/revisions"}],"wp:featuredmedia":[{"embeddable":true,"href":"https:\/\/www.africa-press.net\/senegal\/wp-json\/wp\/v2\/media\/57135"}],"wp:attachment":[{"href":"https:\/\/www.africa-press.net\/senegal\/wp-json\/wp\/v2\/media?parent=57136"}],"wp:term":[{"taxonomy":"category","embeddable":true,"href":"https:\/\/www.africa-press.net\/senegal\/wp-json\/wp\/v2\/categories?post=57136"},{"taxonomy":"post_tag","embeddable":true,"href":"https:\/\/www.africa-press.net\/senegal\/wp-json\/wp\/v2\/tags?post=57136"}],"curies":[{"name":"wp","href":"https:\/\/api.w.org\/{rel}","templated":true}]}}