{"id":57146,"date":"2024-03-21T20:25:47","date_gmt":"2024-03-21T20:25:47","guid":{"rendered":"https:\/\/www.africa-press.net\/senegal\/politique\/abdoulaye-diagne-mene-une-mobilisation-reussie-pour-lelection-damadou-ba-au-premier-tour"},"modified":"2024-03-22T02:02:13","modified_gmt":"2024-03-22T02:02:13","slug":"abdoulaye-diagne-mene-une-mobilisation-reussie-pour-lelection-damadou-ba-au-premier-tour","status":"publish","type":"post","link":"https:\/\/www.africa-press.net\/senegal\/politique\/abdoulaye-diagne-mene-une-mobilisation-reussie-pour-lelection-damadou-ba-au-premier-tour","title":{"rendered":"Abdoulaye Diagne m\u00e8ne une mobilisation r\u00e9ussie pour l&rsquo;\u00e9lection d&rsquo;Amadou Ba au premier tour"},"content":{"rendered":"<p><span style=\"color: #ff6600\"><strong>Africa-Press &#8211; Senegal. <\/strong><\/span>Dans une de\u0301monstration de dynamisme et d&rsquo;engagement politique, Abdoulaye Diagne, de\u0301pute\u0301 de Fatick, a re\u0301cemment mene\u0301 une campagne de mobilisation impressionnante dans les communaute\u0301s de Ndiop et de Fatick. Son objectif e\u0301tait clair: assurer la victoire d&rsquo;Amadou Ba de\u0300s le premier tour de l&rsquo;e\u0301lection a\u0300 venir. A\u0300 Ndiop, une commune anime\u0301e par une jeunesse active et motive\u0301e, Abdoulaye Diagne a su rassembler les jeunes de tous horizons pour soutenir la candidature d&rsquo;Amadou Ba.<\/p>\n<p>Avec charisme et conviction, il a su transmettre sa vision et son soutien au candidat de Benno Bokk Yaakaar, suscitant ainsi un e\u0301lan de solidarite\u0301 et d&rsquo;enthousiasme parmi les habitants de la re\u0301gion. Lors des rassemblements a\u0300 Fatick qui a accueilli Amadou Ba, Abdoulaye Diagne a e\u0301te\u0301 l&rsquo;un fer de lance les plus visible de cette mobilisation sans pre\u0301ce\u0301dent. Les jeunes, inspire\u0301s par son leadership et sa de\u0301termination, ont re\u0301pondu massivement a\u0300 son appel, se joignant a\u0300 lui pour promouvoir la candidature d&rsquo;Amadou Ba.<\/p>\n<p>Le de\u0301pute\u0301 a su galvaniser les foules et cre\u0301er une ve\u0301ritable dynamique de campagne, mobilisant des jeunes de tous genres pour soutenir le candidat. Cette mobilisation exceptionnelle, la e\u0301nie\u0300me du genre pour le jeune de\u0301pute\u0301, de\u0301montre le pouvoir de la jeunesse dans le processus de\u0301mocratique et souligne l&rsquo;importance d&rsquo;un leadership politique dynamique et inclusif. Gra\u0302ce a\u0300 des leaders comme Abdoulaye Diagne, qui savent inspirer et mobiliser les jeunes ge\u0301ne\u0301rations, il est possible de cre\u0301er un changement positif et constructif dans nos socie\u0301te\u0301s.<\/p>\n<p>La campagne mene\u0301e par Abdoulaye Diagne pour la victoire d&rsquo;Amadou Ba au premier tour de l&rsquo;e\u0301lection a e\u0301te\u0301 un succe\u0300s retentissant, mettant en lumie\u0300re le potentiel et l&rsquo;impact des jeunes dans la vie politique. Leur engagement et leur de\u0301termination sont des forces essentielles pour construire un avenir meilleur et plus inclusif pour tous.<\/p>\n<p><strong>Pour plus d&rsquo;informations et d&rsquo;analyses sur la <a href=\"https:\/\/www.africa-press.net\/senegal\">Senegal<\/a>, suivez <a href=\"https:\/\/www.africa-press.net\/\">Africa-Press<\/a><\/strong><\/p>\n","protected":false},"excerpt":{"rendered":"<p>Africa-Press &#8211; Senegal. Dans une de\u0301monstration de dynamisme et d&rsquo;engagement politique, Abdoulaye Diagne, de\u0301pute\u0301 de Fatick, a re\u0301cemment mene\u0301 une campagne de mobilisation impressionnante dans les communaute\u0301s de Ndiop et de Fatick. Son objectif e\u0301tait clair: assurer la victoire d&rsquo;Amadou Ba de\u0300s le premier tour de l&rsquo;e\u0301lection a\u0300 venir. A\u0300 Ndiop, une commune anime\u0301e par [&hellip;]<\/p>\n","protected":false},"author":82,"featured_media":57144,"comment_status":"open","ping_status":"closed","sticky":false,"template":"","format":"standard","meta":{"footnotes":""},"categories":[2,10],"tags":[43,47,44],"class_list":["post-57146","post","type-post","status-publish","format-standard","has-post-thumbnail","hentry","category-politique","category-toutes-les-actualites","tag-africa-press-2","tag-africa-press-senegal","tag-senegal-2"],"yoast_head":"<!-- This site is optimized with the Yoast SEO Premium plugin v26.1 (Yoast SEO v27.0) - https:\/\/yoast.com\/product\/yoast-seo-premium-wordpress\/ -->\n<title>Abdoulaye Diagne m\u00e8ne une mobilisation r\u00e9ussie pour l&#039;\u00e9lection d&#039;Amadou Ba au premier tour - Senegal<\/title>\n<meta name=\"description\" content=\"Dans une de\u0301monstration de dynamisme et d&#039;engagement politique, Abdoulaye Diagne, de\u0301pute\u0301 de Fatick, a re\u0301cemment mene\u0301 ...\" \/>\n<meta name=\"robots\" content=\"index, follow, max-snippet:-1, max-image-preview:large, max-video-preview:-1\" \/>\n<link rel=\"canonical\" href=\"https:\/\/www.africa-press.net\/senegal\/politique\/abdoulaye-diagne-mene-une-mobilisation-reussie-pour-lelection-damadou-ba-au-premier-tour\" \/>\n<meta property=\"og:locale\" content=\"fr_FR\" \/>\n<meta property=\"og:type\" content=\"article\" \/>\n<meta property=\"og:title\" content=\"Abdoulaye Diagne m\u00e8ne une mobilisation r\u00e9ussie pour l&#039;\u00e9lection d&#039;Amadou Ba au premier tour\" \/>\n<meta property=\"og:description\" content=\"Dans une de\u0301monstration de dynamisme et d&#039;engagement politique, Abdoulaye Diagne, de\u0301pute\u0301 de Fatick, a re\u0301cemment mene\u0301 ...\" \/>\n<meta property=\"og:url\" content=\"https:\/\/www.africa-press.net\/senegal\/politique\/abdoulaye-diagne-mene-une-mobilisation-reussie-pour-lelection-damadou-ba-au-premier-tour\" \/>\n<meta property=\"og:site_name\" content=\"Senegal\" \/>\n<meta property=\"article:published_time\" content=\"2024-03-21T20:25:47+00:00\" \/>\n<meta property=\"article:modified_time\" content=\"2024-03-22T02:02:13+00:00\" \/>\n<meta property=\"og:image\" content=\"https:\/\/static.africa-press.net\/senegal\/sites\/13\/2024\/03\/sm_1711056651.412056.jpg\" \/>\n\t<meta property=\"og:image:width\" content=\"1184\" \/>\n\t<meta property=\"og:image:height\" content=\"575\" \/>\n\t<meta property=\"og:image:type\" content=\"image\/jpeg\" \/>\n<meta name=\"author\" content=\"cfeditorfr\" \/>\n<meta name=\"twitter:card\" content=\"summary_large_image\" \/>\n<meta name=\"twitter:label1\" content=\"\u00c9crit par\" \/>\n\t<meta name=\"twitter:data1\" content=\"cfeditorfr\" \/>\n\t<meta name=\"twitter:label2\" content=\"Dur\u00e9e de lecture estim\u00e9e\" \/>\n\t<meta name=\"twitter:data2\" content=\"2 minutes\" \/>\n<script type=\"application\/ld+json\" class=\"yoast-schema-graph\">{\"@context\":\"https:\/\/schema.org\",\"@graph\":[{\"@type\":\"Article\",\"@id\":\"https:\/\/www.africa-press.net\/senegal\/politique\/abdoulaye-diagne-mene-une-mobilisation-reussie-pour-lelection-damadou-ba-au-premier-tour#article\",\"isPartOf\":{\"@id\":\"https:\/\/www.africa-press.net\/senegal\/politique\/abdoulaye-diagne-mene-une-mobilisation-reussie-pour-lelection-damadou-ba-au-premier-tour\"},\"author\":{\"name\":\"cfeditorfr\",\"@id\":\"https:\/\/www.africa-press.net\/senegal\/#\/schema\/person\/2b1cf3cd81a31e3cd26889ca66d677f1\"},\"headline\":\"Abdoulaye Diagne m\u00e8ne une mobilisation r\u00e9ussie pour l&rsquo;\u00e9lection d&rsquo;Amadou Ba au premier tour\",\"datePublished\":\"2024-03-21T20:25:47+00:00\",\"dateModified\":\"2024-03-22T02:02:13+00:00\",\"mainEntityOfPage\":{\"@id\":\"https:\/\/www.africa-press.net\/senegal\/politique\/abdoulaye-diagne-mene-une-mobilisation-reussie-pour-lelection-damadou-ba-au-premier-tour\"},\"wordCount\":373,\"commentCount\":0,\"image\":{\"@id\":\"https:\/\/www.africa-press.net\/senegal\/politique\/abdoulaye-diagne-mene-une-mobilisation-reussie-pour-lelection-damadou-ba-au-premier-tour#primaryimage\"},\"thumbnailUrl\":\"https:\/\/static.africa-press.net\/senegal\/sites\/13\/2024\/03\/sm_1711056651.412056.jpg\",\"keywords\":[\"Africa Press\",\"Africa Press-Senegal\",\"Senegal\"],\"articleSection\":[\"Politique\",\"Toutes les actualit\u00e9s\"],\"inLanguage\":\"fr-FR\",\"potentialAction\":[{\"@type\":\"CommentAction\",\"name\":\"Comment\",\"target\":[\"https:\/\/www.africa-press.net\/senegal\/politique\/abdoulaye-diagne-mene-une-mobilisation-reussie-pour-lelection-damadou-ba-au-premier-tour#respond\"]}]},{\"@type\":\"WebPage\",\"@id\":\"https:\/\/www.africa-press.net\/senegal\/politique\/abdoulaye-diagne-mene-une-mobilisation-reussie-pour-lelection-damadou-ba-au-premier-tour\",\"url\":\"https:\/\/www.africa-press.net\/senegal\/politique\/abdoulaye-diagne-mene-une-mobilisation-reussie-pour-lelection-damadou-ba-au-premier-tour\",\"name\":\"Abdoulaye Diagne m\u00e8ne une mobilisation r\u00e9ussie pour l'\u00e9lection d'Amadou Ba au premier tour - Senegal\",\"isPartOf\":{\"@id\":\"https:\/\/www.africa-press.net\/senegal\/#website\"},\"primaryImageOfPage\":{\"@id\":\"https:\/\/www.africa-press.net\/senegal\/politique\/abdoulaye-diagne-mene-une-mobilisation-reussie-pour-lelection-damadou-ba-au-premier-tour#primaryimage\"},\"image\":{\"@id\":\"https:\/\/www.africa-press.net\/senegal\/politique\/abdoulaye-diagne-mene-une-mobilisation-reussie-pour-lelection-damadou-ba-au-premier-tour#primaryimage\"},\"thumbnailUrl\":\"https:\/\/static.africa-press.net\/senegal\/sites\/13\/2024\/03\/sm_1711056651.412056.jpg\",\"datePublished\":\"2024-03-21T20:25:47+00:00\",\"dateModified\":\"2024-03-22T02:02:13+00:00\",\"author\":{\"@id\":\"https:\/\/www.africa-press.net\/senegal\/#\/schema\/person\/2b1cf3cd81a31e3cd26889ca66d677f1\"},\"description\":\"Dans une de\u0301monstration de dynamisme et d'engagement politique, Abdoulaye Diagne, de\u0301pute\u0301 de Fatick, a re\u0301cemment mene\u0301 ...\",\"breadcrumb\":{\"@id\":\"https:\/\/www.africa-press.net\/senegal\/politique\/abdoulaye-diagne-mene-une-mobilisation-reussie-pour-lelection-damadou-ba-au-premier-tour#breadcrumb\"},\"inLanguage\":\"fr-FR\",\"potentialAction\":[{\"@type\":\"ReadAction\",\"target\":[\"https:\/\/www.africa-press.net\/senegal\/politique\/abdoulaye-diagne-mene-une-mobilisation-reussie-pour-lelection-damadou-ba-au-premier-tour\"]}]},{\"@type\":\"ImageObject\",\"inLanguage\":\"fr-FR\",\"@id\":\"https:\/\/www.africa-press.net\/senegal\/politique\/abdoulaye-diagne-mene-une-mobilisation-reussie-pour-lelection-damadou-ba-au-premier-tour#primaryimage\",\"url\":\"https:\/\/static.africa-press.net\/senegal\/sites\/13\/2024\/03\/sm_1711056651.412056.jpg\",\"contentUrl\":\"https:\/\/static.africa-press.net\/senegal\/sites\/13\/2024\/03\/sm_1711056651.412056.jpg\",\"width\":1184,\"height\":575,\"caption\":\"Abdoulaye Diagne m\u00e8ne une mobilisation r\u00e9ussie pour l'\u00e9lection d'Amadou Ba au premier tour\"},{\"@type\":\"BreadcrumbList\",\"@id\":\"https:\/\/www.africa-press.net\/senegal\/politique\/abdoulaye-diagne-mene-une-mobilisation-reussie-pour-lelection-damadou-ba-au-premier-tour#breadcrumb\",\"itemListElement\":[{\"@type\":\"ListItem\",\"position\":1,\"name\":\"Accueil\",\"item\":\"https:\/\/www.africa-press.net\/senegal\/\"},{\"@type\":\"ListItem\",\"position\":2,\"name\":\"Abdoulaye Diagne m\u00e8ne une mobilisation r\u00e9ussie pour l&#8217;\u00e9lection d&#8217;Amadou Ba au premier tour\"}]},{\"@type\":\"WebSite\",\"@id\":\"https:\/\/www.africa-press.net\/senegal\/#website\",\"url\":\"https:\/\/www.africa-press.net\/senegal\/\",\"name\":\"Africa Press | Senegal | Homepage\",\"description\":\"Just another Africa News Agency Sites site\",\"potentialAction\":[{\"@type\":\"SearchAction\",\"target\":{\"@type\":\"EntryPoint\",\"urlTemplate\":\"https:\/\/www.africa-press.net\/senegal\/?s={search_term_string}\"},\"query-input\":{\"@type\":\"PropertyValueSpecification\",\"valueRequired\":true,\"valueName\":\"search_term_string\"}}],\"inLanguage\":\"fr-FR\"},{\"@type\":\"Person\",\"@id\":\"https:\/\/www.africa-press.net\/senegal\/#\/schema\/person\/2b1cf3cd81a31e3cd26889ca66d677f1\",\"name\":\"cfeditorfr\",\"url\":\"https:\/\/www.africa-press.net\/senegal\/author\/cfeditorfr\"}]}<\/script>\n<!-- \/ Yoast SEO Premium plugin. -->","yoast_head_json":{"title":"Abdoulaye Diagne m\u00e8ne une mobilisation r\u00e9ussie pour l'\u00e9lection d'Amadou Ba au premier tour - Senegal","description":"Dans une de\u0301monstration de dynamisme et d'engagement politique, Abdoulaye Diagne, de\u0301pute\u0301 de Fatick, a re\u0301cemment mene\u0301 ...","robots":{"index":"index","follow":"follow","max-snippet":"max-snippet:-1","max-image-preview":"max-image-preview:large","max-video-preview":"max-video-preview:-1"},"canonical":"https:\/\/www.africa-press.net\/senegal\/politique\/abdoulaye-diagne-mene-une-mobilisation-reussie-pour-lelection-damadou-ba-au-premier-tour","og_locale":"fr_FR","og_type":"article","og_title":"Abdoulaye Diagne m\u00e8ne une mobilisation r\u00e9ussie pour l'\u00e9lection d'Amadou Ba au premier tour","og_description":"Dans une de\u0301monstration de dynamisme et d'engagement politique, Abdoulaye Diagne, de\u0301pute\u0301 de Fatick, a re\u0301cemment mene\u0301 ...","og_url":"https:\/\/www.africa-press.net\/senegal\/politique\/abdoulaye-diagne-mene-une-mobilisation-reussie-pour-lelection-damadou-ba-au-premier-tour","og_site_name":"Senegal","article_published_time":"2024-03-21T20:25:47+00:00","article_modified_time":"2024-03-22T02:02:13+00:00","og_image":[{"width":1184,"height":575,"url":"https:\/\/static.africa-press.net\/senegal\/sites\/13\/2024\/03\/sm_1711056651.412056.jpg","type":"image\/jpeg"}],"author":"cfeditorfr","twitter_card":"summary_large_image","twitter_misc":{"\u00c9crit par":"cfeditorfr","Dur\u00e9e de lecture estim\u00e9e":"2 minutes"},"schema":{"@context":"https:\/\/schema.org","@graph":[{"@type":"Article","@id":"https:\/\/www.africa-press.net\/senegal\/politique\/abdoulaye-diagne-mene-une-mobilisation-reussie-pour-lelection-damadou-ba-au-premier-tour#article","isPartOf":{"@id":"https:\/\/www.africa-press.net\/senegal\/politique\/abdoulaye-diagne-mene-une-mobilisation-reussie-pour-lelection-damadou-ba-au-premier-tour"},"author":{"name":"cfeditorfr","@id":"https:\/\/www.africa-press.net\/senegal\/#\/schema\/person\/2b1cf3cd81a31e3cd26889ca66d677f1"},"headline":"Abdoulaye Diagne m\u00e8ne une mobilisation r\u00e9ussie pour l&rsquo;\u00e9lection d&rsquo;Amadou Ba au premier tour","datePublished":"2024-03-21T20:25:47+00:00","dateModified":"2024-03-22T02:02:13+00:00","mainEntityOfPage":{"@id":"https:\/\/www.africa-press.net\/senegal\/politique\/abdoulaye-diagne-mene-une-mobilisation-reussie-pour-lelection-damadou-ba-au-premier-tour"},"wordCount":373,"commentCount":0,"image":{"@id":"https:\/\/www.africa-press.net\/senegal\/politique\/abdoulaye-diagne-mene-une-mobilisation-reussie-pour-lelection-damadou-ba-au-premier-tour#primaryimage"},"thumbnailUrl":"https:\/\/static.africa-press.net\/senegal\/sites\/13\/2024\/03\/sm_1711056651.412056.jpg","keywords":["Africa Press","Africa Press-Senegal","Senegal"],"articleSection":["Politique","Toutes les actualit\u00e9s"],"inLanguage":"fr-FR","potentialAction":[{"@type":"CommentAction","name":"Comment","target":["https:\/\/www.africa-press.net\/senegal\/politique\/abdoulaye-diagne-mene-une-mobilisation-reussie-pour-lelection-damadou-ba-au-premier-tour#respond"]}]},{"@type":"WebPage","@id":"https:\/\/www.africa-press.net\/senegal\/politique\/abdoulaye-diagne-mene-une-mobilisation-reussie-pour-lelection-damadou-ba-au-premier-tour","url":"https:\/\/www.africa-press.net\/senegal\/politique\/abdoulaye-diagne-mene-une-mobilisation-reussie-pour-lelection-damadou-ba-au-premier-tour","name":"Abdoulaye Diagne m\u00e8ne une mobilisation r\u00e9ussie pour l'\u00e9lection d'Amadou Ba au premier tour - Senegal","isPartOf":{"@id":"https:\/\/www.africa-press.net\/senegal\/#website"},"primaryImageOfPage":{"@id":"https:\/\/www.africa-press.net\/senegal\/politique\/abdoulaye-diagne-mene-une-mobilisation-reussie-pour-lelection-damadou-ba-au-premier-tour#primaryimage"},"image":{"@id":"https:\/\/www.africa-press.net\/senegal\/politique\/abdoulaye-diagne-mene-une-mobilisation-reussie-pour-lelection-damadou-ba-au-premier-tour#primaryimage"},"thumbnailUrl":"https:\/\/static.africa-press.net\/senegal\/sites\/13\/2024\/03\/sm_1711056651.412056.jpg","datePublished":"2024-03-21T20:25:47+00:00","dateModified":"2024-03-22T02:02:13+00:00","author":{"@id":"https:\/\/www.africa-press.net\/senegal\/#\/schema\/person\/2b1cf3cd81a31e3cd26889ca66d677f1"},"description":"Dans une de\u0301monstration de dynamisme et d'engagement politique, Abdoulaye Diagne, de\u0301pute\u0301 de Fatick, a re\u0301cemment mene\u0301 ...","breadcrumb":{"@id":"https:\/\/www.africa-press.net\/senegal\/politique\/abdoulaye-diagne-mene-une-mobilisation-reussie-pour-lelection-damadou-ba-au-premier-tour#breadcrumb"},"inLanguage":"fr-FR","potentialAction":[{"@type":"ReadAction","target":["https:\/\/www.africa-press.net\/senegal\/politique\/abdoulaye-diagne-mene-une-mobilisation-reussie-pour-lelection-damadou-ba-au-premier-tour"]}]},{"@type":"ImageObject","inLanguage":"fr-FR","@id":"https:\/\/www.africa-press.net\/senegal\/politique\/abdoulaye-diagne-mene-une-mobilisation-reussie-pour-lelection-damadou-ba-au-premier-tour#primaryimage","url":"https:\/\/static.africa-press.net\/senegal\/sites\/13\/2024\/03\/sm_1711056651.412056.jpg","contentUrl":"https:\/\/static.africa-press.net\/senegal\/sites\/13\/2024\/03\/sm_1711056651.412056.jpg","width":1184,"height":575,"caption":"Abdoulaye Diagne m\u00e8ne une mobilisation r\u00e9ussie pour l'\u00e9lection d'Amadou Ba au premier tour"},{"@type":"BreadcrumbList","@id":"https:\/\/www.africa-press.net\/senegal\/politique\/abdoulaye-diagne-mene-une-mobilisation-reussie-pour-lelection-damadou-ba-au-premier-tour#breadcrumb","itemListElement":[{"@type":"ListItem","position":1,"name":"Accueil","item":"https:\/\/www.africa-press.net\/senegal\/"},{"@type":"ListItem","position":2,"name":"Abdoulaye Diagne m\u00e8ne une mobilisation r\u00e9ussie pour l&#8217;\u00e9lection d&#8217;Amadou Ba au premier tour"}]},{"@type":"WebSite","@id":"https:\/\/www.africa-press.net\/senegal\/#website","url":"https:\/\/www.africa-press.net\/senegal\/","name":"Africa Press | Senegal | Homepage","description":"Just another Africa News Agency Sites site","potentialAction":[{"@type":"SearchAction","target":{"@type":"EntryPoint","urlTemplate":"https:\/\/www.africa-press.net\/senegal\/?s={search_term_string}"},"query-input":{"@type":"PropertyValueSpecification","valueRequired":true,"valueName":"search_term_string"}}],"inLanguage":"fr-FR"},{"@type":"Person","@id":"https:\/\/www.africa-press.net\/senegal\/#\/schema\/person\/2b1cf3cd81a31e3cd26889ca66d677f1","name":"cfeditorfr","url":"https:\/\/www.africa-press.net\/senegal\/author\/cfeditorfr"}]}},"_links":{"self":[{"href":"https:\/\/www.africa-press.net\/senegal\/wp-json\/wp\/v2\/posts\/57146","targetHints":{"allow":["GET"]}}],"collection":[{"href":"https:\/\/www.africa-press.net\/senegal\/wp-json\/wp\/v2\/posts"}],"about":[{"href":"https:\/\/www.africa-press.net\/senegal\/wp-json\/wp\/v2\/types\/post"}],"author":[{"embeddable":true,"href":"https:\/\/www.africa-press.net\/senegal\/wp-json\/wp\/v2\/users\/82"}],"replies":[{"embeddable":true,"href":"https:\/\/www.africa-press.net\/senegal\/wp-json\/wp\/v2\/comments?post=57146"}],"version-history":[{"count":0,"href":"https:\/\/www.africa-press.net\/senegal\/wp-json\/wp\/v2\/posts\/57146\/revisions"}],"wp:featuredmedia":[{"embeddable":true,"href":"https:\/\/www.africa-press.net\/senegal\/wp-json\/wp\/v2\/media\/57144"}],"wp:attachment":[{"href":"https:\/\/www.africa-press.net\/senegal\/wp-json\/wp\/v2\/media?parent=57146"}],"wp:term":[{"taxonomy":"category","embeddable":true,"href":"https:\/\/www.africa-press.net\/senegal\/wp-json\/wp\/v2\/categories?post=57146"},{"taxonomy":"post_tag","embeddable":true,"href":"https:\/\/www.africa-press.net\/senegal\/wp-json\/wp\/v2\/tags?post=57146"}],"curies":[{"name":"wp","href":"https:\/\/api.w.org\/{rel}","templated":true}]}}