{"id":57153,"date":"2024-03-21T20:05:02","date_gmt":"2024-03-21T20:05:02","guid":{"rendered":"https:\/\/www.africa-press.net\/senegal\/politique\/proclamation-des-resultats-provisoires-du-scrutin-presidentiel-la-cour-dappel-de-dakar-prend-date"},"modified":"2024-03-22T02:57:33","modified_gmt":"2024-03-22T02:57:33","slug":"proclamation-des-resultats-provisoires-du-scrutin-presidentiel-la-cour-dappel-de-dakar-prend-date","status":"publish","type":"post","link":"https:\/\/www.africa-press.net\/senegal\/politique\/proclamation-des-resultats-provisoires-du-scrutin-presidentiel-la-cour-dappel-de-dakar-prend-date","title":{"rendered":"Proclamation des r\u00e9sultats provisoires du scrutin pr\u00e9sidentiel : La Cour d&rsquo;appel de Dakar prend date !"},"content":{"rendered":"<p><span style=\"color: #ff6600\"><strong>Africa-Press &#8211; Senegal. <\/strong><\/span>Alors que la campagne e\u0301lectorale prend fin officiellement demain vendredi a\u0300 minuit, la Cour d&rsquo;appel de Dakar, charge\u0301e de proclamer les re\u0301sultats provisoires, a pris une de\u0301cision de taille. Son secre\u0301tariat ge\u0301ne\u0301ral a invite\u0301 les acteurs intervenant dans la supervision a\u0300 se pre\u0301senter le mercredi 27 mars prochain.<\/p>\n<p>\u00ab\u00a0Les repre\u0301sentants de la Commission e\u0301lectorale nationale autonome (Cena) et des listes de candidats a\u0300 la Commission nationale de recensement des votes pour l&rsquo;e\u0301lection pre\u0301sidentielle sont invite\u0301s a\u0300 se pre\u0301senter le mercredi 27 mars 2024, a\u0300 9 h, a\u0300 la salle 4 de la Cour d&rsquo;appel de Dakar sise au palais de Justice Lat-Dior\u00a0\u00bb, lit-on dans un communique\u0301.<\/p>\n<p>A noter qu\u2019apre\u0300s la collecte de tous les re\u0301sultats officieux des commissions de\u0301partementales de recensement des votes (Cdrv), la Commission nationale de recensement des votes, dirige\u0301e par le premier pre\u0301sident de la Cour d\u2019appel de Dakar, proce\u0300de a\u0300 la publication des re\u0301sultats provisoires du scrutin.<\/p>\n<p>Il faut rappeler que la proclamation provisoire des re\u0301sultats des e\u0301lections nationales (e\u0301lection pre\u0301sidentielle et e\u0301lections le\u0301gislatives) est du ressort de ladite juridiction.<\/p>\n<p>Il faut e\u0301galement rappeler qu\u2019en matie\u0300re e\u0301lectorale, les magistrats ne de\u0301pendent pas du ministe\u0300re de la Justice. Ce qui leur met, en principe, a\u0300 l\u2019abri de toutes pressions du pouvoir Exe\u0301cutif. Les re\u0301sultats provisoires seront proclame\u0301s par le Conseil constitutionnel, juge e\u0301lectoral supre\u0302me.<\/p>\n<p>Si, au premier tour, aucun candidat n&rsquo;obtient la majorite\u0301 absolue des suffrages exprime\u0301s, un second tour sera organise\u0301 le troisie\u0300me dimanche suivant le jour de la proclamation officielle des re\u0301sultats par le Conseil constitutionnel, pour de\u0301partager les deux candidats arrive\u0301s en te\u0302te du premier tour.<\/p>\n<p><strong>Pour plus d&rsquo;informations et d&rsquo;analyses sur la <a href=\"https:\/\/www.africa-press.net\/senegal\">Senegal<\/a>, suivez <a href=\"https:\/\/www.africa-press.net\/\">Africa-Press<\/a><\/strong><\/p>\n","protected":false},"excerpt":{"rendered":"<p>Africa-Press &#8211; Senegal. Alors que la campagne e\u0301lectorale prend fin officiellement demain vendredi a\u0300 minuit, la Cour d&rsquo;appel de Dakar, charge\u0301e de proclamer les re\u0301sultats provisoires, a pris une de\u0301cision de taille. Son secre\u0301tariat ge\u0301ne\u0301ral a invite\u0301 les acteurs intervenant dans la supervision a\u0300 se pre\u0301senter le mercredi 27 mars prochain. \u00ab\u00a0Les repre\u0301sentants de la [&hellip;]<\/p>\n","protected":false},"author":82,"featured_media":57152,"comment_status":"open","ping_status":"closed","sticky":false,"template":"","format":"standard","meta":{"footnotes":""},"categories":[2,20,10],"tags":[43,47,44],"class_list":["post-57153","post","type-post","status-publish","format-standard","has-post-thumbnail","hentry","category-politique","category-top-nouvelles","category-toutes-les-actualites","tag-africa-press-2","tag-africa-press-senegal","tag-senegal-2"],"yoast_head":"<!-- This site is optimized with the Yoast SEO Premium plugin v26.1 (Yoast SEO v27.0) - https:\/\/yoast.com\/product\/yoast-seo-premium-wordpress\/ -->\n<title>Proclamation des r\u00e9sultats provisoires du scrutin pr\u00e9sidentiel : La Cour d&#039;appel de Dakar prend date ! - Senegal<\/title>\n<meta name=\"description\" content=\"Alors que la campagne e\u0301lectorale prend fin officiellement demain vendredi a\u0300 minuit, la Cour d&#039;appel de Dakar, charge\u0301e ...\" \/>\n<meta name=\"robots\" content=\"index, follow, max-snippet:-1, max-image-preview:large, max-video-preview:-1\" \/>\n<link rel=\"canonical\" href=\"https:\/\/www.africa-press.net\/senegal\/politique\/proclamation-des-resultats-provisoires-du-scrutin-presidentiel-la-cour-dappel-de-dakar-prend-date\" \/>\n<meta property=\"og:locale\" content=\"fr_FR\" \/>\n<meta property=\"og:type\" content=\"article\" \/>\n<meta property=\"og:title\" content=\"Proclamation des r\u00e9sultats provisoires du scrutin pr\u00e9sidentiel : La Cour d&#039;appel de Dakar prend date !\" \/>\n<meta property=\"og:description\" content=\"Alors que la campagne e\u0301lectorale prend fin officiellement demain vendredi a\u0300 minuit, la Cour d&#039;appel de Dakar, charge\u0301e ...\" \/>\n<meta property=\"og:url\" content=\"https:\/\/www.africa-press.net\/senegal\/politique\/proclamation-des-resultats-provisoires-du-scrutin-presidentiel-la-cour-dappel-de-dakar-prend-date\" \/>\n<meta property=\"og:site_name\" content=\"Senegal\" \/>\n<meta property=\"article:published_time\" content=\"2024-03-21T20:05:02+00:00\" \/>\n<meta property=\"article:modified_time\" content=\"2024-03-22T02:57:33+00:00\" \/>\n<meta property=\"og:image\" content=\"https:\/\/static.africa-press.net\/senegal\/sites\/13\/2024\/03\/sm_1711059988.473295.jpg\" \/>\n\t<meta property=\"og:image:width\" content=\"1183\" \/>\n\t<meta property=\"og:image:height\" content=\"578\" \/>\n\t<meta property=\"og:image:type\" content=\"image\/jpeg\" \/>\n<meta name=\"author\" content=\"cfeditorfr\" \/>\n<meta name=\"twitter:card\" content=\"summary_large_image\" \/>\n<meta name=\"twitter:label1\" content=\"\u00c9crit par\" \/>\n\t<meta name=\"twitter:data1\" content=\"cfeditorfr\" \/>\n\t<meta name=\"twitter:label2\" content=\"Dur\u00e9e de lecture estim\u00e9e\" \/>\n\t<meta name=\"twitter:data2\" content=\"2 minutes\" \/>\n<script type=\"application\/ld+json\" class=\"yoast-schema-graph\">{\"@context\":\"https:\/\/schema.org\",\"@graph\":[{\"@type\":\"Article\",\"@id\":\"https:\/\/www.africa-press.net\/senegal\/politique\/proclamation-des-resultats-provisoires-du-scrutin-presidentiel-la-cour-dappel-de-dakar-prend-date#article\",\"isPartOf\":{\"@id\":\"https:\/\/www.africa-press.net\/senegal\/politique\/proclamation-des-resultats-provisoires-du-scrutin-presidentiel-la-cour-dappel-de-dakar-prend-date\"},\"author\":{\"name\":\"cfeditorfr\",\"@id\":\"https:\/\/www.africa-press.net\/senegal\/#\/schema\/person\/2b1cf3cd81a31e3cd26889ca66d677f1\"},\"headline\":\"Proclamation des r\u00e9sultats provisoires du scrutin pr\u00e9sidentiel : La Cour d&rsquo;appel de Dakar prend date !\",\"datePublished\":\"2024-03-21T20:05:02+00:00\",\"dateModified\":\"2024-03-22T02:57:33+00:00\",\"mainEntityOfPage\":{\"@id\":\"https:\/\/www.africa-press.net\/senegal\/politique\/proclamation-des-resultats-provisoires-du-scrutin-presidentiel-la-cour-dappel-de-dakar-prend-date\"},\"wordCount\":340,\"commentCount\":0,\"image\":{\"@id\":\"https:\/\/www.africa-press.net\/senegal\/politique\/proclamation-des-resultats-provisoires-du-scrutin-presidentiel-la-cour-dappel-de-dakar-prend-date#primaryimage\"},\"thumbnailUrl\":\"https:\/\/static.africa-press.net\/senegal\/sites\/13\/2024\/03\/sm_1711059988.473295.jpg\",\"keywords\":[\"Africa Press\",\"Africa Press-Senegal\",\"Senegal\"],\"articleSection\":[\"Politique\",\"Top Nouvelles\",\"Toutes les actualit\u00e9s\"],\"inLanguage\":\"fr-FR\",\"potentialAction\":[{\"@type\":\"CommentAction\",\"name\":\"Comment\",\"target\":[\"https:\/\/www.africa-press.net\/senegal\/politique\/proclamation-des-resultats-provisoires-du-scrutin-presidentiel-la-cour-dappel-de-dakar-prend-date#respond\"]}]},{\"@type\":\"WebPage\",\"@id\":\"https:\/\/www.africa-press.net\/senegal\/politique\/proclamation-des-resultats-provisoires-du-scrutin-presidentiel-la-cour-dappel-de-dakar-prend-date\",\"url\":\"https:\/\/www.africa-press.net\/senegal\/politique\/proclamation-des-resultats-provisoires-du-scrutin-presidentiel-la-cour-dappel-de-dakar-prend-date\",\"name\":\"Proclamation des r\u00e9sultats provisoires du scrutin pr\u00e9sidentiel : La Cour d'appel de Dakar prend date ! - Senegal\",\"isPartOf\":{\"@id\":\"https:\/\/www.africa-press.net\/senegal\/#website\"},\"primaryImageOfPage\":{\"@id\":\"https:\/\/www.africa-press.net\/senegal\/politique\/proclamation-des-resultats-provisoires-du-scrutin-presidentiel-la-cour-dappel-de-dakar-prend-date#primaryimage\"},\"image\":{\"@id\":\"https:\/\/www.africa-press.net\/senegal\/politique\/proclamation-des-resultats-provisoires-du-scrutin-presidentiel-la-cour-dappel-de-dakar-prend-date#primaryimage\"},\"thumbnailUrl\":\"https:\/\/static.africa-press.net\/senegal\/sites\/13\/2024\/03\/sm_1711059988.473295.jpg\",\"datePublished\":\"2024-03-21T20:05:02+00:00\",\"dateModified\":\"2024-03-22T02:57:33+00:00\",\"author\":{\"@id\":\"https:\/\/www.africa-press.net\/senegal\/#\/schema\/person\/2b1cf3cd81a31e3cd26889ca66d677f1\"},\"description\":\"Alors que la campagne e\u0301lectorale prend fin officiellement demain vendredi a\u0300 minuit, la Cour d'appel de Dakar, charge\u0301e ...\",\"breadcrumb\":{\"@id\":\"https:\/\/www.africa-press.net\/senegal\/politique\/proclamation-des-resultats-provisoires-du-scrutin-presidentiel-la-cour-dappel-de-dakar-prend-date#breadcrumb\"},\"inLanguage\":\"fr-FR\",\"potentialAction\":[{\"@type\":\"ReadAction\",\"target\":[\"https:\/\/www.africa-press.net\/senegal\/politique\/proclamation-des-resultats-provisoires-du-scrutin-presidentiel-la-cour-dappel-de-dakar-prend-date\"]}]},{\"@type\":\"ImageObject\",\"inLanguage\":\"fr-FR\",\"@id\":\"https:\/\/www.africa-press.net\/senegal\/politique\/proclamation-des-resultats-provisoires-du-scrutin-presidentiel-la-cour-dappel-de-dakar-prend-date#primaryimage\",\"url\":\"https:\/\/static.africa-press.net\/senegal\/sites\/13\/2024\/03\/sm_1711059988.473295.jpg\",\"contentUrl\":\"https:\/\/static.africa-press.net\/senegal\/sites\/13\/2024\/03\/sm_1711059988.473295.jpg\",\"width\":1183,\"height\":578,\"caption\":\"Proclamation des r\u00e9sultats provisoires du scrutin pr\u00e9sidentiel : La Cour d'appel de Dakar prend date !\"},{\"@type\":\"BreadcrumbList\",\"@id\":\"https:\/\/www.africa-press.net\/senegal\/politique\/proclamation-des-resultats-provisoires-du-scrutin-presidentiel-la-cour-dappel-de-dakar-prend-date#breadcrumb\",\"itemListElement\":[{\"@type\":\"ListItem\",\"position\":1,\"name\":\"Accueil\",\"item\":\"https:\/\/www.africa-press.net\/senegal\/\"},{\"@type\":\"ListItem\",\"position\":2,\"name\":\"Proclamation des r\u00e9sultats provisoires du scrutin pr\u00e9sidentiel : La Cour d&#8217;appel de Dakar prend date !\"}]},{\"@type\":\"WebSite\",\"@id\":\"https:\/\/www.africa-press.net\/senegal\/#website\",\"url\":\"https:\/\/www.africa-press.net\/senegal\/\",\"name\":\"Africa Press | Senegal | Homepage\",\"description\":\"Just another Africa News Agency Sites site\",\"potentialAction\":[{\"@type\":\"SearchAction\",\"target\":{\"@type\":\"EntryPoint\",\"urlTemplate\":\"https:\/\/www.africa-press.net\/senegal\/?s={search_term_string}\"},\"query-input\":{\"@type\":\"PropertyValueSpecification\",\"valueRequired\":true,\"valueName\":\"search_term_string\"}}],\"inLanguage\":\"fr-FR\"},{\"@type\":\"Person\",\"@id\":\"https:\/\/www.africa-press.net\/senegal\/#\/schema\/person\/2b1cf3cd81a31e3cd26889ca66d677f1\",\"name\":\"cfeditorfr\",\"url\":\"https:\/\/www.africa-press.net\/senegal\/author\/cfeditorfr\"}]}<\/script>\n<!-- \/ Yoast SEO Premium plugin. -->","yoast_head_json":{"title":"Proclamation des r\u00e9sultats provisoires du scrutin pr\u00e9sidentiel : La Cour d'appel de Dakar prend date ! - Senegal","description":"Alors que la campagne e\u0301lectorale prend fin officiellement demain vendredi a\u0300 minuit, la Cour d'appel de Dakar, charge\u0301e ...","robots":{"index":"index","follow":"follow","max-snippet":"max-snippet:-1","max-image-preview":"max-image-preview:large","max-video-preview":"max-video-preview:-1"},"canonical":"https:\/\/www.africa-press.net\/senegal\/politique\/proclamation-des-resultats-provisoires-du-scrutin-presidentiel-la-cour-dappel-de-dakar-prend-date","og_locale":"fr_FR","og_type":"article","og_title":"Proclamation des r\u00e9sultats provisoires du scrutin pr\u00e9sidentiel : La Cour d'appel de Dakar prend date !","og_description":"Alors que la campagne e\u0301lectorale prend fin officiellement demain vendredi a\u0300 minuit, la Cour d'appel de Dakar, charge\u0301e ...","og_url":"https:\/\/www.africa-press.net\/senegal\/politique\/proclamation-des-resultats-provisoires-du-scrutin-presidentiel-la-cour-dappel-de-dakar-prend-date","og_site_name":"Senegal","article_published_time":"2024-03-21T20:05:02+00:00","article_modified_time":"2024-03-22T02:57:33+00:00","og_image":[{"width":1183,"height":578,"url":"https:\/\/static.africa-press.net\/senegal\/sites\/13\/2024\/03\/sm_1711059988.473295.jpg","type":"image\/jpeg"}],"author":"cfeditorfr","twitter_card":"summary_large_image","twitter_misc":{"\u00c9crit par":"cfeditorfr","Dur\u00e9e de lecture estim\u00e9e":"2 minutes"},"schema":{"@context":"https:\/\/schema.org","@graph":[{"@type":"Article","@id":"https:\/\/www.africa-press.net\/senegal\/politique\/proclamation-des-resultats-provisoires-du-scrutin-presidentiel-la-cour-dappel-de-dakar-prend-date#article","isPartOf":{"@id":"https:\/\/www.africa-press.net\/senegal\/politique\/proclamation-des-resultats-provisoires-du-scrutin-presidentiel-la-cour-dappel-de-dakar-prend-date"},"author":{"name":"cfeditorfr","@id":"https:\/\/www.africa-press.net\/senegal\/#\/schema\/person\/2b1cf3cd81a31e3cd26889ca66d677f1"},"headline":"Proclamation des r\u00e9sultats provisoires du scrutin pr\u00e9sidentiel : La Cour d&rsquo;appel de Dakar prend date !","datePublished":"2024-03-21T20:05:02+00:00","dateModified":"2024-03-22T02:57:33+00:00","mainEntityOfPage":{"@id":"https:\/\/www.africa-press.net\/senegal\/politique\/proclamation-des-resultats-provisoires-du-scrutin-presidentiel-la-cour-dappel-de-dakar-prend-date"},"wordCount":340,"commentCount":0,"image":{"@id":"https:\/\/www.africa-press.net\/senegal\/politique\/proclamation-des-resultats-provisoires-du-scrutin-presidentiel-la-cour-dappel-de-dakar-prend-date#primaryimage"},"thumbnailUrl":"https:\/\/static.africa-press.net\/senegal\/sites\/13\/2024\/03\/sm_1711059988.473295.jpg","keywords":["Africa Press","Africa Press-Senegal","Senegal"],"articleSection":["Politique","Top Nouvelles","Toutes les actualit\u00e9s"],"inLanguage":"fr-FR","potentialAction":[{"@type":"CommentAction","name":"Comment","target":["https:\/\/www.africa-press.net\/senegal\/politique\/proclamation-des-resultats-provisoires-du-scrutin-presidentiel-la-cour-dappel-de-dakar-prend-date#respond"]}]},{"@type":"WebPage","@id":"https:\/\/www.africa-press.net\/senegal\/politique\/proclamation-des-resultats-provisoires-du-scrutin-presidentiel-la-cour-dappel-de-dakar-prend-date","url":"https:\/\/www.africa-press.net\/senegal\/politique\/proclamation-des-resultats-provisoires-du-scrutin-presidentiel-la-cour-dappel-de-dakar-prend-date","name":"Proclamation des r\u00e9sultats provisoires du scrutin pr\u00e9sidentiel : La Cour d'appel de Dakar prend date ! - Senegal","isPartOf":{"@id":"https:\/\/www.africa-press.net\/senegal\/#website"},"primaryImageOfPage":{"@id":"https:\/\/www.africa-press.net\/senegal\/politique\/proclamation-des-resultats-provisoires-du-scrutin-presidentiel-la-cour-dappel-de-dakar-prend-date#primaryimage"},"image":{"@id":"https:\/\/www.africa-press.net\/senegal\/politique\/proclamation-des-resultats-provisoires-du-scrutin-presidentiel-la-cour-dappel-de-dakar-prend-date#primaryimage"},"thumbnailUrl":"https:\/\/static.africa-press.net\/senegal\/sites\/13\/2024\/03\/sm_1711059988.473295.jpg","datePublished":"2024-03-21T20:05:02+00:00","dateModified":"2024-03-22T02:57:33+00:00","author":{"@id":"https:\/\/www.africa-press.net\/senegal\/#\/schema\/person\/2b1cf3cd81a31e3cd26889ca66d677f1"},"description":"Alors que la campagne e\u0301lectorale prend fin officiellement demain vendredi a\u0300 minuit, la Cour d'appel de Dakar, charge\u0301e ...","breadcrumb":{"@id":"https:\/\/www.africa-press.net\/senegal\/politique\/proclamation-des-resultats-provisoires-du-scrutin-presidentiel-la-cour-dappel-de-dakar-prend-date#breadcrumb"},"inLanguage":"fr-FR","potentialAction":[{"@type":"ReadAction","target":["https:\/\/www.africa-press.net\/senegal\/politique\/proclamation-des-resultats-provisoires-du-scrutin-presidentiel-la-cour-dappel-de-dakar-prend-date"]}]},{"@type":"ImageObject","inLanguage":"fr-FR","@id":"https:\/\/www.africa-press.net\/senegal\/politique\/proclamation-des-resultats-provisoires-du-scrutin-presidentiel-la-cour-dappel-de-dakar-prend-date#primaryimage","url":"https:\/\/static.africa-press.net\/senegal\/sites\/13\/2024\/03\/sm_1711059988.473295.jpg","contentUrl":"https:\/\/static.africa-press.net\/senegal\/sites\/13\/2024\/03\/sm_1711059988.473295.jpg","width":1183,"height":578,"caption":"Proclamation des r\u00e9sultats provisoires du scrutin pr\u00e9sidentiel : La Cour d'appel de Dakar prend date !"},{"@type":"BreadcrumbList","@id":"https:\/\/www.africa-press.net\/senegal\/politique\/proclamation-des-resultats-provisoires-du-scrutin-presidentiel-la-cour-dappel-de-dakar-prend-date#breadcrumb","itemListElement":[{"@type":"ListItem","position":1,"name":"Accueil","item":"https:\/\/www.africa-press.net\/senegal\/"},{"@type":"ListItem","position":2,"name":"Proclamation des r\u00e9sultats provisoires du scrutin pr\u00e9sidentiel : La Cour d&#8217;appel de Dakar prend date !"}]},{"@type":"WebSite","@id":"https:\/\/www.africa-press.net\/senegal\/#website","url":"https:\/\/www.africa-press.net\/senegal\/","name":"Africa Press | Senegal | Homepage","description":"Just another Africa News Agency Sites site","potentialAction":[{"@type":"SearchAction","target":{"@type":"EntryPoint","urlTemplate":"https:\/\/www.africa-press.net\/senegal\/?s={search_term_string}"},"query-input":{"@type":"PropertyValueSpecification","valueRequired":true,"valueName":"search_term_string"}}],"inLanguage":"fr-FR"},{"@type":"Person","@id":"https:\/\/www.africa-press.net\/senegal\/#\/schema\/person\/2b1cf3cd81a31e3cd26889ca66d677f1","name":"cfeditorfr","url":"https:\/\/www.africa-press.net\/senegal\/author\/cfeditorfr"}]}},"_links":{"self":[{"href":"https:\/\/www.africa-press.net\/senegal\/wp-json\/wp\/v2\/posts\/57153","targetHints":{"allow":["GET"]}}],"collection":[{"href":"https:\/\/www.africa-press.net\/senegal\/wp-json\/wp\/v2\/posts"}],"about":[{"href":"https:\/\/www.africa-press.net\/senegal\/wp-json\/wp\/v2\/types\/post"}],"author":[{"embeddable":true,"href":"https:\/\/www.africa-press.net\/senegal\/wp-json\/wp\/v2\/users\/82"}],"replies":[{"embeddable":true,"href":"https:\/\/www.africa-press.net\/senegal\/wp-json\/wp\/v2\/comments?post=57153"}],"version-history":[{"count":0,"href":"https:\/\/www.africa-press.net\/senegal\/wp-json\/wp\/v2\/posts\/57153\/revisions"}],"wp:featuredmedia":[{"embeddable":true,"href":"https:\/\/www.africa-press.net\/senegal\/wp-json\/wp\/v2\/media\/57152"}],"wp:attachment":[{"href":"https:\/\/www.africa-press.net\/senegal\/wp-json\/wp\/v2\/media?parent=57153"}],"wp:term":[{"taxonomy":"category","embeddable":true,"href":"https:\/\/www.africa-press.net\/senegal\/wp-json\/wp\/v2\/categories?post=57153"},{"taxonomy":"post_tag","embeddable":true,"href":"https:\/\/www.africa-press.net\/senegal\/wp-json\/wp\/v2\/tags?post=57153"}],"curies":[{"name":"wp","href":"https:\/\/api.w.org\/{rel}","templated":true}]}}