{"id":57156,"date":"2024-03-21T20:41:26","date_gmt":"2024-03-21T20:41:26","guid":{"rendered":"https:\/\/www.africa-press.net\/senegal\/politique\/en-cas-de-second-tour-le-forum-du-justiciable-demande-a-macky-sall-de-repousser-son-depart"},"modified":"2024-03-22T02:59:16","modified_gmt":"2024-03-22T02:59:16","slug":"en-cas-de-second-tour-le-forum-du-justiciable-demande-a-macky-sall-de-repousser-son-depart","status":"publish","type":"post","link":"https:\/\/www.africa-press.net\/senegal\/politique\/en-cas-de-second-tour-le-forum-du-justiciable-demande-a-macky-sall-de-repousser-son-depart","title":{"rendered":"En cas de second tour, le Forum du justiciable demande \u00e0 Macky Sall de repousser son d\u00e9part"},"content":{"rendered":"<p><span style=\"color: #ff6600\"><strong>Africa-Press &#8211; Senegal. <\/strong><\/span>Macky Sall l&rsquo;a re\u0301affirme\u0301 face a\u0300 la BBC: il s&rsquo;en ira de\u0300s le 2 avril peu importe s&rsquo;il y a premier tour ou second tour. \u00ab\u00a0Si mon successeur est e\u0301lu le 24 mars, je lui passerais le te\u0301moin. S&rsquo;il n&rsquo;est pas e\u0301lu le 24 mars, moi le 2 avril je m&rsquo;en vais\u00a0\u00bb, a-t-il de\u0301clare\u0301. Cependant, pour le Forum du justiciable, le pre\u0301sident Sall doit rester en poste jusqu&rsquo;a\u0300 l&rsquo;intronisation de son successeur, peu importe s&rsquo;il est e\u0301lu lors du premier ou le second tour.<\/p>\n<p>\u00ab\u00a0Le Pre\u0301sident de la Re\u0301publique doit assurer la transmission du pouvoir au Pre\u0301sident nouvellement e\u0301lu. Le Forum du Justiciable estime que me\u0302me en cas de second tour de l&rsquo;e\u0301lection pre\u0301sidentielle, le Pre\u0301sident de la Re\u0301publique n\u2019a pas le droit de manquer le rituel de la transmission du pouvoir au Pre\u0301sident nouvellement e\u0301lu. Le Pre\u0301sident de la Re\u0301publique ne doit pas rompre cette belle tradition de\u0301mocratique dont le Se\u0301ne\u0301gal se glorifie et qui fait de notre pays une exception \u00ab\u00a0.<\/p>\n<p>Le Forum du justiciable magnifie la posture re\u0301publicaine du chef de l&rsquo;E\u0301tat qui compte quitter le pouvoir a\u0300 l&rsquo;expiration de son mandat, mais lui demande de se faire violence pour sacrifier a\u0300 ce rituel en cas de second tour. Comme il a l&rsquo;habitude de le dire, le Se\u0301ne\u0301gal est au-dessus de tout.<\/p>\n<p>\u00ab\u00a0Monsieur le Pre\u0301sident de la Re\u0301publique, nous vous demandons, respectueusement, de rester lorsqu&rsquo;un second tour serait acte\u0301. C&rsquo;est le dernier service que vous rendrez au vaillant peuple se\u0301ne\u0301galais\u00a0\u00bb, e\u0301crit le Forum du Justiciable dans un communique\u0301 rec\u0327u a\u0300 Seneweb.<\/p>\n<p><strong>Pour plus d&rsquo;informations et d&rsquo;analyses sur la <a href=\"https:\/\/www.africa-press.net\/senegal\">Senegal<\/a>, suivez <a href=\"https:\/\/www.africa-press.net\/\">Africa-Press<\/a><\/strong><\/p>\n","protected":false},"excerpt":{"rendered":"<p>Africa-Press &#8211; Senegal. Macky Sall l&rsquo;a re\u0301affirme\u0301 face a\u0300 la BBC: il s&rsquo;en ira de\u0300s le 2 avril peu importe s&rsquo;il y a premier tour ou second tour. \u00ab\u00a0Si mon successeur est e\u0301lu le 24 mars, je lui passerais le te\u0301moin. S&rsquo;il n&rsquo;est pas e\u0301lu le 24 mars, moi le 2 avril je m&rsquo;en vais\u00a0\u00bb, [&hellip;]<\/p>\n","protected":false},"author":82,"featured_media":57155,"comment_status":"open","ping_status":"closed","sticky":false,"template":"","format":"standard","meta":{"footnotes":""},"categories":[2,10],"tags":[43,47,44],"class_list":["post-57156","post","type-post","status-publish","format-standard","has-post-thumbnail","hentry","category-politique","category-toutes-les-actualites","tag-africa-press-2","tag-africa-press-senegal","tag-senegal-2"],"yoast_head":"<!-- This site is optimized with the Yoast SEO Premium plugin v26.1 (Yoast SEO v27.0) - https:\/\/yoast.com\/product\/yoast-seo-premium-wordpress\/ -->\n<title>En cas de second tour, le Forum du justiciable demande \u00e0 Macky Sall de repousser son d\u00e9part - Senegal<\/title>\n<meta name=\"description\" content=\"Macky Sall l&#039;a re\u0301affirme\u0301 face a\u0300 la BBC: il s&#039;en ira de\u0300s le 2 avril peu importe s&#039;il y a premier tour ou second tour. ...\" \/>\n<meta name=\"robots\" content=\"index, follow, max-snippet:-1, max-image-preview:large, max-video-preview:-1\" \/>\n<link rel=\"canonical\" href=\"https:\/\/www.africa-press.net\/senegal\/politique\/en-cas-de-second-tour-le-forum-du-justiciable-demande-a-macky-sall-de-repousser-son-depart\" \/>\n<meta property=\"og:locale\" content=\"fr_FR\" \/>\n<meta property=\"og:type\" content=\"article\" \/>\n<meta property=\"og:title\" content=\"En cas de second tour, le Forum du justiciable demande \u00e0 Macky Sall de repousser son d\u00e9part\" \/>\n<meta property=\"og:description\" content=\"Macky Sall l&#039;a re\u0301affirme\u0301 face a\u0300 la BBC: il s&#039;en ira de\u0300s le 2 avril peu importe s&#039;il y a premier tour ou second tour. ...\" \/>\n<meta property=\"og:url\" content=\"https:\/\/www.africa-press.net\/senegal\/politique\/en-cas-de-second-tour-le-forum-du-justiciable-demande-a-macky-sall-de-repousser-son-depart\" \/>\n<meta property=\"og:site_name\" content=\"Senegal\" \/>\n<meta property=\"article:published_time\" content=\"2024-03-21T20:41:26+00:00\" \/>\n<meta property=\"article:modified_time\" content=\"2024-03-22T02:59:16+00:00\" \/>\n<meta property=\"og:image\" content=\"https:\/\/static.africa-press.net\/senegal\/sites\/13\/2024\/03\/sm_1711060063.599312.jpg\" \/>\n\t<meta property=\"og:image:width\" content=\"1222\" \/>\n\t<meta property=\"og:image:height\" content=\"599\" \/>\n\t<meta property=\"og:image:type\" content=\"image\/jpeg\" \/>\n<meta name=\"author\" content=\"cfeditorfr\" \/>\n<meta name=\"twitter:card\" content=\"summary_large_image\" \/>\n<meta name=\"twitter:label1\" content=\"\u00c9crit par\" \/>\n\t<meta name=\"twitter:data1\" content=\"cfeditorfr\" \/>\n\t<meta name=\"twitter:label2\" content=\"Dur\u00e9e de lecture estim\u00e9e\" \/>\n\t<meta name=\"twitter:data2\" content=\"1 minute\" \/>\n<script type=\"application\/ld+json\" class=\"yoast-schema-graph\">{\"@context\":\"https:\/\/schema.org\",\"@graph\":[{\"@type\":\"Article\",\"@id\":\"https:\/\/www.africa-press.net\/senegal\/politique\/en-cas-de-second-tour-le-forum-du-justiciable-demande-a-macky-sall-de-repousser-son-depart#article\",\"isPartOf\":{\"@id\":\"https:\/\/www.africa-press.net\/senegal\/politique\/en-cas-de-second-tour-le-forum-du-justiciable-demande-a-macky-sall-de-repousser-son-depart\"},\"author\":{\"name\":\"cfeditorfr\",\"@id\":\"https:\/\/www.africa-press.net\/senegal\/#\/schema\/person\/2b1cf3cd81a31e3cd26889ca66d677f1\"},\"headline\":\"En cas de second tour, le Forum du justiciable demande \u00e0 Macky Sall de repousser son d\u00e9part\",\"datePublished\":\"2024-03-21T20:41:26+00:00\",\"dateModified\":\"2024-03-22T02:59:16+00:00\",\"mainEntityOfPage\":{\"@id\":\"https:\/\/www.africa-press.net\/senegal\/politique\/en-cas-de-second-tour-le-forum-du-justiciable-demande-a-macky-sall-de-repousser-son-depart\"},\"wordCount\":331,\"commentCount\":0,\"image\":{\"@id\":\"https:\/\/www.africa-press.net\/senegal\/politique\/en-cas-de-second-tour-le-forum-du-justiciable-demande-a-macky-sall-de-repousser-son-depart#primaryimage\"},\"thumbnailUrl\":\"https:\/\/static.africa-press.net\/senegal\/sites\/13\/2024\/03\/sm_1711060063.599312.jpg\",\"keywords\":[\"Africa Press\",\"Africa Press-Senegal\",\"Senegal\"],\"articleSection\":[\"Politique\",\"Toutes les actualit\u00e9s\"],\"inLanguage\":\"fr-FR\",\"potentialAction\":[{\"@type\":\"CommentAction\",\"name\":\"Comment\",\"target\":[\"https:\/\/www.africa-press.net\/senegal\/politique\/en-cas-de-second-tour-le-forum-du-justiciable-demande-a-macky-sall-de-repousser-son-depart#respond\"]}]},{\"@type\":\"WebPage\",\"@id\":\"https:\/\/www.africa-press.net\/senegal\/politique\/en-cas-de-second-tour-le-forum-du-justiciable-demande-a-macky-sall-de-repousser-son-depart\",\"url\":\"https:\/\/www.africa-press.net\/senegal\/politique\/en-cas-de-second-tour-le-forum-du-justiciable-demande-a-macky-sall-de-repousser-son-depart\",\"name\":\"En cas de second tour, le Forum du justiciable demande \u00e0 Macky Sall de repousser son d\u00e9part - Senegal\",\"isPartOf\":{\"@id\":\"https:\/\/www.africa-press.net\/senegal\/#website\"},\"primaryImageOfPage\":{\"@id\":\"https:\/\/www.africa-press.net\/senegal\/politique\/en-cas-de-second-tour-le-forum-du-justiciable-demande-a-macky-sall-de-repousser-son-depart#primaryimage\"},\"image\":{\"@id\":\"https:\/\/www.africa-press.net\/senegal\/politique\/en-cas-de-second-tour-le-forum-du-justiciable-demande-a-macky-sall-de-repousser-son-depart#primaryimage\"},\"thumbnailUrl\":\"https:\/\/static.africa-press.net\/senegal\/sites\/13\/2024\/03\/sm_1711060063.599312.jpg\",\"datePublished\":\"2024-03-21T20:41:26+00:00\",\"dateModified\":\"2024-03-22T02:59:16+00:00\",\"author\":{\"@id\":\"https:\/\/www.africa-press.net\/senegal\/#\/schema\/person\/2b1cf3cd81a31e3cd26889ca66d677f1\"},\"description\":\"Macky Sall l'a re\u0301affirme\u0301 face a\u0300 la BBC: il s'en ira de\u0300s le 2 avril peu importe s'il y a premier tour ou second tour. ...\",\"breadcrumb\":{\"@id\":\"https:\/\/www.africa-press.net\/senegal\/politique\/en-cas-de-second-tour-le-forum-du-justiciable-demande-a-macky-sall-de-repousser-son-depart#breadcrumb\"},\"inLanguage\":\"fr-FR\",\"potentialAction\":[{\"@type\":\"ReadAction\",\"target\":[\"https:\/\/www.africa-press.net\/senegal\/politique\/en-cas-de-second-tour-le-forum-du-justiciable-demande-a-macky-sall-de-repousser-son-depart\"]}]},{\"@type\":\"ImageObject\",\"inLanguage\":\"fr-FR\",\"@id\":\"https:\/\/www.africa-press.net\/senegal\/politique\/en-cas-de-second-tour-le-forum-du-justiciable-demande-a-macky-sall-de-repousser-son-depart#primaryimage\",\"url\":\"https:\/\/static.africa-press.net\/senegal\/sites\/13\/2024\/03\/sm_1711060063.599312.jpg\",\"contentUrl\":\"https:\/\/static.africa-press.net\/senegal\/sites\/13\/2024\/03\/sm_1711060063.599312.jpg\",\"width\":1222,\"height\":599,\"caption\":\"En cas de second tour, le Forum du justiciable demande \u00e0 Macky Sall de repousser son d\u00e9part\"},{\"@type\":\"BreadcrumbList\",\"@id\":\"https:\/\/www.africa-press.net\/senegal\/politique\/en-cas-de-second-tour-le-forum-du-justiciable-demande-a-macky-sall-de-repousser-son-depart#breadcrumb\",\"itemListElement\":[{\"@type\":\"ListItem\",\"position\":1,\"name\":\"Accueil\",\"item\":\"https:\/\/www.africa-press.net\/senegal\/\"},{\"@type\":\"ListItem\",\"position\":2,\"name\":\"En cas de second tour, le Forum du justiciable demande \u00e0 Macky Sall de repousser son d\u00e9part\"}]},{\"@type\":\"WebSite\",\"@id\":\"https:\/\/www.africa-press.net\/senegal\/#website\",\"url\":\"https:\/\/www.africa-press.net\/senegal\/\",\"name\":\"Africa Press | Senegal | Homepage\",\"description\":\"Just another Africa News Agency Sites site\",\"potentialAction\":[{\"@type\":\"SearchAction\",\"target\":{\"@type\":\"EntryPoint\",\"urlTemplate\":\"https:\/\/www.africa-press.net\/senegal\/?s={search_term_string}\"},\"query-input\":{\"@type\":\"PropertyValueSpecification\",\"valueRequired\":true,\"valueName\":\"search_term_string\"}}],\"inLanguage\":\"fr-FR\"},{\"@type\":\"Person\",\"@id\":\"https:\/\/www.africa-press.net\/senegal\/#\/schema\/person\/2b1cf3cd81a31e3cd26889ca66d677f1\",\"name\":\"cfeditorfr\",\"url\":\"https:\/\/www.africa-press.net\/senegal\/author\/cfeditorfr\"}]}<\/script>\n<!-- \/ Yoast SEO Premium plugin. -->","yoast_head_json":{"title":"En cas de second tour, le Forum du justiciable demande \u00e0 Macky Sall de repousser son d\u00e9part - Senegal","description":"Macky Sall l'a re\u0301affirme\u0301 face a\u0300 la BBC: il s'en ira de\u0300s le 2 avril peu importe s'il y a premier tour ou second tour. ...","robots":{"index":"index","follow":"follow","max-snippet":"max-snippet:-1","max-image-preview":"max-image-preview:large","max-video-preview":"max-video-preview:-1"},"canonical":"https:\/\/www.africa-press.net\/senegal\/politique\/en-cas-de-second-tour-le-forum-du-justiciable-demande-a-macky-sall-de-repousser-son-depart","og_locale":"fr_FR","og_type":"article","og_title":"En cas de second tour, le Forum du justiciable demande \u00e0 Macky Sall de repousser son d\u00e9part","og_description":"Macky Sall l'a re\u0301affirme\u0301 face a\u0300 la BBC: il s'en ira de\u0300s le 2 avril peu importe s'il y a premier tour ou second tour. ...","og_url":"https:\/\/www.africa-press.net\/senegal\/politique\/en-cas-de-second-tour-le-forum-du-justiciable-demande-a-macky-sall-de-repousser-son-depart","og_site_name":"Senegal","article_published_time":"2024-03-21T20:41:26+00:00","article_modified_time":"2024-03-22T02:59:16+00:00","og_image":[{"width":1222,"height":599,"url":"https:\/\/static.africa-press.net\/senegal\/sites\/13\/2024\/03\/sm_1711060063.599312.jpg","type":"image\/jpeg"}],"author":"cfeditorfr","twitter_card":"summary_large_image","twitter_misc":{"\u00c9crit par":"cfeditorfr","Dur\u00e9e de lecture estim\u00e9e":"1 minute"},"schema":{"@context":"https:\/\/schema.org","@graph":[{"@type":"Article","@id":"https:\/\/www.africa-press.net\/senegal\/politique\/en-cas-de-second-tour-le-forum-du-justiciable-demande-a-macky-sall-de-repousser-son-depart#article","isPartOf":{"@id":"https:\/\/www.africa-press.net\/senegal\/politique\/en-cas-de-second-tour-le-forum-du-justiciable-demande-a-macky-sall-de-repousser-son-depart"},"author":{"name":"cfeditorfr","@id":"https:\/\/www.africa-press.net\/senegal\/#\/schema\/person\/2b1cf3cd81a31e3cd26889ca66d677f1"},"headline":"En cas de second tour, le Forum du justiciable demande \u00e0 Macky Sall de repousser son d\u00e9part","datePublished":"2024-03-21T20:41:26+00:00","dateModified":"2024-03-22T02:59:16+00:00","mainEntityOfPage":{"@id":"https:\/\/www.africa-press.net\/senegal\/politique\/en-cas-de-second-tour-le-forum-du-justiciable-demande-a-macky-sall-de-repousser-son-depart"},"wordCount":331,"commentCount":0,"image":{"@id":"https:\/\/www.africa-press.net\/senegal\/politique\/en-cas-de-second-tour-le-forum-du-justiciable-demande-a-macky-sall-de-repousser-son-depart#primaryimage"},"thumbnailUrl":"https:\/\/static.africa-press.net\/senegal\/sites\/13\/2024\/03\/sm_1711060063.599312.jpg","keywords":["Africa Press","Africa Press-Senegal","Senegal"],"articleSection":["Politique","Toutes les actualit\u00e9s"],"inLanguage":"fr-FR","potentialAction":[{"@type":"CommentAction","name":"Comment","target":["https:\/\/www.africa-press.net\/senegal\/politique\/en-cas-de-second-tour-le-forum-du-justiciable-demande-a-macky-sall-de-repousser-son-depart#respond"]}]},{"@type":"WebPage","@id":"https:\/\/www.africa-press.net\/senegal\/politique\/en-cas-de-second-tour-le-forum-du-justiciable-demande-a-macky-sall-de-repousser-son-depart","url":"https:\/\/www.africa-press.net\/senegal\/politique\/en-cas-de-second-tour-le-forum-du-justiciable-demande-a-macky-sall-de-repousser-son-depart","name":"En cas de second tour, le Forum du justiciable demande \u00e0 Macky Sall de repousser son d\u00e9part - Senegal","isPartOf":{"@id":"https:\/\/www.africa-press.net\/senegal\/#website"},"primaryImageOfPage":{"@id":"https:\/\/www.africa-press.net\/senegal\/politique\/en-cas-de-second-tour-le-forum-du-justiciable-demande-a-macky-sall-de-repousser-son-depart#primaryimage"},"image":{"@id":"https:\/\/www.africa-press.net\/senegal\/politique\/en-cas-de-second-tour-le-forum-du-justiciable-demande-a-macky-sall-de-repousser-son-depart#primaryimage"},"thumbnailUrl":"https:\/\/static.africa-press.net\/senegal\/sites\/13\/2024\/03\/sm_1711060063.599312.jpg","datePublished":"2024-03-21T20:41:26+00:00","dateModified":"2024-03-22T02:59:16+00:00","author":{"@id":"https:\/\/www.africa-press.net\/senegal\/#\/schema\/person\/2b1cf3cd81a31e3cd26889ca66d677f1"},"description":"Macky Sall l'a re\u0301affirme\u0301 face a\u0300 la BBC: il s'en ira de\u0300s le 2 avril peu importe s'il y a premier tour ou second tour. ...","breadcrumb":{"@id":"https:\/\/www.africa-press.net\/senegal\/politique\/en-cas-de-second-tour-le-forum-du-justiciable-demande-a-macky-sall-de-repousser-son-depart#breadcrumb"},"inLanguage":"fr-FR","potentialAction":[{"@type":"ReadAction","target":["https:\/\/www.africa-press.net\/senegal\/politique\/en-cas-de-second-tour-le-forum-du-justiciable-demande-a-macky-sall-de-repousser-son-depart"]}]},{"@type":"ImageObject","inLanguage":"fr-FR","@id":"https:\/\/www.africa-press.net\/senegal\/politique\/en-cas-de-second-tour-le-forum-du-justiciable-demande-a-macky-sall-de-repousser-son-depart#primaryimage","url":"https:\/\/static.africa-press.net\/senegal\/sites\/13\/2024\/03\/sm_1711060063.599312.jpg","contentUrl":"https:\/\/static.africa-press.net\/senegal\/sites\/13\/2024\/03\/sm_1711060063.599312.jpg","width":1222,"height":599,"caption":"En cas de second tour, le Forum du justiciable demande \u00e0 Macky Sall de repousser son d\u00e9part"},{"@type":"BreadcrumbList","@id":"https:\/\/www.africa-press.net\/senegal\/politique\/en-cas-de-second-tour-le-forum-du-justiciable-demande-a-macky-sall-de-repousser-son-depart#breadcrumb","itemListElement":[{"@type":"ListItem","position":1,"name":"Accueil","item":"https:\/\/www.africa-press.net\/senegal\/"},{"@type":"ListItem","position":2,"name":"En cas de second tour, le Forum du justiciable demande \u00e0 Macky Sall de repousser son d\u00e9part"}]},{"@type":"WebSite","@id":"https:\/\/www.africa-press.net\/senegal\/#website","url":"https:\/\/www.africa-press.net\/senegal\/","name":"Africa Press | Senegal | Homepage","description":"Just another Africa News Agency Sites site","potentialAction":[{"@type":"SearchAction","target":{"@type":"EntryPoint","urlTemplate":"https:\/\/www.africa-press.net\/senegal\/?s={search_term_string}"},"query-input":{"@type":"PropertyValueSpecification","valueRequired":true,"valueName":"search_term_string"}}],"inLanguage":"fr-FR"},{"@type":"Person","@id":"https:\/\/www.africa-press.net\/senegal\/#\/schema\/person\/2b1cf3cd81a31e3cd26889ca66d677f1","name":"cfeditorfr","url":"https:\/\/www.africa-press.net\/senegal\/author\/cfeditorfr"}]}},"_links":{"self":[{"href":"https:\/\/www.africa-press.net\/senegal\/wp-json\/wp\/v2\/posts\/57156","targetHints":{"allow":["GET"]}}],"collection":[{"href":"https:\/\/www.africa-press.net\/senegal\/wp-json\/wp\/v2\/posts"}],"about":[{"href":"https:\/\/www.africa-press.net\/senegal\/wp-json\/wp\/v2\/types\/post"}],"author":[{"embeddable":true,"href":"https:\/\/www.africa-press.net\/senegal\/wp-json\/wp\/v2\/users\/82"}],"replies":[{"embeddable":true,"href":"https:\/\/www.africa-press.net\/senegal\/wp-json\/wp\/v2\/comments?post=57156"}],"version-history":[{"count":0,"href":"https:\/\/www.africa-press.net\/senegal\/wp-json\/wp\/v2\/posts\/57156\/revisions"}],"wp:featuredmedia":[{"embeddable":true,"href":"https:\/\/www.africa-press.net\/senegal\/wp-json\/wp\/v2\/media\/57155"}],"wp:attachment":[{"href":"https:\/\/www.africa-press.net\/senegal\/wp-json\/wp\/v2\/media?parent=57156"}],"wp:term":[{"taxonomy":"category","embeddable":true,"href":"https:\/\/www.africa-press.net\/senegal\/wp-json\/wp\/v2\/categories?post=57156"},{"taxonomy":"post_tag","embeddable":true,"href":"https:\/\/www.africa-press.net\/senegal\/wp-json\/wp\/v2\/tags?post=57156"}],"curies":[{"name":"wp","href":"https:\/\/api.w.org\/{rel}","templated":true}]}}