{"id":57158,"date":"2024-03-21T20:46:54","date_gmt":"2024-03-21T20:46:54","guid":{"rendered":"https:\/\/www.africa-press.net\/senegal\/politique\/en-france-la-diaspora-senegalaise-enthousiaste-pour-une-presidentielle-capitale"},"modified":"2024-03-22T02:59:46","modified_gmt":"2024-03-22T02:59:46","slug":"en-france-la-diaspora-senegalaise-enthousiaste-pour-une-presidentielle-capitale","status":"publish","type":"post","link":"https:\/\/www.africa-press.net\/senegal\/politique\/en-france-la-diaspora-senegalaise-enthousiaste-pour-une-presidentielle-capitale","title":{"rendered":"En France, la diaspora s\u00e9n\u00e9galaise \u00ab\u00a0enthousiaste\u00a0\u00bb pour une pr\u00e9sidentielle \u00ab\u00a0capitale\u00a0\u00bb"},"content":{"rendered":"<p><span style=\"color: #ff6600\"><strong>Africa-Press &#8211; Senegal. <\/strong><\/span>Avec fierte\u0301, Saliou Seck brandit sa carte d&rsquo;e\u0301lecteur en sortant du consulat du Se\u0301ne\u0301gal a\u0300 Paris et scande en pleine rue son soutien a\u0300 un candidat a\u0300 la pre\u0301sidentielle de son pays.<\/p>\n<p>Consciente des enjeux apre\u0300s une grave crise, la diaspora se\u0301ne\u0301galaise est \u00ab\u00a0soulage\u0301e\u00a0\u00bb d&rsquo;aller au vote dimanche, avec l&rsquo;espoir qu&rsquo;il ait lieu dans le calme et de passer ensuite \u00ab\u00a0a\u0300 autre chose\u00a0\u00bb.<\/p>\n<p>\u00ab\u00a0Je suis venu pour remplir mon droit! Pour dimanche: 5e\u0300me pre\u0301sident, Amadou Ba!\u00a0\u00bb, lance M. Seck en re\u0301fe\u0301rence au candidat de la coalition gouvernementale, avant de disparai\u0302tre au milieu d&rsquo;un flux continu de Se\u0301ne\u0301galais venus au consulat retirer leurs cartes.<\/p>\n<p>Sept millions de Se\u0301ne\u0301galais sont appele\u0301s a\u0300 choisir dimanche &#8211; entre le candidat du pouvoir et 18 concurrents (dont la te\u0302te d&rsquo;affiche de l&rsquo;opposition Bassirou Diomaye Faye) &#8211; un successeur au pre\u0301sident Macky Sall, au pouvoir depuis 2012.<\/p>\n<p>Aicha Diaby, autoentrepreneuse de 28 ans, sort avec discre\u0301tion du consulat, carte e\u0301lectorale en main. \u00ab\u00a0Je dois vraiment voter, c&rsquo;est tre\u0300s important pour le pays, et pour moi en tant que jeune\u00a0\u00bb, confie-t-elle a\u0300 l&rsquo;AFP. \u00ab\u00a0Je vais voter pour le changement! On veut voir un autre Se\u0301ne\u0301gal!\u00a0\u00bb, lance-t-elle en re\u0301fe\u0301rence au \u00ab\u00a0candidat du changement de syste\u0300me\u00a0\u00bb, Bassirou Faye.<\/p>\n<p>A l&rsquo;instar de plusieurs interlocuteurs de l&rsquo;AFP parmi la diaspora, elle confie avec e\u0301motion ne pas e\u0302tre \u00ab\u00a0tranquille\u00a0\u00bb a\u0300 quelques jours du scrutin.<\/p>\n<p>Le premier tour de cette pre\u0301sidentielle se tient apre\u0300s une grave crise. Macky Sall avait cause\u0301 un choc en de\u0301cre\u0301tant le 3 fe\u0301vrier un report de dernie\u0300re minute et de dix mois de la pre\u0301sidentielle. Des manifestations ont fait quatre morts. Le Conseil constitutionnel a finalement force\u0301 l&rsquo;exe\u0301cutif a\u0300 organiser l&rsquo;e\u0301lection ce 24 mars.<\/p>\n<p>Le Se\u0301ne\u0301gal avait de\u0301ja\u0300 connu depuis 2021 des e\u0301pisodes de troubles meurtriers provoque\u0301s par le bras de fer entre l&rsquo;opposant Ousmane Sonko et le pouvoir, conjugue\u0301 au flou maintenu par Macky Sall sur un troisie\u0300me mandat et aux tensions sociales. Des dizaines de personnes ont e\u0301te\u0301 tue\u0301es et des centaines arre\u0302te\u0301es.<\/p>\n<p>\u00ab\u00a0Ce que souhaite la diaspora? C&rsquo;est qu&rsquo;on aille aux e\u0301lections et qu&rsquo;on passe a\u0300 autre chose\u00a0\u00bb, re\u0301sume le consul du Se\u0301ne\u0301gal a\u0300 Paris Amadou Diallo, qui constate \u00ab\u00a0une effervescence politique de chaque camp\u00a0\u00bb.<\/p>\n<p>Selon les chiffres communique\u0301s par le consul, le nombre de Se\u0301ne\u0301galais avec un titre de se\u0301jour installe\u0301s en France est d&rsquo;environ 200.000. Mais ce chiffre atteint 1,1 million si l&rsquo;on inclut les binationaux, selon le consul. Quelque 81.000 personnes sont inscrites sur les listes e\u0301lectorales, pre\u0301cise-t-il.<\/p>\n<p><b>Fe\u0301brilite\u0301<\/b><\/p>\n<p>Ces dernie\u0300res semaines, les partisans des candidats ont acce\u0301le\u0301re\u0301 cette campagne en France: distribution de tracts sur des marche\u0301s, porte-a\u0300-porte chez l&rsquo;habitant, meetings avec des responsables de section des partis.<\/p>\n<p>\u00ab\u00a0Je fais campagne tout le temps, j&rsquo;ai des flyers en permanence dans ma voiture!\u00a0\u00bb, lance a\u0300 l&rsquo;AFP Issa-Isaac Ngom, 39 ans, responsable de la coalition \u00ab\u00a0Diomaye Pre\u0301sident\u00a0\u00bb pour le sud de la France, interroge\u0301 par te\u0301le\u0301phone. \u00ab\u00a0On s&rsquo;est mobilise\u0301 tout le weekend pour faire le tour de tous les marche\u0301s a\u0300 Marseille, les foyers de travailleurs (immigre\u0301s), des visites dans les familles\u00a0\u00bb.<\/p>\n<p>Parmi la diaspora rencontre\u0301e ces derniers jours, il dit avoir ressenti \u00ab\u00a0l&rsquo;enthousiasme que cette e\u0301lection capitale se tienne enfin\u00a0\u00bb.<\/p>\n<p>Une fe\u0301brilite\u0301 partage\u0301e par Lamine Seye, employe\u0301 du restaurant de cuisine se\u0301ne\u0301galaise \u00ab\u00a0Le Wiri Wiri\u00a0\u00bb, dans le XIIe\u0300me arrondissement de Paris. A l&rsquo;heure du de\u0301jeuner en ce jeu\u0302ne du mois de ramadan, le lieu est beaucoup moins fre\u0301quente\u0301 qu&rsquo;a\u0300 l&rsquo;accoutume\u0301e. \u00ab\u00a0J&rsquo;irai voter, je ne laisserai pas les autres voter pour moi!\u00a0\u00bb<\/p>\n<p>Il se dit \u00ab\u00a0soulage\u0301\u00a0\u00bb de la tenue du vote, mais confie avoir eu \u00ab\u00a0peur que le Se\u0301ne\u0301gal chavire\u00a0\u00bb. \u00ab\u00a0J&rsquo;ai 30 ans et je n&rsquo;ai jamais ve\u0301cu c\u0327a: une cinquantaine de morts!\u00a0\u00bb<\/p>\n<p>Le musicien franco-se\u0301ne\u0301galais Neega Mass, qui se pre\u0301sente comme un \u00ab\u00a0artiste panafricain engage\u0301\u00a0\u00bb, s&rsquo;est de son co\u0302te\u0301 \u00ab\u00a0beaucoup mobilise\u0301 pour conscientiser\u00a0\u00bb ses compatriotes, en plaidant sur ses re\u0301seaux sociaux pour \u00ab\u00a0un nouveau souffle\u00a0\u00bb et un pre\u0301sident qui apporterait \u00ab\u00a0l&#8217;emploi pour les jeunes, l&rsquo;e\u0301ducation, la sante\u0301, le pouvoir d&rsquo;achat\u00a0\u00bb.<\/p>\n<p>Emile Bakhoum, 42 ans, un des responsables en France du parti de Macky Sall (APR), se dit \u00ab\u00a0tre\u0300s serein\u00a0\u00bb. Il se fe\u0301licite du \u00ab\u00a0sursaut qui nous a permis d&rsquo;aller vers une e\u0301lection apaise\u0301e\u00a0\u00bb, me\u0302me s&rsquo;il juge \u00ab\u00a0regrettable\u00a0\u00bb les de\u0301ce\u0300s lors des troubles et les de\u0301ga\u0302ts mate\u0301riels.<\/p>\n<p>Pour Issa-Isaac Ngom, cette campagne reste marque\u0301e par \u00ab\u00a0un sentiment de tristesse, parce qu&rsquo;une seule perte en vie humaine c&rsquo;est une perte de trop\u00a0\u00bb, de\u0301nonc\u0327ant les \u00ab\u00a0milliers d&rsquo;arrestations\u00a0\u00bb et les \u00ab\u00a0centaines de blesse\u0301s dont certains garderont des se\u0301quelles a\u0300 vie\u00a0\u00bb. \u00ab\u00a0Le Se\u0301ne\u0301gal ne me\u0301ritait pas cela\u00a0\u00bb, de\u0301plore-t-il.<\/p>\n<p><strong>Pour plus d&rsquo;informations et d&rsquo;analyses sur la <a href=\"https:\/\/www.africa-press.net\/senegal\">Senegal<\/a>, suivez <a href=\"https:\/\/www.africa-press.net\/\">Africa-Press<\/a><\/strong><\/p>\n","protected":false},"excerpt":{"rendered":"<p>Africa-Press &#8211; Senegal. Avec fierte\u0301, Saliou Seck brandit sa carte d&rsquo;e\u0301lecteur en sortant du consulat du Se\u0301ne\u0301gal a\u0300 Paris et scande en pleine rue son soutien a\u0300 un candidat a\u0300 la pre\u0301sidentielle de son pays. Consciente des enjeux apre\u0300s une grave crise, la diaspora se\u0301ne\u0301galaise est \u00ab\u00a0soulage\u0301e\u00a0\u00bb d&rsquo;aller au vote dimanche, avec l&rsquo;espoir qu&rsquo;il ait [&hellip;]<\/p>\n","protected":false},"author":82,"featured_media":57157,"comment_status":"open","ping_status":"closed","sticky":false,"template":"","format":"standard","meta":{"footnotes":""},"categories":[2,10],"tags":[43,47,44],"class_list":["post-57158","post","type-post","status-publish","format-standard","has-post-thumbnail","hentry","category-politique","category-toutes-les-actualites","tag-africa-press-2","tag-africa-press-senegal","tag-senegal-2"],"yoast_head":"<!-- This site is optimized with the Yoast SEO Premium plugin v26.1 (Yoast SEO v27.0) - https:\/\/yoast.com\/product\/yoast-seo-premium-wordpress\/ -->\n<title>En France, la diaspora s\u00e9n\u00e9galaise &quot;enthousiaste&quot; pour une pr\u00e9sidentielle &quot;capitale&quot; - Senegal<\/title>\n<meta name=\"description\" content=\"Avec fierte\u0301, Saliou Seck brandit sa carte d&#039;e\u0301lecteur en sortant du consulat du Se\u0301ne\u0301gal a\u0300 Paris et scande en pleine ...\" \/>\n<meta name=\"robots\" content=\"index, follow, max-snippet:-1, max-image-preview:large, max-video-preview:-1\" \/>\n<link rel=\"canonical\" href=\"https:\/\/www.africa-press.net\/senegal\/politique\/en-france-la-diaspora-senegalaise-enthousiaste-pour-une-presidentielle-capitale\" \/>\n<meta property=\"og:locale\" content=\"fr_FR\" \/>\n<meta property=\"og:type\" content=\"article\" \/>\n<meta property=\"og:title\" content=\"En France, la diaspora s\u00e9n\u00e9galaise &quot;enthousiaste&quot; pour une pr\u00e9sidentielle &quot;capitale&quot;\" \/>\n<meta property=\"og:description\" content=\"Avec fierte\u0301, Saliou Seck brandit sa carte d&#039;e\u0301lecteur en sortant du consulat du Se\u0301ne\u0301gal a\u0300 Paris et scande en pleine ...\" \/>\n<meta property=\"og:url\" content=\"https:\/\/www.africa-press.net\/senegal\/politique\/en-france-la-diaspora-senegalaise-enthousiaste-pour-une-presidentielle-capitale\" \/>\n<meta property=\"og:site_name\" content=\"Senegal\" \/>\n<meta property=\"article:published_time\" content=\"2024-03-21T20:46:54+00:00\" \/>\n<meta property=\"article:modified_time\" content=\"2024-03-22T02:59:46+00:00\" \/>\n<meta property=\"og:image\" content=\"https:\/\/static.africa-press.net\/senegal\/sites\/13\/2024\/03\/sm_1711060096.358849.jpg\" \/>\n\t<meta property=\"og:image:width\" content=\"1305\" \/>\n\t<meta property=\"og:image:height\" content=\"631\" \/>\n\t<meta property=\"og:image:type\" content=\"image\/jpeg\" \/>\n<meta name=\"author\" content=\"cfeditorfr\" \/>\n<meta name=\"twitter:card\" content=\"summary_large_image\" \/>\n<meta name=\"twitter:label1\" content=\"\u00c9crit par\" \/>\n\t<meta name=\"twitter:data1\" content=\"cfeditorfr\" \/>\n\t<meta name=\"twitter:label2\" content=\"Dur\u00e9e de lecture estim\u00e9e\" \/>\n\t<meta name=\"twitter:data2\" content=\"4 minutes\" \/>\n<script type=\"application\/ld+json\" class=\"yoast-schema-graph\">{\"@context\":\"https:\/\/schema.org\",\"@graph\":[{\"@type\":\"Article\",\"@id\":\"https:\/\/www.africa-press.net\/senegal\/politique\/en-france-la-diaspora-senegalaise-enthousiaste-pour-une-presidentielle-capitale#article\",\"isPartOf\":{\"@id\":\"https:\/\/www.africa-press.net\/senegal\/politique\/en-france-la-diaspora-senegalaise-enthousiaste-pour-une-presidentielle-capitale\"},\"author\":{\"name\":\"cfeditorfr\",\"@id\":\"https:\/\/www.africa-press.net\/senegal\/#\/schema\/person\/2b1cf3cd81a31e3cd26889ca66d677f1\"},\"headline\":\"En France, la diaspora s\u00e9n\u00e9galaise \u00ab\u00a0enthousiaste\u00a0\u00bb pour une pr\u00e9sidentielle \u00ab\u00a0capitale\u00a0\u00bb\",\"datePublished\":\"2024-03-21T20:46:54+00:00\",\"dateModified\":\"2024-03-22T02:59:46+00:00\",\"mainEntityOfPage\":{\"@id\":\"https:\/\/www.africa-press.net\/senegal\/politique\/en-france-la-diaspora-senegalaise-enthousiaste-pour-une-presidentielle-capitale\"},\"wordCount\":908,\"commentCount\":0,\"image\":{\"@id\":\"https:\/\/www.africa-press.net\/senegal\/politique\/en-france-la-diaspora-senegalaise-enthousiaste-pour-une-presidentielle-capitale#primaryimage\"},\"thumbnailUrl\":\"https:\/\/static.africa-press.net\/senegal\/sites\/13\/2024\/03\/sm_1711060096.358849.jpg\",\"keywords\":[\"Africa Press\",\"Africa Press-Senegal\",\"Senegal\"],\"articleSection\":[\"Politique\",\"Toutes les actualit\u00e9s\"],\"inLanguage\":\"fr-FR\",\"potentialAction\":[{\"@type\":\"CommentAction\",\"name\":\"Comment\",\"target\":[\"https:\/\/www.africa-press.net\/senegal\/politique\/en-france-la-diaspora-senegalaise-enthousiaste-pour-une-presidentielle-capitale#respond\"]}]},{\"@type\":\"WebPage\",\"@id\":\"https:\/\/www.africa-press.net\/senegal\/politique\/en-france-la-diaspora-senegalaise-enthousiaste-pour-une-presidentielle-capitale\",\"url\":\"https:\/\/www.africa-press.net\/senegal\/politique\/en-france-la-diaspora-senegalaise-enthousiaste-pour-une-presidentielle-capitale\",\"name\":\"En France, la diaspora s\u00e9n\u00e9galaise \\\"enthousiaste\\\" pour une pr\u00e9sidentielle \\\"capitale\\\" - Senegal\",\"isPartOf\":{\"@id\":\"https:\/\/www.africa-press.net\/senegal\/#website\"},\"primaryImageOfPage\":{\"@id\":\"https:\/\/www.africa-press.net\/senegal\/politique\/en-france-la-diaspora-senegalaise-enthousiaste-pour-une-presidentielle-capitale#primaryimage\"},\"image\":{\"@id\":\"https:\/\/www.africa-press.net\/senegal\/politique\/en-france-la-diaspora-senegalaise-enthousiaste-pour-une-presidentielle-capitale#primaryimage\"},\"thumbnailUrl\":\"https:\/\/static.africa-press.net\/senegal\/sites\/13\/2024\/03\/sm_1711060096.358849.jpg\",\"datePublished\":\"2024-03-21T20:46:54+00:00\",\"dateModified\":\"2024-03-22T02:59:46+00:00\",\"author\":{\"@id\":\"https:\/\/www.africa-press.net\/senegal\/#\/schema\/person\/2b1cf3cd81a31e3cd26889ca66d677f1\"},\"description\":\"Avec fierte\u0301, Saliou Seck brandit sa carte d'e\u0301lecteur en sortant du consulat du Se\u0301ne\u0301gal a\u0300 Paris et scande en pleine ...\",\"breadcrumb\":{\"@id\":\"https:\/\/www.africa-press.net\/senegal\/politique\/en-france-la-diaspora-senegalaise-enthousiaste-pour-une-presidentielle-capitale#breadcrumb\"},\"inLanguage\":\"fr-FR\",\"potentialAction\":[{\"@type\":\"ReadAction\",\"target\":[\"https:\/\/www.africa-press.net\/senegal\/politique\/en-france-la-diaspora-senegalaise-enthousiaste-pour-une-presidentielle-capitale\"]}]},{\"@type\":\"ImageObject\",\"inLanguage\":\"fr-FR\",\"@id\":\"https:\/\/www.africa-press.net\/senegal\/politique\/en-france-la-diaspora-senegalaise-enthousiaste-pour-une-presidentielle-capitale#primaryimage\",\"url\":\"https:\/\/static.africa-press.net\/senegal\/sites\/13\/2024\/03\/sm_1711060096.358849.jpg\",\"contentUrl\":\"https:\/\/static.africa-press.net\/senegal\/sites\/13\/2024\/03\/sm_1711060096.358849.jpg\",\"width\":1305,\"height\":631,\"caption\":\"En France, la diaspora s\u00e9n\u00e9galaise \\\"enthousiaste\\\" pour une pr\u00e9sidentielle \\\"capitale\\\"\"},{\"@type\":\"BreadcrumbList\",\"@id\":\"https:\/\/www.africa-press.net\/senegal\/politique\/en-france-la-diaspora-senegalaise-enthousiaste-pour-une-presidentielle-capitale#breadcrumb\",\"itemListElement\":[{\"@type\":\"ListItem\",\"position\":1,\"name\":\"Accueil\",\"item\":\"https:\/\/www.africa-press.net\/senegal\/\"},{\"@type\":\"ListItem\",\"position\":2,\"name\":\"En France, la diaspora s\u00e9n\u00e9galaise &#8220;enthousiaste&#8221; pour une pr\u00e9sidentielle &#8220;capitale&#8221;\"}]},{\"@type\":\"WebSite\",\"@id\":\"https:\/\/www.africa-press.net\/senegal\/#website\",\"url\":\"https:\/\/www.africa-press.net\/senegal\/\",\"name\":\"Africa Press | Senegal | Homepage\",\"description\":\"Just another Africa News Agency Sites site\",\"potentialAction\":[{\"@type\":\"SearchAction\",\"target\":{\"@type\":\"EntryPoint\",\"urlTemplate\":\"https:\/\/www.africa-press.net\/senegal\/?s={search_term_string}\"},\"query-input\":{\"@type\":\"PropertyValueSpecification\",\"valueRequired\":true,\"valueName\":\"search_term_string\"}}],\"inLanguage\":\"fr-FR\"},{\"@type\":\"Person\",\"@id\":\"https:\/\/www.africa-press.net\/senegal\/#\/schema\/person\/2b1cf3cd81a31e3cd26889ca66d677f1\",\"name\":\"cfeditorfr\",\"url\":\"https:\/\/www.africa-press.net\/senegal\/author\/cfeditorfr\"}]}<\/script>\n<!-- \/ Yoast SEO Premium plugin. -->","yoast_head_json":{"title":"En France, la diaspora s\u00e9n\u00e9galaise \"enthousiaste\" pour une pr\u00e9sidentielle \"capitale\" - Senegal","description":"Avec fierte\u0301, Saliou Seck brandit sa carte d'e\u0301lecteur en sortant du consulat du Se\u0301ne\u0301gal a\u0300 Paris et scande en pleine ...","robots":{"index":"index","follow":"follow","max-snippet":"max-snippet:-1","max-image-preview":"max-image-preview:large","max-video-preview":"max-video-preview:-1"},"canonical":"https:\/\/www.africa-press.net\/senegal\/politique\/en-france-la-diaspora-senegalaise-enthousiaste-pour-une-presidentielle-capitale","og_locale":"fr_FR","og_type":"article","og_title":"En France, la diaspora s\u00e9n\u00e9galaise \"enthousiaste\" pour une pr\u00e9sidentielle \"capitale\"","og_description":"Avec fierte\u0301, Saliou Seck brandit sa carte d'e\u0301lecteur en sortant du consulat du Se\u0301ne\u0301gal a\u0300 Paris et scande en pleine ...","og_url":"https:\/\/www.africa-press.net\/senegal\/politique\/en-france-la-diaspora-senegalaise-enthousiaste-pour-une-presidentielle-capitale","og_site_name":"Senegal","article_published_time":"2024-03-21T20:46:54+00:00","article_modified_time":"2024-03-22T02:59:46+00:00","og_image":[{"width":1305,"height":631,"url":"https:\/\/static.africa-press.net\/senegal\/sites\/13\/2024\/03\/sm_1711060096.358849.jpg","type":"image\/jpeg"}],"author":"cfeditorfr","twitter_card":"summary_large_image","twitter_misc":{"\u00c9crit par":"cfeditorfr","Dur\u00e9e de lecture estim\u00e9e":"4 minutes"},"schema":{"@context":"https:\/\/schema.org","@graph":[{"@type":"Article","@id":"https:\/\/www.africa-press.net\/senegal\/politique\/en-france-la-diaspora-senegalaise-enthousiaste-pour-une-presidentielle-capitale#article","isPartOf":{"@id":"https:\/\/www.africa-press.net\/senegal\/politique\/en-france-la-diaspora-senegalaise-enthousiaste-pour-une-presidentielle-capitale"},"author":{"name":"cfeditorfr","@id":"https:\/\/www.africa-press.net\/senegal\/#\/schema\/person\/2b1cf3cd81a31e3cd26889ca66d677f1"},"headline":"En France, la diaspora s\u00e9n\u00e9galaise \u00ab\u00a0enthousiaste\u00a0\u00bb pour une pr\u00e9sidentielle \u00ab\u00a0capitale\u00a0\u00bb","datePublished":"2024-03-21T20:46:54+00:00","dateModified":"2024-03-22T02:59:46+00:00","mainEntityOfPage":{"@id":"https:\/\/www.africa-press.net\/senegal\/politique\/en-france-la-diaspora-senegalaise-enthousiaste-pour-une-presidentielle-capitale"},"wordCount":908,"commentCount":0,"image":{"@id":"https:\/\/www.africa-press.net\/senegal\/politique\/en-france-la-diaspora-senegalaise-enthousiaste-pour-une-presidentielle-capitale#primaryimage"},"thumbnailUrl":"https:\/\/static.africa-press.net\/senegal\/sites\/13\/2024\/03\/sm_1711060096.358849.jpg","keywords":["Africa Press","Africa Press-Senegal","Senegal"],"articleSection":["Politique","Toutes les actualit\u00e9s"],"inLanguage":"fr-FR","potentialAction":[{"@type":"CommentAction","name":"Comment","target":["https:\/\/www.africa-press.net\/senegal\/politique\/en-france-la-diaspora-senegalaise-enthousiaste-pour-une-presidentielle-capitale#respond"]}]},{"@type":"WebPage","@id":"https:\/\/www.africa-press.net\/senegal\/politique\/en-france-la-diaspora-senegalaise-enthousiaste-pour-une-presidentielle-capitale","url":"https:\/\/www.africa-press.net\/senegal\/politique\/en-france-la-diaspora-senegalaise-enthousiaste-pour-une-presidentielle-capitale","name":"En France, la diaspora s\u00e9n\u00e9galaise \"enthousiaste\" pour une pr\u00e9sidentielle \"capitale\" - Senegal","isPartOf":{"@id":"https:\/\/www.africa-press.net\/senegal\/#website"},"primaryImageOfPage":{"@id":"https:\/\/www.africa-press.net\/senegal\/politique\/en-france-la-diaspora-senegalaise-enthousiaste-pour-une-presidentielle-capitale#primaryimage"},"image":{"@id":"https:\/\/www.africa-press.net\/senegal\/politique\/en-france-la-diaspora-senegalaise-enthousiaste-pour-une-presidentielle-capitale#primaryimage"},"thumbnailUrl":"https:\/\/static.africa-press.net\/senegal\/sites\/13\/2024\/03\/sm_1711060096.358849.jpg","datePublished":"2024-03-21T20:46:54+00:00","dateModified":"2024-03-22T02:59:46+00:00","author":{"@id":"https:\/\/www.africa-press.net\/senegal\/#\/schema\/person\/2b1cf3cd81a31e3cd26889ca66d677f1"},"description":"Avec fierte\u0301, Saliou Seck brandit sa carte d'e\u0301lecteur en sortant du consulat du Se\u0301ne\u0301gal a\u0300 Paris et scande en pleine ...","breadcrumb":{"@id":"https:\/\/www.africa-press.net\/senegal\/politique\/en-france-la-diaspora-senegalaise-enthousiaste-pour-une-presidentielle-capitale#breadcrumb"},"inLanguage":"fr-FR","potentialAction":[{"@type":"ReadAction","target":["https:\/\/www.africa-press.net\/senegal\/politique\/en-france-la-diaspora-senegalaise-enthousiaste-pour-une-presidentielle-capitale"]}]},{"@type":"ImageObject","inLanguage":"fr-FR","@id":"https:\/\/www.africa-press.net\/senegal\/politique\/en-france-la-diaspora-senegalaise-enthousiaste-pour-une-presidentielle-capitale#primaryimage","url":"https:\/\/static.africa-press.net\/senegal\/sites\/13\/2024\/03\/sm_1711060096.358849.jpg","contentUrl":"https:\/\/static.africa-press.net\/senegal\/sites\/13\/2024\/03\/sm_1711060096.358849.jpg","width":1305,"height":631,"caption":"En France, la diaspora s\u00e9n\u00e9galaise \"enthousiaste\" pour une pr\u00e9sidentielle \"capitale\""},{"@type":"BreadcrumbList","@id":"https:\/\/www.africa-press.net\/senegal\/politique\/en-france-la-diaspora-senegalaise-enthousiaste-pour-une-presidentielle-capitale#breadcrumb","itemListElement":[{"@type":"ListItem","position":1,"name":"Accueil","item":"https:\/\/www.africa-press.net\/senegal\/"},{"@type":"ListItem","position":2,"name":"En France, la diaspora s\u00e9n\u00e9galaise &#8220;enthousiaste&#8221; pour une pr\u00e9sidentielle &#8220;capitale&#8221;"}]},{"@type":"WebSite","@id":"https:\/\/www.africa-press.net\/senegal\/#website","url":"https:\/\/www.africa-press.net\/senegal\/","name":"Africa Press | Senegal | Homepage","description":"Just another Africa News Agency Sites site","potentialAction":[{"@type":"SearchAction","target":{"@type":"EntryPoint","urlTemplate":"https:\/\/www.africa-press.net\/senegal\/?s={search_term_string}"},"query-input":{"@type":"PropertyValueSpecification","valueRequired":true,"valueName":"search_term_string"}}],"inLanguage":"fr-FR"},{"@type":"Person","@id":"https:\/\/www.africa-press.net\/senegal\/#\/schema\/person\/2b1cf3cd81a31e3cd26889ca66d677f1","name":"cfeditorfr","url":"https:\/\/www.africa-press.net\/senegal\/author\/cfeditorfr"}]}},"_links":{"self":[{"href":"https:\/\/www.africa-press.net\/senegal\/wp-json\/wp\/v2\/posts\/57158","targetHints":{"allow":["GET"]}}],"collection":[{"href":"https:\/\/www.africa-press.net\/senegal\/wp-json\/wp\/v2\/posts"}],"about":[{"href":"https:\/\/www.africa-press.net\/senegal\/wp-json\/wp\/v2\/types\/post"}],"author":[{"embeddable":true,"href":"https:\/\/www.africa-press.net\/senegal\/wp-json\/wp\/v2\/users\/82"}],"replies":[{"embeddable":true,"href":"https:\/\/www.africa-press.net\/senegal\/wp-json\/wp\/v2\/comments?post=57158"}],"version-history":[{"count":0,"href":"https:\/\/www.africa-press.net\/senegal\/wp-json\/wp\/v2\/posts\/57158\/revisions"}],"wp:featuredmedia":[{"embeddable":true,"href":"https:\/\/www.africa-press.net\/senegal\/wp-json\/wp\/v2\/media\/57157"}],"wp:attachment":[{"href":"https:\/\/www.africa-press.net\/senegal\/wp-json\/wp\/v2\/media?parent=57158"}],"wp:term":[{"taxonomy":"category","embeddable":true,"href":"https:\/\/www.africa-press.net\/senegal\/wp-json\/wp\/v2\/categories?post=57158"},{"taxonomy":"post_tag","embeddable":true,"href":"https:\/\/www.africa-press.net\/senegal\/wp-json\/wp\/v2\/tags?post=57158"}],"curies":[{"name":"wp","href":"https:\/\/api.w.org\/{rel}","templated":true}]}}