{"id":57165,"date":"2024-03-21T20:59:14","date_gmt":"2024-03-21T20:59:14","guid":{"rendered":"https:\/\/www.africa-press.net\/senegal\/politique\/koungheul-aly-ngouille-ndiaye-mise-sur-lagriculture-pour-developper-la-region-et-garantit-la-souverainete-alimentaire-dici-5-ans"},"modified":"2024-03-22T03:05:44","modified_gmt":"2024-03-22T03:05:44","slug":"koungheul-aly-ngouille-ndiaye-mise-sur-lagriculture-pour-developper-la-region-et-garantit-la-souverainete-alimentaire-dici-5-ans","status":"publish","type":"post","link":"https:\/\/www.africa-press.net\/senegal\/politique\/koungheul-aly-ngouille-ndiaye-mise-sur-lagriculture-pour-developper-la-region-et-garantit-la-souverainete-alimentaire-dici-5-ans","title":{"rendered":"Koungheul : Aly Ngouille Ndiaye mise sur l\u2019agriculture pour d\u00e9velopper la r\u00e9gion et garantit la souverainet\u00e9 alimentaire d\u2019ici 5 ans"},"content":{"rendered":"<p><span style=\"color: #ff6600\"><strong>Africa-Press &#8211; Senegal. <\/strong><\/span>Le candidat a\u0300 l\u2019e\u0301lection pre\u0301sidentielle du 24 mars prochain, Aly Ngouille Ndiaye e\u0301tait de passage, hier mercredi, soir dans le Bambouck. L\u2019ancien ministre de l\u2019Agriculture et de l\u2019E\u0301quipement rural a sonne\u0301 la mobilisation pour une victoire de la coalition AlyNgouille2024, dimanche prochain.<\/p>\n<p>\u201cSi vous m\u2019e\u0301lisez, je vous garantis la souverainete\u0301 alimentaire d\u2019ici cinq ans\u201d, a-t-il lance\u0301 aux militants et sympathisants venus le soutenir.<\/p>\n<p>Aly Ngouille a fait savoir que l\u2019autonomie alimentaire passe par une grande production des agriculteurs. \u201cNous ne pouvons plus continuer a\u0300 subventionner les produits alimentaires. Si nous arrivons a\u0300 produire en grande quantite\u0301, il n&rsquo;y aura plus de raison de le faire, car nous aurons atteint nos objectifs\u201d, d&rsquo;apre\u0300s lui.<\/p>\n<p>Le pre\u0301sident de la coalition AlyNgouilleNdiaye2024 a e\u0301galement fe\u0301licite\u0301 les agriculteurs du de\u0301partement de Koungheul pour leurs bonnes re\u0301coltes de cette anne\u0301e.<\/p>\n<p><strong>Pour plus d&rsquo;informations et d&rsquo;analyses sur la <a href=\"https:\/\/www.africa-press.net\/senegal\">Senegal<\/a>, suivez <a href=\"https:\/\/www.africa-press.net\/\">Africa-Press<\/a><\/strong><\/p>\n","protected":false},"excerpt":{"rendered":"<p>Africa-Press &#8211; Senegal. Le candidat a\u0300 l\u2019e\u0301lection pre\u0301sidentielle du 24 mars prochain, Aly Ngouille Ndiaye e\u0301tait de passage, hier mercredi, soir dans le Bambouck. L\u2019ancien ministre de l\u2019Agriculture et de l\u2019E\u0301quipement rural a sonne\u0301 la mobilisation pour une victoire de la coalition AlyNgouille2024, dimanche prochain. \u201cSi vous m\u2019e\u0301lisez, je vous garantis la souverainete\u0301 alimentaire d\u2019ici [&hellip;]<\/p>\n","protected":false},"author":82,"featured_media":57164,"comment_status":"open","ping_status":"closed","sticky":false,"template":"","format":"standard","meta":{"footnotes":""},"categories":[2,10],"tags":[43,47,44],"class_list":["post-57165","post","type-post","status-publish","format-standard","has-post-thumbnail","hentry","category-politique","category-toutes-les-actualites","tag-africa-press-2","tag-africa-press-senegal","tag-senegal-2"],"yoast_head":"<!-- This site is optimized with the Yoast SEO Premium plugin v26.1 (Yoast SEO v27.0) - https:\/\/yoast.com\/product\/yoast-seo-premium-wordpress\/ -->\n<title>Koungheul : Aly Ngouille Ndiaye mise sur l\u2019agriculture pour d\u00e9velopper la r\u00e9gion et garantit la souverainet\u00e9 alimentaire d\u2019ici 5 ans - Senegal<\/title>\n<meta name=\"description\" content=\"Le candidat a\u0300 l\u2019e\u0301lection pre\u0301sidentielle du 24 mars prochain, Aly Ngouille Ndiaye e\u0301tait de passage, hier mercredi, so ...\" \/>\n<meta name=\"robots\" content=\"index, follow, max-snippet:-1, max-image-preview:large, max-video-preview:-1\" \/>\n<link rel=\"canonical\" href=\"https:\/\/www.africa-press.net\/senegal\/politique\/koungheul-aly-ngouille-ndiaye-mise-sur-lagriculture-pour-developper-la-region-et-garantit-la-souverainete-alimentaire-dici-5-ans\" \/>\n<meta property=\"og:locale\" content=\"fr_FR\" \/>\n<meta property=\"og:type\" content=\"article\" \/>\n<meta property=\"og:title\" content=\"Koungheul : Aly Ngouille Ndiaye mise sur l\u2019agriculture pour d\u00e9velopper la r\u00e9gion et garantit la souverainet\u00e9 alimentaire d\u2019ici 5 ans\" \/>\n<meta property=\"og:description\" content=\"Le candidat a\u0300 l\u2019e\u0301lection pre\u0301sidentielle du 24 mars prochain, Aly Ngouille Ndiaye e\u0301tait de passage, hier mercredi, so ...\" \/>\n<meta property=\"og:url\" content=\"https:\/\/www.africa-press.net\/senegal\/politique\/koungheul-aly-ngouille-ndiaye-mise-sur-lagriculture-pour-developper-la-region-et-garantit-la-souverainete-alimentaire-dici-5-ans\" \/>\n<meta property=\"og:site_name\" content=\"Senegal\" \/>\n<meta property=\"article:published_time\" content=\"2024-03-21T20:59:14+00:00\" \/>\n<meta property=\"article:modified_time\" content=\"2024-03-22T03:05:44+00:00\" \/>\n<meta property=\"og:image\" content=\"https:\/\/static.africa-press.net\/senegal\/sites\/13\/2024\/03\/sm_1711060495.613867.jpg\" \/>\n\t<meta property=\"og:image:width\" content=\"1215\" \/>\n\t<meta property=\"og:image:height\" content=\"593\" \/>\n\t<meta property=\"og:image:type\" content=\"image\/jpeg\" \/>\n<meta name=\"author\" content=\"cfeditorfr\" \/>\n<meta name=\"twitter:card\" content=\"summary_large_image\" \/>\n<meta name=\"twitter:label1\" content=\"\u00c9crit par\" \/>\n\t<meta name=\"twitter:data1\" content=\"cfeditorfr\" \/>\n\t<meta name=\"twitter:label2\" content=\"Dur\u00e9e de lecture estim\u00e9e\" \/>\n\t<meta name=\"twitter:data2\" content=\"1 minute\" \/>\n<script type=\"application\/ld+json\" class=\"yoast-schema-graph\">{\"@context\":\"https:\/\/schema.org\",\"@graph\":[{\"@type\":\"Article\",\"@id\":\"https:\/\/www.africa-press.net\/senegal\/politique\/koungheul-aly-ngouille-ndiaye-mise-sur-lagriculture-pour-developper-la-region-et-garantit-la-souverainete-alimentaire-dici-5-ans#article\",\"isPartOf\":{\"@id\":\"https:\/\/www.africa-press.net\/senegal\/politique\/koungheul-aly-ngouille-ndiaye-mise-sur-lagriculture-pour-developper-la-region-et-garantit-la-souverainete-alimentaire-dici-5-ans\"},\"author\":{\"name\":\"cfeditorfr\",\"@id\":\"https:\/\/www.africa-press.net\/senegal\/#\/schema\/person\/2b1cf3cd81a31e3cd26889ca66d677f1\"},\"headline\":\"Koungheul : Aly Ngouille Ndiaye mise sur l\u2019agriculture pour d\u00e9velopper la r\u00e9gion et garantit la souverainet\u00e9 alimentaire d\u2019ici 5 ans\",\"datePublished\":\"2024-03-21T20:59:14+00:00\",\"dateModified\":\"2024-03-22T03:05:44+00:00\",\"mainEntityOfPage\":{\"@id\":\"https:\/\/www.africa-press.net\/senegal\/politique\/koungheul-aly-ngouille-ndiaye-mise-sur-lagriculture-pour-developper-la-region-et-garantit-la-souverainete-alimentaire-dici-5-ans\"},\"wordCount\":192,\"commentCount\":0,\"image\":{\"@id\":\"https:\/\/www.africa-press.net\/senegal\/politique\/koungheul-aly-ngouille-ndiaye-mise-sur-lagriculture-pour-developper-la-region-et-garantit-la-souverainete-alimentaire-dici-5-ans#primaryimage\"},\"thumbnailUrl\":\"https:\/\/static.africa-press.net\/senegal\/sites\/13\/2024\/03\/sm_1711060495.613867.jpg\",\"keywords\":[\"Africa Press\",\"Africa Press-Senegal\",\"Senegal\"],\"articleSection\":[\"Politique\",\"Toutes les actualit\u00e9s\"],\"inLanguage\":\"fr-FR\",\"potentialAction\":[{\"@type\":\"CommentAction\",\"name\":\"Comment\",\"target\":[\"https:\/\/www.africa-press.net\/senegal\/politique\/koungheul-aly-ngouille-ndiaye-mise-sur-lagriculture-pour-developper-la-region-et-garantit-la-souverainete-alimentaire-dici-5-ans#respond\"]}]},{\"@type\":\"WebPage\",\"@id\":\"https:\/\/www.africa-press.net\/senegal\/politique\/koungheul-aly-ngouille-ndiaye-mise-sur-lagriculture-pour-developper-la-region-et-garantit-la-souverainete-alimentaire-dici-5-ans\",\"url\":\"https:\/\/www.africa-press.net\/senegal\/politique\/koungheul-aly-ngouille-ndiaye-mise-sur-lagriculture-pour-developper-la-region-et-garantit-la-souverainete-alimentaire-dici-5-ans\",\"name\":\"Koungheul : Aly Ngouille Ndiaye mise sur l\u2019agriculture pour d\u00e9velopper la r\u00e9gion et garantit la souverainet\u00e9 alimentaire d\u2019ici 5 ans - Senegal\",\"isPartOf\":{\"@id\":\"https:\/\/www.africa-press.net\/senegal\/#website\"},\"primaryImageOfPage\":{\"@id\":\"https:\/\/www.africa-press.net\/senegal\/politique\/koungheul-aly-ngouille-ndiaye-mise-sur-lagriculture-pour-developper-la-region-et-garantit-la-souverainete-alimentaire-dici-5-ans#primaryimage\"},\"image\":{\"@id\":\"https:\/\/www.africa-press.net\/senegal\/politique\/koungheul-aly-ngouille-ndiaye-mise-sur-lagriculture-pour-developper-la-region-et-garantit-la-souverainete-alimentaire-dici-5-ans#primaryimage\"},\"thumbnailUrl\":\"https:\/\/static.africa-press.net\/senegal\/sites\/13\/2024\/03\/sm_1711060495.613867.jpg\",\"datePublished\":\"2024-03-21T20:59:14+00:00\",\"dateModified\":\"2024-03-22T03:05:44+00:00\",\"author\":{\"@id\":\"https:\/\/www.africa-press.net\/senegal\/#\/schema\/person\/2b1cf3cd81a31e3cd26889ca66d677f1\"},\"description\":\"Le candidat a\u0300 l\u2019e\u0301lection pre\u0301sidentielle du 24 mars prochain, Aly Ngouille Ndiaye e\u0301tait de passage, hier mercredi, so ...\",\"breadcrumb\":{\"@id\":\"https:\/\/www.africa-press.net\/senegal\/politique\/koungheul-aly-ngouille-ndiaye-mise-sur-lagriculture-pour-developper-la-region-et-garantit-la-souverainete-alimentaire-dici-5-ans#breadcrumb\"},\"inLanguage\":\"fr-FR\",\"potentialAction\":[{\"@type\":\"ReadAction\",\"target\":[\"https:\/\/www.africa-press.net\/senegal\/politique\/koungheul-aly-ngouille-ndiaye-mise-sur-lagriculture-pour-developper-la-region-et-garantit-la-souverainete-alimentaire-dici-5-ans\"]}]},{\"@type\":\"ImageObject\",\"inLanguage\":\"fr-FR\",\"@id\":\"https:\/\/www.africa-press.net\/senegal\/politique\/koungheul-aly-ngouille-ndiaye-mise-sur-lagriculture-pour-developper-la-region-et-garantit-la-souverainete-alimentaire-dici-5-ans#primaryimage\",\"url\":\"https:\/\/static.africa-press.net\/senegal\/sites\/13\/2024\/03\/sm_1711060495.613867.jpg\",\"contentUrl\":\"https:\/\/static.africa-press.net\/senegal\/sites\/13\/2024\/03\/sm_1711060495.613867.jpg\",\"width\":1215,\"height\":593,\"caption\":\"Koungheul : Aly Ngouille Ndiaye mise sur l\u2019agriculture pour d\u00e9velopper la r\u00e9gion et garantit la souverainet\u00e9 alimentaire d\u2019ici 5 ans\"},{\"@type\":\"BreadcrumbList\",\"@id\":\"https:\/\/www.africa-press.net\/senegal\/politique\/koungheul-aly-ngouille-ndiaye-mise-sur-lagriculture-pour-developper-la-region-et-garantit-la-souverainete-alimentaire-dici-5-ans#breadcrumb\",\"itemListElement\":[{\"@type\":\"ListItem\",\"position\":1,\"name\":\"Accueil\",\"item\":\"https:\/\/www.africa-press.net\/senegal\/\"},{\"@type\":\"ListItem\",\"position\":2,\"name\":\"Koungheul : Aly Ngouille Ndiaye mise sur l\u2019agriculture pour d\u00e9velopper la r\u00e9gion et garantit la souverainet\u00e9 alimentaire d\u2019ici 5 ans\"}]},{\"@type\":\"WebSite\",\"@id\":\"https:\/\/www.africa-press.net\/senegal\/#website\",\"url\":\"https:\/\/www.africa-press.net\/senegal\/\",\"name\":\"Africa Press | Senegal | Homepage\",\"description\":\"Just another Africa News Agency Sites site\",\"potentialAction\":[{\"@type\":\"SearchAction\",\"target\":{\"@type\":\"EntryPoint\",\"urlTemplate\":\"https:\/\/www.africa-press.net\/senegal\/?s={search_term_string}\"},\"query-input\":{\"@type\":\"PropertyValueSpecification\",\"valueRequired\":true,\"valueName\":\"search_term_string\"}}],\"inLanguage\":\"fr-FR\"},{\"@type\":\"Person\",\"@id\":\"https:\/\/www.africa-press.net\/senegal\/#\/schema\/person\/2b1cf3cd81a31e3cd26889ca66d677f1\",\"name\":\"cfeditorfr\",\"url\":\"https:\/\/www.africa-press.net\/senegal\/author\/cfeditorfr\"}]}<\/script>\n<!-- \/ Yoast SEO Premium plugin. -->","yoast_head_json":{"title":"Koungheul : Aly Ngouille Ndiaye mise sur l\u2019agriculture pour d\u00e9velopper la r\u00e9gion et garantit la souverainet\u00e9 alimentaire d\u2019ici 5 ans - Senegal","description":"Le candidat a\u0300 l\u2019e\u0301lection pre\u0301sidentielle du 24 mars prochain, Aly Ngouille Ndiaye e\u0301tait de passage, hier mercredi, so ...","robots":{"index":"index","follow":"follow","max-snippet":"max-snippet:-1","max-image-preview":"max-image-preview:large","max-video-preview":"max-video-preview:-1"},"canonical":"https:\/\/www.africa-press.net\/senegal\/politique\/koungheul-aly-ngouille-ndiaye-mise-sur-lagriculture-pour-developper-la-region-et-garantit-la-souverainete-alimentaire-dici-5-ans","og_locale":"fr_FR","og_type":"article","og_title":"Koungheul : Aly Ngouille Ndiaye mise sur l\u2019agriculture pour d\u00e9velopper la r\u00e9gion et garantit la souverainet\u00e9 alimentaire d\u2019ici 5 ans","og_description":"Le candidat a\u0300 l\u2019e\u0301lection pre\u0301sidentielle du 24 mars prochain, Aly Ngouille Ndiaye e\u0301tait de passage, hier mercredi, so ...","og_url":"https:\/\/www.africa-press.net\/senegal\/politique\/koungheul-aly-ngouille-ndiaye-mise-sur-lagriculture-pour-developper-la-region-et-garantit-la-souverainete-alimentaire-dici-5-ans","og_site_name":"Senegal","article_published_time":"2024-03-21T20:59:14+00:00","article_modified_time":"2024-03-22T03:05:44+00:00","og_image":[{"width":1215,"height":593,"url":"https:\/\/static.africa-press.net\/senegal\/sites\/13\/2024\/03\/sm_1711060495.613867.jpg","type":"image\/jpeg"}],"author":"cfeditorfr","twitter_card":"summary_large_image","twitter_misc":{"\u00c9crit par":"cfeditorfr","Dur\u00e9e de lecture estim\u00e9e":"1 minute"},"schema":{"@context":"https:\/\/schema.org","@graph":[{"@type":"Article","@id":"https:\/\/www.africa-press.net\/senegal\/politique\/koungheul-aly-ngouille-ndiaye-mise-sur-lagriculture-pour-developper-la-region-et-garantit-la-souverainete-alimentaire-dici-5-ans#article","isPartOf":{"@id":"https:\/\/www.africa-press.net\/senegal\/politique\/koungheul-aly-ngouille-ndiaye-mise-sur-lagriculture-pour-developper-la-region-et-garantit-la-souverainete-alimentaire-dici-5-ans"},"author":{"name":"cfeditorfr","@id":"https:\/\/www.africa-press.net\/senegal\/#\/schema\/person\/2b1cf3cd81a31e3cd26889ca66d677f1"},"headline":"Koungheul : Aly Ngouille Ndiaye mise sur l\u2019agriculture pour d\u00e9velopper la r\u00e9gion et garantit la souverainet\u00e9 alimentaire d\u2019ici 5 ans","datePublished":"2024-03-21T20:59:14+00:00","dateModified":"2024-03-22T03:05:44+00:00","mainEntityOfPage":{"@id":"https:\/\/www.africa-press.net\/senegal\/politique\/koungheul-aly-ngouille-ndiaye-mise-sur-lagriculture-pour-developper-la-region-et-garantit-la-souverainete-alimentaire-dici-5-ans"},"wordCount":192,"commentCount":0,"image":{"@id":"https:\/\/www.africa-press.net\/senegal\/politique\/koungheul-aly-ngouille-ndiaye-mise-sur-lagriculture-pour-developper-la-region-et-garantit-la-souverainete-alimentaire-dici-5-ans#primaryimage"},"thumbnailUrl":"https:\/\/static.africa-press.net\/senegal\/sites\/13\/2024\/03\/sm_1711060495.613867.jpg","keywords":["Africa Press","Africa Press-Senegal","Senegal"],"articleSection":["Politique","Toutes les actualit\u00e9s"],"inLanguage":"fr-FR","potentialAction":[{"@type":"CommentAction","name":"Comment","target":["https:\/\/www.africa-press.net\/senegal\/politique\/koungheul-aly-ngouille-ndiaye-mise-sur-lagriculture-pour-developper-la-region-et-garantit-la-souverainete-alimentaire-dici-5-ans#respond"]}]},{"@type":"WebPage","@id":"https:\/\/www.africa-press.net\/senegal\/politique\/koungheul-aly-ngouille-ndiaye-mise-sur-lagriculture-pour-developper-la-region-et-garantit-la-souverainete-alimentaire-dici-5-ans","url":"https:\/\/www.africa-press.net\/senegal\/politique\/koungheul-aly-ngouille-ndiaye-mise-sur-lagriculture-pour-developper-la-region-et-garantit-la-souverainete-alimentaire-dici-5-ans","name":"Koungheul : Aly Ngouille Ndiaye mise sur l\u2019agriculture pour d\u00e9velopper la r\u00e9gion et garantit la souverainet\u00e9 alimentaire d\u2019ici 5 ans - Senegal","isPartOf":{"@id":"https:\/\/www.africa-press.net\/senegal\/#website"},"primaryImageOfPage":{"@id":"https:\/\/www.africa-press.net\/senegal\/politique\/koungheul-aly-ngouille-ndiaye-mise-sur-lagriculture-pour-developper-la-region-et-garantit-la-souverainete-alimentaire-dici-5-ans#primaryimage"},"image":{"@id":"https:\/\/www.africa-press.net\/senegal\/politique\/koungheul-aly-ngouille-ndiaye-mise-sur-lagriculture-pour-developper-la-region-et-garantit-la-souverainete-alimentaire-dici-5-ans#primaryimage"},"thumbnailUrl":"https:\/\/static.africa-press.net\/senegal\/sites\/13\/2024\/03\/sm_1711060495.613867.jpg","datePublished":"2024-03-21T20:59:14+00:00","dateModified":"2024-03-22T03:05:44+00:00","author":{"@id":"https:\/\/www.africa-press.net\/senegal\/#\/schema\/person\/2b1cf3cd81a31e3cd26889ca66d677f1"},"description":"Le candidat a\u0300 l\u2019e\u0301lection pre\u0301sidentielle du 24 mars prochain, Aly Ngouille Ndiaye e\u0301tait de passage, hier mercredi, so ...","breadcrumb":{"@id":"https:\/\/www.africa-press.net\/senegal\/politique\/koungheul-aly-ngouille-ndiaye-mise-sur-lagriculture-pour-developper-la-region-et-garantit-la-souverainete-alimentaire-dici-5-ans#breadcrumb"},"inLanguage":"fr-FR","potentialAction":[{"@type":"ReadAction","target":["https:\/\/www.africa-press.net\/senegal\/politique\/koungheul-aly-ngouille-ndiaye-mise-sur-lagriculture-pour-developper-la-region-et-garantit-la-souverainete-alimentaire-dici-5-ans"]}]},{"@type":"ImageObject","inLanguage":"fr-FR","@id":"https:\/\/www.africa-press.net\/senegal\/politique\/koungheul-aly-ngouille-ndiaye-mise-sur-lagriculture-pour-developper-la-region-et-garantit-la-souverainete-alimentaire-dici-5-ans#primaryimage","url":"https:\/\/static.africa-press.net\/senegal\/sites\/13\/2024\/03\/sm_1711060495.613867.jpg","contentUrl":"https:\/\/static.africa-press.net\/senegal\/sites\/13\/2024\/03\/sm_1711060495.613867.jpg","width":1215,"height":593,"caption":"Koungheul : Aly Ngouille Ndiaye mise sur l\u2019agriculture pour d\u00e9velopper la r\u00e9gion et garantit la souverainet\u00e9 alimentaire d\u2019ici 5 ans"},{"@type":"BreadcrumbList","@id":"https:\/\/www.africa-press.net\/senegal\/politique\/koungheul-aly-ngouille-ndiaye-mise-sur-lagriculture-pour-developper-la-region-et-garantit-la-souverainete-alimentaire-dici-5-ans#breadcrumb","itemListElement":[{"@type":"ListItem","position":1,"name":"Accueil","item":"https:\/\/www.africa-press.net\/senegal\/"},{"@type":"ListItem","position":2,"name":"Koungheul : Aly Ngouille Ndiaye mise sur l\u2019agriculture pour d\u00e9velopper la r\u00e9gion et garantit la souverainet\u00e9 alimentaire d\u2019ici 5 ans"}]},{"@type":"WebSite","@id":"https:\/\/www.africa-press.net\/senegal\/#website","url":"https:\/\/www.africa-press.net\/senegal\/","name":"Africa Press | Senegal | Homepage","description":"Just another Africa News Agency Sites site","potentialAction":[{"@type":"SearchAction","target":{"@type":"EntryPoint","urlTemplate":"https:\/\/www.africa-press.net\/senegal\/?s={search_term_string}"},"query-input":{"@type":"PropertyValueSpecification","valueRequired":true,"valueName":"search_term_string"}}],"inLanguage":"fr-FR"},{"@type":"Person","@id":"https:\/\/www.africa-press.net\/senegal\/#\/schema\/person\/2b1cf3cd81a31e3cd26889ca66d677f1","name":"cfeditorfr","url":"https:\/\/www.africa-press.net\/senegal\/author\/cfeditorfr"}]}},"_links":{"self":[{"href":"https:\/\/www.africa-press.net\/senegal\/wp-json\/wp\/v2\/posts\/57165","targetHints":{"allow":["GET"]}}],"collection":[{"href":"https:\/\/www.africa-press.net\/senegal\/wp-json\/wp\/v2\/posts"}],"about":[{"href":"https:\/\/www.africa-press.net\/senegal\/wp-json\/wp\/v2\/types\/post"}],"author":[{"embeddable":true,"href":"https:\/\/www.africa-press.net\/senegal\/wp-json\/wp\/v2\/users\/82"}],"replies":[{"embeddable":true,"href":"https:\/\/www.africa-press.net\/senegal\/wp-json\/wp\/v2\/comments?post=57165"}],"version-history":[{"count":0,"href":"https:\/\/www.africa-press.net\/senegal\/wp-json\/wp\/v2\/posts\/57165\/revisions"}],"wp:featuredmedia":[{"embeddable":true,"href":"https:\/\/www.africa-press.net\/senegal\/wp-json\/wp\/v2\/media\/57164"}],"wp:attachment":[{"href":"https:\/\/www.africa-press.net\/senegal\/wp-json\/wp\/v2\/media?parent=57165"}],"wp:term":[{"taxonomy":"category","embeddable":true,"href":"https:\/\/www.africa-press.net\/senegal\/wp-json\/wp\/v2\/categories?post=57165"},{"taxonomy":"post_tag","embeddable":true,"href":"https:\/\/www.africa-press.net\/senegal\/wp-json\/wp\/v2\/tags?post=57165"}],"curies":[{"name":"wp","href":"https:\/\/api.w.org\/{rel}","templated":true}]}}