{"id":57170,"date":"2024-03-21T19:00:00","date_gmt":"2024-03-21T19:00:00","guid":{"rendered":"https:\/\/www.africa-press.net\/senegal\/politique\/presidentielle-2024-le-ministre-de-linterieur-visite-des-centres-de-vote-a-thies"},"modified":"2024-03-22T03:06:51","modified_gmt":"2024-03-22T03:06:51","slug":"presidentielle-2024-le-ministre-de-linterieur-visite-des-centres-de-vote-a-thies","status":"publish","type":"post","link":"https:\/\/www.africa-press.net\/senegal\/politique\/presidentielle-2024-le-ministre-de-linterieur-visite-des-centres-de-vote-a-thies","title":{"rendered":"Pr\u00e9sidentielle 2024 : Le ministre de l\u2019Int\u00e9rieur visite des centres de vote \u00e0 Thi\u00e8s"},"content":{"rendered":"<p><span style=\"color: #ff6600\"><strong>Africa-Press &#8211; Senegal. <\/strong><\/span>A\u0300 trois jours de l\u2019e\u0301lection pre\u0301sidentielle, le ministre de l&rsquo;Inte\u0301rieur a effectue\u0301 une visite dans quelques centres de vote dans la re\u0301gion de Thie\u0300s. Mouhamadou Makhtar Cisse\u0301 a de\u0301clare\u0301 a\u0300 cet effet que les e\u0301lecteurs peuvent prendre cinq bulletins sur les 19 des candidats pre\u0301sents a\u0300 l&rsquo;e\u0301lection pre\u0301sidentielle.<\/p>\n<p>\u00ab Il y a des bureaux te\u0301moins pour remonter le vote. Il y a des centres qui sont identifie\u0301s pour ve\u0301rifier que le mate\u0301riel e\u0301lectoral est en place. Nous avons commence\u0301 a\u0300 Thie\u0300s, nous allons poursuivre a\u0300 la tourne\u0301e a\u0300 Mbour pour nous assurer que toutes les dispositions sont prises pour nous conduire a\u0300 une e\u0301lection apaise\u0301e et transparente. Ou le re\u0301sultat sera since\u0300re ne sera pas conteste\u0301 \u00bb, rassure le ministre.<\/p>\n<p>Cependant, il pre\u0301cise que \u00ab prendre 19 bulletins risque de ralentir le processus du vote. Ainsi puisque la loi e\u0301lectorale le permet, l\u2019e\u0301lecteur peut choisir cinq bulletins parmi les 19 sur la table.<\/p>\n<p>Interpelle\u0301 sur les cartes d&rsquo;e\u0301lecteur en souffrance \u00ab non retire\u0301es \u00bb, Mouhamadou Makhtar Cisse\u0301 fait le point. \u00ab La premie\u0300re re\u0300gle de la transparence, c&rsquo;est l&rsquo;information (&#8230; ). Donc, je pense que la Direction ge\u0301ne\u0301rale des E\u0301lections est ouverte, les commissions travaillent dans la distribution des cartes. Et elles sont disponibles pour tout le monde. Je pense qu&rsquo;il n&rsquo;y a pas de proble\u0300me a\u0300 ce niveau \u00bb, renseigne-t-il sur iRadio.<\/p>\n<p><strong>Pour plus d&rsquo;informations et d&rsquo;analyses sur la <a href=\"https:\/\/www.africa-press.net\/senegal\">Senegal<\/a>, suivez <a href=\"https:\/\/www.africa-press.net\/\">Africa-Press<\/a><\/strong><\/p>\n","protected":false},"excerpt":{"rendered":"<p>Africa-Press &#8211; Senegal. A\u0300 trois jours de l\u2019e\u0301lection pre\u0301sidentielle, le ministre de l&rsquo;Inte\u0301rieur a effectue\u0301 une visite dans quelques centres de vote dans la re\u0301gion de Thie\u0300s. Mouhamadou Makhtar Cisse\u0301 a de\u0301clare\u0301 a\u0300 cet effet que les e\u0301lecteurs peuvent prendre cinq bulletins sur les 19 des candidats pre\u0301sents a\u0300 l&rsquo;e\u0301lection pre\u0301sidentielle. \u00ab Il y a [&hellip;]<\/p>\n","protected":false},"author":82,"featured_media":57169,"comment_status":"open","ping_status":"closed","sticky":false,"template":"","format":"standard","meta":{"footnotes":""},"categories":[2,20,10],"tags":[43,47,44],"class_list":["post-57170","post","type-post","status-publish","format-standard","has-post-thumbnail","hentry","category-politique","category-top-nouvelles","category-toutes-les-actualites","tag-africa-press-2","tag-africa-press-senegal","tag-senegal-2"],"yoast_head":"<!-- This site is optimized with the Yoast SEO Premium plugin v26.1 (Yoast SEO v27.0) - https:\/\/yoast.com\/product\/yoast-seo-premium-wordpress\/ -->\n<title>Pr\u00e9sidentielle 2024 : Le ministre de l\u2019Int\u00e9rieur visite des centres de vote \u00e0 Thi\u00e8s - Senegal<\/title>\n<meta name=\"description\" content=\"A\u0300 trois jours de l\u2019e\u0301lection pre\u0301sidentielle, le ministre de l&#039;Inte\u0301rieur a effectue\u0301 une visite dans quelques centres ...\" \/>\n<meta name=\"robots\" content=\"index, follow, max-snippet:-1, max-image-preview:large, max-video-preview:-1\" \/>\n<link rel=\"canonical\" href=\"https:\/\/www.africa-press.net\/senegal\/politique\/presidentielle-2024-le-ministre-de-linterieur-visite-des-centres-de-vote-a-thies\" \/>\n<meta property=\"og:locale\" content=\"fr_FR\" \/>\n<meta property=\"og:type\" content=\"article\" \/>\n<meta property=\"og:title\" content=\"Pr\u00e9sidentielle 2024 : Le ministre de l\u2019Int\u00e9rieur visite des centres de vote \u00e0 Thi\u00e8s\" \/>\n<meta property=\"og:description\" content=\"A\u0300 trois jours de l\u2019e\u0301lection pre\u0301sidentielle, le ministre de l&#039;Inte\u0301rieur a effectue\u0301 une visite dans quelques centres ...\" \/>\n<meta property=\"og:url\" content=\"https:\/\/www.africa-press.net\/senegal\/politique\/presidentielle-2024-le-ministre-de-linterieur-visite-des-centres-de-vote-a-thies\" \/>\n<meta property=\"og:site_name\" content=\"Senegal\" \/>\n<meta property=\"article:published_time\" content=\"2024-03-21T19:00:00+00:00\" \/>\n<meta property=\"article:modified_time\" content=\"2024-03-22T03:06:51+00:00\" \/>\n<meta property=\"og:image\" content=\"https:\/\/static.africa-press.net\/senegal\/sites\/13\/2024\/03\/sm_1711060547.801999.jpg\" \/>\n\t<meta property=\"og:image:width\" content=\"1214\" \/>\n\t<meta property=\"og:image:height\" content=\"594\" \/>\n\t<meta property=\"og:image:type\" content=\"image\/jpeg\" \/>\n<meta name=\"author\" content=\"cfeditorfr\" \/>\n<meta name=\"twitter:card\" content=\"summary_large_image\" \/>\n<meta name=\"twitter:label1\" content=\"\u00c9crit par\" \/>\n\t<meta name=\"twitter:data1\" content=\"cfeditorfr\" \/>\n\t<meta name=\"twitter:label2\" content=\"Dur\u00e9e de lecture estim\u00e9e\" \/>\n\t<meta name=\"twitter:data2\" content=\"1 minute\" \/>\n<script type=\"application\/ld+json\" class=\"yoast-schema-graph\">{\"@context\":\"https:\/\/schema.org\",\"@graph\":[{\"@type\":\"Article\",\"@id\":\"https:\/\/www.africa-press.net\/senegal\/politique\/presidentielle-2024-le-ministre-de-linterieur-visite-des-centres-de-vote-a-thies#article\",\"isPartOf\":{\"@id\":\"https:\/\/www.africa-press.net\/senegal\/politique\/presidentielle-2024-le-ministre-de-linterieur-visite-des-centres-de-vote-a-thies\"},\"author\":{\"name\":\"cfeditorfr\",\"@id\":\"https:\/\/www.africa-press.net\/senegal\/#\/schema\/person\/2b1cf3cd81a31e3cd26889ca66d677f1\"},\"headline\":\"Pr\u00e9sidentielle 2024 : Le ministre de l\u2019Int\u00e9rieur visite des centres de vote \u00e0 Thi\u00e8s\",\"datePublished\":\"2024-03-21T19:00:00+00:00\",\"dateModified\":\"2024-03-22T03:06:51+00:00\",\"mainEntityOfPage\":{\"@id\":\"https:\/\/www.africa-press.net\/senegal\/politique\/presidentielle-2024-le-ministre-de-linterieur-visite-des-centres-de-vote-a-thies\"},\"wordCount\":282,\"commentCount\":0,\"image\":{\"@id\":\"https:\/\/www.africa-press.net\/senegal\/politique\/presidentielle-2024-le-ministre-de-linterieur-visite-des-centres-de-vote-a-thies#primaryimage\"},\"thumbnailUrl\":\"https:\/\/static.africa-press.net\/senegal\/sites\/13\/2024\/03\/sm_1711060547.801999.jpg\",\"keywords\":[\"Africa Press\",\"Africa Press-Senegal\",\"Senegal\"],\"articleSection\":[\"Politique\",\"Top Nouvelles\",\"Toutes les actualit\u00e9s\"],\"inLanguage\":\"fr-FR\",\"potentialAction\":[{\"@type\":\"CommentAction\",\"name\":\"Comment\",\"target\":[\"https:\/\/www.africa-press.net\/senegal\/politique\/presidentielle-2024-le-ministre-de-linterieur-visite-des-centres-de-vote-a-thies#respond\"]}]},{\"@type\":\"WebPage\",\"@id\":\"https:\/\/www.africa-press.net\/senegal\/politique\/presidentielle-2024-le-ministre-de-linterieur-visite-des-centres-de-vote-a-thies\",\"url\":\"https:\/\/www.africa-press.net\/senegal\/politique\/presidentielle-2024-le-ministre-de-linterieur-visite-des-centres-de-vote-a-thies\",\"name\":\"Pr\u00e9sidentielle 2024 : Le ministre de l\u2019Int\u00e9rieur visite des centres de vote \u00e0 Thi\u00e8s - Senegal\",\"isPartOf\":{\"@id\":\"https:\/\/www.africa-press.net\/senegal\/#website\"},\"primaryImageOfPage\":{\"@id\":\"https:\/\/www.africa-press.net\/senegal\/politique\/presidentielle-2024-le-ministre-de-linterieur-visite-des-centres-de-vote-a-thies#primaryimage\"},\"image\":{\"@id\":\"https:\/\/www.africa-press.net\/senegal\/politique\/presidentielle-2024-le-ministre-de-linterieur-visite-des-centres-de-vote-a-thies#primaryimage\"},\"thumbnailUrl\":\"https:\/\/static.africa-press.net\/senegal\/sites\/13\/2024\/03\/sm_1711060547.801999.jpg\",\"datePublished\":\"2024-03-21T19:00:00+00:00\",\"dateModified\":\"2024-03-22T03:06:51+00:00\",\"author\":{\"@id\":\"https:\/\/www.africa-press.net\/senegal\/#\/schema\/person\/2b1cf3cd81a31e3cd26889ca66d677f1\"},\"description\":\"A\u0300 trois jours de l\u2019e\u0301lection pre\u0301sidentielle, le ministre de l'Inte\u0301rieur a effectue\u0301 une visite dans quelques centres ...\",\"breadcrumb\":{\"@id\":\"https:\/\/www.africa-press.net\/senegal\/politique\/presidentielle-2024-le-ministre-de-linterieur-visite-des-centres-de-vote-a-thies#breadcrumb\"},\"inLanguage\":\"fr-FR\",\"potentialAction\":[{\"@type\":\"ReadAction\",\"target\":[\"https:\/\/www.africa-press.net\/senegal\/politique\/presidentielle-2024-le-ministre-de-linterieur-visite-des-centres-de-vote-a-thies\"]}]},{\"@type\":\"ImageObject\",\"inLanguage\":\"fr-FR\",\"@id\":\"https:\/\/www.africa-press.net\/senegal\/politique\/presidentielle-2024-le-ministre-de-linterieur-visite-des-centres-de-vote-a-thies#primaryimage\",\"url\":\"https:\/\/static.africa-press.net\/senegal\/sites\/13\/2024\/03\/sm_1711060547.801999.jpg\",\"contentUrl\":\"https:\/\/static.africa-press.net\/senegal\/sites\/13\/2024\/03\/sm_1711060547.801999.jpg\",\"width\":1214,\"height\":594,\"caption\":\"Pr\u00e9sidentielle 2024 : Le ministre de l\u2019Int\u00e9rieur visite des centres de vote \u00e0 Thi\u00e8s\"},{\"@type\":\"BreadcrumbList\",\"@id\":\"https:\/\/www.africa-press.net\/senegal\/politique\/presidentielle-2024-le-ministre-de-linterieur-visite-des-centres-de-vote-a-thies#breadcrumb\",\"itemListElement\":[{\"@type\":\"ListItem\",\"position\":1,\"name\":\"Accueil\",\"item\":\"https:\/\/www.africa-press.net\/senegal\/\"},{\"@type\":\"ListItem\",\"position\":2,\"name\":\"Pr\u00e9sidentielle 2024 : Le ministre de l\u2019Int\u00e9rieur visite des centres de vote \u00e0 Thi\u00e8s\"}]},{\"@type\":\"WebSite\",\"@id\":\"https:\/\/www.africa-press.net\/senegal\/#website\",\"url\":\"https:\/\/www.africa-press.net\/senegal\/\",\"name\":\"Africa Press | Senegal | Homepage\",\"description\":\"Just another Africa News Agency Sites site\",\"potentialAction\":[{\"@type\":\"SearchAction\",\"target\":{\"@type\":\"EntryPoint\",\"urlTemplate\":\"https:\/\/www.africa-press.net\/senegal\/?s={search_term_string}\"},\"query-input\":{\"@type\":\"PropertyValueSpecification\",\"valueRequired\":true,\"valueName\":\"search_term_string\"}}],\"inLanguage\":\"fr-FR\"},{\"@type\":\"Person\",\"@id\":\"https:\/\/www.africa-press.net\/senegal\/#\/schema\/person\/2b1cf3cd81a31e3cd26889ca66d677f1\",\"name\":\"cfeditorfr\",\"url\":\"https:\/\/www.africa-press.net\/senegal\/author\/cfeditorfr\"}]}<\/script>\n<!-- \/ Yoast SEO Premium plugin. -->","yoast_head_json":{"title":"Pr\u00e9sidentielle 2024 : Le ministre de l\u2019Int\u00e9rieur visite des centres de vote \u00e0 Thi\u00e8s - Senegal","description":"A\u0300 trois jours de l\u2019e\u0301lection pre\u0301sidentielle, le ministre de l'Inte\u0301rieur a effectue\u0301 une visite dans quelques centres ...","robots":{"index":"index","follow":"follow","max-snippet":"max-snippet:-1","max-image-preview":"max-image-preview:large","max-video-preview":"max-video-preview:-1"},"canonical":"https:\/\/www.africa-press.net\/senegal\/politique\/presidentielle-2024-le-ministre-de-linterieur-visite-des-centres-de-vote-a-thies","og_locale":"fr_FR","og_type":"article","og_title":"Pr\u00e9sidentielle 2024 : Le ministre de l\u2019Int\u00e9rieur visite des centres de vote \u00e0 Thi\u00e8s","og_description":"A\u0300 trois jours de l\u2019e\u0301lection pre\u0301sidentielle, le ministre de l'Inte\u0301rieur a effectue\u0301 une visite dans quelques centres ...","og_url":"https:\/\/www.africa-press.net\/senegal\/politique\/presidentielle-2024-le-ministre-de-linterieur-visite-des-centres-de-vote-a-thies","og_site_name":"Senegal","article_published_time":"2024-03-21T19:00:00+00:00","article_modified_time":"2024-03-22T03:06:51+00:00","og_image":[{"width":1214,"height":594,"url":"https:\/\/static.africa-press.net\/senegal\/sites\/13\/2024\/03\/sm_1711060547.801999.jpg","type":"image\/jpeg"}],"author":"cfeditorfr","twitter_card":"summary_large_image","twitter_misc":{"\u00c9crit par":"cfeditorfr","Dur\u00e9e de lecture estim\u00e9e":"1 minute"},"schema":{"@context":"https:\/\/schema.org","@graph":[{"@type":"Article","@id":"https:\/\/www.africa-press.net\/senegal\/politique\/presidentielle-2024-le-ministre-de-linterieur-visite-des-centres-de-vote-a-thies#article","isPartOf":{"@id":"https:\/\/www.africa-press.net\/senegal\/politique\/presidentielle-2024-le-ministre-de-linterieur-visite-des-centres-de-vote-a-thies"},"author":{"name":"cfeditorfr","@id":"https:\/\/www.africa-press.net\/senegal\/#\/schema\/person\/2b1cf3cd81a31e3cd26889ca66d677f1"},"headline":"Pr\u00e9sidentielle 2024 : Le ministre de l\u2019Int\u00e9rieur visite des centres de vote \u00e0 Thi\u00e8s","datePublished":"2024-03-21T19:00:00+00:00","dateModified":"2024-03-22T03:06:51+00:00","mainEntityOfPage":{"@id":"https:\/\/www.africa-press.net\/senegal\/politique\/presidentielle-2024-le-ministre-de-linterieur-visite-des-centres-de-vote-a-thies"},"wordCount":282,"commentCount":0,"image":{"@id":"https:\/\/www.africa-press.net\/senegal\/politique\/presidentielle-2024-le-ministre-de-linterieur-visite-des-centres-de-vote-a-thies#primaryimage"},"thumbnailUrl":"https:\/\/static.africa-press.net\/senegal\/sites\/13\/2024\/03\/sm_1711060547.801999.jpg","keywords":["Africa Press","Africa Press-Senegal","Senegal"],"articleSection":["Politique","Top Nouvelles","Toutes les actualit\u00e9s"],"inLanguage":"fr-FR","potentialAction":[{"@type":"CommentAction","name":"Comment","target":["https:\/\/www.africa-press.net\/senegal\/politique\/presidentielle-2024-le-ministre-de-linterieur-visite-des-centres-de-vote-a-thies#respond"]}]},{"@type":"WebPage","@id":"https:\/\/www.africa-press.net\/senegal\/politique\/presidentielle-2024-le-ministre-de-linterieur-visite-des-centres-de-vote-a-thies","url":"https:\/\/www.africa-press.net\/senegal\/politique\/presidentielle-2024-le-ministre-de-linterieur-visite-des-centres-de-vote-a-thies","name":"Pr\u00e9sidentielle 2024 : Le ministre de l\u2019Int\u00e9rieur visite des centres de vote \u00e0 Thi\u00e8s - Senegal","isPartOf":{"@id":"https:\/\/www.africa-press.net\/senegal\/#website"},"primaryImageOfPage":{"@id":"https:\/\/www.africa-press.net\/senegal\/politique\/presidentielle-2024-le-ministre-de-linterieur-visite-des-centres-de-vote-a-thies#primaryimage"},"image":{"@id":"https:\/\/www.africa-press.net\/senegal\/politique\/presidentielle-2024-le-ministre-de-linterieur-visite-des-centres-de-vote-a-thies#primaryimage"},"thumbnailUrl":"https:\/\/static.africa-press.net\/senegal\/sites\/13\/2024\/03\/sm_1711060547.801999.jpg","datePublished":"2024-03-21T19:00:00+00:00","dateModified":"2024-03-22T03:06:51+00:00","author":{"@id":"https:\/\/www.africa-press.net\/senegal\/#\/schema\/person\/2b1cf3cd81a31e3cd26889ca66d677f1"},"description":"A\u0300 trois jours de l\u2019e\u0301lection pre\u0301sidentielle, le ministre de l'Inte\u0301rieur a effectue\u0301 une visite dans quelques centres ...","breadcrumb":{"@id":"https:\/\/www.africa-press.net\/senegal\/politique\/presidentielle-2024-le-ministre-de-linterieur-visite-des-centres-de-vote-a-thies#breadcrumb"},"inLanguage":"fr-FR","potentialAction":[{"@type":"ReadAction","target":["https:\/\/www.africa-press.net\/senegal\/politique\/presidentielle-2024-le-ministre-de-linterieur-visite-des-centres-de-vote-a-thies"]}]},{"@type":"ImageObject","inLanguage":"fr-FR","@id":"https:\/\/www.africa-press.net\/senegal\/politique\/presidentielle-2024-le-ministre-de-linterieur-visite-des-centres-de-vote-a-thies#primaryimage","url":"https:\/\/static.africa-press.net\/senegal\/sites\/13\/2024\/03\/sm_1711060547.801999.jpg","contentUrl":"https:\/\/static.africa-press.net\/senegal\/sites\/13\/2024\/03\/sm_1711060547.801999.jpg","width":1214,"height":594,"caption":"Pr\u00e9sidentielle 2024 : Le ministre de l\u2019Int\u00e9rieur visite des centres de vote \u00e0 Thi\u00e8s"},{"@type":"BreadcrumbList","@id":"https:\/\/www.africa-press.net\/senegal\/politique\/presidentielle-2024-le-ministre-de-linterieur-visite-des-centres-de-vote-a-thies#breadcrumb","itemListElement":[{"@type":"ListItem","position":1,"name":"Accueil","item":"https:\/\/www.africa-press.net\/senegal\/"},{"@type":"ListItem","position":2,"name":"Pr\u00e9sidentielle 2024 : Le ministre de l\u2019Int\u00e9rieur visite des centres de vote \u00e0 Thi\u00e8s"}]},{"@type":"WebSite","@id":"https:\/\/www.africa-press.net\/senegal\/#website","url":"https:\/\/www.africa-press.net\/senegal\/","name":"Africa Press | Senegal | Homepage","description":"Just another Africa News Agency Sites site","potentialAction":[{"@type":"SearchAction","target":{"@type":"EntryPoint","urlTemplate":"https:\/\/www.africa-press.net\/senegal\/?s={search_term_string}"},"query-input":{"@type":"PropertyValueSpecification","valueRequired":true,"valueName":"search_term_string"}}],"inLanguage":"fr-FR"},{"@type":"Person","@id":"https:\/\/www.africa-press.net\/senegal\/#\/schema\/person\/2b1cf3cd81a31e3cd26889ca66d677f1","name":"cfeditorfr","url":"https:\/\/www.africa-press.net\/senegal\/author\/cfeditorfr"}]}},"_links":{"self":[{"href":"https:\/\/www.africa-press.net\/senegal\/wp-json\/wp\/v2\/posts\/57170","targetHints":{"allow":["GET"]}}],"collection":[{"href":"https:\/\/www.africa-press.net\/senegal\/wp-json\/wp\/v2\/posts"}],"about":[{"href":"https:\/\/www.africa-press.net\/senegal\/wp-json\/wp\/v2\/types\/post"}],"author":[{"embeddable":true,"href":"https:\/\/www.africa-press.net\/senegal\/wp-json\/wp\/v2\/users\/82"}],"replies":[{"embeddable":true,"href":"https:\/\/www.africa-press.net\/senegal\/wp-json\/wp\/v2\/comments?post=57170"}],"version-history":[{"count":0,"href":"https:\/\/www.africa-press.net\/senegal\/wp-json\/wp\/v2\/posts\/57170\/revisions"}],"wp:featuredmedia":[{"embeddable":true,"href":"https:\/\/www.africa-press.net\/senegal\/wp-json\/wp\/v2\/media\/57169"}],"wp:attachment":[{"href":"https:\/\/www.africa-press.net\/senegal\/wp-json\/wp\/v2\/media?parent=57170"}],"wp:term":[{"taxonomy":"category","embeddable":true,"href":"https:\/\/www.africa-press.net\/senegal\/wp-json\/wp\/v2\/categories?post=57170"},{"taxonomy":"post_tag","embeddable":true,"href":"https:\/\/www.africa-press.net\/senegal\/wp-json\/wp\/v2\/tags?post=57170"}],"curies":[{"name":"wp","href":"https:\/\/api.w.org\/{rel}","templated":true}]}}